{"id":1009,"date":"2009-08-08T13:46:37","date_gmt":"2009-08-08T13:46:37","guid":{"rendered":"http:\/\/www.cilip.de\/?p=1009"},"modified":"2009-08-08T13:46:37","modified_gmt":"2009-08-08T13:46:37","slug":"redaktionsmitteilung-13","status":"publish","type":"post","link":"https:\/\/wp-dev.daten.cool\/?p=1009","title":{"rendered":"Redaktionsmitteilung"},"content":{"rendered":"<p>&#8222;Im \u00dcbrigen&#8220; sind wir der Meinung, dass Geheimdienste abgeschafft werden m\u00fcssen. Das ist das &#8222;ceterum censeo&#8220;, das B\u00fcrgerrechte &amp; Polizei\/CILIP seit drei Jahrzehnten wiederholt. Und daf\u00fcr gibt es Gr\u00fcnde en masse: Die Dienste sind nicht nur schlecht kontrolliert, sondern unkontrollierbar. Sie verf\u00fcgen zwar in Deutschland mittlerweile \u00fcber ausf\u00fchrliche gesetzliche Grundlagen, die aber im Wesentlichen Erm\u00e4chtigungen und keine Grenzen darstellen. Dass sie notwendig seien zum Schutz der Demokratie oder f\u00fcr eine friedliche Au\u00dfenpolitik &#8211; diese Ammenm\u00e4rchen etablierter Politik mag glauben, wer will &#8211; wir tun es nicht.<\/p>\n<p>Zugegeben: die Abschaffungsforderung liegt nicht im &#8222;realpolitischen&#8220; Trend. Das Ende des Kalten Krieges hat den bundesdeutschen Diensten nur kurzfristig eine Krise beschert. Zwanzig Jahre danach verf\u00fcgen sie \u00fcber mehr Aufgaben und Befugnisse und sind besser mit den polizeilichen Sicherheitsbeh\u00f6rden vernetzt denn je &#8211; dank Anti-Terrorismus und einer militarisierten Au\u00dfenpolitik, die deutsche Interessen und Sicherheit nicht nur am Hindukusch &#8222;verteidigen&#8220; will. Die Gegenwart der drei (ehemals west-)deutschen Dienste wird trotz aller Skandale nicht hinterfragt, ihre Geschichte im Kalten Krieg ist &#8211; praktischerweise &#8211; vergangen. Letztere offen zu legen und den Betroffenen freien Zugang zu Akten und Daten einzur\u00e4umen, w\u00e4re ein erster Schritt in die richtige Richtung.<!--more--><\/p>\n<p>***<\/p>\n<p>Anfang n\u00e4chsten Jahres findet in Berlin der n\u00e4chste &#8222;Europ\u00e4ische Polizeikongress&#8220; statt &#8211; ein vom Verlag des (privaten) &#8222;Beh&ouml;rdenspiegel&#8220; organisiertes Stelldichein von Politik, Polizei und Sicherheitsindustrie, bei dem letztere auch ihre neuen Produkte &#8222;an den Mann&#8220; zu bringen versucht. Der &#8222;Milit\u00e4risch-industrielle Komplex&#8220; steht seit langem f\u00fcr die gef\u00e4hrliche Verquickung von Industrie und Milit\u00e4rpolitik. W\u00e4chst nun ein &#8222;sicherheitsindustrieller Komplex&#8220; heran? Zu dieser Frage wird die n\u00e4chste Ausgabe von B\u00fcrgerrechte &amp; Polizei\/CILIP Materialien liefern.<\/p>\n<p>(Heiner Busch) <\/p>\n","protected":false},"excerpt":{"rendered":"<p>&#8222;Im \u00dcbrigen&#8220; sind wir der Meinung, dass Geheimdienste abgeschafft werden m\u00fcssen. Das ist das &#8222;ceterum<\/p>\n","protected":false},"author":9,"featured_media":0,"comment_status":"open","ping_status":"open","sticky":false,"template":"","format":"standard","meta":{"footnotes":""},"categories":[99,141],"tags":[],"class_list":["post-1009","post","type-post","status-publish","format-standard","hentry","category-cilip-093","category-editorials"],"_links":{"self":[{"href":"https:\/\/wp-dev.daten.cool\/index.php?rest_route=\/wp\/v2\/posts\/1009","targetHints":{"allow":["GET"]}}],"collection":[{"href":"https:\/\/wp-dev.daten.cool\/index.php?rest_route=\/wp\/v2\/posts"}],"about":[{"href":"https:\/\/wp-dev.daten.cool\/index.php?rest_route=\/wp\/v2\/types\/post"}],"author":[{"embeddable":true,"href":"https:\/\/wp-dev.daten.cool\/index.php?rest_route=\/wp\/v2\/users\/9"}],"replies":[{"embeddable":true,"href":"https:\/\/wp-dev.daten.cool\/index.php?rest_route=%2Fwp%2Fv2%2Fcomments&post=1009"}],"version-history":[{"count":0,"href":"https:\/\/wp-dev.daten.cool\/index.php?rest_route=\/wp\/v2\/posts\/1009\/revisions"}],"wp:attachment":[{"href":"https:\/\/wp-dev.daten.cool\/index.php?rest_route=%2Fwp%2Fv2%2Fmedia&parent=1009"}],"wp:term":[{"taxonomy":"category","embeddable":true,"href":"https:\/\/wp-dev.daten.cool\/index.php?rest_route=%2Fwp%2Fv2%2Fcategories&post=1009"},{"taxonomy":"post_tag","embeddable":true,"href":"https:\/\/wp-dev.daten.cool\/index.php?rest_route=%2Fwp%2Fv2%2Ftags&post=1009"}],"curies":[{"name":"wp","href":"https:\/\/api.w.org\/{rel}","templated":true}]}}