{"id":1070,"date":"2008-12-09T09:50:27","date_gmt":"2008-12-09T09:50:27","guid":{"rendered":"http:\/\/www.cilip.de\/?p=1070"},"modified":"2008-12-09T09:50:27","modified_gmt":"2008-12-09T09:50:27","slug":"redaktionsmitteilung-15","status":"publish","type":"post","link":"https:\/\/wp-dev.daten.cool\/?p=1070","title":{"rendered":"Redaktionsmitteilung"},"content":{"rendered":"<p>Liebe CILIP-LeserInnen,<br \/>\nliebe Mitglieder des RAV,<\/p>\n<p>was Sie hier vor sich haben, ist eine Kooperationsausgabe von B\u00fcrgerrechte &amp; Polizei\/CILIP und dem Republikanischen Anw\u00e4ltinnen- und Anw\u00e4lteverein (RAV). Es ist nicht das erste Mal, dass der RAV und die Redaktion CILIP zusammenarbeiten. RAV-Mitglieder haben des \u00d6fteren in dieser Zeitschrift und CILIP-Redakteure im Info-Brief des RAV geschrieben. Gemeinsam geh\u00f6rten wir zu dem &#8222;b\u00fcrgerrechtlichen Wanderzirkus&#8220; (Wolfgang Kaleck), der regelm\u00e4\u00dfig und leider mit wenig Erfolg an Veranstaltungen und Pressekonferenzen gegen die rechtlichen Versch\u00e4rfungen angetreten ist, die in den vergangenen Jahren als &#8222;Anti-Terror-Gesetze&#8220; daher kamen. Dass die Analysen und Hintergrundberichte in CILIP und die konkreten Erfahrungen der Anw\u00e4ltinnen und Anw\u00e4lte sich erg\u00e4nzen, ist nahe liegend. Wir wollen deshalb mit dieser Gemeinschaftsausgabe erneut sowohl CILIP-LeserInnen f\u00fcr den RAV als auch Anw\u00e4ltinnen und Anw\u00e4lte f\u00fcr CILIP und das Institut f\u00fcr B\u00fcrgerrechte &amp; \u00f6ffentliche Sicherheit begeistern (siehe die Selbstdarstellung am Ende des Heftes).<!--more--><\/p>\n<p>Schwerpunkt dieser Ausgabe ist die &#8222;Sicherheitsarchitektur&#8220; der EU, ein Thema, das sowohl B\u00fcrgerrechte &amp; Polizei\/CILIP als auch den RAV schon h\u00e4ufiger besch\u00e4ftigt hat \u2013 und das aus gutem Grund: Ob es um die Vorratsspeicherung von Telekommunikationsdaten, um den Europ\u00e4ischen Haftbefehl, um die biometrischen P\u00e4sse oder um die (fehlenden) Rechte f\u00fcr ImmigrantInnen und Asylsuchende geht \u2013 seit Jahren ist klar, dass zentrale Fragen der Innenpolitik auf EU-Ebene (vor-)entschieden und dann im nationalen Rahmen nur noch umgesetzt werden. Das politische Spiel \u00fcber die europ\u00e4ische Bande macht es m\u00f6glich, Kritik und Auseinandersetzungen zu umgehen und die \u00d6ffentlichkeit vor vollendete Tatsachen zu stellen.<\/p>\n<p>B\u00fcrger- und Menschenrechtsorganisationen tun also gut daran, wenn sie fr\u00fchzeitig in dieses Spiel einzugreifen versuchen. Was in den n\u00e4chsten Jahren auf der innenpolitischen Agenda der EU stehen wird, zeigt der Bericht der &#8222;future group&#8220; vom Juni 2008. Diese von Bundesinnenminister Wolfgang Sch\u00e4uble initiierte &#8222;informelle&#8220; Runde von VertreterInnen der Exekutive (acht InnenministerInnen sowie der zust\u00e4ndige EU-Kommissar) erarbeitete die Vorlage f\u00fcr den n\u00e4chsten innen- und justizpolitischen F\u00fcnfjahresplan, den der EU-Gipfel im Dezember 2009 verabschieden soll. Die Gruppe will die Au\u00dfengrenzen weiter zementieren, Frontex und Europol weiter ausbauen und Hindernisse sowohl beim polizeilichen Informationsaustausch als auch bei der operativen Zusammenarbeit \u00fcber die Binnengrenzen hinweg beseitigen. Die Aufhebung der Trennung von Polizei und Geheimdiensten, die Vermischung von Polizei und Milit\u00e4r, stellt f\u00fcr die europ\u00e4ischen Exekutiven offenbar kein Problem dar. Und der Datenschutz ger\u00e4t ihnen vollends zur Legitimationsformel f\u00fcr den Ausbau staatlicher \u00dcberwachung.<\/p>\n<p>(Hannes Honecker und Heiner Busch)<\/p>\n<p>***<\/p>\n<p>Die Bundesrepublik Deutschland feiert im Jahre 2009 ihren sechzigsten Geburtstag. B\u00fcrgerrechte &amp; Polizei\/CILIP nimmt dies zum Anlass, in der kommenden Ausgabe nach dem Umgang der deutschen Polizeien mit ihrer Vergangenheit zu fragen.<\/p>\n<p>***<\/p>\n<p>An dieser Stelle m\u00fcssen wir den CILIP-AbonnentInnen noch eine unangenehme Nachricht unterbreiten. Nach drei Jahren sind wir zu einer wiederum moderaten Preiserh\u00f6hung gezwungen: F\u00fcr Personen wird das Einzelheft ab dem neuen Jahrgang 8,\u2013 (statt bisher 7,50) Euro und das Jahresabo 21,\u2013 (statt bisher 19,50) kosten. Institutionen zahlen f\u00fcr das Einzelheft 12,\u2013 und f\u00fcr das Abo 36,\u2013 Euro. Beim Versand ins Ausland berechnen wir pro Heft zus\u00e4tzlich 1,50 Porto.<\/p>\n","protected":false},"excerpt":{"rendered":"<p>Liebe CILIP-LeserInnen, liebe Mitglieder des RAV, was Sie hier vor sich haben, ist eine Kooperationsausgabe<\/p>\n","protected":false},"author":2,"featured_media":0,"comment_status":"open","ping_status":"open","sticky":false,"template":"","format":"standard","meta":{"footnotes":""},"categories":[97,141],"tags":[],"class_list":["post-1070","post","type-post","status-publish","format-standard","hentry","category-cilip-091","category-editorials"],"_links":{"self":[{"href":"https:\/\/wp-dev.daten.cool\/index.php?rest_route=\/wp\/v2\/posts\/1070","targetHints":{"allow":["GET"]}}],"collection":[{"href":"https:\/\/wp-dev.daten.cool\/index.php?rest_route=\/wp\/v2\/posts"}],"about":[{"href":"https:\/\/wp-dev.daten.cool\/index.php?rest_route=\/wp\/v2\/types\/post"}],"author":[{"embeddable":true,"href":"https:\/\/wp-dev.daten.cool\/index.php?rest_route=\/wp\/v2\/users\/2"}],"replies":[{"embeddable":true,"href":"https:\/\/wp-dev.daten.cool\/index.php?rest_route=%2Fwp%2Fv2%2Fcomments&post=1070"}],"version-history":[{"count":0,"href":"https:\/\/wp-dev.daten.cool\/index.php?rest_route=\/wp\/v2\/posts\/1070\/revisions"}],"wp:attachment":[{"href":"https:\/\/wp-dev.daten.cool\/index.php?rest_route=%2Fwp%2Fv2%2Fmedia&parent=1070"}],"wp:term":[{"taxonomy":"category","embeddable":true,"href":"https:\/\/wp-dev.daten.cool\/index.php?rest_route=%2Fwp%2Fv2%2Fcategories&post=1070"},{"taxonomy":"post_tag","embeddable":true,"href":"https:\/\/wp-dev.daten.cool\/index.php?rest_route=%2Fwp%2Fv2%2Ftags&post=1070"}],"curies":[{"name":"wp","href":"https:\/\/api.w.org\/{rel}","templated":true}]}}