{"id":1076,"date":"2008-07-09T09:52:22","date_gmt":"2008-07-09T09:52:22","guid":{"rendered":"http:\/\/www.cilip.de\/?p=1076"},"modified":"2008-07-09T09:52:22","modified_gmt":"2008-07-09T09:52:22","slug":"redaktionsmitteilung-16","status":"publish","type":"post","link":"https:\/\/wp-dev.daten.cool\/?p=1076","title":{"rendered":"Redaktionsmitteilung"},"content":{"rendered":"<p>Der Begriff &#8222;Sicherheitsarchitektur&#8220; steht heute f\u00fcr die politische Forderung, die Institutionen des staatlichen Gewaltmonopols so aus- und umzubauen, dass sie f\u00fcr die &#8222;Herausforderungen des 21. Jahrhunderts&#8220; und insbesondere f\u00fcr die &#8222;Bek\u00e4mpfung des internationalen Terrorismus&#8220; fit sind. PolitikerInnen und &#8222;ExpertInnen&#8220; aus den Apparaten beklagen mangelnde Effizienz, ein Nebeneinander von &#8211; je nach Z\u00e4hlung &#8211; 30-40 Sicherheitsbeh\u00f6rden und dadurch entstehende Informationsverluste. Sie empfinden die Reste des F\u00f6deralismus als st\u00f6rend und verordnen zentralistische Organisationsreformen. Sie definieren das Gebot der Trennung von Polizei und Geheimdiensten um in eines der umso intensiveren Zusammenarbeit. Sie meinen, dass innere und \u00e4u\u00dfere Bedrohungen nicht mehr zu trennen seien und deshalb auch das Milit\u00e4r in die Wahrung der Inneren Sicherheit mit einzubeziehen sei. Eine allumfassende Vernetzung der Sicherheitsbeh\u00f6rden scheint das Gebot der Stunde.<!--more--><\/p>\n<p>Klar ist dabei erstens, dass bei diesen Debatten die Grundrechte der B\u00fcrgerInnen allenfalls eine marginale Rolle spielen. Und klar ist zweitens, dass die Diskussion um die &#8222;Sicherheitsarchitektur&#8220; davon abh\u00e4lt, \u00fcber die gesellschaftlichen und politischen Ursachen der in einem Atemzug genannten &#8222;neuen Bedrohungen&#8220; &#8211; vom Terrorismus \u00fcber die &#8222;organisierte Kriminalit\u00e4t&#8220; bis hin zur illegalisierten Einwanderung &#8211; nachzudenken. Wer sich auf das Gerede von der &#8222;neuen Sicherheitsarchitektur&#8220; einl\u00e4sst, kann nur noch um Details streiten, aber keine radikaldemokratischen Vorstellungen vom Umbau der Sicherheitsapparate mehr entwickeln.<\/p>\n<p>***<\/p>\n<p>Die n\u00e4chste Ausgabe wird den drei\u00dfigsten Jahrgang dieser Zeitschrift beschlie\u00dfen. Drei Jahrzehnte B\u00fcrgerrechte &amp; Polizei\/CILIP sind nicht nur ein Grund zum Feiern, sondern auch ein Beleg daf\u00fcr, dass sich radikaldemokratische Kritik an den Apparaten der Inneren Sicherheit keineswegs \u00fcberlebt hat. Heft 3\/2008 wird sich mit der &#8222;Sicherheitsarchitektur&#8220; in der EU befassen.<\/p>\n<p>(Heiner Busch)<\/p>\n","protected":false},"excerpt":{"rendered":"<p>Der Begriff &#8222;Sicherheitsarchitektur&#8220; steht heute f\u00fcr die politische Forderung, die Institutionen des staatlichen Gewaltmonopols so<\/p>\n","protected":false},"author":9,"featured_media":0,"comment_status":"open","ping_status":"open","sticky":false,"template":"","format":"standard","meta":{"footnotes":""},"categories":[96,141],"tags":[],"class_list":["post-1076","post","type-post","status-publish","format-standard","hentry","category-cilip-090","category-editorials"],"_links":{"self":[{"href":"https:\/\/wp-dev.daten.cool\/index.php?rest_route=\/wp\/v2\/posts\/1076","targetHints":{"allow":["GET"]}}],"collection":[{"href":"https:\/\/wp-dev.daten.cool\/index.php?rest_route=\/wp\/v2\/posts"}],"about":[{"href":"https:\/\/wp-dev.daten.cool\/index.php?rest_route=\/wp\/v2\/types\/post"}],"author":[{"embeddable":true,"href":"https:\/\/wp-dev.daten.cool\/index.php?rest_route=\/wp\/v2\/users\/9"}],"replies":[{"embeddable":true,"href":"https:\/\/wp-dev.daten.cool\/index.php?rest_route=%2Fwp%2Fv2%2Fcomments&post=1076"}],"version-history":[{"count":0,"href":"https:\/\/wp-dev.daten.cool\/index.php?rest_route=\/wp\/v2\/posts\/1076\/revisions"}],"wp:attachment":[{"href":"https:\/\/wp-dev.daten.cool\/index.php?rest_route=%2Fwp%2Fv2%2Fmedia&parent=1076"}],"wp:term":[{"taxonomy":"category","embeddable":true,"href":"https:\/\/wp-dev.daten.cool\/index.php?rest_route=%2Fwp%2Fv2%2Fcategories&post=1076"},{"taxonomy":"post_tag","embeddable":true,"href":"https:\/\/wp-dev.daten.cool\/index.php?rest_route=%2Fwp%2Fv2%2Ftags&post=1076"}],"curies":[{"name":"wp","href":"https:\/\/api.w.org\/{rel}","templated":true}]}}