{"id":10770,"date":"2015-10-15T12:49:53","date_gmt":"2015-10-15T12:49:53","guid":{"rendered":"https:\/\/cilip.site36.net\/?p=10770"},"modified":"2015-10-15T12:49:53","modified_gmt":"2015-10-15T12:49:53","slug":"novelle-des-verfassungsschutzgesetzes-verabschiedet","status":"publish","type":"post","link":"https:\/\/wp-dev.daten.cool\/?p=10770","title":{"rendered":"Novelle des Verfassungsschutzgesetzes verabschiedet"},"content":{"rendered":"<p>Am 25. September 2015 beriet der Bundesrat \u00fcber die Novelle des Bundesverfassungsschutzgesetzes, verzichtete aber entgegen der Empfehlung seines Rechtsausschusses und trotz erheblicher Kritik an der Ausweitung der operativen Befugnisse des Bundesamtes f\u00fcr Verfassungsschutz in den L\u00e4ndern auf die Einschaltung des Vermittlungsausschusses. Damit tritt das Gesetz noch im Herbst in Kraft.<!--more--><\/p>\n<p>Zuvor hatte der Bundestag auf Empfehlung des Innenausschusses noch einige \u00c4nderungen am Regierungsentwurf vorgenommen: So soll die Bundesregierung dem Parlamentarischen Kontrollgremium k\u00fcnftig mindestens einmal im Jahr einen \u201eLagebericht\u201c zum Einsatz von V-Leuten vorlegen. Der Bericht, so der Innenausschuss, soll \u201eeine politische Bewertung erm\u00f6glichen\u201c, dass nicht \u201eein stasihaftes \u00dcberwachungsnetz entsteht\u201c. Allerdings misstraut die Legislative ihrer geheim tagenden und zum Schweigen verurteilten Kontrolle derart, dass zwar der V-Leute-Einsatz in einzelnen \u201ePh\u00e4nomenbereichen\u201c dargestellt, aber nicht nach Diensten aufgeschl\u00fcsselt werden soll. Eine solche \u201eDarstellungsgranularit\u00e4t\u201c sei ausreichend; eine weitergehende Differenzierung w\u00fcrde \u201ef\u00fcr den gebotenen Geheimschutz nicht erforderliche Risiken begr\u00fcnden\u201c.<a href=\"#_ftn1\" name=\"_ftnref1\">[1]<\/a><\/p>\n<p>Entgegen dem Regierungsentwurf soll bei der Rekrutierung von V-Leuten nun auch gro\u00dfz\u00fcgiger \u00fcber Vorstrafen hinweggesehen werden k\u00f6nnen: Urspr\u00fcnglich hie\u00df es noch, dass eine Anwerbung von V-Leuten grunds\u00e4tzlich auszuschlie\u00dfen sei, wenn diese als verurteilte Verbrecher im Bundeszentralregister erfasst seien. Stattdessen sollen nun Ausnahmen m\u00f6glich sein bei all jenen potenziellen Spitzeln, die kein T\u00f6tungsdelikt oder andere mit lebenslanger Haft bedrohte Straftaten auf dem Kerbholz haben.<\/p>\n<p>(Eric T\u00f6pfer)<\/p>\n<h5><a href=\"#_ftnref1\" name=\"_ftn1\">[1]<\/a> \u00a0\u00a0\u00a0\u00a0 BT-Drs. 18\/5415 v. 1.7.2015, S. 10<\/h5>\n","protected":false},"excerpt":{"rendered":"<p>Am 25. September 2015 beriet der Bundesrat \u00fcber die Novelle des Bundesverfassungsschutzgesetzes, verzichtete aber entgegen<\/p>\n","protected":false},"author":12,"featured_media":0,"comment_status":"open","ping_status":"open","sticky":false,"template":"","format":"standard","meta":{"footnotes":""},"categories":[114,146],"tags":[],"class_list":["post-10770","post","type-post","status-publish","format-standard","hentry","category-cilip-109","category-meldungen-inland"],"_links":{"self":[{"href":"https:\/\/wp-dev.daten.cool\/index.php?rest_route=\/wp\/v2\/posts\/10770","targetHints":{"allow":["GET"]}}],"collection":[{"href":"https:\/\/wp-dev.daten.cool\/index.php?rest_route=\/wp\/v2\/posts"}],"about":[{"href":"https:\/\/wp-dev.daten.cool\/index.php?rest_route=\/wp\/v2\/types\/post"}],"author":[{"embeddable":true,"href":"https:\/\/wp-dev.daten.cool\/index.php?rest_route=\/wp\/v2\/users\/12"}],"replies":[{"embeddable":true,"href":"https:\/\/wp-dev.daten.cool\/index.php?rest_route=%2Fwp%2Fv2%2Fcomments&post=10770"}],"version-history":[{"count":0,"href":"https:\/\/wp-dev.daten.cool\/index.php?rest_route=\/wp\/v2\/posts\/10770\/revisions"}],"wp:attachment":[{"href":"https:\/\/wp-dev.daten.cool\/index.php?rest_route=%2Fwp%2Fv2%2Fmedia&parent=10770"}],"wp:term":[{"taxonomy":"category","embeddable":true,"href":"https:\/\/wp-dev.daten.cool\/index.php?rest_route=%2Fwp%2Fv2%2Fcategories&post=10770"},{"taxonomy":"post_tag","embeddable":true,"href":"https:\/\/wp-dev.daten.cool\/index.php?rest_route=%2Fwp%2Fv2%2Ftags&post=10770"}],"curies":[{"name":"wp","href":"https:\/\/api.w.org\/{rel}","templated":true}]}}