{"id":10774,"date":"2015-11-09T12:52:50","date_gmt":"2015-11-09T12:52:50","guid":{"rendered":"https:\/\/cilip.site36.net\/?p=10774"},"modified":"2015-11-09T12:52:50","modified_gmt":"2015-11-09T12:52:50","slug":"polizei-will-lufthoheit-ueber-privat-genutzte-drohnen","status":"publish","type":"post","link":"https:\/\/wp-dev.daten.cool\/?p=10774","title":{"rendered":"Polizei will Lufthoheit \u00fcber privat genutzte Drohnen"},"content":{"rendered":"<p>Mehrere deutsche Polizeibeh\u00f6rden befassen sich mit der Kontrolle und m\u00f6glichen Abwehr kleiner Drohnen. Die Innenministerkonferenz hat eine Bund-L\u00e4nder-Projektgruppe eingerichtet, an der neben dem Bundeskriminalamt (BKA) und der Bundespolizei elf Bundesl\u00e4nder beteiligt sind. Das Bundesinnenministerium beargw\u00f6hnt etwa Angriffe von Mikrodrohnen \u201egegen Personen, kritische Infrastrukturen, den Bahn-, Schiffs- und Luftverkehr bzw. Industrieanlagen\u201c.<a href=\"#_ftn1\" name=\"_ftnref1\">[1]<\/a> Au\u00dfer dem gezielten Absturz k\u00f6nnten diese auch Objekte abwerfen oder an unerw\u00fcnschten Orten platzieren. Selbst die \u201eIntegration von Schusswaffen\u201c sei denkbar. Unbemannte Flugger\u00e4te k\u00f6nnten \u00fcberdies f\u00fcr \u201eSchmuggel, Spionage, Aussp\u00e4hung\u201c genutzt werden. <!--more--><\/p>\n<p>Auch die Staatssekret\u00e4re aus den Justizressorts deutscher Bundesl\u00e4nder stellen deshalb entsprechende \u00dcberlegungen an. Im September hat der Bremer Senat als erstes deutsches Bundesland angek\u00fcndigt, den Luftraum \u00fcber Gef\u00e4ngnissen f\u00fcr privat genutzte Mikrodrohnen zu sperren.<a href=\"#_ftn2\" name=\"_ftnref2\">[2]<\/a><\/p>\n<p>Die Bund-L\u00e4nder-Projektgruppe soll nun Handlungsempfehlungen er\u00adarbeiten. Befragt wurde neben niederl\u00e4ndischen und britischen Poli\u00adzei\u00adbeh\u00f6rden auch die Bundeswehr. Die Kriminal\u00e4mter trafen sich unter anderem mit den R\u00fcstungskonzernen Rheinmetall, Airbus Defence and Space sowie der ESG Elektroniksystem- und Logistik-GmbH. Weitere \u201eSachstanderhebungen\u201c erfolgten beim europ\u00e4ischen Raketenhersteller MBDA, der im Mai den Abschuss einer kleinen Drohne mit einem Hochenergielaser vorgef\u00fchrt hatte. Einige der milit\u00e4rischen Systeme wurden vom BKA beim G-7-Gipfel im bayerischen Elmau getestet.<\/p>\n<p>Aufgrund seiner Zust\u00e4ndigkeit f\u00fcr den Personenschutz f\u00fchrt das BKA mittlerweile eine Arbeitsgruppe zur Untersuchung der Gef\u00e4hrlichkeit kleiner Drohnen auf EU-Ebene an. Abwehrm\u00f6glichkeiten werden auch vom weltweiten Netzwerk staatlicher Personenschutz\u00addienst\u00adstellen \u201eAssociation of Personal Protection Services\u201c untersucht, weitere Teilnehmer sind Polizeibeh\u00f6rden aus Israel, Polen, den Niederlanden und S\u00fcdkorea. Beide vom BKA gef\u00fchrten Arbeitsgruppen sollen miteinander verzahnt werden. Nach einem Treffen im September sollen laut dem Bundesinnenministerium gemeinsame \u201eAktionen\u201c folgen.<\/p>\n<p>(Matthias Monroy)<\/p>\n<h5><a href=\"#_ftnref1\" name=\"_ftn1\">[1]<\/a> \u00a0\u00a0\u00a0\u00a0 BT-Drs. 18\/5795 v. 19.8.2015<\/h5>\n<h5><a href=\"#_ftnref2\" name=\"_ftn2\">[2]<\/a> \u00a0\u00a0\u00a0 Radio Bremen v. 10.9.2015<\/h5>\n","protected":false},"excerpt":{"rendered":"<p>Mehrere deutsche Polizeibeh\u00f6rden befassen sich mit der Kontrolle und m\u00f6glichen Abwehr kleiner Drohnen. Die Innenministerkonferenz<\/p>\n","protected":false},"author":3,"featured_media":0,"comment_status":"open","ping_status":"open","sticky":false,"template":"","format":"standard","meta":{"footnotes":""},"categories":[114,146],"tags":[],"class_list":["post-10774","post","type-post","status-publish","format-standard","hentry","category-cilip-109","category-meldungen-inland"],"_links":{"self":[{"href":"https:\/\/wp-dev.daten.cool\/index.php?rest_route=\/wp\/v2\/posts\/10774","targetHints":{"allow":["GET"]}}],"collection":[{"href":"https:\/\/wp-dev.daten.cool\/index.php?rest_route=\/wp\/v2\/posts"}],"about":[{"href":"https:\/\/wp-dev.daten.cool\/index.php?rest_route=\/wp\/v2\/types\/post"}],"author":[{"embeddable":true,"href":"https:\/\/wp-dev.daten.cool\/index.php?rest_route=\/wp\/v2\/users\/3"}],"replies":[{"embeddable":true,"href":"https:\/\/wp-dev.daten.cool\/index.php?rest_route=%2Fwp%2Fv2%2Fcomments&post=10774"}],"version-history":[{"count":0,"href":"https:\/\/wp-dev.daten.cool\/index.php?rest_route=\/wp\/v2\/posts\/10774\/revisions"}],"wp:attachment":[{"href":"https:\/\/wp-dev.daten.cool\/index.php?rest_route=%2Fwp%2Fv2%2Fmedia&parent=10774"}],"wp:term":[{"taxonomy":"category","embeddable":true,"href":"https:\/\/wp-dev.daten.cool\/index.php?rest_route=%2Fwp%2Fv2%2Fcategories&post=10774"},{"taxonomy":"post_tag","embeddable":true,"href":"https:\/\/wp-dev.daten.cool\/index.php?rest_route=%2Fwp%2Fv2%2Ftags&post=10774"}],"curies":[{"name":"wp","href":"https:\/\/api.w.org\/{rel}","templated":true}]}}