{"id":108,"date":"2014-10-03T18:04:50","date_gmt":"2014-10-03T18:04:50","guid":{"rendered":"http:\/\/www.cilip.de\/?p=108"},"modified":"2014-10-03T18:04:50","modified_gmt":"2014-10-03T18:04:50","slug":"veranstaltung-starker-staat-schwaches-recht-rechtes-krisenmanagement-in-griechenland","status":"publish","type":"post","link":"https:\/\/wp-dev.daten.cool\/?p=108","title":{"rendered":"Starker Staat, schwaches Recht?"},"content":{"rendered":"<p><strong>Veranstaltung zum rechten Krisenmanagement in Griechenland<\/strong><\/p>\n<p><a href=\"http:\/\/www.cilip.de\/wp-content\/uploads\/2015\/02\/CILIP_106.png\"><img loading=\"lazy\" decoding=\"async\" class=\"alignright size-medium wp-image-4135\" src=\"https:\/\/www.cilip.de\/wp-content\/uploads\/2015\/02\/CILIP_106-210x300.png\" alt=\"\" width=\"210\" height=\"300\" srcset=\"https:\/\/wp-dev.daten.cool\/wp-content\/uploads\/2015\/02\/CILIP_106-210x300.png 210w, https:\/\/wp-dev.daten.cool\/wp-content\/uploads\/2015\/02\/CILIP_106.png 611w\" sizes=\"auto, (max-width: 210px) 100vw, 210px\" \/><\/a>Rechtsradikale Parteien waren in Griechenland jahrzehntelang eher eine Randerscheinung, was unter anderem daran lag, dass solche Positionen auch in der konservativen N\u00e9a Dimokrat\u00eda (ND) Platz hatten und vertreten wurden. Schon in den 1990er Jahre nahm die Verbreitung von fremdenfeindlichem und rassistischem Gedankengut rasant zu. Mit der Bankenkrise erstarkten rechtsradikale Geisteshaltungen und Parteien jedoch deutlich.<\/p>\n<blockquote class=\"alignright\"><p>Mittwoch, 29. Oktober 2014, 20.00 Uhr, Berlin<br \/>\nBuchladen M\u00fc\u00dfiggang, Heinrichplatz<\/p><\/blockquote>\n<p>In ihrem Vortrag besch\u00e4ftigt sich die in Athen lebende Politikwissenschaftlerin Carolin Philipp mit den Verflechtungen von Staat und unterschiedlichen rechten Kr\u00e4ften und Gruppierungen, mit der Instrumentalisierung rassistischer Diskurse durch die Politik und Verschiebungen in der Gesetzgebung.<\/p>\n<p><em>Veranstaltet vom Institut f\u00fcr B\u00fcrgerrechte &amp; \u00f6ffentliche Sicherheit e.V.<\/em><\/p>\n","protected":false},"excerpt":{"rendered":"<p>Veranstaltung zum rechten Krisenmanagement in Griechenland Rechtsradikale Parteien waren in Griechenland jahrzehntelang eher eine Randerscheinung,<\/p>\n","protected":false},"author":2,"featured_media":0,"comment_status":"closed","ping_status":"open","sticky":false,"template":"","format":"standard","meta":{"footnotes":""},"categories":[111,150],"tags":[],"class_list":["post-108","post","type-post","status-publish","format-standard","hentry","category-cilip-106","category-veranstaltungen"],"_links":{"self":[{"href":"https:\/\/wp-dev.daten.cool\/index.php?rest_route=\/wp\/v2\/posts\/108","targetHints":{"allow":["GET"]}}],"collection":[{"href":"https:\/\/wp-dev.daten.cool\/index.php?rest_route=\/wp\/v2\/posts"}],"about":[{"href":"https:\/\/wp-dev.daten.cool\/index.php?rest_route=\/wp\/v2\/types\/post"}],"author":[{"embeddable":true,"href":"https:\/\/wp-dev.daten.cool\/index.php?rest_route=\/wp\/v2\/users\/2"}],"replies":[{"embeddable":true,"href":"https:\/\/wp-dev.daten.cool\/index.php?rest_route=%2Fwp%2Fv2%2Fcomments&post=108"}],"version-history":[{"count":0,"href":"https:\/\/wp-dev.daten.cool\/index.php?rest_route=\/wp\/v2\/posts\/108\/revisions"}],"wp:attachment":[{"href":"https:\/\/wp-dev.daten.cool\/index.php?rest_route=%2Fwp%2Fv2%2Fmedia&parent=108"}],"wp:term":[{"taxonomy":"category","embeddable":true,"href":"https:\/\/wp-dev.daten.cool\/index.php?rest_route=%2Fwp%2Fv2%2Fcategories&post=108"},{"taxonomy":"post_tag","embeddable":true,"href":"https:\/\/wp-dev.daten.cool\/index.php?rest_route=%2Fwp%2Fv2%2Ftags&post=108"}],"curies":[{"name":"wp","href":"https:\/\/api.w.org\/{rel}","templated":true}]}}