{"id":10816,"date":"2015-11-23T12:03:00","date_gmt":"2015-11-23T12:03:00","guid":{"rendered":"https:\/\/cilip.site36.net\/?p=10816"},"modified":"2015-11-23T12:03:00","modified_gmt":"2015-11-23T12:03:00","slug":"geheime-duerfen-weiter-schnueffeln","status":"publish","type":"post","link":"https:\/\/wp-dev.daten.cool\/?p=10816","title":{"rendered":"Geheime d\u00fcrfen weiter schn\u00fcffeln"},"content":{"rendered":"<p>Mit den Stimmen der Koalitionsfraktionen wurden am 5. November 2015 einzelne Regelungen des \u201eTerrorismusbek\u00e4mpfungsgesetzes\u201c von 2002 mit Wirkung vom 1. Februar 2016 um weitere f\u00fcnf Jahre verl\u00e4ngert.<a href=\"#_ftn1\" name=\"_ftnref1\">[1]<\/a> Verfassungsschutz, Milit\u00e4rischer Abschirmdienst und Bundesnachrichtendienst d\u00fcrfen nun weiterhin u.a. Kontodaten, Flugbuchungen, Verkehrs- und Bestandsdaten bei Telekommunikations- und Telemediendiensten abfragen und so genannte IMSI-Catcher einsetzen. Mit der Regelung werden auch \u00dcbermittlungspflichten des Bundesamtes f\u00fcr Migration und Fl\u00fcchtlinge und der Ausl\u00e4nderbeh\u00f6rden an den Verfassungsschutz verl\u00e4ngert. Auch darf der Verfassungsschutz weiterhin Personen zur verdeckten Fahndung im Schengener Informationssystem ausschreiben. Diese Befugnis wurde 2007 mit dem \u201eTerrorismusbek\u00e4mpfungserg\u00e4nzungsgesetz\u201c eingef\u00fchrt.<!--more--><\/p>\n<p>Neu geregelt wurde der Einsatz nicht sicherheits\u00fcberpr\u00fcfter Personen in sicherheitsempfindlichen Bereichen. Sie d\u00fcrfen dort zuk\u00fcnftig statt einem Tag bis zu vier Wochen unter Aufsicht t\u00e4tig sein. Das betrifft beispielsweise Handwerker, die kleinere Reparaturen in Kasernen vornehmen. Zudem erhalten die Geheimdienste die M\u00f6glichkeit, Ausk\u00fcnfte aus Grundb\u00fcchern zu verlangen, ohne dass dies den betroffenen Eigent\u00fcmern mitgeteilt wird. Diese Befugnisse br\u00e4uchten die Dienste f\u00fcr \u201eStrukturermittlungen\u201c in der rechtsextremen und der islamistischen Szene, so die Koalitionsvertreter in der Bundestagsdebatte. Die Opposition kritisierte den Gesetzentwurf. Die zugrundeliegende Evaluation der Regelungen, deren Befristung bereits 2007 und 2011 verl\u00e4ngert wurde, habe nicht \u00fcberzeugend die Verh\u00e4ltnism\u00e4\u00dfigkeit der Befugnisse zeigen k\u00f6nnen. Notwendig sei neben einer Betrachtung einzelner Befugnisse eine \u00dcberwachungsgesamtrechnung, um das tats\u00e4chliche Ausma\u00df von \u00dcberwachung richtig erfassen zu k\u00f6nnen. Vertreter des Bundesinnenministeriums hatten diese Forderung im Bundestags-Innenausschuss als \u201enicht operationalisierbar\u201c zur\u00fcckgewiesen.<\/p>\n<p><a href=\"#_ftnref1\" name=\"_ftn1\">[1]<\/a> \u00a0\u00a0\u00a0\u00a0 BT-Plenarprot. 18\/133 v. 5.11.2015, S. 12946-12952; BT-Drs. 18\/5924 v. 7.9.2015<\/p>\n","protected":false},"excerpt":{"rendered":"<p>Mit den Stimmen der Koalitionsfraktionen wurden am 5. November 2015 einzelne Regelungen des \u201eTerrorismusbek\u00e4mpfungsgesetzes\u201c von<\/p>\n","protected":false},"author":14,"featured_media":0,"comment_status":"open","ping_status":"open","sticky":false,"template":"","format":"standard","meta":{"footnotes":""},"categories":[114,146],"tags":[],"class_list":["post-10816","post","type-post","status-publish","format-standard","hentry","category-cilip-109","category-meldungen-inland"],"_links":{"self":[{"href":"https:\/\/wp-dev.daten.cool\/index.php?rest_route=\/wp\/v2\/posts\/10816","targetHints":{"allow":["GET"]}}],"collection":[{"href":"https:\/\/wp-dev.daten.cool\/index.php?rest_route=\/wp\/v2\/posts"}],"about":[{"href":"https:\/\/wp-dev.daten.cool\/index.php?rest_route=\/wp\/v2\/types\/post"}],"author":[{"embeddable":true,"href":"https:\/\/wp-dev.daten.cool\/index.php?rest_route=\/wp\/v2\/users\/14"}],"replies":[{"embeddable":true,"href":"https:\/\/wp-dev.daten.cool\/index.php?rest_route=%2Fwp%2Fv2%2Fcomments&post=10816"}],"version-history":[{"count":0,"href":"https:\/\/wp-dev.daten.cool\/index.php?rest_route=\/wp\/v2\/posts\/10816\/revisions"}],"wp:attachment":[{"href":"https:\/\/wp-dev.daten.cool\/index.php?rest_route=%2Fwp%2Fv2%2Fmedia&parent=10816"}],"wp:term":[{"taxonomy":"category","embeddable":true,"href":"https:\/\/wp-dev.daten.cool\/index.php?rest_route=%2Fwp%2Fv2%2Fcategories&post=10816"},{"taxonomy":"post_tag","embeddable":true,"href":"https:\/\/wp-dev.daten.cool\/index.php?rest_route=%2Fwp%2Fv2%2Ftags&post=10816"}],"curies":[{"name":"wp","href":"https:\/\/api.w.org\/{rel}","templated":true}]}}