{"id":1102,"date":"2008-07-01T10:02:36","date_gmt":"2008-07-01T10:02:36","guid":{"rendered":"http:\/\/www.cilip.de\/?p=1102"},"modified":"2008-07-01T10:02:36","modified_gmt":"2008-07-01T10:02:36","slug":"mitarbeiterinnen-dieser-ausgabe-90-22008","status":"publish","type":"post","link":"https:\/\/wp-dev.daten.cool\/?p=1102","title":{"rendered":"MitarbeiterInnen dieser Ausgabe 90 (2\/2008)"},"content":{"rendered":"<p><!--more--><\/p>\n<p><em>Martin Beck<\/em>, Berlin, Redakteur von ak &#8211; analyse &amp; kritik und Mitglied der Redaktion von B\u00fcrgerrechte &amp; Polizei\/CILIP<\/p>\n<p><em>Heiner Busch<\/em>, Bern, Redakteur von B\u00fcrgerrechte &amp; Polizei\/CILIP und Vorstandsmitglied des Komitees f\u00fcr Grundrechte und Demokratie<\/p>\n<p><em>Otto Diederichs<\/em>, Berlin, freier Journalist<\/p>\n<p><em>Volker Eick<\/em>, Berlin, Politikwissenschaftler an der Freien Universit\u00e4t Berlin, John F. Kennedy Institut, Abteilung Politik<\/p>\n<p><em>Mark Holzberger<\/em>, Berlin, Referent f\u00fcr Fl\u00fcchtlings- und Migrationspolitik in der Bundestagsfraktion von B\u00fcndnis 90\/Die Gr\u00fcnen und Mitglied der Redaktion von B\u00fcrgerrechte &amp; Polizei\/CILIP<\/p>\n<p><em>Martina Kant<\/em>, Berlin, Redakteurin von B\u00fcrgerrechte &amp; Polizei\/CILIP und Referentin der Bundestagsfraktion von B\u00fcndnis 90\/Die Gr\u00fcnen f\u00fcr den Untersuchungsausschuss BND\/CIA<\/p>\n<p><em>Albrecht Maurer<\/em>, Berlin, innenpolitischer Referent der Bundestagsfraktion Die Linke und Mitglied der Redaktion von B\u00fcrgerrechte &amp; Polizei\/CILIP<\/p>\n<p><em>Katrin McGauran<\/em>, Amsterdam, Mitarbeiterin von Statewatch<\/p>\n<p><em>Norbert P\u00fctter<\/em>, Berlin, Redakteur von B\u00fcrgerrechte &amp; Polizei\/CILIP<\/p>\n<p><em>Fredrik Roggan<\/em>, Berlin, Rechtsanwalt, stellvertretender Bundesvorsitzender der Humanistischen Union und Mitglied der Redaktion B\u00fcrgerrechte &amp; Polizei\/CILIP<\/p>\n<p><em>Eric T\u00f6pfer<\/em>, Berlin, Politikwissenschaftler am Zentrum Technik und Gesellschaft der TU Berlin und Mitglied der Redaktion von B\u00fcrgerrechte &amp; Polizei\/CILIP<\/p>\n<p><em>Jan W\u00f6rlein<\/em>, Berlin, studentischer Mitarbeiter an der FU Berlin, Redakteur von B\u00fcrgerrechte &amp; Polizei\/CILIP<\/p>\n<p>&nbsp;<\/p>\n","protected":false},"excerpt":{"rendered":"","protected":false},"author":2,"featured_media":0,"comment_status":"open","ping_status":"open","sticky":false,"template":"","format":"standard","meta":{"footnotes":""},"categories":[96],"tags":[],"class_list":["post-1102","post","type-post","status-publish","format-standard","hentry","category-cilip-090"],"_links":{"self":[{"href":"https:\/\/wp-dev.daten.cool\/index.php?rest_route=\/wp\/v2\/posts\/1102","targetHints":{"allow":["GET"]}}],"collection":[{"href":"https:\/\/wp-dev.daten.cool\/index.php?rest_route=\/wp\/v2\/posts"}],"about":[{"href":"https:\/\/wp-dev.daten.cool\/index.php?rest_route=\/wp\/v2\/types\/post"}],"author":[{"embeddable":true,"href":"https:\/\/wp-dev.daten.cool\/index.php?rest_route=\/wp\/v2\/users\/2"}],"replies":[{"embeddable":true,"href":"https:\/\/wp-dev.daten.cool\/index.php?rest_route=%2Fwp%2Fv2%2Fcomments&post=1102"}],"version-history":[{"count":0,"href":"https:\/\/wp-dev.daten.cool\/index.php?rest_route=\/wp\/v2\/posts\/1102\/revisions"}],"wp:attachment":[{"href":"https:\/\/wp-dev.daten.cool\/index.php?rest_route=%2Fwp%2Fv2%2Fmedia&parent=1102"}],"wp:term":[{"taxonomy":"category","embeddable":true,"href":"https:\/\/wp-dev.daten.cool\/index.php?rest_route=%2Fwp%2Fv2%2Fcategories&post=1102"},{"taxonomy":"post_tag","embeddable":true,"href":"https:\/\/wp-dev.daten.cool\/index.php?rest_route=%2Fwp%2Fv2%2Ftags&post=1102"}],"curies":[{"name":"wp","href":"https:\/\/api.w.org\/{rel}","templated":true}]}}