{"id":11067,"date":"2016-02-21T16:36:22","date_gmt":"2016-02-21T16:36:22","guid":{"rendered":"https:\/\/cilip.site36.net\/?p=11067"},"modified":"2016-02-21T16:36:22","modified_gmt":"2016-02-21T16:36:22","slug":"finanzermittlungen-und-internetkontrolle-europol-startet-zentrum-gegen-migrantenschmuggel","status":"publish","type":"post","link":"https:\/\/wp-dev.daten.cool\/?p=11067","title":{"rendered":"Finanzermittlungen und Internetkontrolle: Europol startet Zentrum gegen &#8222;Migrantenschmuggel&#8220;"},"content":{"rendered":"<p>Wenige Wochen nach dem Start des <a href=\"https:\/\/netzpolitik.org\/2016\/swift-pnr-internetkontrolle-europol-startet-operative-abteilung-zur-terrorismusbekaempfung\/\">\u201eEurop\u00e4ischen Zentrums zur Terrorismusbek\u00e4mpfung&#8220;<\/a> (ECTC) nimmt die EU-Polizeiagentur Europol am Montag ein \u201eEurop\u00e4isches Zentrum zur Bek\u00e4mpfung der Migrantenschleusung\u201c (EMSC) in Betrieb. Die Er\u00f6ffnung erfolgt im Rahmen einer gemeinsamen Konferenz von Europol und Interpol. Ziel des Zentrums ist die St\u00e4rkung der Rolle Europols bei der \u201eZerschlagung von Schleppernetzen\u201c.<\/p>\n<p>Das erstmals im Mai 2015 in der <a href=\"http:\/\/ec.europa.eu\/transparency\/regdoc\/rep\/1\/2015\/DE\/1-2015-240-DE-F1-1.PDF\">\u201eEurop\u00e4ischen Migrationsagenda\u201c<\/a> erw\u00e4hnte EMSC ist die Erweiterung des von Europol im vorvergangenen Jahr in Den Haag gestarteten Lagezentrums <a href=\"https:\/\/www.europol.europa.eu\/content\/jot-mare\">\u201eJoint Operation Team Mare\u201c<\/a>.<!--more--><\/p>\n<p>Die geplanten Aktivit\u00e4ten wurden einen Monat sp\u00e4ter im <a href=\"http:\/\/ec.europa.eu\/dgs\/home-affairs\/e-library\/documents\/policies\/asylum\/general\/docs\/eu_action_plan_against_migrant_smuggling_de.pdf\">\u201eEU-Aktionsplan gegen die Schleusung von Migranten (2015-2020)\u201c<\/a> erl\u00e4utert. Im neuen EMSC besch\u00e4ftigt\u00a0Europol ein \u201eEuropean Monitoring Team\u201c (EPMT) und ein \u201eEuropol Mobile Analysis Support Team\u201c (EMAST), die mit der Erstellung eines \u201eLage-\/Analyseberichtes zur Migrationslage\u201c beauftragt sind. Dieser t\u00e4gliche Bericht wird den zust\u00e4ndigen Beh\u00f6rden aller EU-Mitgliedstaaten \u00fcbersandt.<\/p>\n<h4>Informationen aus Befragungen von MigrantInnen<\/h4>\n<p>\u00c4hnlich wie die Grenzagentur Frontex verf\u00fcgt das EMSC \u00fcber neuartige \u201emobile Ermittlungsunterst\u00fctzungsteams\u201c (<a href=\"http:\/\/www.europarl.europa.eu\/meetdocs\/2014_2019\/documents\/libe\/dv\/com_2015_0485_\/com_2015_0485_en.pdf\">EU Mobile Investigation Support Team<\/a>, EMIST). Zusammengesetzt aus \u201eExperten und Analysten von Europol\u201c sollen die Teams in den sogenannten Hotspots in Italien und Griechenland zum Einsatz kommen. F\u00fcr den Anfang hat Europol 13 Stellen f\u00fcr die EMIST ausgeschrieben, weitere MitarbeiterInnen sollen aus den EU-Mitgliedstaaten <a href=\"https:\/\/www.europol.europa.eu\/sites\/default\/files\/europol-2016-sne-103.pdf\">entsandt werden<\/a>.<\/p>\n<p>Ihre Aufgabe besteht in der \u201eErmittlungen zur Aufdeckung von Schleusernetzen\u201c, aber auch die Vorbereitung \u201egreifbarer operativer Aktivit\u00e4ten\u201c mit nationalen Ermittlungsteams aus den EU-Mitgliedstaaten. Alle zust\u00e4ndigen EU-Agenturen erhalten von den \u201emobilen Ermittlungsunterst\u00fctzungsteams\u201c regelm\u00e4\u00dfige Fr\u00fchwarnberichte sowie auf Anforderung auch \u201eoperative und strategische Produkte\u201c zur Einleitung von Ermittlungen oder Durchf\u00fchrung von Razzien.<\/p>\n<p>Zur \u201eKoordinierung des Hotspot-Ansatzes\u201c ist Europol schon jetzt Teil einer von griechischen bzw. italienischen Beh\u00f6rden eingerichteten \u201eEU Regional Task Force\u201c (EURTF). In eigens gegr\u00fcndeten \u201eMigration Support Teams\u201c arbeiten in Catania und Pir\u00e4us auch die Agenturen Frontex, Eurojust und EASO mit. Zum Austausch von Personendaten hat Europol im Dezember ein <a href=\"https:\/\/www.europol.europa.eu\/latest_news\/europol-and-frontex-agree-exchange-information-cross-border-crime\">erweitertes Abkommen mit Frontex geschlossen<\/a>.<\/p>\n<p>Die Grenzagentur ist dadurch in der Lage, die bei der Befragung ankommender MigrantInnen anfallenden Daten zu Reisewegen und FluchthelferInnen ohne Einschr\u00e4nkungen an Europol weiterzugeben. Im \u201eZentrum zur Bek\u00e4mpfung der Migrantenschleusung\u201c werden die Informationen in der Arbeitsdatei \u201eCheckpoint\u201c gesammelt. Nach eigenen Angaben hat Europol dort bereits 38.000 als \u201eSchleuser\u201c verd\u00e4chtigte Personen gespeichert.<\/p>\n<h4>Neues Zentrum auch bei Interpol<\/h4>\n<p>Die eigentlich zivile EU Task Force kooperiert aber auch mit der <a href=\"http:\/\/www.imi-online.de\/2015\/08\/31\/marineoperation-im-mittelmeer\/\">Milit\u00e4rmission EUNAVFOR MED auf der zentralen Mittelmeerroute<\/a>. Auch Europol hat mit dem Kommandeur von EUNAVFOR MED ein Kooperationsabkommen <a href=\"https:\/\/www.europol.europa.eu\/latest_news\/eunavfor-med-operation-sophia-and-europol-determined-strengthen-bilateral-cooperation\">unterzeichnet<\/a>. Vermutlich wird Europol auch mit der am 11. Februar beschlossenen NATO-Mission in der \u00c4g\u00e4is zusammenarbeiten.<\/p>\n<figure id=\"attachment_11073\" aria-describedby=\"caption-attachment-11073\" style=\"width: 300px\" class=\"wp-caption alignright\"><img loading=\"lazy\" decoding=\"async\" class=\"size-medium wp-image-11073\" src=\"https:\/\/cilip.site36.net\/files\/2016\/02\/20151015-Europol-Interpol-Migrant-Smuggling-300x198.jpg\" alt=\"Konferenz von Interpol und Europol zu &quot;Migrantenschmuggel&quot; in Den Haag. (Bild: Europol)\" width=\"300\" height=\"198\" srcset=\"https:\/\/wp-dev.daten.cool\/wp-content\/uploads\/2016\/02\/20151015-Europol-Interpol-Migrant-Smuggling-300x198.jpg 300w, https:\/\/wp-dev.daten.cool\/wp-content\/uploads\/2016\/02\/20151015-Europol-Interpol-Migrant-Smuggling-768x507.jpg 768w, https:\/\/wp-dev.daten.cool\/wp-content\/uploads\/2016\/02\/20151015-Europol-Interpol-Migrant-Smuggling.jpg 1024w\" sizes=\"auto, (max-width: 300px) 100vw, 300px\" \/><figcaption id=\"caption-attachment-11073\" class=\"wp-caption-text\">Konferenz von Interpol und Europol zu &#8222;Migrantenschmuggel&#8220; in Den Haag. (Bild: Europol)<\/figcaption><\/figure>\n<p>Zu den wichtigsten Partnern des EMSC geh\u00f6rt die internationale Polizeiorganisation Interpol, mit der Europol im Oktober 2015 ein gemeinsames Forum zur Bek\u00e4mpfung der Fluchthilfe abhielt. Er\u00f6rtert wurden \u201ezahlreiche Ma\u00dfnahmen gegen organisierte kriminelle Netzwerke\u201c. Europol und Interpol werden ihre Kooperation hierf\u00fcr abermals verst\u00e4rken.<\/p>\n<p>Auch bei Interpol soll ein <a href=\"http:\/\/www.interpol.int\/News-and-media\/News\/2015\/N2015-162\">\u201eOperatives Spezialistenzentrum gegen den Schmuggel von Migranten\u201c<\/a> (\u201eSpecialist Operational Network against Migrant Smuggling\u201c) entstehen. Im Rahmen des Folgetreffens der Konferenz wollen Europol und Interpol morgen das neue EMSC er\u00f6ffnen.<\/p>\n<h4>Vorhersage von Migrationsstr\u00f6men durch Internetbeobachtung<\/h4>\n<p>Laut den <a href=\"http:\/\/www.statewatch.org\/news\/2016\/jan\/eu-council-concl-migrant-smuggling-5481-rev-1-16.pdf\">Ratsschlussfolgerungen<\/a> vom 26. Januar diesen Jahres soll das Europol-Migrantenschmuggelzentrum vor allem Finanzermittlungen betreiben. Diese sollen auch \u201eproaktiv\u201c erfolgen, etwa zur \u201eFinanzaufkl\u00e4rung\u201c und zum Mapping von Netzwerken. Dabei sollen die Ermittler auch mit der bei Europol angesiedelten Zentralstelle f\u00fcr Verdachtsmeldungen (FIU.NET) kooperieren.<\/p>\n<p>Zu den Aktivit\u00e4ten des \u201eZentrums zur Bek\u00e4mpfung der Migrantenschleusung\u201c geh\u00f6rt die Analyse und Kontrolle von Internetinhalten. Hierzu soll das EMSC mit privaten Internetanbietern kooperieren. Europol hat im Juli vergangenen Jahres <a href=\"https:\/\/www.cilip.de\/2015\/11\/19\/eu-kommission-und-europol-starten-kuschelrunde-mit-der-internetindustrie\/\">eine \u201eMeldestelle f\u00fcr Internetinhalte\u201c gestartet<\/a>. Die eigentlich zur Bek\u00e4mpfung \u201eislamistisch-terroristischer\u201c Postings in Sozialen Medien eingerichtete Meldestelle soll nun auch Inhalte aufsp\u00fcren, mit denen Fluchthelfer MigrantInnen \u201eanlocken\u201c, und bei den Providern deren Entfernung beantragen.<\/p>\n<p>Die \u00f6ffentlich zug\u00e4nglichen Informationen im Internet sollen aber auch f\u00fcr die \u201eVorhersage von Migrationsstr\u00f6men\u201c (\u201epredictive analysis on migrant flows\u201c) genutzt werden. Schlie\u00dflich soll die Meldestelle auch helfen, das Internet mit \u201eGegenerz\u00e4hlungen\u201c (\u201ecounter narratives\u201c) zu f\u00fcllen.<\/p>\n<h4>Europol behauptet \u201ebeispiellose\u201c Zunahme von Kriminalit\u00e4t durch Zustrom von MigrantInnen<\/h4>\n<p>In <a href=\"http:\/\/www.europol.europa.eu\/vacancies\">Stellenanzeigen<\/a> werden AnalystInnen und t\u00fcrkischsprachige \u00dcbersetzerInnen gesucht, die mit der Auswertung offener Quellen im Internet und der Verarbeitung von Massendaten vertraut sind. Bevorzugt werden Personen, die Erfahrungen mit Finanzermittlungen haben und in den Bereichen \u201eCyberkriminalit\u00e4t\u201c oder \u201eAnti-Terrorismus\u201c t\u00e4tig waren. Zun\u00e4chst soll das EMSC <a href=\"http:\/\/data.consilium.europa.eu\/doc\/document\/ST-12502-2015-INIT\/de\/pdf\">30 Planstellen umfassen<\/a>, die Polizeiagentur wirbt daf\u00fcr auch auf<a href=\"https:\/\/www.youtube.com\/watch?v=rEV5hj3mBTE\"> Youtube<\/a>.<\/p>\n<figure id=\"attachment_11075\" aria-describedby=\"caption-attachment-11075\" style=\"width: 300px\" class=\"wp-caption alignright\"><img loading=\"lazy\" decoding=\"async\" class=\"size-medium wp-image-11075\" src=\"https:\/\/cilip.site36.net\/files\/2016\/02\/europol_wil-van-germert-300x223.jpg\" alt=\"Europol-Vize und Chef der Abteilung &quot;Operationen&quot;, Wil van Germert. (Bild: Europol)\" width=\"300\" height=\"223\" srcset=\"https:\/\/wp-dev.daten.cool\/wp-content\/uploads\/2016\/02\/europol_wil-van-germert-300x223.jpg 300w, https:\/\/wp-dev.daten.cool\/wp-content\/uploads\/2016\/02\/europol_wil-van-germert.jpg 320w\" sizes=\"auto, (max-width: 300px) 100vw, 300px\" \/><figcaption id=\"caption-attachment-11075\" class=\"wp-caption-text\">Europol-Vize und Chef der Abteilung &#8222;Operationen&#8220;, Wil van Germert. (Bild: Europol)<\/figcaption><\/figure>\n<p>Das \u201eZentrum zur Bek\u00e4mpfung der Migrantenschleusung\u201c geh\u00f6rt wie das \u201eZentrum zur Terrorismusbek\u00e4mpfung\u201c zur Abteilung \u201eOperationen\u201c bei Europol. Sie wird geleitet von dem <a href=\"https:\/\/www.europol.europa.eu\/latest_news\/wil-m-van-gemert-appointed-deputy-director-operations-europol\">Europol-Vizedirektor Wil van Gemert<\/a>. Vor seinem Wechsel zu Europol in 2014 leitete Germert eine polizeiliche Sondereinheit zur Bek\u00e4mpfung \u00f6ffentlicher Unruhen in den Niederlanden, sp\u00e4ter \u00fcbernahm er die Leitung des nationalen Geheimdienstes AIVD.<\/p>\n<p><a href=\"https:\/\/www.europol.europa.eu\/newsletter\/interpol-europol-forum-targets-migrant-smuggling-networks\">Laut Germert<\/a> habe der \u201enie dagewesene\u201c Zustrom von MigrantInnen auch zu einer \u201ebeispiellosen\u201c Zunahme von Kriminalit\u00e4t gef\u00fchrt. Diese \u201ekomplexe und multi-dimensionale\u201c Herausforderung m\u00fcsse auf die gleiche Weise beantwortet werden. Das EMSC soll deshalb Verbindungen zwischen \u201eSchleusungskriminalit\u00e4t\u201c und Terrorismus suchen.<\/p>\n<h3>Foto: Europol<\/h3>\n","protected":false},"excerpt":{"rendered":"<p>Wenige Wochen nach dem Start des \u201eEurop\u00e4ischen Zentrums zur Terrorismusbek\u00e4mpfung&#8220; (ECTC) nimmt die EU-Polizeiagentur Europol<\/p>\n","protected":false},"author":3,"featured_media":11081,"comment_status":"open","ping_status":"open","sticky":false,"template":"","format":"standard","meta":{"footnotes":""},"categories":[5],"tags":[497,500,569,639,758,790],"class_list":["post-11067","post","type-post","status-publish","format-standard","has-post-thumbnail","hentry","category-blog","tag-emist","tag-emsc","tag-europol","tag-frontex","tag-hotspots","tag-interpol"],"_links":{"self":[{"href":"https:\/\/wp-dev.daten.cool\/index.php?rest_route=\/wp\/v2\/posts\/11067","targetHints":{"allow":["GET"]}}],"collection":[{"href":"https:\/\/wp-dev.daten.cool\/index.php?rest_route=\/wp\/v2\/posts"}],"about":[{"href":"https:\/\/wp-dev.daten.cool\/index.php?rest_route=\/wp\/v2\/types\/post"}],"author":[{"embeddable":true,"href":"https:\/\/wp-dev.daten.cool\/index.php?rest_route=\/wp\/v2\/users\/3"}],"replies":[{"embeddable":true,"href":"https:\/\/wp-dev.daten.cool\/index.php?rest_route=%2Fwp%2Fv2%2Fcomments&post=11067"}],"version-history":[{"count":0,"href":"https:\/\/wp-dev.daten.cool\/index.php?rest_route=\/wp\/v2\/posts\/11067\/revisions"}],"wp:featuredmedia":[{"embeddable":true,"href":"https:\/\/wp-dev.daten.cool\/index.php?rest_route=\/wp\/v2\/media\/11081"}],"wp:attachment":[{"href":"https:\/\/wp-dev.daten.cool\/index.php?rest_route=%2Fwp%2Fv2%2Fmedia&parent=11067"}],"wp:term":[{"taxonomy":"category","embeddable":true,"href":"https:\/\/wp-dev.daten.cool\/index.php?rest_route=%2Fwp%2Fv2%2Fcategories&post=11067"},{"taxonomy":"post_tag","embeddable":true,"href":"https:\/\/wp-dev.daten.cool\/index.php?rest_route=%2Fwp%2Fv2%2Ftags&post=11067"}],"curies":[{"name":"wp","href":"https:\/\/api.w.org\/{rel}","templated":true}]}}