{"id":1108,"date":"2008-02-01T10:13:17","date_gmt":"2008-02-01T10:13:17","guid":{"rendered":"http:\/\/www.cilip.de\/?p=1108"},"modified":"2008-02-01T10:13:17","modified_gmt":"2008-02-01T10:13:17","slug":"mitarbeiterinnen-dieser-ausgabe-6","status":"publish","type":"post","link":"https:\/\/wp-dev.daten.cool\/?p=1108","title":{"rendered":"MitarbeiterInnen dieser Ausgabe"},"content":{"rendered":"<p><!--more--><\/p>\n<p><em>Heiner Busch<\/em>, Bern, Redakteur von CILIP und Vorstandsmitglied des Komitees f\u00fcr Grundrechte und Demokratie<\/p>\n<p><em>Otto Diederichs<\/em>, Berlin, freier Journalist<\/p>\n<p><em>Volker Eick<\/em>, Berlin, Politikwissenschaftler an der Freien Universit\u00e4t Berlin, John F. Kennedy Institut, Abteilung Politik<\/p>\n<p><em>Ben Hayes<\/em>, London, Mitarbeiter von Statewatch<\/p>\n<p><em>Mark Holzberger<\/em>, Berlin, Referent f\u00fcr Fl\u00fcchtlings- und Migrationspolitik in der Bundestagsfraktion von B\u00fcndnis 90\/Die Gr\u00fcnen und Mitglied der Redaktion von CILIP<\/p>\n<p><em>Martina Kant<\/em>, Berlin, Redakteurin von CILIP und Referentin der Bundestagsfraktion von B\u00fcndnis 90\/Die Gr\u00fcnen f\u00fcr den Untersuchungsausschuss BND\/CIA<\/p>\n<p><em>Anja Lederer<\/em>, Berlin, Rechtsanw\u00e4ltin und Redakteurin von CILIP<\/p>\n<p><em>Christoph Marischka<\/em>, T\u00fcbingen, Vorstandsmitglied der Informationsstelle Militarisierung (IMI)<\/p>\n<p><em>Albrecht Maurer<\/em>, Berlin, innenpolitischer Referent der Bundestagsfraktion Die Linke, Mitglied der Redaktion von CILIP<\/p>\n<p><em>Katrin McGauran<\/em>, Amsterdam, Mitarbeiterin von Statewatch<\/p>\n<p><em>Christopher Nsoh<\/em>, Berlin, forscht an der FU Berlin \u00fcber exterritoriale Lager der EU, Mitglied der Fl\u00fcchtlingsinitiative Brandenburg<\/p>\n<p><em>Tobias Pieper<\/em>, Berlin, Politikwissenschaftler und Psychologe, Mitarbeiter der Opferperspektive Brandenburg, Lehrbeauftragter an der FU Berlin<\/p>\n<p><em>Norbert P\u00fctter<\/em>, Berlin, Redakteur von CILIP<\/p>\n<p><em>Fredrik Roggan<\/em>, Berlin, Rechtsanwalt, stellvertretender Bundesvorsitzender der Humanistischen Union und Mitglied der Redaktion CILIP<\/p>\n<p><em>Elke Steven<\/em>, K\u00f6ln, Sekret\u00e4rin des Komitees f\u00fcr Grundrechte und Demokratie<\/p>\n<p><em>Eric T\u00f6pfer<\/em>, Berlin, Politikwissenschaftler, forscht am Zentrum Technik und Gesellschaft der TU Berlin zu Polizei, Technik und &#8222;neuer \u00dcberwachung&#8220;<\/p>\n<p><em>Jan W\u00f6rlein<\/em>, Berlin, studentischer Mitarbeiter an der FU Berlin, Redakteur von CILIP<\/p>\n<p>&nbsp;<\/p>\n","protected":false},"excerpt":{"rendered":"","protected":false},"author":2,"featured_media":0,"comment_status":"open","ping_status":"open","sticky":false,"template":"","format":"standard","meta":{"footnotes":""},"categories":[95],"tags":[],"class_list":["post-1108","post","type-post","status-publish","format-standard","hentry","category-cilip-089"],"_links":{"self":[{"href":"https:\/\/wp-dev.daten.cool\/index.php?rest_route=\/wp\/v2\/posts\/1108","targetHints":{"allow":["GET"]}}],"collection":[{"href":"https:\/\/wp-dev.daten.cool\/index.php?rest_route=\/wp\/v2\/posts"}],"about":[{"href":"https:\/\/wp-dev.daten.cool\/index.php?rest_route=\/wp\/v2\/types\/post"}],"author":[{"embeddable":true,"href":"https:\/\/wp-dev.daten.cool\/index.php?rest_route=\/wp\/v2\/users\/2"}],"replies":[{"embeddable":true,"href":"https:\/\/wp-dev.daten.cool\/index.php?rest_route=%2Fwp%2Fv2%2Fcomments&post=1108"}],"version-history":[{"count":0,"href":"https:\/\/wp-dev.daten.cool\/index.php?rest_route=\/wp\/v2\/posts\/1108\/revisions"}],"wp:attachment":[{"href":"https:\/\/wp-dev.daten.cool\/index.php?rest_route=%2Fwp%2Fv2%2Fmedia&parent=1108"}],"wp:term":[{"taxonomy":"category","embeddable":true,"href":"https:\/\/wp-dev.daten.cool\/index.php?rest_route=%2Fwp%2Fv2%2Fcategories&post=1108"},{"taxonomy":"post_tag","embeddable":true,"href":"https:\/\/wp-dev.daten.cool\/index.php?rest_route=%2Fwp%2Fv2%2Ftags&post=1108"}],"curies":[{"name":"wp","href":"https:\/\/api.w.org\/{rel}","templated":true}]}}