{"id":11135,"date":"2011-09-03T18:03:26","date_gmt":"2011-09-03T18:03:26","guid":{"rendered":"https:\/\/cilip.site36.net\/?p=11135"},"modified":"2011-09-03T18:03:26","modified_gmt":"2011-09-03T18:03:26","slug":"mitarbeiterinnen-dieser-ausgabe-99-22011-2","status":"publish","type":"post","link":"https:\/\/wp-dev.daten.cool\/?p=11135","title":{"rendered":"MitarbeiterInnen dieser Ausgabe 99 (2\/2011)"},"content":{"rendered":"<p><!--more--><em>Rick van Amersfoort<\/em>, Amsterdam, Mitarbeiter des Buro Jansen &amp; Janssen<\/p>\n<p><em>Martin Beck, <\/em>Berlin, Redakteur von ak \u2013 analyse &amp; kritik, Mitglied der Redaktion von B\u00fcrgerrechte &amp; Polizei\/CILIP<\/p>\n<p><em>Heiner\u00a0Busch<\/em>, Bern, Redakteur von B\u00fcrgerrechte &amp; Polizei\/CILIP, Vorstandsmitglied des Komitees f\u00fcr Grundrechte und Demokratie<\/p>\n<p><em>Otto Diederichs<\/em>, Berlin, freier Journalist<\/p>\n<p><em>Volker Eick<\/em>, Berlin, Politikwissenschaftler am Zentrum f\u00fcr Europ\u00e4ische Rechtspolitik an der Universit\u00e4t Bremen<\/p>\n<p><em>Liv Finstad<\/em>, Oslo, Professorin f\u00fcr Kriminologie und Rechtssoziologie an der Universit\u00e4t von Oslo<\/p>\n<p><em>Erick Gunneman, <\/em>Bern, Sozialarbeiter<\/p>\n<p><em>Mark Holzberger, <\/em>Berlin, Referent f\u00fcr Migrations- und Integrationspolitik der Bundestagsfraktion von B\u00fcndnis 90\/Die Gr\u00fcnen und Mitglied der Redaktion von B\u00fcrgerrechte &amp; Polizei\/CILIP<\/p>\n<p><em>Martina Kant<\/em>, Berlin, Redakteurin von B\u00fcrgerrechte &amp; Polizei\/CILIP und Bundesgesch\u00e4ftsf\u00fchrerin der Humanistischen Union<\/p>\n<p><em>Heike Kleffner,<\/em> Berlin, Journalistin und Presse- und \u00d6ffentlichkeitsreferentin von Aktion S\u00fchnezeichen Friedensdienste<\/p>\n<p><em>Matthias Monroy, <\/em>Berlin, freier Journalist<\/p>\n<p><em>Tobias Peter, <\/em>Berlin, Mitglied in der Fachkommission Polizeirecherche und der Themenkoordinationsgruppe Polizei und Menschenrechte von Amnesty International<\/p>\n<p><em>Helmut Poll\u00e4hne, <\/em>Bremen, Strafverteidiger und Vorstandsmitglied des Komitees f\u00fcr Grundrechte und Demokratie<\/p>\n<p><em>Norbert P\u00fctter<\/em>, Berlin, Redakteur von B\u00fcrgerrechte &amp; Polizei\/CILIP und Professor f\u00fcr Politikwissenschaft an der Hochschule Lausitz<\/p>\n<p><em>Eric T\u00f6pfer<\/em>, Berlin, Redakteur von B\u00fcrgerrechte &amp; Polizei\/CILIP und Mitarbeiter von Statewatch<\/p>\n","protected":false},"excerpt":{"rendered":"","protected":false},"author":2,"featured_media":0,"comment_status":"open","ping_status":"open","sticky":false,"template":"","format":"standard","meta":{"footnotes":""},"categories":[105],"tags":[],"class_list":["post-11135","post","type-post","status-publish","format-standard","hentry","category-cilip-099"],"_links":{"self":[{"href":"https:\/\/wp-dev.daten.cool\/index.php?rest_route=\/wp\/v2\/posts\/11135","targetHints":{"allow":["GET"]}}],"collection":[{"href":"https:\/\/wp-dev.daten.cool\/index.php?rest_route=\/wp\/v2\/posts"}],"about":[{"href":"https:\/\/wp-dev.daten.cool\/index.php?rest_route=\/wp\/v2\/types\/post"}],"author":[{"embeddable":true,"href":"https:\/\/wp-dev.daten.cool\/index.php?rest_route=\/wp\/v2\/users\/2"}],"replies":[{"embeddable":true,"href":"https:\/\/wp-dev.daten.cool\/index.php?rest_route=%2Fwp%2Fv2%2Fcomments&post=11135"}],"version-history":[{"count":0,"href":"https:\/\/wp-dev.daten.cool\/index.php?rest_route=\/wp\/v2\/posts\/11135\/revisions"}],"wp:attachment":[{"href":"https:\/\/wp-dev.daten.cool\/index.php?rest_route=%2Fwp%2Fv2%2Fmedia&parent=11135"}],"wp:term":[{"taxonomy":"category","embeddable":true,"href":"https:\/\/wp-dev.daten.cool\/index.php?rest_route=%2Fwp%2Fv2%2Fcategories&post=11135"},{"taxonomy":"post_tag","embeddable":true,"href":"https:\/\/wp-dev.daten.cool\/index.php?rest_route=%2Fwp%2Fv2%2Ftags&post=11135"}],"curies":[{"name":"wp","href":"https:\/\/api.w.org\/{rel}","templated":true}]}}