{"id":11362,"date":"1995-12-25T20:16:00","date_gmt":"1995-12-25T20:16:00","guid":{"rendered":"https:\/\/cilip.site36.net\/?p=11362"},"modified":"1995-12-25T20:16:00","modified_gmt":"1995-12-25T20:16:00","slug":"52-31995-parlamentarische-kontrolle-von-polizei-und-geheimdiensten","status":"publish","type":"post","link":"https:\/\/wp-dev.daten.cool\/?p=11362","title":{"rendered":"52 (3\/1995) \u201eParlamentarische Kontrolle von Polizei und Geheimdiensten\u201c"},"content":{"rendered":"<p><img loading=\"lazy\" decoding=\"async\" class=\"alignright size-medium wp-image-22546\" src=\"https:\/\/www.cilip.de\/wp-content\/uploads\/2024\/05\/CILIP_052-211x300.png\" alt=\"\" width=\"211\" height=\"300\" srcset=\"https:\/\/wp-dev.daten.cool\/wp-content\/uploads\/2024\/05\/CILIP_052-211x300.png 211w, https:\/\/wp-dev.daten.cool\/wp-content\/uploads\/2024\/05\/CILIP_052.png 583w\" sizes=\"auto, (max-width: 211px) 100vw, 211px\" \/><a href=\"http:\/\/archiv.cilip.de\/Hefte\/CILIP_052.pdf\">Download der Gesamtausgabe als PDF<\/a><\/p>\n<p><a href=\"\/1995\/12\/24\/redaktionelle-vorbemerkung-15\/\"><strong>Redaktionelle Vorbemerkung<\/strong><\/a><br \/>\nOtto Diederichs<\/p>\n<p><a href=\"\/1995\/12\/24\/parlamentarische-kontrolle-der-dienste-einige-thesenfoermige-erwaegungen\/\"><strong>Parlamentarische Kontrolle der Dienste<\/strong><\/a><br \/>\nWolf-Dieter Narr<br \/>\n<a href=\"\/1995\/12\/24\/geheimdienstkontrolle-durch-die-milchglasscheibe-die-erfolgreiche-behinderung-von-transparenz\/\"> <strong>Geheimdienstkontrolle durch die Milchglasscheibe<\/strong><\/a><br \/>\nOtto Diederichs<br \/>\n<a href=\"\/1995\/12\/24\/innenausschuesse-parlamentarische-kontrollkommissionen-g-10-gremien-und-g-10-kommissionen-aufgaben-und-befugnisse\/\"> <strong>Innenaussch\u00fcsse, Parlamentarische Kontrollkommissionen, G 10-Gremien und G 10-Kommissionen<\/strong><\/a><br \/>\nMartina Kant<br \/>\n<a href=\"\/1995\/12\/24\/erfahrungen-eines-bremer-geheimdienstkontrolleurs-arbeit-in-der-parlamentarischen-kontrollkommission\/\"> <strong>Erfahrungen eines Bremer Geheimdienstkontrolleurs<\/strong><\/a><br \/>\nMartin Thomas<br \/>\n<a href=\"\/1995\/12\/24\/parlamentarische-untersuchungsausschuesse-aufgaben-und-befugnisse\/\"> <strong>Parlamentarische Untersuchungsaussch\u00fcsse<\/strong><\/a><br \/>\nMartina Kant<br \/>\n<strong><a href=\"\/1995\/12\/24\/der-untersuchungsausschuss-zur-aufklaerung-von-vorgaengen-bei-der-freiwilligen-polizeireserve-versuch-einer-bilanz\/\">Der \u2018Untersuchungsausschu\u00df zur Aufkl\u00e4rung von Vorg\u00e4ngen bei der Freiwilligen Polizeireserve\u2019<\/a><br \/>\n<\/strong>Kea Tielemann<br \/>\n<a href=\"\/1995\/12\/24\/parlamentarische-ausschuesse-und-die-medien-wenn-der-blinde-mit-dem-lahmen\/\"> <strong>Parlamentarische Aussch\u00fcsse und die Medien<\/strong><\/a><br \/>\nWolfgang Gast<br \/>\n<a href=\"\/1995\/12\/24\/die-parlamentarischen-untersuchungsausschuesse-zu-polizei-und-geheimdien-sten-in-der-bundesrepublik-deutschland-eine-chronologie\/\"> <strong>Die Parlamentarischen Untersuchungsaussch\u00fcsse zu Polizei und Geheimdiensten in der Bundesrepublik Deutschland<\/strong><\/a><br \/>\nOtto Diederichs<br \/>\n<a href=\"\/1995\/12\/24\/und-wo-bitte-ist-der-skandal-ein-kommentar\/\"> <strong>Und wo, bitte, ist der Skandal?<\/strong><\/a><br \/>\nJ\u00fcrgen Gottschlich<br \/>\n<a href=\"\/1995\/12\/24\/grundzuege-der-parlamentarischen-kontrolle-in-anderen-europaeischen-staaten-eine-auswahl\/\"> <strong>Grundz\u00fcge der Parlamentarischen Kontrolle in anderen europ\u00e4ischen Staaten<\/strong><\/a><br \/>\nOtto Diederichs<br \/>\n<a href=\"\/1995\/12\/24\/zur-kontrolle-der-nordirischen-polizei-bestandsaufnahme-und-ausblick\/\"> <strong>Zur Kontrolle der nordirischen Polizei<\/strong><\/a><br \/>\nBirgit Schippers<br \/>\n<a href=\"\/1995\/12\/24\/gemeindebezogene-polizeiarbeit-community-policing-in-grossbritannien-historische-entwicklung-und-kritik\/\"><strong>Gemeindebezogene Polizeiarbeit (Community Policing) in Gro\u00dfbritannien<\/strong><\/a><br \/>\nPhil Scraton<\/p>\n<p><a href=\"\/1995\/12\/24\/chronologie-20\/\"><strong>Chronologie<\/strong><\/a><br \/>\nNorbert P\u00fctter<br \/>\n<strong><a href=\"\/1995\/12\/21\/literatur-12\/\">Literatur<\/a><\/strong><br \/>\n<a href=\"\/1995\/12\/24\/summaries-58\/\"><strong>Summaries<\/strong><\/a><\/p>\n","protected":false},"excerpt":{"rendered":"<p>Download der Gesamtausgabe als PDF Redaktionelle Vorbemerkung Otto Diederichs Parlamentarische Kontrolle der Dienste Wolf-Dieter Narr<\/p>\n","protected":false},"author":2,"featured_media":0,"comment_status":"open","ping_status":"open","sticky":false,"template":"","format":"standard","meta":{"footnotes":""},"categories":[143],"tags":[],"class_list":["post-11362","post","type-post","status-publish","format-standard","hentry","category-inhalt"],"_links":{"self":[{"href":"https:\/\/wp-dev.daten.cool\/index.php?rest_route=\/wp\/v2\/posts\/11362","targetHints":{"allow":["GET"]}}],"collection":[{"href":"https:\/\/wp-dev.daten.cool\/index.php?rest_route=\/wp\/v2\/posts"}],"about":[{"href":"https:\/\/wp-dev.daten.cool\/index.php?rest_route=\/wp\/v2\/types\/post"}],"author":[{"embeddable":true,"href":"https:\/\/wp-dev.daten.cool\/index.php?rest_route=\/wp\/v2\/users\/2"}],"replies":[{"embeddable":true,"href":"https:\/\/wp-dev.daten.cool\/index.php?rest_route=%2Fwp%2Fv2%2Fcomments&post=11362"}],"version-history":[{"count":0,"href":"https:\/\/wp-dev.daten.cool\/index.php?rest_route=\/wp\/v2\/posts\/11362\/revisions"}],"wp:attachment":[{"href":"https:\/\/wp-dev.daten.cool\/index.php?rest_route=%2Fwp%2Fv2%2Fmedia&parent=11362"}],"wp:term":[{"taxonomy":"category","embeddable":true,"href":"https:\/\/wp-dev.daten.cool\/index.php?rest_route=%2Fwp%2Fv2%2Fcategories&post=11362"},{"taxonomy":"post_tag","embeddable":true,"href":"https:\/\/wp-dev.daten.cool\/index.php?rest_route=%2Fwp%2Fv2%2Ftags&post=11362"}],"curies":[{"name":"wp","href":"https:\/\/api.w.org\/{rel}","templated":true}]}}