{"id":11538,"date":"2016-05-09T16:52:42","date_gmt":"2016-05-09T16:52:42","guid":{"rendered":"https:\/\/cilip.site36.net\/?p=11538"},"modified":"2016-05-09T16:52:42","modified_gmt":"2016-05-09T16:52:42","slug":"europol-startet-zentrum-gegen-migrantenschleusung","status":"publish","type":"post","link":"https:\/\/wp-dev.daten.cool\/?p=11538","title":{"rendered":"Europol startet Zentrum gegen \u201eMigrantenschleusung\u201c"},"content":{"rendered":"<p>Nach dem Muster des \u201eZentrums gegen Cyberkriminalit\u00e4t\u201c (EC3) und des \u201eZentrum f\u00fcr Terrorismusbek\u00e4mpfung\u201c (ECTC) hat Europol im Februar 2016 sein \u201eEurop\u00e4isches Zentrum zur Bek\u00e4mpfung der Migrantenschleusung\u201c (EMSC) in Betrieb genommen. Es soll die Rolle des EU-Polizeiamts bei der \u201eZerschlagung von Schleppernetzen\u201c st\u00e4rken.<a href=\"#_ftn1\" name=\"_ftnref1\">[1]<\/a> Pl\u00e4ne f\u00fcr das EMSC wurden im Mai 2015 in der \u201eEurop\u00e4ischen Migrationsagenda\u201c und im \u201eEU-Aktionsplan gegen die Schleusung von Migranten\u201c vorgestellt.<a href=\"#_ftn2\" name=\"_ftnref2\">[2]<\/a> Das neue Zentrum soll das bereits bei Europol gestartete Lagezentrum \u201eJoint Operation Team Mare\u201c erweitern.<!--more--><\/p>\n<p>\u00c4hnlich wie die Grenzagentur Frontex verf\u00fcgt das EMSC \u00fcber \u201emobile Ermittlungsunterst\u00fctzungsteams\u201c (EMIST) zum Einsatz in den \u201eHotspots\u201c in Italien und Griechenland. Dort sollen sie \u201egreifbare operative Aktivit\u00e4ten\u201c mit nationalen Ermittlungsteams vorbereiten. Andere EU-Agenturen erhalten von den EMIST Fr\u00fchwarnberichte oder \u201eoperative und strategische Produkte\u201c. Zum Austausch von Personendaten schloss Europol im Dezember ein erweitertes Abkommen mit Frontex. Die Grenzagentur kann demnach die bei der Befragung von MigrantInnen anfallenden Daten \u00fcber Reisewege und FluchthelferInnen an Europol weitergeben, wo sie im Auswerteschwerpunkt \u201eCheckpoint\u201c gesammelt werden. Nach eigenen Angaben hat Europol dort bereits 38.000 als \u201eSchleuser\u201c verd\u00e4chtigte Personen gespeichert. Im EMSC besch\u00e4ftigt Europol zudem ein \u201eEuropean Monitoring Team\u201c (EPMT) und ein \u201eEuropol Mobile Analysis Support Team\u201c (EMAST), die t\u00e4gliche \u201eLage\/Ana\u00adlyse\u00adberich\u00adte zur Migrationslage\u201c erstellen sollen.<\/p>\n<p>Laut den Ratsschlussfolgerungen vom 26. Januar 2016 soll das EMSC auch Finanzermittlungen betreiben und mit der bei Europol angesiedelten Zentralstelle f\u00fcr Verdachtsmeldungen (FIU.NET) kooperieren. Zu den Aktivit\u00e4ten des EMSC geh\u00f6rt zudem die Analyse und Kontrolle von Internetinhalten. Europol hat im Juli vergangenen Jahres eine \u201eMeldestelle f\u00fcr Internetinhalte\u201c gestartet. Die zun\u00e4chst zur Bek\u00e4mpfung \u201eislamistisch-terroristischer\u201c Inhalte in Sozialen Medien eingerichtete Abteilung soll nun auch Postings aufsp\u00fcren, mit denen Fluchthel\u00adferInnen Gefl\u00fcchtete \u201eanlocken\u201c, und bei den Providern die Entfernung der Inhalte beantragen. Die Informationen im Internet sollen auch f\u00fcr die \u201eVorhersage von Migrationsstr\u00f6men\u201c genutzt werden. Schlie\u00dflich soll die Meldestelle auch helfen, das Internet mit \u201eGegenerz\u00e4hlungen\u201c zu den Verhei\u00dfungen der FluchthelferInnen zu f\u00fcllen.<\/p>\n<p>Zu den wichtigsten Partnern geh\u00f6rt die internationale Polizeiorganisation Interpol, mit der Europol im Oktober 2015 ein gemeinsames Forum zur Bek\u00e4mpfung der Fluchthilfe abhielt. Auf der zweiten gemeinsamen Konferenz am 22. Februar 2016 wurde das EMSC offiziell er\u00f6ffnet.<a href=\"#_ftn3\" name=\"_ftnref3\">[3]<\/a> Auch bei Interpol soll ein \u201eOperatives Spezialistenzentrum gegen den Schmuggel von Migranten\u201c entstehen.<a href=\"#_ftn4\" name=\"_ftnref4\">[4]<\/a> Das EMSC kooperiert zudem mit der Milit\u00e4rmission EUNAVFOR MED auf der zentralen Mittelmeerroute.<\/p>\n<h6><a href=\"#_ftnref1\" name=\"_ftn1\">[1]<\/a>\u00a0\u00a0\u00a0\u00a0\u00a0 BT-Drs. 18\/6859 v. 30.11.2016<\/h6>\n<h6><a href=\"#_ftnref2\" name=\"_ftn2\">[2]<\/a>\u00a0\u00a0\u00a0\u00a0\u00a0 COM(2015) 240 final v. 13.5.2015, COM(2015) 285 final v. 27.5.2015<\/h6>\n<h6><a href=\"#_ftnref3\" name=\"_ftn3\">[3]<\/a>\u00a0\u00a0\u00a0\u00a0\u00a0 Pressemitteilung Europol v. 22.2.2016<\/h6>\n<h6><a href=\"#_ftnref4\" name=\"_ftn4\">[4]<\/a>\u00a0\u00a0\u00a0\u00a0\u00a0 Pressemitteilung Interpol v. 16.10.2015<\/h6>\n","protected":false},"excerpt":{"rendered":"<p>Nach dem Muster des \u201eZentrums gegen Cyberkriminalit\u00e4t\u201c (EC3) und des \u201eZentrum f\u00fcr Terrorismusbek\u00e4mpfung\u201c (ECTC) hat<\/p>\n","protected":false},"author":3,"featured_media":0,"comment_status":"open","ping_status":"open","sticky":false,"template":"","format":"standard","meta":{"footnotes":""},"categories":[115,145],"tags":[],"class_list":["post-11538","post","type-post","status-publish","format-standard","hentry","category-cilip-110","category-meldungen-europa"],"_links":{"self":[{"href":"https:\/\/wp-dev.daten.cool\/index.php?rest_route=\/wp\/v2\/posts\/11538","targetHints":{"allow":["GET"]}}],"collection":[{"href":"https:\/\/wp-dev.daten.cool\/index.php?rest_route=\/wp\/v2\/posts"}],"about":[{"href":"https:\/\/wp-dev.daten.cool\/index.php?rest_route=\/wp\/v2\/types\/post"}],"author":[{"embeddable":true,"href":"https:\/\/wp-dev.daten.cool\/index.php?rest_route=\/wp\/v2\/users\/3"}],"replies":[{"embeddable":true,"href":"https:\/\/wp-dev.daten.cool\/index.php?rest_route=%2Fwp%2Fv2%2Fcomments&post=11538"}],"version-history":[{"count":0,"href":"https:\/\/wp-dev.daten.cool\/index.php?rest_route=\/wp\/v2\/posts\/11538\/revisions"}],"wp:attachment":[{"href":"https:\/\/wp-dev.daten.cool\/index.php?rest_route=%2Fwp%2Fv2%2Fmedia&parent=11538"}],"wp:term":[{"taxonomy":"category","embeddable":true,"href":"https:\/\/wp-dev.daten.cool\/index.php?rest_route=%2Fwp%2Fv2%2Fcategories&post=11538"},{"taxonomy":"post_tag","embeddable":true,"href":"https:\/\/wp-dev.daten.cool\/index.php?rest_route=%2Fwp%2Fv2%2Ftags&post=11538"}],"curies":[{"name":"wp","href":"https:\/\/api.w.org\/{rel}","templated":true}]}}