{"id":11542,"date":"2016-05-07T16:55:00","date_gmt":"2016-05-07T16:55:00","guid":{"rendered":"https:\/\/cilip.site36.net\/?p=11542"},"modified":"2016-05-07T16:55:00","modified_gmt":"2016-05-07T16:55:00","slug":"intelligente-grenzen","status":"publish","type":"post","link":"https:\/\/wp-dev.daten.cool\/?p=11542","title":{"rendered":"\u00a0\u201eIntelligente Grenzen\u201c"},"content":{"rendered":"<p>Am 6. April 2016 pr\u00e4sentierte die Kommission einen neuen Verordnungsvorschlag \u00fcber ein \u201eEin-\/Ausreisesystem\u201c.<a href=\"#_ftn1\" name=\"_ftnref1\">[1]<\/a> An den Au\u00ad\u00dfen\u00ad\u00adgren\u00ad\u00adzen sollen k\u00fcnftig alle Ein- und Ausreisen von Drittstaatsangeh\u00f6rigen erfasst und dabei die in den Reisedokumenten enthaltenen biometrischen Daten (Fingerabdr\u00fccke, Gesichtsbild) ausgelesen und gespeichert werden. Urspr\u00fcnglich als grenzpolizeiliches System gegen \u201eOver\u00adstayers\u201c gedacht, soll das System nun f\u00fcr die Strafverfolgung und Gefahrenabwehr u.a. von Europol genutzt werden. Gef\u00fchrt w\u00fcrde es bei der \u201eAgentur f\u00fcr das Betriebsmanagement von IT-Gro\u00dfsystemen\u201c (eu-LISA). Zuvor hatte die Kommission eine Studie mit verschiedenen Optionen vorgestellt.<a href=\"#_ftn2\" name=\"_ftnref2\">[2]<\/a> An einem Pilotprojekt in Deutschland beteilig\u00adten sich die Bundespolizei, das Bundesamt f\u00fcr Sicherheit in der Informationstechnik und das Bundesverwaltungsamt sowie \u2013 mit \u201eberatender Rolle\u201c \u2013 die EU-Grenz\u00adagen\u00adtur FRONTEX. Durch Tests am Flughafen Frankfurt und am Kreuzfahrt-Terminal in Rostock-Warne\u00adm\u00fcn\u00ad\u00adde sollte untersucht werden, welche Verz\u00f6gerung sich aus der von Polizeibeh\u00f6rden geforderten Abnahme aller zehn Fingerabdr\u00fccke f\u00fcr die Grenzkontrolle ergeben. Das Projekt wurde mittlerweile bis Ende 2016 verl\u00e4ngert.<a href=\"#_ftn3\" name=\"_ftnref3\">[3]<\/a><!--more--><\/p>\n<p>Ebenfalls am 6. April ver\u00f6ffentlichte die Kommission eine Mitteilung \u00fcber \u201esolidere und intelligentere Informationssysteme f\u00fcr das Grenzmanagement und mehr Sicherheit\u201c.<a href=\"#_ftn4\" name=\"_ftnref4\">[4]<\/a> Wo erforderlich und machbar, m\u00fcssten Informationssysteme demnach \u201emiteinander verbunden und inter\u00adope\u00adrabel\u201c werden. Damit will die Kommission auf die \u201eheutigen Bedrohun\u00adgen\u201c angemessen reagieren. Dies betr\u00e4fe zun\u00e4chst das Schengener Informationssystem (SIS), das Visa-Informationssystem (VIS) und die Fingerabdruckdatenbank EURODAC. Ebenfalls eingebunden w\u00fcrden das nunmehr vom EU-Parlament beschlossene Passagierdatenregister (PNR) und das \u201eEinreise-\/Ausreisesystem\u201c. Konkrete Vorschl\u00e4ge soll nun eine \u201ehochrangige Sachverst\u00e4ndigengruppe f\u00fcr IT-Systeme und Interoperabilit\u00e4t\u201c mit Bediensteten der EU-Agenturen, nationalen Sachverst\u00e4ndigen und institutionellen AkteurInnen ausarbeiten.<\/p>\n<p>Eine \u00e4hnliche Forderung zur Abschaffung \u201ezersplitterter Informationsspeicher\u201c erhob der deutsche Bundesinnenminister wenige Wochen zuvor. Vorgeschlagen wird die Schaffung eines zentralisierten \u201eKernsystems\u201c mit Personendaten und Fingerabdr\u00fccken, an das biometriebasierte Datenbanken als \u201eModule\u201c angeschlossen sind.<a href=\"#_ftn5\" name=\"_ftnref5\">[5]<\/a> Sicherheitsbeh\u00f6rden k\u00f6nnten auf diese Weise \u201evorhandene Erkenntnisse systematisch zusammenf\u00fchren\u201c. Unter Leitung des Bundeskriminalamtes forscht die Ratsarbeitsgruppe DAPIX bereits an der technischen Umsetzung.<a href=\"#_ftn6\" name=\"_ftnref6\">[6]<\/a> Das Bundesinnenministerium begr\u00fcndet seinen Vorsto\u00df mit \u201eaktuellen Migrationsstr\u00f6men und der angespannten Sicherheitslage\u201c.<\/p>\n<h6><a href=\"#_ftnref1\" name=\"_ftn1\">[1]<\/a> \u00a0\u00a0\u00a0\u00a0 Kommissionsdokument SWD(2016) 114 final v. 6.4.2016<\/h6>\n<h6><a href=\"#_ftnref2\" name=\"_ftn2\">[2]<\/a> \u00a0\u00a0\u00a0\u00a0 <a href=\"http:\/\/www.eulisa.europa.eu\/Newsroom\/News\/Pages\/Smart-Borders-Report-Published-Today.aspx\">www.eulisa.europa.eu\/Newsroom\/News\/Pages\/Smart-Borders-Report-Published-Today.aspx<\/a><\/h6>\n<h6><a href=\"#_ftnref3\" name=\"_ftn3\">[3]<\/a> \u00a0\u00a0\u00a0\u00a0 BT-Drs. 18\/7835 v. 10.3.2016<\/h6>\n<h6><a href=\"#_ftnref4\" name=\"_ftn4\">[4]<\/a> \u00a0\u00a0\u00a0\u00a0 Pressemitteilung der Kommission v. 6.4.2016<\/h6>\n<h6><a href=\"#_ftnref5\" name=\"_ftn5\">[5]<\/a> \u00a0\u00a0\u00a0\u00a0 https:\/\/cdn.netzpolitik.org\/wp-upload\/Linked_Data_Sets_160315_BMI_KOM.pdf<\/h6>\n<h6><a href=\"#_ftnref6\" name=\"_ftn6\">[6]<\/a> \u00a0\u00a0\u00a0\u00a0 Ratsdok. 5175\/1\/16<\/h6>\n","protected":false},"excerpt":{"rendered":"<p>Am 6. April 2016 pr\u00e4sentierte die Kommission einen neuen Verordnungsvorschlag \u00fcber ein \u201eEin-\/Ausreisesystem\u201c.[1] An den<\/p>\n","protected":false},"author":3,"featured_media":0,"comment_status":"open","ping_status":"open","sticky":false,"template":"","format":"standard","meta":{"footnotes":""},"categories":[115,145],"tags":[],"class_list":["post-11542","post","type-post","status-publish","format-standard","hentry","category-cilip-110","category-meldungen-europa"],"_links":{"self":[{"href":"https:\/\/wp-dev.daten.cool\/index.php?rest_route=\/wp\/v2\/posts\/11542","targetHints":{"allow":["GET"]}}],"collection":[{"href":"https:\/\/wp-dev.daten.cool\/index.php?rest_route=\/wp\/v2\/posts"}],"about":[{"href":"https:\/\/wp-dev.daten.cool\/index.php?rest_route=\/wp\/v2\/types\/post"}],"author":[{"embeddable":true,"href":"https:\/\/wp-dev.daten.cool\/index.php?rest_route=\/wp\/v2\/users\/3"}],"replies":[{"embeddable":true,"href":"https:\/\/wp-dev.daten.cool\/index.php?rest_route=%2Fwp%2Fv2%2Fcomments&post=11542"}],"version-history":[{"count":0,"href":"https:\/\/wp-dev.daten.cool\/index.php?rest_route=\/wp\/v2\/posts\/11542\/revisions"}],"wp:attachment":[{"href":"https:\/\/wp-dev.daten.cool\/index.php?rest_route=%2Fwp%2Fv2%2Fmedia&parent=11542"}],"wp:term":[{"taxonomy":"category","embeddable":true,"href":"https:\/\/wp-dev.daten.cool\/index.php?rest_route=%2Fwp%2Fv2%2Fcategories&post=11542"},{"taxonomy":"post_tag","embeddable":true,"href":"https:\/\/wp-dev.daten.cool\/index.php?rest_route=%2Fwp%2Fv2%2Ftags&post=11542"}],"curies":[{"name":"wp","href":"https:\/\/api.w.org\/{rel}","templated":true}]}}