{"id":11776,"date":"2016-06-24T10:02:43","date_gmt":"2016-06-24T10:02:43","guid":{"rendered":"https:\/\/cilip.site36.net\/?p=11776"},"modified":"2016-06-24T10:02:43","modified_gmt":"2016-06-24T10:02:43","slug":"redaktionsmitteilung-26","status":"publish","type":"post","link":"https:\/\/wp-dev.daten.cool\/?p=11776","title":{"rendered":"Redaktionsmitteilung"},"content":{"rendered":"<p>Am Anfang herrscht helle Aufregung und Best\u00fcrzung. Beh\u00f6rden versuchen zu vertuschen. Die \u00d6ffentlichkeit fordert Aufkl\u00e4rung. Verantwortliche werden gesucht und m\u00fcssen gegebenenfalls zur\u00fccktreten. Es wird ein bisschen aufger\u00e4umt, unter Umst\u00e4nden verabschiedet man das eine oder andere Gesetz, MinisterInnen geloben Besserung, das mediale Interesse erlahmt. Die Logik des politischen Skandals besteht darin, dass er vorbei geht und sich nichts Grunds\u00e4tzliches \u00e4ndert. In dieser Logik droht auch der NSU-Skandal zu verebben. Die Bundesanwaltschaft reduziert den \u201eNationalsozialistischen Untergrund\u201c auf das einsame terroristische Trio B\u00f6hnhardt, Mundlos und Zsch\u00e4pe. Das Oberlandesgericht M\u00fcnchen lehnt es ab, den V-Mann \u201ePrimus\u201c als Zeugen zu laden. Viereinhalb Jahre nach der Selbstenttarnung des NSU befassen sich zwar \u2013 immer noch und wieder \u2013 parlamentarische Untersuchungsaussch\u00fcsse mit diesem Komplex und insbesondere mit der Rolle des Inlandsgeheimdienstes, der die Aufkl\u00e4rung nach wie vor behindert. <!--more-->Das neue Verfassungsschutzgesetz und die gro\u00dfz\u00fcgigen Personalaufstockungen zeigen, dass er seine Legitimationskrise l\u00e4ngst \u00fcberwunden hat. Nicht zu vergessen und weiterhin Aufkl\u00e4rung einzufordern \u2013 das sind wir nicht nur den Opfern des NSU und ihren Angeh\u00f6rigen schuldig. Das ist auch angesichts der neuen Welle rassistischer Gewalt dringender denn je.<\/p>\n<p>***<\/p>\n<p>Seit 2009 sind die Preise von B\u00fcrgerrechte &amp; Polizei\/CILIP gleich geblieben. Mit dem neuen Jahrgang (Nr. 110-112) sind auch wir zu einer Erh\u00f6hung gezwungen: Das Einzelheft wird neu 10 Euro und das Abo f\u00fcr Personen 25 Euro kosten. Wir hoffen, dass uns unsere Leserinnen und Leser dennoch treu bleiben. Die n\u00e4chste Ausgabe wird sich erneut mit polizeilichen Ma\u00dfnahmen gegen MigrantInnen befassen.<\/p>\n<p>(Heiner Busch)<\/p>\n<h3>Beitragsbild: Pressekonferenz 1. Untersuchungsausschuss im Bundestag (Christian Ditsch)<\/h3>\n","protected":false},"excerpt":{"rendered":"<p>Am Anfang herrscht helle Aufregung und Best\u00fcrzung. Beh\u00f6rden versuchen zu vertuschen. Die \u00d6ffentlichkeit fordert Aufkl\u00e4rung.<\/p>\n","protected":false},"author":9,"featured_media":11548,"comment_status":"open","ping_status":"open","sticky":false,"template":"","format":"standard","meta":{"footnotes":""},"categories":[115,141],"tags":[],"class_list":["post-11776","post","type-post","status-publish","format-standard","has-post-thumbnail","hentry","category-cilip-110","category-editorials"],"_links":{"self":[{"href":"https:\/\/wp-dev.daten.cool\/index.php?rest_route=\/wp\/v2\/posts\/11776","targetHints":{"allow":["GET"]}}],"collection":[{"href":"https:\/\/wp-dev.daten.cool\/index.php?rest_route=\/wp\/v2\/posts"}],"about":[{"href":"https:\/\/wp-dev.daten.cool\/index.php?rest_route=\/wp\/v2\/types\/post"}],"author":[{"embeddable":true,"href":"https:\/\/wp-dev.daten.cool\/index.php?rest_route=\/wp\/v2\/users\/9"}],"replies":[{"embeddable":true,"href":"https:\/\/wp-dev.daten.cool\/index.php?rest_route=%2Fwp%2Fv2%2Fcomments&post=11776"}],"version-history":[{"count":0,"href":"https:\/\/wp-dev.daten.cool\/index.php?rest_route=\/wp\/v2\/posts\/11776\/revisions"}],"wp:featuredmedia":[{"embeddable":true,"href":"https:\/\/wp-dev.daten.cool\/index.php?rest_route=\/wp\/v2\/media\/11548"}],"wp:attachment":[{"href":"https:\/\/wp-dev.daten.cool\/index.php?rest_route=%2Fwp%2Fv2%2Fmedia&parent=11776"}],"wp:term":[{"taxonomy":"category","embeddable":true,"href":"https:\/\/wp-dev.daten.cool\/index.php?rest_route=%2Fwp%2Fv2%2Fcategories&post=11776"},{"taxonomy":"post_tag","embeddable":true,"href":"https:\/\/wp-dev.daten.cool\/index.php?rest_route=%2Fwp%2Fv2%2Ftags&post=11776"}],"curies":[{"name":"wp","href":"https:\/\/api.w.org\/{rel}","templated":true}]}}