{"id":11932,"date":"2016-09-07T21:19:36","date_gmt":"2016-09-07T21:19:36","guid":{"rendered":"https:\/\/cilip.site36.net\/?p=11932"},"modified":"2016-09-07T21:19:36","modified_gmt":"2016-09-07T21:19:36","slug":"nsu-skandal-vorbei-alles-wieder-beim-alten","status":"publish","type":"post","link":"https:\/\/wp-dev.daten.cool\/?p=11932","title":{"rendered":"NSU-Skandal vorbei \u2013 alles wieder beim Alten?"},"content":{"rendered":"<p><strong>Veranstaltung zur Rolle des Inlandsgeheimdienstes im NSU-Komplex und zu den Grenzen der parlamentarischen Untersuchungsaussch\u00fcsse <\/strong><\/p>\n<p><a href=\"http:\/\/www.cilip.de\/wp-content\/uploads\/2016\/06\/CILIP_110.png\"><img loading=\"lazy\" decoding=\"async\" class=\"alignright size-medium wp-image-11763\" src=\"https:\/\/www.cilip.de\/wp-content\/uploads\/2016\/06\/CILIP_110-219x300.png\" alt=\"\" width=\"219\" height=\"300\" srcset=\"https:\/\/wp-dev.daten.cool\/wp-content\/uploads\/2016\/06\/CILIP_110-219x300.png 219w, https:\/\/wp-dev.daten.cool\/wp-content\/uploads\/2016\/06\/CILIP_110.png 523w\" sizes=\"auto, (max-width: 219px) 100vw, 219px\" \/><\/a>Die Bundesanwaltschaft reduziert den \u201eNationalsozialistischen Untergrund\u201c (NSU) auf das einsame terroristische Trio B\u00f6hnhardt, Mundlos und Zsch\u00e4pe. Das Oberlandesgericht M\u00fcnchen lehnt es ab, den V-Mann \u201ePrimus\u201c als Zeugen zu laden.<\/p>\n<p>Vier Jahre nach der Selbstenttarnung des NSU befassen sich zwar \u2013 immer noch und wieder \u2013 parlamentarische Untersuchungsaussch\u00fcsse mit diesem Komplex und insbesondere mit der Rolle des Bundesamtes f\u00fcr Verfassungsschutz (BfV), der die Aufkl\u00e4rung nach wie vor behindert. Das neue Verfassungsschutzgesetz und die gro\u00dfz\u00fcgigen Personalaufstockungen zeigen, dass das BfV seine Legitimationskrise l\u00e4ngst \u00fcberwunden hat.<\/p>\n<blockquote class=\"alignright\"><p>Montag, 19. September 2016, 19.00 in der K 9, Kinzigstrasse 9, Berlin-Friedrichshain<\/p><\/blockquote>\n<p>Die Zeitschrift B\u00fcrgerrechte &amp; Polizei\/CILIP <a href=\"https:\/\/www.cilip.de\/2016\/06\/23\/110-juni-2016-nsu-und-staat-verhinderte-aufklaerung\/\">widmet ihre aktuelle Ausgabe diesem Thema<\/a>. Was tun, damit nicht alles beim Alten bleibt und die Debatte um die Morde und Anschl\u00e4ge des NSU nicht einfach so versandet wie viele Skandale zuvor?<\/p>\n<p><a href=\"https:\/\/twitter.com\/heikekleffner\">Heike Kleffner<\/a>, Journalistin und Referentin der Linksfraktion im Untersuchungsausschuss des Bundestages, berichtet \u00fcber den Stand der parlamentarischen Aufkl\u00e4rung.<\/p>\n<p><a href=\"https:\/\/www.cilip.de\/author\/heiner\/\">CILIP-Redakteur Heiner Busch<\/a> beleuchtet die Entwicklung des Verfassungsschutzes seit dem November 2011.<\/p>\n<audio class=\"wp-audio-shortcode\" id=\"audio-11932-1\" preload=\"none\" style=\"width: 100%;\" controls=\"controls\"><source type=\"audio\/mpeg\" src=\"http:\/\/archiv.cilip.de\/Audio\/20160919_NSU_VA_Heike_Kleffner_Heiner_Busch.mp3?_=1\" \/><a href=\"http:\/\/archiv.cilip.de\/Audio\/20160919_NSU_VA_Heike_Kleffner_Heiner_Busch.mp3\">http:\/\/archiv.cilip.de\/Audio\/20160919_NSU_VA_Heike_Kleffner_Heiner_Busch.mp3<\/a><\/audio>\n<p><em>Veranstaltet vom Institut f\u00fcr B\u00fcrgerrechte &amp; \u00f6ffentliche Sicherheit e.V.<\/em><\/p>\n<p><!--more--><\/p>\n<p>Dazu die Tagesschau vom 31. August 1992:<\/p>\n<p>http:\/\/www.dailymotion.com\/video\/x4h8ec0?GK_FACEBOOK_OG_HTML5=1<\/p>\n","protected":false},"excerpt":{"rendered":"<p>Veranstaltung zur Rolle des Inlandsgeheimdienstes im NSU-Komplex und zu den Grenzen der parlamentarischen Untersuchungsaussch\u00fcsse Die<\/p>\n","protected":false},"author":2,"featured_media":0,"comment_status":"open","ping_status":"open","sticky":false,"template":"","format":"standard","meta":{"footnotes":""},"categories":[115,150],"tags":[],"class_list":["post-11932","post","type-post","status-publish","format-standard","hentry","category-cilip-110","category-veranstaltungen"],"_links":{"self":[{"href":"https:\/\/wp-dev.daten.cool\/index.php?rest_route=\/wp\/v2\/posts\/11932","targetHints":{"allow":["GET"]}}],"collection":[{"href":"https:\/\/wp-dev.daten.cool\/index.php?rest_route=\/wp\/v2\/posts"}],"about":[{"href":"https:\/\/wp-dev.daten.cool\/index.php?rest_route=\/wp\/v2\/types\/post"}],"author":[{"embeddable":true,"href":"https:\/\/wp-dev.daten.cool\/index.php?rest_route=\/wp\/v2\/users\/2"}],"replies":[{"embeddable":true,"href":"https:\/\/wp-dev.daten.cool\/index.php?rest_route=%2Fwp%2Fv2%2Fcomments&post=11932"}],"version-history":[{"count":0,"href":"https:\/\/wp-dev.daten.cool\/index.php?rest_route=\/wp\/v2\/posts\/11932\/revisions"}],"wp:attachment":[{"href":"https:\/\/wp-dev.daten.cool\/index.php?rest_route=%2Fwp%2Fv2%2Fmedia&parent=11932"}],"wp:term":[{"taxonomy":"category","embeddable":true,"href":"https:\/\/wp-dev.daten.cool\/index.php?rest_route=%2Fwp%2Fv2%2Fcategories&post=11932"},{"taxonomy":"post_tag","embeddable":true,"href":"https:\/\/wp-dev.daten.cool\/index.php?rest_route=%2Fwp%2Fv2%2Ftags&post=11932"}],"curies":[{"name":"wp","href":"https:\/\/api.w.org\/{rel}","templated":true}]}}