{"id":1194,"date":"2007-02-09T11:24:06","date_gmt":"2007-02-09T11:24:06","guid":{"rendered":"http:\/\/www.cilip.de\/?p=1194"},"modified":"2007-02-09T11:24:06","modified_gmt":"2007-02-09T11:24:06","slug":"redaktionsmitteilung-18","status":"publish","type":"post","link":"https:\/\/wp-dev.daten.cool\/?p=1194","title":{"rendered":"Redaktionsmitteilung"},"content":{"rendered":"<p>Liebe LeserInnen, das Titelbild dieser Zeitschrift zeigt nicht etwa einen ihrer Redakteure, wie er kurz vor Abschluss des Heftes depressiv zu werden droht. Es handelt sich vielmehr um eines der vielen Fotos, die das &#8222;Programm Polizeiliche Kriminalpr\u00e4vention des Bundes und der L\u00e4nder&#8220; (ProPK) auf seiner Homepage (www.polizei-beratung.de) zum kostenlosen Herunterladen anbietet, wof\u00fcr wir hiermit herzlich danken. Eingeladen zum Download sind insbesondere Medienschaffende und andere Multiplikatoren, die damit die polizeiliche Pr\u00e4ventionsidee weitervermitteln sollen. &#8222;Drogen&#8220; lautet der Titel dieses Bildes, und &#8222;die sind gef\u00e4hrlich&#8220; seine Botschaft. Die Biederkeit und Moralins\u00e4ure der angebotenen Warnungen d\u00fcrfte daf\u00fcr sorgen, dass sie selbst vermittelt \u00fcber Dritte kaum das angestrebte Publikum erreichen.<!--more--><\/p>\n<p>Der Pr\u00e4ventionsgedanke hatte im vergangenen Jahrzehnt erneut Konjunktur. Lokale Pr\u00e4ventionsr\u00e4te wurden aufgebaut, polizeiliche Pr\u00e4ventionsspezialistInnen wurden berufen. Die Idee genie\u00dft in der \u00d6ffentlichkeit vor allem deshalb ein gro\u00dfes Wohlwollen, weil &#8222;vorbeugen besser als bohren&#8220; ist und Pr\u00e4vention nach Sozialarbeit und damit freundlicher klingt als Repression und Strafrecht.<\/p>\n<p>Selbst in der kommunalen Kriminalpr\u00e4vention geh\u00f6ren Kontrolle, \u00dcberwachung, Vertreibung von Unerw\u00fcnschten und zuweilen &#8222;konsequentes Durchgreifen&#8220; zum Repertoire. Der repressive Charakter von Pr\u00e4vention wird sp\u00e4testens bei den Ausw\u00fcchsen der Terrorismuspr\u00e4vention deutlich.<\/p>\n<p>***<\/p>\n<p>Mit dem Thema der &#8222;internationalen Terrorismusbek\u00e4mpfung&#8220; wird sich B\u00fcrgerrechte &amp; Polizei\/CILIP auch im Schwerpunkt der n\u00e4chsten Ausgabe befassen. Dabei wird es nicht nur um die polizeilichen und geheimdienstlichen Praktiken gehen, sondern ebenfalls um die Frage, was die diversen Untersuchungsaussch\u00fcsse auf europ\u00e4ischer und nationaler Ebene dar\u00fcber herausgefunden haben.<\/p>\n","protected":false},"excerpt":{"rendered":"<p>Liebe LeserInnen, das Titelbild dieser Zeitschrift zeigt nicht etwa einen ihrer Redakteure, wie er kurz<\/p>\n","protected":false},"author":2,"featured_media":0,"comment_status":"open","ping_status":"open","sticky":false,"template":"","format":"standard","meta":{"footnotes":""},"categories":[92,141],"tags":[],"class_list":["post-1194","post","type-post","status-publish","format-standard","hentry","category-cilip-086","category-editorials"],"_links":{"self":[{"href":"https:\/\/wp-dev.daten.cool\/index.php?rest_route=\/wp\/v2\/posts\/1194","targetHints":{"allow":["GET"]}}],"collection":[{"href":"https:\/\/wp-dev.daten.cool\/index.php?rest_route=\/wp\/v2\/posts"}],"about":[{"href":"https:\/\/wp-dev.daten.cool\/index.php?rest_route=\/wp\/v2\/types\/post"}],"author":[{"embeddable":true,"href":"https:\/\/wp-dev.daten.cool\/index.php?rest_route=\/wp\/v2\/users\/2"}],"replies":[{"embeddable":true,"href":"https:\/\/wp-dev.daten.cool\/index.php?rest_route=%2Fwp%2Fv2%2Fcomments&post=1194"}],"version-history":[{"count":0,"href":"https:\/\/wp-dev.daten.cool\/index.php?rest_route=\/wp\/v2\/posts\/1194\/revisions"}],"wp:attachment":[{"href":"https:\/\/wp-dev.daten.cool\/index.php?rest_route=%2Fwp%2Fv2%2Fmedia&parent=1194"}],"wp:term":[{"taxonomy":"category","embeddable":true,"href":"https:\/\/wp-dev.daten.cool\/index.php?rest_route=%2Fwp%2Fv2%2Fcategories&post=1194"},{"taxonomy":"post_tag","embeddable":true,"href":"https:\/\/wp-dev.daten.cool\/index.php?rest_route=%2Fwp%2Fv2%2Ftags&post=1194"}],"curies":[{"name":"wp","href":"https:\/\/api.w.org\/{rel}","templated":true}]}}