{"id":12006,"date":"2016-09-10T21:03:35","date_gmt":"2016-09-10T21:03:35","guid":{"rendered":"https:\/\/cilip.site36.net\/?p=12006"},"modified":"2016-09-10T21:03:35","modified_gmt":"2016-09-10T21:03:35","slug":"chronologie-august-2016","status":"publish","type":"post","link":"https:\/\/wp-dev.daten.cool\/?p=12006","title":{"rendered":"Chronologie August 2016"},"content":{"rendered":"<h3>zusammengestellt von Otto Diederichs<\/h3>\n<p>1. August:<strong> Rechtsextremistische Terrorgruppe NSU:<\/strong> Im M\u00fcnchner NSU-Prozess kommt es zum <a href=\"http:\/\/www.spiegel.de\/panorama\/justiz\/nsu-prozess-beate-zschaepes-anwaelte-streiten-sich-a-1105607.html\">offenen Streit zwischen den Wahl- und Pflichtverteidigern von Beate Zsch\u00e4pe<\/a>. Der Prozess wird daraufhin unterbrochen und geht am n\u00e4chsten Tag in die Sommerpause; diese endet am 31. August.<\/p>\n<p><strong>Neuer Verfassungsschutzchef: <\/strong>Dierk Schittkowski wird <a href=\"http:\/\/www.weser-kurier.de\/bremen\/bremen-politik-wirtschaft_artikel,-Schittkowski-%E2%80%9EDas-Fruehwarnsystem-der-Demokratie%E2%80%9C-_arid,1427340.html\">neuer Pr\u00e4sident des Bremer Landesamtes f\u00fcr Verfassungsschutz<\/a> (LfV).<\/p>\n<p><strong>Neues Verfassungsschutzgesetz:<\/strong> In Bayern <a href=\"https:\/\/www.bayernkurier.de\/inland\/16067-abschiebung-auch-in-krisengebiete\">tritt das neue Verfassungsschutzgesetz in Kraft<\/a>. Damit kann das LfV nunmehr u.a. selbst Telefongespr\u00e4che abh\u00f6ren, auf Verbindungsdaten zugreifen und Kinder und Jugendliche unter Beobachtung stellen.<!--more--><\/p>\n<p>2. August: <strong>Rechte und fremdenfeindliche Angriffe auf Fl<\/strong><strong>\u00fc<\/strong><strong>chtlingsheime:<\/strong> <a href=\"http:\/\/www.tagesspiegel.de\/politik\/bundeskriminalamt-straftaten-gegen-asylunterkuenfte-steigen-weiter\/13958206.html\">Das Bundeskriminalamt (BKA) teilt mit<\/a>, dass im ersten Halbjahr 665 Straftaten gegen Asylunterk\u00fcnfte gez\u00e4hlt wurden, davon 613 von \u201erechtsmotivierten\u201c T\u00e4tern (2015: 1031). Aufgrund einer \u201eGefahrenbewertung\u201c der Polizei stoppt die Stadt Rostock (Mecklenburg-Vorpommern) die Einrichtung einer Asylunterkunft in einer Plattenbau-Siedlung. In eine Berliner Fl\u00fcchtlingsunterkunft wird <a href=\"http:\/\/www.berliner-kurier.de\/berlin\/polizei-und-justiz\/brandstiftung-die-fluechtlinge-schliefen--als-die-feuerteufel-kamen--24521260\">am 8. August ein Brandsatz geworfen<\/a>; sechs Bewohner erleiden leichte Rauchvergiftungen. In einem Mehrfamilienhaus in Witzenhausen (Hessen) in dem auch Fl\u00fcchtlinge untergebracht sind, <a href=\"https:\/\/www.hna.de\/lokales\/witzenhausen\/witzenhausen-ort44473\/brand-mehrfamilienhaus-witzenhausen-6651466.html\">bricht in der Nacht zum 10. August ein Feuer aus<\/a>; 22 Menschen erleiden leichte Rauchvergiftungen. Die Polizei geht von Brandstiftung aus. Am n\u00e4chsten Tag gesteht ein 59-J\u00e4hriger die Tat freiwillig. In Berlin wird am 17. August ein Schweinekopf, an dem ein Transparent mit fremdenfeindlichen Parolen befestigt ist, <a href=\"http:\/\/www.berlin.de\/aktuelles\/berlin\/kriminalitaet\/4530820-4362932-schweinekopf-ueber-zaun-eines-fluechtlin.html\">vor ein Fl\u00fcchtlingswohnheim geworfen<\/a>.<\/p>\n<p><strong>Prozess gegen Polizisten:<\/strong> Das Amtsgericht (AG) D\u00fcsseldorf <a href=\"http:\/\/www1.wdr.de\/nachrichten\/rheinland\/prozess-streit-knoellchen-100.html\">spricht einen Polizeibeamten vom Vorwurf der K\u00f6rperverletzung im Amt frei<\/a>. Der Mann hatte einer Frau bei einer Verkehrskontrolle ins Gesicht geschlagen und ihr die Nase gebrochen. Da die Frau hysterisch geworden sei, habe der Beamte in Notwehr gehandelt.<\/p>\n<p><strong><img loading=\"lazy\" decoding=\"async\" class=\"aligncenter size-full wp-image-12015\" src=\"https:\/\/www.cilip.de\/wp-content\/uploads\/2016\/09\/oury_jalloh.png\" alt=\"oury_jalloh\" width=\"1000\" height=\"248\" srcset=\"https:\/\/wp-dev.daten.cool\/wp-content\/uploads\/2016\/09\/oury_jalloh.png 1000w, https:\/\/wp-dev.daten.cool\/wp-content\/uploads\/2016\/09\/oury_jalloh-300x74.png 300w, https:\/\/wp-dev.daten.cool\/wp-content\/uploads\/2016\/09\/oury_jalloh-768x190.png 768w\" sizes=\"auto, (max-width: 1000px) 100vw, 1000px\" \/>Fall Oury Jalloh:<\/strong> Die Staatsanwaltschaft (StA) Dessau-Ro\u00dflau (Sachsen-Anhalt) <a href=\"http:\/\/www.mdr.de\/sachsen-anhalt\/dessau\/neuer-brandversuch-fall-oury-jalloh-104.html\">gibt ein neuerliches Brandgutachten in Auftrag<\/a>. Im Januar 2005 war der Asylbewerber Oury Jalloh aus Sierra Leone bei einem Brand in einer polizeilichen Gewahrsamszelle ums Leben gekommen. Er soll die Matratze auf der gefesselt lag, selbst angez\u00fcndet haben. Bereits 2014 war der damalige Dienstgruppenleiter wegen fahrl\u00e4sspricht einen Polizeibeamten vom Vorwurf der K\u00f6rperverletzung im Amt freisiger T\u00f6tung zu einer Geldstrafe von 10.800 EUR verurteilt worden.<\/p>\n<p>3. August: <strong>Rechtsradikale Straftaten:<\/strong> In Gotha (Th\u00fcringen) nimmt die Polizei einen Rechtsextremisten fest, der auf Facebook <a href=\"http:\/\/www.tagesspiegel.de\/politik\/rechtsextremismus-in-thueringen-attentatsdrohung-mit-sieg-heil-haftbefehl-gegen-neonazi\/13969148.html\">ein Attentat an einem nicht genannten Ort angek\u00fcndigt<\/a> hatte. Laut der Antwort der Bundesregierung auf eine Anfrage der Linksfraktion wird am 5. August bekannt, dass im ersten Halbjahr in der Bundesrepublik <a href=\"http:\/\/orf.at\/stories\/2352708\/\">insgesamt 6.548 rechtsextreme Straftaten ver\u00fcbt<\/a> wurden; davon 529 Gewaltdelikte. Beim internationalen Sommercamp der KZ-Gedenkst\u00e4tte Mittelbau-Dora (Th\u00fcringen) werden ausl\u00e4ndische Jugendliche <a href=\"http:\/\/www.thueringer-allgemeine.de\/web\/zgt\/leben\/blaulicht\/detail\/-\/specific\/Poebelei-bei-Nordhaeuser-Stadtfest-Fremdenfeindlicher-Hintergrund-geprueft-470029128\">rassistisch beschimpft<\/a>. In Parchim (Mecklenburg-Vorpommern) werden am 26. August <a href=\"http:\/\/www.faz.net\/aktuell\/gesellschaft\/kriminalitaet\/eingang-von-moschee-in-parchim-zugemauert-14411237.html\">die T\u00fcr einer Moschee zugemauert<\/a> und die W\u00e4nde mit fremdenfeindlichen Parolen beschmiert. Ebenfalls am 26. August werden bei einem Anti-Rechts-Musikfestival im Dorf Jamel (Mecklenburg-Vorpommern) bei zahlreichen Besuchern <a href=\"http:\/\/www.tagesspiegel.de\/weltspiegel\/festival-in-jamel-nazi-attacke-auf-konzert-gegen-rechts\/14464212.html\">die Autoreifen zerstochen<\/a>.<\/p>\n<p><strong>\u201e<\/strong><strong>Lauschaff<\/strong><strong>\u00e4<\/strong><strong>re<\/strong><strong>\u201c<\/strong><strong> bei Th<\/strong><strong>\u00fc<\/strong><strong>ringer Polizei: <\/strong>Durch Presseberichte wird bekannt, dass die Polizei in Th\u00fcringen seit 1999 <a href=\"http:\/\/www.spiegel.de\/panorama\/justiz\/thueringen-polizei-belauschte-offenbar-zehntausende-dienstgespraeche-a-1105947.html\">zehntausende Dienstgespr\u00e4che illegal mitgeschnitten<\/a> und 180 Tage gespeichert hat. Grund sei eine nicht angepasste Technik gewesen, so ein Sprecher des Innenministeriums.<\/p>\n<p>4. August: <strong>Rockerkriminalit<\/strong><strong>\u00e4<\/strong><strong>t: <\/strong>Das Oberverwaltungsgericht (OVG) Koblenz erkl\u00e4rt das im M\u00e4rz vom rheinland-pf\u00e4lzischen Innenministerium erlassene Vereinsverbot der \u201eHells Angels MC Bonn\u201c <a href=\"http:\/\/www2.mjv.rlp.de\/icc\/justiz\/nav\/699\/broker.jsp?uMen=6993f1d2-a512-11d4-a737-0050045687ab&amp;uCon=d4a1d867-5b35-651e-aff6-9d52e4e2711c&amp;uTem=aaaaaaaa-aaaa-aaaa-aaaa-000000000042\">aus formalen Gr\u00fcnden f\u00fcr ung\u00fcltig<\/a>. Hierf\u00fcr zust\u00e4ndig sei das Bundesinnenministerium (BMI) gewesen. Wegen illegalen Waffenbesitzes werden in Berlin am 5. August <a href=\"http:\/\/www.tagesspiegel.de\/berlin\/polizei-justiz\/schlag-gegen-organisierte-kriminalitaet-zwei-rocker-von-spezialeinheit-festgenommen\/13978994.html\">zwei Rocker der \u201eGuerilla Nation\u201c festgenommen<\/a>. Das Landgericht (LG) W\u00fcrzburg <a href=\"https:\/\/www.br.de\/nachrichten\/unterfranken\/inhalt\/urteil-v-mann-prozess-wuerzburg-100.html\">verringert am 17. August die Freiheitsstrafe<\/a> f\u00fcr ein ehemaliges Mitglied der Rockergruppe \u201eBandidos\u201c wegen Drogenhandels von sechs Jahren und zehn Monaten auf zwei Jahre und drei Monate. Der Mann war als V-Mann der Polizei t\u00e4tig. Zur Begr\u00fcndung erkl\u00e4rte das Gericht, man m\u00fcsse davon ausgehen, dass Akten zu dessen Ungunsten gef\u00e4lscht wurden. Nach Auseinandersetzungen zwischen t\u00fcrkischen und kurdischen Rockergruppen nimmt die Polizei ebenfalls am 17. August in St. Ingbert (Saarland) <a href=\"http:\/\/www.spiegel.de\/panorama\/justiz\/saarland-polizei-nimmt-vizepraesident-von-rockergruppe-osmanen-germania-fest-a-1108237.html\">den Vize-Chef der \u201eOsmanen Germania\u201c fest<\/a>. Das zeitweise <a href=\"https:\/\/www.juris.de\/jportal\/portal\/page\/homerl.psml?nid=jnachr-JUNA160801812&amp;cmsuri=%2Fjuris%2Fde%2Fnachrichten%2Fzeigenachricht.jsp\">\u201eKuttenverbot\u201c der Stadt Aachen (NRW) f\u00fcr rivalisierende Rockergruppen war rechtens<\/a>; das entscheidet am 24. August das Verwaltungsgericht (VG) der Stadt. In Berlin wird am 26. August ein Mitglied des neu entstandenen Rockerclubs \u201eGuerilla Nation Nomads\u201c <a href=\"http:\/\/www.berliner-zeitung.de\/berlin\/polizei\/tat-im-rockermilieu--erschossener-28-jaehriger-soll-obduziert-werden-24651618\">auf offener Stra\u00dfe erschossen<\/a>.<\/p>\n<p>5. August: <strong>Attentate von W<\/strong><strong>\u00fc<\/strong><strong>rzburg und Ansbach:<\/strong> <a href=\"https:\/\/www.tagesschau.de\/inland\/anschlaege-ansbach-wuerzburg-101.html\">Die Polizei gibt bekannt<\/a>, dass sowohl der Attent\u00e4ter, der am 18.7. in einem Regionalzug bei W\u00fcrzburg Reisende mit einer Axt und einem Messer angegriffen und verletzt hatte wie auch jener des Selbstmord-Anschlags in Ansbach vom 25.7. Kontakte zum IS hatten und \u00fcber Telefon und Internet gesteuert wurden. Der W\u00fcrzburger Attent\u00e4ter war auf der Flucht erschossen worden.<\/p>\n<p><strong><img loading=\"lazy\" decoding=\"async\" class=\"aligncenter size-full wp-image-12016\" src=\"https:\/\/www.cilip.de\/wp-content\/uploads\/2016\/09\/Mcdonalds_muenchen_hanauer_strasse_oez_Wikipedia.jpg\" alt=\"Mcdonalds_muenchen_hanauer_strasse_oez_Wikipedia\" width=\"800\" height=\"533\" srcset=\"https:\/\/wp-dev.daten.cool\/wp-content\/uploads\/2016\/09\/Mcdonalds_muenchen_hanauer_strasse_oez_Wikipedia.jpg 800w, https:\/\/wp-dev.daten.cool\/wp-content\/uploads\/2016\/09\/Mcdonalds_muenchen_hanauer_strasse_oez_Wikipedia-300x200.jpg 300w, https:\/\/wp-dev.daten.cool\/wp-content\/uploads\/2016\/09\/Mcdonalds_muenchen_hanauer_strasse_oez_Wikipedia-768x512.jpg 768w\" sizes=\"auto, (max-width: 800px) 100vw, 800px\" \/>Amoklauf von M<\/strong><strong>\u00fc<\/strong><strong>nchen:<\/strong> Beim Amoklauf vom 22.7. in einem M\u00fcnchner Einkaufszentrum bei dem neun Menschen get\u00f6tet und \u00fcber 20 verletzt wurden, waren laut Pressemeldungen <a href=\"http:\/\/www.spiegel.de\/forum\/panorama\/muenchner-amoklauf-bundeswehr-alarmierte-feldjaeger-auf-bitten-der-polizei-thread-496490-4.html\">auf Bitten der Polizei auch etwa 100 Feldj\u00e4ger der Bundeswehr in Alarmbereitschaft versetzt<\/a> worden. Am 16. August <a href=\"http:\/\/www.n-tv.de\/panorama\/Polizei-fasst-mutmasslichen-Waffenhaendler-article18432441.html\">gibt die Polizei bekannt<\/a>, dass der Waffenh\u00e4ndler, der dem T\u00e4ter die Tatwaffe illegal verkauft hatte sowie dessen Komplizin bei einem fingierten Waffengesch\u00e4ft des Zollkriminalamtes (ZKA) im hessischen Marburg festgenommen wurde.<\/p>\n<p>9. August: <strong>Festnahmen von mutma<\/strong><strong>\u00df<\/strong><strong>lichen Dschihadisten:<\/strong> In Mutterstadt (Rheinland-Pfalz) wird <a href=\"http:\/\/www.zeit.de\/politik\/deutschland\/2016-08\/rheinland-pfalz-terrorverdacht-festnahme-islamischer-staat\">ein syrischer Asylbewerber festgenommen<\/a>, der im Verdacht steht einen Anschlag auf ein Bundesligaspiel geplant zu haben. Am 10. August nimmt die Polizei in einer Fl\u00fcchtlingsunterkunft in Dinslaken (NRW) drei weitere M\u00e4nner fest, die mit dem Verd\u00e4chtigen aus Mutterstadt in Kontakt gestanden haben sollen; zwei von ihnen werden jedoch wenig sp\u00e4ter wieder freigelassen.<\/p>\n<p><strong>\u201e<\/strong><strong>Sp<\/strong><strong>\u00e4<\/strong><strong>haff<\/strong><strong>\u00e4<\/strong><strong>re<\/strong><strong>\u201c<\/strong><strong> bei K<\/strong><strong>\u00f6<\/strong><strong>lner Polizei:<\/strong> <a href=\"http:\/\/www.rp-online.de\/nrw\/staedte\/koeln\/kollegen-bespitzelt-polizistin-wird-entlassen-aid-1.6170700\">Der K\u00f6lner Polizeipr\u00e4sident gibt bekannt<\/a>, dass gegen eine Polizistin, die in Zusammenarbeit mit einem TV-Sender \u00fcber Monate heimlich Kollegen im Dienst gefilmt hatte, ein Entlassungsverfahren eingeleitet wurde; dem kommt die Beamtin durch ihre K\u00fcndigung zuvor.<\/p>\n<p>10. August: <strong>Ermittlungen gegen mutma<\/strong><strong>\u00df<\/strong><strong>liche Dschihadisten: <\/strong><a href=\"http:\/\/www.morgenpost.de\/politik\/article208035063\/Polizei-durchsucht-Wohnungen-von-Islam-Predigern.html\">In mehreren St\u00e4dten in Nordrhein-Westfalen durchsucht die Polizei Wohnungen und Geb\u00e4ude<\/a> von M\u00e4nnern, die als Prediger Jugendliche f\u00fcr die Kriege des IS in Syrien und Irak rekrutiert haben sollen. Dabei wird in Dinslaken ein Mann festgenommen. Am 17. August <a href=\"http:\/\/www.n-tv.de\/ticker\/SEK-nimmt-Terrorverdaechtigen-in-Eisenhuettenstadt-fest-article18441736.html\">nimmt ein Spezialeinsatzkommando (SEK) in Eisenh\u00fcttenstadt (Brandenburg) einen 27-J\u00e4hrigen Mann fest<\/a>, der im Verdacht steht, einen Nagelbombenanschlag auf ein Volksfest ver\u00fcben zu wollen. Bei der Hausdurchsuchung werden IS-Symbole und einige teilweise verbotene Knallk\u00f6rper gefunden. Ob tats\u00e4chlich eine Verbindung zum IS besteht, bleibt indes unklar. <a href=\"https:\/\/polizei.brandenburg.de\/pressemeldung\/haftbefehle-nach-weiteren-ermittlungen-n\/361323\">Am 19. August wird er wieder freigelassen<\/a>, da sich konkrete Anschlagsvorbereitungen zun\u00e4chst nicht nachweisen lassen. Nach der Auswertung seines Computers werden er Mann und ein zweiter Mann noch am 19. August erneut festgenommen. Die Bundesanwaltschaft (BAW) hat <a href=\"http:\/\/www.faz.net\/agenturmeldungen\/dpa\/64-ermittlungsverfahren-der-bundesanwaltschaft-gegen-islamisten-14408713.html\">im ersten Halbjahr Ermittlungsverfahren gegen 64 mutma\u00dfliche Islamisten<\/a> eingeleitet; siebenmal wurde Anklage erhoben, f\u00fcnfmal wurden die Beschuldigten verurteilt. Die Beh\u00f6rden der L\u00e4nder ermittelten in der gleichen Zeit in insgesamt 709 F\u00e4llen. Dies wird am 27. August <a href=\"http:\/\/www.spiegel.de\/politik\/deutschland\/deutschland-fast-800-ermittlungsverfahren-wegen-islamismus-a-1109650.html\">durch Presseberichte<\/a> auf der Grundlage einer Anfrage der Linksfraktion bekannt.<\/p>\n<p>11. August: <strong>Durchsuchung nach Facebook-Post:<\/strong> Die Berliner Polizei <a href=\"http:\/\/www.morgenpost.de\/berlin\/article208044123\/Auf-Facebook-mit-Waffe-gedroht-Polizei-durchsucht-Wohnung.html\">durchsucht die Wohnung eines Mannes<\/a>, der auf Facebook den Gebrauch einer Schusswaffe angedroht hatte und beschlagnahmt dabei verbotene pyrotechnische Gegenst\u00e4nde. Es wird ein Verfahren wegen Versto\u00dfes gegen Sprengstoffgesetz eingeleitet.<\/p>\n<p><strong>Maschinenpistole verloren:<\/strong> <a href=\"http:\/\/www.spiegel.de\/panorama\/justiz\/leipzig-polizei-sucht-verschwundene-maschinenpistole-a-1107449.html\">In Leipzig hat ein Polizeibeamter im Einsatz seine Maschinenpistole verloren<\/a>. Er muss nun mit disziplinarischen Konsequenzen rechnen.<\/p>\n<p><strong><img loading=\"lazy\" decoding=\"async\" class=\"aligncenter size-full wp-image-12017\" src=\"https:\/\/www.cilip.de\/wp-content\/uploads\/2016\/09\/August_2016_Leipzig_MP_Verlust.jpg\" alt=\"August_2016_Leipzig_MP_Verlust\" width=\"862\" height=\"431\" srcset=\"https:\/\/wp-dev.daten.cool\/wp-content\/uploads\/2016\/09\/August_2016_Leipzig_MP_Verlust.jpg 862w, https:\/\/wp-dev.daten.cool\/wp-content\/uploads\/2016\/09\/August_2016_Leipzig_MP_Verlust-300x150.jpg 300w, https:\/\/wp-dev.daten.cool\/wp-content\/uploads\/2016\/09\/August_2016_Leipzig_MP_Verlust-768x384.jpg 768w\" sizes=\"auto, (max-width: 862px) 100vw, 862px\" \/><\/strong><\/p>\n<p>12. August: <strong>Polizeisch<\/strong><strong>\u00fc<\/strong><strong>sse: <\/strong>Durch Warnsch\u00fcsse <a href=\"http:\/\/www.berliner-zeitung.de\/berlin\/polizei\/verfolgungsjagd-sek-bremst-einbrecher-an-einer-ampel-aus-24548694\">stoppt die Berliner Polizei den Fluchtversuch mehrerer M\u00e4nner<\/a>, die im Verdacht stehen einen Einbruch begangen zu haben.<\/p>\n<p><strong>\u201e<\/strong><strong>Identit<\/strong><strong>\u00e4<\/strong><strong>re Bewegung<\/strong><strong>\u201c<\/strong><strong>:<\/strong> Nach neun Landes\u00e4mtern <a href=\"http:\/\/www.welt.de\/newsticker\/news1\/article157633323\/Bundesamt-fuer-Verfassungsschutz-beobachtet-Identitaere-Bewegung.html\">stellt auch das Bundesamt f\u00fcr Verfassungsschutz<\/a> (BfV) die seit 2012 aktive rechte Gruppierung \u201eIdentit\u00e4re Bewegung\u201c unter Beobachtung.<\/p>\n<p>14. August: <strong>Salafismus: <\/strong>Laut BfV-Chef Hans-Georg Maa\u00dfen versuchen Salafisten und andere radikale Islamisten in Fl\u00fcchtlingsunterk\u00fcnften neue Mitstreiter anzuwerben. <a href=\"http:\/\/www.sueddeutsche.de\/politik\/verfassungsschutz-chef-maassen-hunderte-anwerbeversuche-islamisten-umgarnen-fluechtlinge-1.3120755\">Rund 340 F\u00e4lle seien dem BfV bisher bekannt geworden<\/a>.<\/p>\n<p>16. August: <strong>\u201e<\/strong><strong>Sauerland-Gruppe<\/strong><strong>\u201c<\/strong><strong>:<\/strong> Der Anf\u00fchrer der so genannten \u201eSauerland-Gruppe\u201c, die nach vereitelten Anschlagspl\u00e4nen im Herbst 2007 festgenommen werden konnte, <a href=\"http:\/\/www.mdr.de\/nachrichten\/politik\/inland\/terror-sauerlandgruppe-haft-entlassen-100.html\">ist vorzeitig unter Auflagen aus dem Gef\u00e4ngnis entlassen worden<\/a>. Er war im M\u00e4rz 1010 zu 12 Jahren Haft verurteilt worden.<\/p>\n<p>17. August: <strong>Rechtsradikale Angriffe auf Fl<\/strong><strong>\u00fc<\/strong><strong>chtlinge:<\/strong> In Prenzlau (Brandenburg) <a href=\"https:\/\/www.rbb-online.de\/panorama\/beitrag\/2016\/08\/nigerianer-durch-innenstadt-von-prenzlau-gejagt.html\">wird ein Nigerianer von zwei M\u00e4nnern durch die Innenstadt gejagt<\/a>. Er kann sich in einen Imbiss retten; die T\u00e4ter k\u00f6nnen durch Zeugenaussagen ermittelt werden. Auf einem Volksfest in Dresden (Sachsen) wird am 20. August eine Gruppe von Irakern <a href=\"https:\/\/www.taz.de\/!5334155\/\">unvermittelt von einer Gruppe Hooligans angegriffen<\/a>; daraus entwickelt sich eine Schl\u00e4gerei mit rund 30 Beteiligten. Am 29. August greifen in Demmin (Mecklenburg-Vorpommern) zwei Frauen und ein Mann <a href=\"http:\/\/www.zeit.de\/gesellschaft\/zeitgeschehen\/2016-08\/mecklenburg-vorpommern-demmin-afghanische-frauen-beleidigung-gewalt-fremdenhass\">zwei Afghaninnen auf offener Stra\u00dfe an<\/a>, schlagen sie ins Gesicht und beschimpfen sie. Die T\u00e4terInnen k\u00f6nnen festgenommen werden.<\/p>\n<p><strong>Rechtsradikale und fremdenfeindliche Demonstrationen: <\/strong>In Jena versammeln sich rund <a href=\"http:\/\/www.n-tv.de\/politik\/Jena-zeigt-Gesicht-gegen-Rechts-article18445121.html\">180 Teilnehmer zu einer Demonstration<\/a> des th\u00fcringischen Ablegers der rechten Pegida-Bewegung (Patriotische Europ\u00e4er gegen Islamisierung des Abendlandes). Diese wird jedoch durch eine Sitzblockade von rund 3.500 Gegendemonstranten verhindert.<\/p>\n<p>18. August: <strong>Polizeilicher Todesschuss: <\/strong>Bei dem Versuch einen mit Haftbefehl gesuchten Mann aus dem Rotlicht-Milieu festzunehmen <a href=\"http:\/\/www.faz.net\/aktuell\/gesellschaft\/kriminalitaet\/schiesserei-bei-missglueckter-festnahme-in-dortmund-14394349.html\">kommt es in Dortmund in einem Wohnhaus zu einer Schie\u00dferei<\/a>. Dabei wird der Gesuchte get\u00f6tet und ein Beamter leicht verletzt.<\/p>\n<p><strong>Dschihadisten-Prozesse:<\/strong> Vor dem OLG D\u00fcsseldorf <a href=\"https:\/\/www.google.de\/search?q=Ende+2013+nach+Syrien+gereist+sein+und+sich+dem+IS+angeschlossen+haben.+Bei+seiner+R%C3%BCckkehr+im+Fr%C3%BChjahr+2016&amp;gws_rd=cr&amp;ei=EHLUV8D2GoyQaMjHqOgN#tbm=nws&amp;q=+2013++Syrien+olg+d%C3%BCsseldorf+-lau\">erhebt die BAW gegen einen 22-J\u00e4hrigen Anklage wegen Mitgliedschaft in einer ausl\u00e4ndischen terroristischen Vereinigung<\/a> und der Vorbereitung einer schweren staatsgef\u00e4hrdenden Gewalttat. Der Mann soll Ende 2013 nach Syrien gereist sein und sich dem IS angeschlossen haben. Bei seiner R\u00fcckkehr im Fr\u00fchjahr 2016 war er festgenommen worden. Vor dem OLG Frankfurt beginnt am 22. August der <a href=\"http:\/\/de.euronews.com\/2016\/08\/23\/syrienkaempfer-in-frankfurt-vor-gericht\">Prozess gegen einen 30-J\u00e4hrigen Mann wegen mutma\u00dflicher Mitgliedschaft im IS und Leichensch\u00e4ndung<\/a>. Als Beweismittel gilt ein Handyvideo. Der Mann war im Februar 2014 festgenommen worden. Am 29. August <a href=\"http:\/\/www.stuttgarter-zeitung.de\/inhalt.messerattacke-in-hannover-anklage-gegen-16-jaehrige-is-sympathisantin.09df7cf9-9b30-42ff-9908-a91331c73ebe.html\">erhebt die BAW gegen eine 16-J\u00e4hrige Anklage<\/a> wegen versuchten Mordes und der Unterst\u00fctzung einer ausl\u00e4ndischen terroristischen Vereinigung. Das M\u00e4dchen hatte im Fr\u00fchjahr in Hannover einen Bundespolizisten mit einem Messer angegriffen und verletzt und die Tat zuvor als \u201eM\u00e4rtyreroperation\u201c angek\u00fcndigt.<\/p>\n<p><strong>Kriminelle Polizisten:<\/strong> In Bochum <a href=\"http:\/\/www1.wdr.de\/nachrichten\/polizisten-elterngeld-betrug-gefaengnisstrafe-100.html\">beginnt der Prozess gegen zwei Ex-Polizisten<\/a> die versucht hatten, mit gef\u00e4lschten Dokumenten Elterngeld zu erschleichen. Zur Tatzeit 2015 waren sie noch im Dienst; die M\u00e4nner sind gest\u00e4ndig.<\/p>\n<p>20. August: <strong>Polizeischuss:<\/strong> Auf einer Stra\u00dfenkreuzung in Berlin bedroht ein Mann Passanten mit einer schweren Motorradkette. Als er auch die herbeigerufenen Polizisten bedroht und angreift, <a href=\"http:\/\/www.morgenpost.de\/berlin\/polizeibericht\/article208098995\/Berliner-Polizist-schiesst-Mann-an-Zeugen-gesucht.html\">schie\u00dft eine Beamtin und trifft ihn in die Brust<\/a>. Der Mann wird schwer verletzt und muss notoperiert werden.<\/p>\n<p><strong>\u201e<\/strong><strong>Ant<\/strong><strong>\u00e4<\/strong><strong>nzer-Bande<\/strong><strong>\u201c<\/strong><strong> festgenommen:<\/strong> In Leipzig <a href=\"http:\/\/www.mdr.de\/sachsenspiegel\/diebe-auf-highfield-festival-100_zc-61a459d2_zs-4ccc2d21.html\">nimmt die Polizei drei M\u00e4nner fest<\/a>, die zu einer europaweiten Bande geh\u00f6ren sollen, die auf Musikfestivals auf Diebestour geht. Auf ihre Spur waren die Beamten durch die Ortung eines gestohlenen Handys und einem daraus erstellten Bewegungsprofils gekommen.<\/p>\n<p>23. August: <strong>Kinderpornografie:<\/strong> <a href=\"http:\/\/www.heise.de\/newsticker\/meldung\/75-Festnahmen-bei-Europol-Operation-gegen-Kinderpornografie-3304319.html\">In einer europaweiten Polizeiaktion unter der Koordination von Europol<\/a> nimmt die Polizei in mehreren EU-Staaten insgesamt 75 Personen eines P\u00e4dophilen-Netzwerkes fest. Dies teilen Europol und die italienische Polizei in einer gemeinsamen Erkl\u00e4rung mit.<\/p>\n<p>24. August: <strong>Polizeischuss: <\/strong>In Berlin ruft ein Mann bei der Polizei an und \u00e4u\u00dfert Suizidabsichten. Als Beamte bei dem alkoholisierten Mann eintreffen, wird dieser aggressiv und zieht einen pistolen\u00e4hnlichen Gegenstand. <a href=\"https:\/\/www.rbb-online.de\/panorama\/beitrag\/2016\/08\/falkensee-polizist-schiesst-mann-an.html\">Daraufhin schie\u00dft ihm ein Polizist ins Bein<\/a>.<\/p>\n<p>25. August: <strong>Polizeischuss: <\/strong>In Reuden (Sachsen-Anhalt) kommt es bei dem Versuch eine Zwangsr\u00e4umung gegen einen selbsternannten \u201eReichsb\u00fcrger\u201c durchzusetzen, <a href=\"http:\/\/www.mdr.de\/sachsen-anhalt\/halle\/schiesserei-reuden-100.html\">zu einem Schusswechsel zwischen dem Hausbesitzer und der Polizei<\/a>. Dabei wird der Mann schwer und zwei SEK-Beamte leicht verletzt.<\/p>\n<p>26. August: <strong>Rechtsradikale Straftaten:<\/strong> In Brandenburg wurden im ersten Halbjahr insgesamt 130 gewaltt\u00e4tige Attacken, Sachbesch\u00e4digungen und volksverhetzende Aufrufe <a href=\"http:\/\/www.moz.de\/artikel-ansicht\/dg\/0\/1\/1510472\">registriert<\/a> (2015: 141), davon 36 F\u00e4lle von K\u00f6rperverletzung an Fl\u00fcchtlingen (2015: 10). Dies geht aus einer Anfrage der Linksfraktion im Landtag hervor.<\/p>\n<p>29. August: <strong>Polizeischuss: <\/strong>In Ergolding (Bayern) wird die Polizei zu einem Ehestreit gerufen. Als die Beamten eintreffen <a href=\"http:\/\/www.spiegel.de\/panorama\/justiz\/bayern-mann-bedroht-polizisten-mit-laufender-motorsaege-a-1110023.html\">greift der Mann sie mit einer laufenden Motors\u00e4ge an<\/a>. Daraufhin schie\u00dft ihm ein Beamter ins Bein.<\/p>\n<p>31. August: <strong>\u201e<\/strong><strong>Stille SMS<\/strong><strong>\u201c<\/strong><strong>:<\/strong> In einem neunmonatigen Pr\u00fcfzeitraum verschickte die Berliner Polizei in 257 Ermittlungsverfahren mindestens 89.018 so genannte \u201eStille SMS\u201c auf die Handys von potentiellen Verd\u00e4chtigen um Bewegungsprofile zu erstellen. Dabei verhielt sie sich \u00fcberwiegend nicht an rechtliche Vorschriften. Dies moniert die Berliner Datenschutzbeauftragte Maja Smoltzcyk <a href=\"https:\/\/datenschutz-berlin.de\/attachments\/1252\/Pr__fbericht_Stille_SMS.pdf?1472543756\">in einem umfangreichen Bericht<\/a>.<\/p>\n<h3>Bilder:\u00a0Muenchen-Strafjustizzentrum1-Bubo\/ <a href=\"https:\/\/creativecommons.org\/licenses\/by-sa\/3.0\/legalcode\">CC BY-SA 3.0<\/a>, Initiative Oury Jalloh, <a href=\"https:\/\/commons.wikimedia.org\/wiki\/File:Mcdonalds_muenchen_hanauer_strasse_oez.jpg\">Wikipedia<\/a>, Polizei Leipzig<\/h3>\n","protected":false},"excerpt":{"rendered":"<p>zusammengestellt von Otto Diederichs 1. August: Rechtsextremistische Terrorgruppe NSU: Im M\u00fcnchner NSU-Prozess kommt es zum<\/p>\n","protected":false},"author":2,"featured_media":12022,"comment_status":"open","ping_status":"open","sticky":false,"template":"","format":"standard","meta":{"footnotes":""},"categories":[6],"tags":[667,820,1094,1186,1195,1216,1452],"class_list":["post-12006","post","type-post","status-publish","format-standard","has-post-thumbnail","hentry","category-chronologien","tag-geheimdienste","tag-justiz","tag-polizei","tag-rassismus","tag-rechtsextremismus","tag-repression","tag-uebergriffe"],"_links":{"self":[{"href":"https:\/\/wp-dev.daten.cool\/index.php?rest_route=\/wp\/v2\/posts\/12006","targetHints":{"allow":["GET"]}}],"collection":[{"href":"https:\/\/wp-dev.daten.cool\/index.php?rest_route=\/wp\/v2\/posts"}],"about":[{"href":"https:\/\/wp-dev.daten.cool\/index.php?rest_route=\/wp\/v2\/types\/post"}],"author":[{"embeddable":true,"href":"https:\/\/wp-dev.daten.cool\/index.php?rest_route=\/wp\/v2\/users\/2"}],"replies":[{"embeddable":true,"href":"https:\/\/wp-dev.daten.cool\/index.php?rest_route=%2Fwp%2Fv2%2Fcomments&post=12006"}],"version-history":[{"count":0,"href":"https:\/\/wp-dev.daten.cool\/index.php?rest_route=\/wp\/v2\/posts\/12006\/revisions"}],"wp:featuredmedia":[{"embeddable":true,"href":"https:\/\/wp-dev.daten.cool\/index.php?rest_route=\/wp\/v2\/media\/12022"}],"wp:attachment":[{"href":"https:\/\/wp-dev.daten.cool\/index.php?rest_route=%2Fwp%2Fv2%2Fmedia&parent=12006"}],"wp:term":[{"taxonomy":"category","embeddable":true,"href":"https:\/\/wp-dev.daten.cool\/index.php?rest_route=%2Fwp%2Fv2%2Fcategories&post=12006"},{"taxonomy":"post_tag","embeddable":true,"href":"https:\/\/wp-dev.daten.cool\/index.php?rest_route=%2Fwp%2Fv2%2Ftags&post=12006"}],"curies":[{"name":"wp","href":"https:\/\/api.w.org\/{rel}","templated":true}]}}