{"id":1207,"date":"2007-02-01T11:28:16","date_gmt":"2007-02-01T11:28:16","guid":{"rendered":"http:\/\/www.cilip.de\/?p=1207"},"modified":"2007-02-01T11:28:16","modified_gmt":"2007-02-01T11:28:16","slug":"mitarbeiterinnen-dieser-ausgabe-86-12007","status":"publish","type":"post","link":"https:\/\/wp-dev.daten.cool\/?p=1207","title":{"rendered":"MitarbeiterInnen dieser Ausgabe 86 (1\/2007)"},"content":{"rendered":"<p><!--more--><\/p>\n<p><i>Heiner Busch<\/i>, Bern, Redakteur von B\u00fcrgerrechte &amp; Polizei\/CILIP und Vorstandsmitglied des Komitees f\u00fcr Grundrechte und Demokratie<\/p>\n<p><i>Otto Diederichs<\/i>, Berlin, freier Journalist<\/p>\n<p><i>Volker Eick<\/i>, Berlin, Politikwissenschaftler an der Freien Universit\u00e4t (FU) Berlin, John F. Kennedy Institut, Abteilung Politik<\/p>\n<p><i>Mark Eidam<\/i>, z.Zt. Wellington\/Neuseeland, Master of Law-Student an der Victoria University of Wellington, Mitarbeiter des Maori Legal Service<\/p>\n<p><i>Albrecht Funk<\/i>, z.Zt. Berlin, Mitherausgeber von B\u00fcrgerrechte &amp; Polizei\/CILIP<\/p>\n<p><i>Corinna Genschel<\/i>, Berlin, Mitbegr\u00fcnderin des Berliner Sozialforums und Mitglied im Komitee f\u00fcr Grundrechte und Demokratie<\/p>\n<p><i>Jutta Hermanns<\/i>, Berlin, Rechtsanw\u00e4ltin, von 1995 bis 2000 Menschenrechtsarbeit in der T\u00fcrkei, Vorsitzende des &amp;quot;FrauenRechtsB\u00fcro gegen sexuelle Folter&amp;quot;<\/p>\n<p><i>Martina Kant<\/i>, Berlin, Redakteurin von B\u00fcrgerrechte &amp; Polizei\/CILIP und Referentin der Bundestagsfraktion von B\u00fcndnis 90\/Die Gr\u00fcnen f\u00fcr den Untersuchungsausschuss BND\/CIA<\/p>\n<p><i>Anja Lederer<\/i>, Berlin, Rechtsanw\u00e4ltin und Redakteurin von B\u00fcrgerrechte &amp; Polizei\/CILIP<\/p>\n<p><i>Katrin McGauran<\/i>, Amsterdam, Mitarbeiterin von Statewatch<\/p>\n<p><i>Wolf-Dieter Narr<\/i>, Berlin, Professor f\u00fcr Politikwissenschaft an der Freien Universit\u00e4t Berlin und Mitherausgeber von B\u00fcrgerrechte &amp; Polizei\/CILIP<\/p>\n<p><i>Hanna Noesselt<\/i>, Berlin, studentische Hilfskraft im Forschungsprojekt &amp;quot;Sicherheitsstrategien im Wandel&amp;quot; an der FU Berlin<\/p>\n<p><i>Norbert P\u00fctter<\/i>, Berlin, Redakteur von B\u00fcrgerrechte &amp; Polizei\/CILIP<\/p>\n<p><i>Fredrik Roggan<\/i>, Berlin, Rechtsanwalt, stellvertretender Bundesvorsitzender der Humanistischen Union und Mitglied der Redaktion von B\u00fcrgerrechte &amp; Polizei\/CILIP<\/p>\n<p><i>Stefan Waterkamp<\/i>, Hamburg, Rechtsanwalt<\/p>\n<p><i>Jan W\u00f6rlein<\/i>, Berlin, studentischer Mitarbeiter, Student der Politikwissenschaft an der FU Berlin<\/p>\n","protected":false},"excerpt":{"rendered":"","protected":false},"author":2,"featured_media":0,"comment_status":"open","ping_status":"open","sticky":false,"template":"","format":"standard","meta":{"footnotes":""},"categories":[92],"tags":[],"class_list":["post-1207","post","type-post","status-publish","format-standard","hentry","category-cilip-086"],"_links":{"self":[{"href":"https:\/\/wp-dev.daten.cool\/index.php?rest_route=\/wp\/v2\/posts\/1207","targetHints":{"allow":["GET"]}}],"collection":[{"href":"https:\/\/wp-dev.daten.cool\/index.php?rest_route=\/wp\/v2\/posts"}],"about":[{"href":"https:\/\/wp-dev.daten.cool\/index.php?rest_route=\/wp\/v2\/types\/post"}],"author":[{"embeddable":true,"href":"https:\/\/wp-dev.daten.cool\/index.php?rest_route=\/wp\/v2\/users\/2"}],"replies":[{"embeddable":true,"href":"https:\/\/wp-dev.daten.cool\/index.php?rest_route=%2Fwp%2Fv2%2Fcomments&post=1207"}],"version-history":[{"count":0,"href":"https:\/\/wp-dev.daten.cool\/index.php?rest_route=\/wp\/v2\/posts\/1207\/revisions"}],"wp:attachment":[{"href":"https:\/\/wp-dev.daten.cool\/index.php?rest_route=%2Fwp%2Fv2%2Fmedia&parent=1207"}],"wp:term":[{"taxonomy":"category","embeddable":true,"href":"https:\/\/wp-dev.daten.cool\/index.php?rest_route=%2Fwp%2Fv2%2Fcategories&post=1207"},{"taxonomy":"post_tag","embeddable":true,"href":"https:\/\/wp-dev.daten.cool\/index.php?rest_route=%2Fwp%2Fv2%2Ftags&post=1207"}],"curies":[{"name":"wp","href":"https:\/\/api.w.org\/{rel}","templated":true}]}}