{"id":12085,"date":"2016-09-19T13:52:11","date_gmt":"2016-09-19T13:52:11","guid":{"rendered":"https:\/\/cilip.site36.net\/?p=12085"},"modified":"2016-09-19T13:52:11","modified_gmt":"2016-09-19T13:52:11","slug":"kuestenwache-libyens-schiesst-scharf","status":"publish","type":"post","link":"https:\/\/wp-dev.daten.cool\/?p=12085","title":{"rendered":"K\u00fcstenwache Libyens schie\u00dft scharf"},"content":{"rendered":"<p>Die zur Marine geh\u00f6rende libysche K\u00fcstenwache ist erneut gegen Seenotretter vorgegangen. Am 7. August wurden zwei Helfer der Rettungsmission Sea-Eye\u00a0 festgenommen, angeblich weil sie mit ihrem Schnellboot aus tunesischen Gew\u00e4ssern kommend in libysches Hoheitsgebiet eingedrungen waren.<a href=\"#_ftn1\" name=\"_ftnref1\">[1]<\/a> Nach drei Tagen wurden die Crew-Mitglieder freigelassen und an das deutsche Marineschiff \u201eWerra\u201c \u00fcbergeben, mit dem sich die Bundeswehr an der EU-Mission EUNAVFOR MED im zentralen Mittelmeer beteiligt. Bewaffnete st\u00fcrmten bereits am 24. April ein Schiff der Rettungsorganisation Sea-Watch au\u00dferhalb libyscher Hoheitsgew\u00e4sser und sch\u00fcchterten die Besatzung mit Sch\u00fcssen ein.<a href=\"#_ftn2\" name=\"_ftnref2\">[2]<\/a> Das eingesetzte Schnellboot trug libysche Hoheitszeichen. Angeblich hatte die K\u00fcstenwache das Rettungsschiff der illegalen Fischerei verd\u00e4chtigt. Am 17. August schoss die K\u00fcstenwache w\u00e4hrend eines Such- und Rettungseinsatzes auf ein Schiff von \u201e\u00c4rzte ohne Grenzen\u201c. Ein zun\u00e4chst nicht identifiziertes Schnellboot n\u00e4herte sich nach Schilderungen der Organisation mit hoher Geschwindigkeit ihrem Schiff \u201eBourbon Argos\u201c und gab mindestens 13 Sch\u00fcsse ab. <!--more-->Einige Geschosse besch\u00e4digten die Br\u00fccke des Rettungsschiffes, die Besatzung fl\u00fcchtete in einen Sicherheitsraum. \u00c4rzte ohne Grenzen betont, die \u201eBourbon Argos\u201c sei 24 Seemeilen vor der libyschen K\u00fcste gefahren.<a href=\"#_ftn3\" name=\"_ftnref3\">[3]<\/a> Dort ist Libyen eigentlich f\u00fcr die Seenotrettung zust\u00e4ndig, jedoch hat die Regierung das diesbez\u00fcgliche internationale Protokoll nicht unterzeichnet.<\/p>\n<p>F\u00fcr die EU kommen die Zwischenf\u00e4lle ungelegen. Im Rahmen der EU-Milit\u00e4rmission EUNAVFOR MED planen die Mitgliedstaaten die Unterst\u00fctzung jener K\u00fcstenwache, die nun unter deutscher, franz\u00f6sischer und niederl\u00e4ndischer Flagge fahrende Rettungsschiffe bedroht und beschie\u00dft. Im Juni wurde das Mandat und der Zeitraum der Milit\u00e4rmission ausgeweitet, im August haben die EU und die von ihr anerkannte libysche Einheitsregierung Ausbildungsma\u00dfnahmen f\u00fcr die libysche K\u00fcstenwache und die Marine vereinbart.<a href=\"#_ftn4\" name=\"_ftnref4\">[4]<\/a> Als Arbeitsfelder nennt das Abkommen Trainings auf See, an Land (in der EU oder in Libyen) sowie an Bord von Schiffen der K\u00fcstenwache und der Marine. Vor dem T\u00e4tigwerden europ\u00e4ischer Milit\u00e4rs auf dem Hoheitsgebiet Libyens muss ein Antrag der dortigen Beh\u00f6rden vorliegen.<\/p>\n<p>Auch die Grenzagentur FRONTEX plant eine Zusammenarbeit mit Libyen, der Verwaltungsrat der Agentur erteilte das Mandat zur Aufnahme von Verhandlungen f\u00fcr ein Arbeitsabkommen. Zu den Kooperationspartnern von EUNAVFOR MED geh\u00f6rt die um ein Jahr verl\u00e4ngerte EU-Mission EUBAM Libyen zum Kapazit\u00e4tsaufbau von Milit\u00e4r und Polizei. Die Ma\u00dfnahme, an der sich auch die Bundespolizei beteiligt, fokussiert auf die Bereiche Migration, Grenzschutz, Terrorismusbek\u00e4mpfung und Strafjustiz.<\/p>\n<h6>[1]\u00a0\u00a0\u00a0\u00a0\u00a0 <a href=\"http:\/\/www.zeit.de\/politik\/ausland\/2016-09\/mittelmeer-fluechtlingshelfer-libyen-kuestenwache\">ZEIT Online v. 11.9.2016<\/a><\/h6>\n<h6>[2]\u00a0\u00a0\u00a0\u00a0 <a href=\"http:\/\/www.heise.de\/tp\/artikel\/48\/48470\/1.html\">Telepolis v. 9.6.2016<\/a><\/h6>\n<h6>[3]\u00a0\u00a0\u00a0\u00a0 <a href=\"https:\/\/www.aerzte-ohne-grenzen.de\/angriff-auf-rettungsschiff-bourbon-argos\">Pressemitteilung \u00c4rzte ohne Grenzen v. 26.8.2016<\/a><\/h6>\n<h6>[4]\u00a0\u00a0\u00a0\u00a0 <a href=\"http:\/\/eeas.europa.eu\/csdp\/missions-and-operations\/eunavfor-med\/news\/20160823_en.htm\">Pressemitteilung des Ausw\u00e4rtigen Dienstes der EU (EAD) v. 23.8.2016<\/a><\/h6>\n<h3>Bild: Sea Watch<\/h3>\n","protected":false},"excerpt":{"rendered":"<p>Die zur Marine geh\u00f6rende libysche K\u00fcstenwache ist erneut gegen Seenotretter vorgegangen. Am 7. August wurden<\/p>\n","protected":false},"author":3,"featured_media":11854,"comment_status":"open","ping_status":"open","sticky":false,"template":"","format":"standard","meta":{"footnotes":""},"categories":[116,145],"tags":[],"class_list":["post-12085","post","type-post","status-publish","format-standard","has-post-thumbnail","hentry","category-cilip-111","category-meldungen-europa"],"_links":{"self":[{"href":"https:\/\/wp-dev.daten.cool\/index.php?rest_route=\/wp\/v2\/posts\/12085","targetHints":{"allow":["GET"]}}],"collection":[{"href":"https:\/\/wp-dev.daten.cool\/index.php?rest_route=\/wp\/v2\/posts"}],"about":[{"href":"https:\/\/wp-dev.daten.cool\/index.php?rest_route=\/wp\/v2\/types\/post"}],"author":[{"embeddable":true,"href":"https:\/\/wp-dev.daten.cool\/index.php?rest_route=\/wp\/v2\/users\/3"}],"replies":[{"embeddable":true,"href":"https:\/\/wp-dev.daten.cool\/index.php?rest_route=%2Fwp%2Fv2%2Fcomments&post=12085"}],"version-history":[{"count":0,"href":"https:\/\/wp-dev.daten.cool\/index.php?rest_route=\/wp\/v2\/posts\/12085\/revisions"}],"wp:featuredmedia":[{"embeddable":true,"href":"https:\/\/wp-dev.daten.cool\/index.php?rest_route=\/wp\/v2\/media\/11854"}],"wp:attachment":[{"href":"https:\/\/wp-dev.daten.cool\/index.php?rest_route=%2Fwp%2Fv2%2Fmedia&parent=12085"}],"wp:term":[{"taxonomy":"category","embeddable":true,"href":"https:\/\/wp-dev.daten.cool\/index.php?rest_route=%2Fwp%2Fv2%2Fcategories&post=12085"},{"taxonomy":"post_tag","embeddable":true,"href":"https:\/\/wp-dev.daten.cool\/index.php?rest_route=%2Fwp%2Fv2%2Ftags&post=12085"}],"curies":[{"name":"wp","href":"https:\/\/api.w.org\/{rel}","templated":true}]}}