{"id":1231,"date":"2007-12-01T11:45:01","date_gmt":"2007-12-01T11:45:01","guid":{"rendered":"http:\/\/www.cilip.de\/?p=1231"},"modified":"2007-12-01T11:45:01","modified_gmt":"2007-12-01T11:45:01","slug":"mitarbeiterinnen-dieser-ausgabe-88-32007","status":"publish","type":"post","link":"https:\/\/wp-dev.daten.cool\/?p=1231","title":{"rendered":"MitarbeiterInnen dieser Ausgabe 88 (3\/2007)"},"content":{"rendered":"<p><!--more--><\/p>\n<p><em>Michael Backmund<\/em>, M\u00fcnchen, Journalist, Dozent an der deutschen Journalistenschule in M\u00fcnchen und Mitglied im Ortsvorstand M\u00fcnchen der Deutschen Journalistinnen- und Journalistenunion (DJU) in ver.di<\/p>\n<p><em>Oliver Br\u00fcchert<\/em>, Frankfurt\/Main, wissenschaftlicher Mitarbeiter am Fachbereich Gesellschaftswissenschaften der Universit\u00e4t Frankfurt am Main<\/p>\n<p><em>Heiner Busch<\/em>, Bern, Redakteur von CILIP und Vorstandsmitglied des Komitees f\u00fcr Grundrechte und Demokratie<\/p>\n<p><em>Otto Diederichs<\/em>, Berlin, freier Journalist<\/p>\n<p><em>Ulrike Donat<\/em>, Hamburg, Rechtsanw\u00e4ltin und Mediatorin, Mitglied im erweiterten Vorstand des Republikanischen Anw\u00e4ltinnen- und Anw\u00e4ltevereins (RAV)<\/p>\n<p><em>Volker Eick<\/em>, Berlin, Politikwissenschaftler an der Freien Universit\u00e4t Berlin, John F. Kennedy Institut, Abteilung Politik<\/p>\n<p><em>Dinu Gautier<\/em>, Bern, Jurastudent und freier Journalist<\/p>\n<p><em>Anneke Halbroth<\/em>, Berlin, Politologin und Netz- und Medienaktivistin<\/p>\n<p><em>Martina Kant<\/em>, Berlin, Redakteurin von CILIP und Referentin der Bundestagsfraktion von B\u00fcndnis 90\/Die Gr\u00fcnen f\u00fcr den Untersuchungsausschuss BND\/CIA<\/p>\n<p><em>Jan K\u00fchn<\/em>, Berlin, Mitarbeit in unabh\u00e4ngigen Medienprojekten<\/p>\n<p><em>Anja Lederer<\/em>, Berlin, Rechtsanw\u00e4ltin und Redakteurin von CILIP<\/p>\n<p><em>Yasha Maccanico<\/em>, Rom, Mitarbeiter von Statewatch<\/p>\n<p><em>Katrin McGauran<\/em>, Amsterdam, Mitarbeiterin von Statewatch<\/p>\n<p><em>Ingo Niebel<\/em>, K\u00f6ln, Historiker und Journalist mit den Schwerpunktthemen Venezuela, Baskenland und Geheimdienste, Redakteur des geheimdienstkritischen Magazins GEHEIM<\/p>\n<p><em>Norbert P\u00fctter<\/em>, Berlin, Redakteur von CILIP<\/p>\n<p><em>Ron Steinke<\/em>, Hamburg, Mitglied im BAKJ, Redakteur von Forum Recht<\/p>\n<p><em>Karen Ullmann<\/em>, Hamburg, Rechtsanw\u00e4ltin, Mitglied im erweiterten Vorstand des Republikanischen Anw\u00e4ltinnen- und Anw\u00e4ltevereins (RAV)<\/p>\n<p><em>Jan W\u00f6rlein<\/em>, Berlin, studentischer Mitarbeiter an der Freien Universit\u00e4t Berlin, Redakteur von CILIP<\/p>\n<p>&nbsp;<\/p>\n","protected":false},"excerpt":{"rendered":"","protected":false},"author":2,"featured_media":0,"comment_status":"open","ping_status":"open","sticky":false,"template":"","format":"standard","meta":{"footnotes":""},"categories":[94],"tags":[],"class_list":["post-1231","post","type-post","status-publish","format-standard","hentry","category-cilip-088"],"_links":{"self":[{"href":"https:\/\/wp-dev.daten.cool\/index.php?rest_route=\/wp\/v2\/posts\/1231","targetHints":{"allow":["GET"]}}],"collection":[{"href":"https:\/\/wp-dev.daten.cool\/index.php?rest_route=\/wp\/v2\/posts"}],"about":[{"href":"https:\/\/wp-dev.daten.cool\/index.php?rest_route=\/wp\/v2\/types\/post"}],"author":[{"embeddable":true,"href":"https:\/\/wp-dev.daten.cool\/index.php?rest_route=\/wp\/v2\/users\/2"}],"replies":[{"embeddable":true,"href":"https:\/\/wp-dev.daten.cool\/index.php?rest_route=%2Fwp%2Fv2%2Fcomments&post=1231"}],"version-history":[{"count":0,"href":"https:\/\/wp-dev.daten.cool\/index.php?rest_route=\/wp\/v2\/posts\/1231\/revisions"}],"wp:attachment":[{"href":"https:\/\/wp-dev.daten.cool\/index.php?rest_route=%2Fwp%2Fv2%2Fmedia&parent=1231"}],"wp:term":[{"taxonomy":"category","embeddable":true,"href":"https:\/\/wp-dev.daten.cool\/index.php?rest_route=%2Fwp%2Fv2%2Fcategories&post=1231"},{"taxonomy":"post_tag","embeddable":true,"href":"https:\/\/wp-dev.daten.cool\/index.php?rest_route=%2Fwp%2Fv2%2Ftags&post=1231"}],"curies":[{"name":"wp","href":"https:\/\/api.w.org\/{rel}","templated":true}]}}