{"id":12441,"date":"2016-11-02T11:39:09","date_gmt":"2016-11-02T11:39:09","guid":{"rendered":"https:\/\/cilip.site36.net\/?p=12441"},"modified":"2016-11-02T11:39:09","modified_gmt":"2016-11-02T11:39:09","slug":"chronologie-oktober-2016","status":"publish","type":"post","link":"https:\/\/wp-dev.daten.cool\/?p=12441","title":{"rendered":"Chronologie Oktober 2016"},"content":{"rendered":"<h3>zusammengestellt von Otto Diederichs<\/h3>\n<p><strong>Rechte und fremdenfeindliche Angriffe auf Fl\u00fcchtlingsheime:<\/strong> In J\u00fcterbog (Brandenburg) <a href=\"http:\/\/www.morgenpost.de\/berlin\/article208333251\/Brandanschlag-auf-Jueterbog-Asylbewerberunterkunft.html\">werfen Unbekannte zwei Brands\u00e4tze<\/a> auf eine Unterkunft f\u00fcr minderj\u00e4hrige Fl\u00fcchtlinge. Verletzt wird niemand. Am gleichen Tag wird vor einer Moschee in Potsdam (Brandenburg) einen <a href=\"http:\/\/www.morgenpost.de\/brandenburg\/article208346059\/Abgetrennter-Ferkelkopf-vor-Moschee-Noch-keine-Hinweise.html\">Schweinekopf abgelegt<\/a>. Am 7. Oktober <a href=\"http:\/\/www.spiegel.de\/panorama\/justiz\/handgranatenwurf-angeklagte-muessen-jahrelang-in-haft-a-1115737.html\">verurteilt das Landgericht<\/a> (LG) Konstanz zwei M\u00e4nner, die im Januar 2016 eine Handgranate auf das Gel\u00e4nde einer Asylunterkunft in Villingen-Schwenningen (Baden-W\u00fcrttemberg) geworfen hatten, zu Haftstrafen von drei bzw. dreieinhalb Jahren Haft. Da die Granate seinerzeit nicht explodiert war, wurde niemand verletzt. An die T\u00fcr einer Berliner Unterkunft f\u00fcr unbegleitete, minderj\u00e4hrige Fl\u00fcchtlinge wird am 18. Oktober ein gespr\u00fchtes Hakenkreuz entdeckt.<\/p>\n<p>Seit Jahresbeginn wurden bundesweit insgesamt 797 Straftaten gegen Fl\u00fcchtlingsunterk\u00fcnfte ver\u00fcbt. Dies geht am 19. Oktober durch <a href=\"http:\/\/www.spiegel.de\/politik\/deutschland\/fast-800-straftaten-gegen-asylunterkuenfte-in-deutschland-a-1117263.html\">Presseberichte<\/a> unter Berufung auf das Bundeskriminalamt (BKA) hervor; 740 davon werden eindeutig als \u201erechtsmotiviert\u201c eingestuft. Erneut wird am 21. Oktober auf die Berliner Unterkunft f\u00fcr minderj\u00e4hrige Fl\u00fcchtlinge ein <a href=\"http:\/\/www.berliner-zeitung.de\/berlin\/polizei\/hohenschoenhausen--hakenkreuz-an-fluechtlingsunterkunft-gesprueht-24951990\">Hakenkreuz gespr\u00fcht<\/a>.<!--more--><\/p>\n<p><strong> Rechtsradikale Angriffe auf Fl\u00fcchtlinge:<\/strong> In Berlin beleidigen zwei M\u00e4nner am 2. Oktober einen anderen fremdenfeindlich. Sie k\u00f6nnen <a href=\"https:\/\/www.berlin.de\/polizei\/polizeimeldungen\/pressemitteilung.521982.php\">festgenommen werden<\/a>. Am Abend des gleichen Tages wird ebenfalls in Berlin ein Mann von einem Betrunkenen rassistisch beschimpft und mit einer Flasche geschlagen. Der T\u00e4ter kann wenig sp\u00e4ter <a href=\"http:\/\/www.morgenpost.de\/berlin\/article208339947\/Mann-schlaegt-Taxifahrer-ruft-Sieg-Heil-zeigt-Hitlergruss.html\">ebenfalls festgenommen<\/a> werden; in der Gefangenensammelstelle zeigt er daraufhin den Hitlergru\u00df.<\/p>\n<p>Am 6. Oktober wird in Berlin ein minderj\u00e4hriger Fl\u00fcchtling auf offener Stra\u00dfe von einem Unbekannten fremdenfeindlich <a href=\"http:\/\/www.morgenpost.de\/berlin\/polizeibericht\/article208366683\/Unbekannter-beleidigt-und-schlaegt-17-jaehrigen-Fluechtling.html\">beleidigt und geschlagen<\/a>. Ebenfalls am 6. Oktober bedrohen in Sebnitz (Sachsen) mehrere Jugendliche <a href=\"http:\/\/www.spiegel.de\/panorama\/justiz\/sebnitz-in-sachsen-jugendliche-bedrohen-fluechtlingskinder-mit-messer-a-1115686.html\">unter \u201eSieg Heil\u201c-Rufen<\/a> drei syrische Kinder mit einem Messer und schlagen sie. In Berlin wird am 12. Oktober ein Mann zun\u00e4chst aus einem fahrenden Fahrzeug heraus <a href=\"http:\/\/www.berliner-zeitung.de\/berlin\/polizei\/kreuzberg-maenner-beleidigen-radfahrer-rassistisch-und-pruegeln-auf-ihn-ein-24902442\">rassistisch beleidigt und bespuckt<\/a>; kurz darauf halten die drei M\u00e4nner und schlagen den Mann zusammen. Die T\u00e4ter k\u00f6nnen festgenommen werden. Ebenfalls in Berlin wird am 13. Oktober auf einem S-Bahnhof <a href=\"http:\/\/www.berliner-kurier.de\/berlin\/polizei-und-justiz\/brutaler-s-bahn-angriff-faust-ins-gesicht-geschlagen-und-bespuckt-24674828\">eine Polin ins Gesicht geschlagen<\/a>; der T\u00e4ter kann fl\u00fcchten. <a href=\"https:\/\/www.derwesten.de\/staedte\/nachrichten-aus-wesel-hamminkeln-und-schermbeck\/brandanschlag-auf-moschee-in-wesel-id12298868.html\">Am 22. Oktober<\/a> wird auf einen t\u00fcrkisch-islamischen Kulturverein in Wesel (NRW) ein Molotowcocktail geworfen. Das Feuer kann schnell gel\u00f6scht werden.<\/p>\n<p>Am 15. Oktober wird in Luckenwalde (Brandenburg) ein Asylbewerber <a href=\"http:\/\/www.berliner-zeitung.de\/berlin\/brandenburg\/luckenwalde-mann-attackiert-asylbewerber-mit-messer-und-verletzt-ihn-lebensgefaehrlich-24923828\">mit einem Messer angegriffen<\/a> und durch eine Bauchverletzung lebensgef\u00e4hrlich verletzt. Der mutma\u00dfliche T\u00e4ter kann sp\u00e4ter festgenommen werden; es wird Haftbefehl wegen versuchten Totschlags erlassen. Vor dem LG Regensburg <a href=\"http:\/\/www.augsburger-allgemeine.de\/bayern\/Machetenangriff-auf-Fluechtlinge-Angeklagter-zeigt-Erinnerungsluecken-id39455062.html\">beginnt am 20. Oktober der Prozess<\/a> wegen Volksverhetzung und versuchten Mordes gegen Mann, der im Februar in ein Fl\u00fcchtlingsheim in Kelheim (Bayern) eingedrungen war und dort einen Asylbewerber mit einer Machete angegriffen hatte.<\/p>\n<p><a href=\"http:\/\/www.spiegel.de\/panorama\/justiz\/dresden-unbekannte-greifen-fluechtlinge-an-a-1118221.html\">Rechtsradikale Parolen skandierend<\/a> greifen am 25. Oktober in Dresden (Sachsen) zwei M\u00e4nner vier Asylbewerber an und schlagen eine Frau zu Boden. Die \u00fcbrigen k\u00f6nnen entkommen; die T\u00e4ter bleiben unbekannt. Am 26. Oktober beleidigt und <a href=\"http:\/\/www.berliner-zeitung.de\/berlin\/nigerianer-auf-u-bahnhof-in-neukoelln-beleidigt-und-bespuckt-24975900\">bespuckt in Berlin<\/a> ein Betrunkener einen Nigerianer. Der T\u00e4ter wird festgenommen.<\/p>\n<p><strong> Rechtsradikale Straftaten:<\/strong> In Merseburg (Sachsen-Anhalt) \u00fcberfallen <a href=\"http:\/\/www.tagesspiegel.de\/politik\/merseburg-in-sachsen-anhalt-afrikaner-im-eigenen-haus-attackiert\/14656476.html\">am 6. Oktober<\/a> zwei mit Schlagstock und Schlagring bewaffnete M\u00e4nner einen Afrikaner in dessen Wohnung. Der Mann, ein weiterer der ihm helfen wollte sowie dessen Kind werden verletzt. Die T\u00e4ter k\u00f6nnen festgenommen werden. Auf dem Hauptbahnhof von Magdeburg (Sachsen-Anhalt) nehmen Polizeibeamte einen Neonazi fest, der einen anderen Mann mit einem Kopfsto\u00df verletzt hatte. Daraufhin versuchen 11 Rechte <a href=\"http:\/\/www.spiegel.de\/panorama\/justiz\/magdeburg-neonazis-greifen-polizeiwache-an-a-1115826.html\">die Wache zu st\u00fcrmen und den T\u00e4ter zu befreien<\/a>. Sie k\u00f6nnen festgenommen werden.<\/p>\n<p>Vor der KZ-Gedenkstelle Buchenwald spielt ein Mann <a href=\"http:\/\/www.fr-online.de\/politik\/kz-buchenwald-hitler-rede-vor-gedenkstaette-abgespielt,1472596,34843502.html\">am 11. Oktober<\/a> aus seinem Fahrzeug heraus Wehrmachtsmusik und NS-Reden ab. In seinem Wagen findet die Polizei zudem mehrere Waffen. Bundesweit haben Neo-Nazis bis Anfang Oktober insgesamt 11 versuchte T\u00f6tungsdelikte begangen. Dies wird am 18. Oktober durch <a href=\"http:\/\/www.tagesspiegel.de\/politik\/rechtsextremismus-zahl-der-versuchten-toetungsdelikte-durch-neonazis-steigt-stark\/14703844.html\">Presseberichte<\/a> unter Berufung auf die Antwort des BMI auf eine Anfrage der Linksfraktion bekannt.<\/p>\n<p>In Berlin wird <a href=\"http:\/\/www.berliner-zeitung.de\/berlin\/vermutlich--schuss-auf-kita--ermittlungen-gegen-unbekannt-24999280\">am 28. Oktober<\/a> auf eine Kindertagesst\u00e4tte geschossen. Bei der Durchsuchung von gegen\u00fcberliegenden Burschenschafts-R\u00e4umlichkeiten werden mehrere Waffen sichergestellt und Ermittlungen wegen versuchter gef\u00e4hrlicher K\u00f6rperverletzung und Versto\u00df gegen das Waffengesetz eingeleitet.<\/p>\n<p><strong>Rechtsextremistische Terrorgruppe NSU:<\/strong> Das brandenburgische Justizministerium <a href=\"http:\/\/www.berliner-zeitung.de\/berlin\/nsu-terror-justizministerium-bestaetigt-vernichtung-der-piatto-akten-24848282\">best\u00e4tigt am 5. Oktober<\/a>, dass Akten \u00fcber den V-Mann \u201ePiatto\u201c von der Staatsanwaltschaft vernichtet wurden nachdem diese 2015 vom Bundestags-Untersuchungsausschuss zur\u00fcck geschickt worden waren.<\/p>\n<p>Am 6. Oktober <a href=\"http:\/\/www.tagesspiegel.de\/berlin\/nsu-untersuchungsausschuss-ministerium-findet-akten-zu-ex-v-mann\/14646856.html\">wird bekannt<\/a>, dass im Ministerium dennoch neue, bisher unbekannte Akten mit NSU-Bezug gefunden wurden. Als Begr\u00fcndung wird eine \u201efehlende Verkn\u00fcpfung von Namen\u201c genannt. <a href=\"http:\/\/www.spiegel.de\/panorama\/justiz\/nsu-notizbuch-vernichtet-keine-ermittlungen-gegen-bundesanwaelte-a-1115531.html\">Am gleichen Tag<\/a> teilt die Bundesanwaltschaft (BAW) in Karlsruhe mit, dass die Anzeige eines Nebenklage-Anwaltes zur\u00fcckgewiesen wird und gegen zwei Staatsanw\u00e4lte die Ende 2014 die Vernichtung des Notizbuches eines mutma\u00dflichen NSU-Helfers veranlasst hatten, nicht ermittelt werde. Es habe sich dabei lediglich um \u201eeine Fahrl\u00e4ssigkeit\u201c gehandelt, \u201edie nicht strafbar ist\u201c, so die Begr\u00fcndung.<\/p>\n<p>Durch <a href=\"http:\/\/www.spiegel.de\/panorama\/justiz\/fall-peggy-knobloch-und-uwe-boehnhardt-die-neuen-spuren-zum-nsu-a-1116591.html\">Presseberichte<\/a> wird am 13. Oktober bekannt, dass an den sterblichen \u00dcberresten eines 2001 verschwundenen neunj\u00e4hrigen M\u00e4dchens DNA-Spuren von Uwe B\u00f6hnhardt gefunden wurden. Die Skelettteile waren im Sommer dieses Jahres in einem Waldst\u00fcck gefunden worden. <a href=\"http:\/\/www.sueddeutsche.de\/news\/panorama\/kriminalitaet-spuren-von-rechtsextremist-boehnhardt-im-fall-peggy-entdeckt-dpa.urn-newsml-dpa-com-20090101-161014-99-802270\">Am 14. Oktober<\/a> erkl\u00e4rt Th\u00fcringens Ministerpr\u00e4sident daraufhin, dass auch der Mord an einem Neunj\u00e4hrigen aus dem Jahr 1993 neu untersucht werde. In diesem Fall hatte B\u00f6hnhardt damals zeitweise im Visier der Ermittler gestanden.<\/p>\n<p>Der NSU-Untersuchungsausschuss des Brandenburger Landtages <a href=\"http:\/\/www.berliner-zeitung.de\/berlin\/brandenburg\/nsu-untersuchungsausschuss-will-sachverstaendige-zum-v-leute-wesen-hoeren-24914072\">l\u00e4dt am 14. Oktober<\/a> zwei Verfassungssch\u00fctzer vor, die \u00fcber das dortige V-Mann-Wesen seit 1990 berichten sollen. Zudem verlangt der Ausschuss ein Vernichtungsverbot f\u00fcr Akten zum Rechtsextremismus.<\/p>\n<p>Am 26. Oktober sagt im M\u00fcnchner NSU-Prozess ein ehemaliger Berliner Wachpolizist aus. Er hatte bereits im Mai 2000 darauf hingewiesen, das Trio in der N\u00e4he einer Synagoge gesehen zu haben; dem Hinweis war jedoch nicht nachgegangen worden. Im Prozess erkennt er Beate Zsch\u00e4pe jedoch nicht wieder. <a href=\"http:\/\/www.tagesspiegel.de\/politik\/nsu-prozess-in-muenchen-zschaepe-bestreitet-berliner-synagoge-ausgespaeht-zu-haben\/14740788.html\">Ihren Anwalt l\u00e4sst Zsch\u00e4pe erkl\u00e4ren<\/a>, sie habe damals zwar mit Mundlos und B\u00f6hnhardt einige Tage Urlaub in Berlin gemacht, sie seien jedoch nicht der N\u00e4he j\u00fcdischer Einrichtungen gewesen. Zu Fragen des Vorsitzenden Richters zu einem Zusammenhang mit dem \u201eFall Peggy\u201c l\u00e4sst sie <a href=\"http:\/\/www.sueddeutsche.de\/news\/panorama\/prozesse-zschaepe-soll-sich-im-nsu-prozess-zum-fall-peggy-aeussern-dpa.urn-newsml-dpa-com-20090101-161026-99-941404\">schriftliche Angaben ank\u00fcndigen<\/a>. Durch <a href=\"http:\/\/www.spiegel.de\/panorama\/justiz\/peggy-knobloch-und-uwe-boehnhardt-nsu-spur-moeglicherweise-ermittlungspanne-a-1118516.html\">Presseberichte<\/a> wird am 27. Oktober bekannt, dass die DNA-Spur von Uwe B\u00f6hnhardt m\u00f6glicherweise durch ein verunreinigtes Messger\u00e4t der Spurensicherung an den Tatort im \u201eFall Peggy\u201c gelangt sein k\u00f6nnte. In beiden F\u00e4llen war das gleiche Team t\u00e4tig.<\/p>\n<p>Ebenfalls am 27. Oktober wird das umfangreiche vorl\u00e4ufige Gutachten des Gerichtspsychiaters <a href=\"https:\/\/www.taz.de\/!5352190\/\">bekannt<\/a>. Darin kommt er u.a. zu dem Ergebnis, Beate Zsch\u00e4pe zeige \u201edeutlich antisoziale Tendenzen\u201c, ein \u201emanipulatives Verhalten\u201c und einen Mangel an Empathie.<\/p>\n<p>Der im April 2014 unter nicht vollst\u00e4ndig gekl\u00e4rten Umst\u00e4nden verstorbene V-Mann \u201eCorelli\u201c, sollte <a href=\"http:\/\/www.spiegel.de\/panorama\/justiz\/nsu-v-mann-corelli-sollte-heimlich-und-anonym-bestattet-werden-a-1118716.html\">nach Pl\u00e4nen des BfV<\/a> heimlich und unter falschem Namen beerdigt werden. Dies sagt eine BfV-Abteilungsleiterin am 28. Oktober vor dem nordrhein-westf\u00e4lischen Untersuchungsausschuss aus.<\/p>\n<p><strong>Gewalt beim Fu\u00dfball:<\/strong> In Berlin kommt es im Vorfeld eines Fu\u00dfballspiels zu mehreren Vorf\u00e4llen: Als PassantInnen versuchen, eine von Polizisten begleitete Fangruppe zu fotografieren, <a href=\"http:\/\/www.tagesspiegel.de\/berlin\/polizei-justiz\/berlin-prenzlauer-berg-dynamo-gegen-lok-leipzig-fussballfans-wueten-in-berlin\/14635538.html\">wollen diese die Polizeikette durchbrechen<\/a> und die Fotografierenden angreifen; die gesamte etwa 60-k\u00f6pfige Gruppe wird in den Innenhof eines Polizeiabschnittes abgedr\u00e4ngt. Wenig sp\u00e4ter wird der Polizei eine Gruppe von rund 40 Fans gemeldet, die auf einem U-Bahnhof rechtsextreme Lieder singen; sie bleiben unerkannt. Wieder etwas sp\u00e4ter geraten zwei rivalisierende Gruppen aneinander; gr\u00f6\u00dfere Auseinandersetzungen k\u00f6nnen verhindert werden, eine Person wird festgenommen.<\/p>\n<p><a href=\"http:\/\/www.berliner-zeitung.de\/panorama\/hooligan-kundgebung-mehr-als-2000-polizisten-in-dortmund-im-einsatz-24867208\">Am 8. Oktober<\/a> versammeln sich in Dortmund (NRW) rund 500 Hooligans zu einer Kundgebung sowie etwa 300 Personen zu zwei Gegendemonstrationen. 2.000 PolizistInnen sind im Einsatz; zwei bestehende Haftbefehle werden vollstreckt und mehrere Personen in Gewahrsam genommen. In einer Berliner Gastst\u00e4tte <a href=\"http:\/\/www.bz-berlin.de\/berlin\/friedrichshain-kreuzberg\/platzverweis-hannoveraner-hooligans-greifen-polizei-an\">zerst\u00f6ren am 16. Oktober<\/a> rund 120 Hannoveraner Hooligans Einrichtungsgegenst\u00e4nde. Mit der anger\u00fcckten Polizei kommt es anschlie\u00dfend zu Auseinandersetzungen. Von etwa 100 Personen k\u00f6nnen die Personalien festgestellt und Strafverfahren eingeleitet werden.<\/p>\n<p>Im Vorfeld eines Champions-League-Spiels <a href=\"https:\/\/www.polizei.bayern.de\/muenchen\/news\/presse\/aktuell\/index.html\/249961\">am 20.10.<\/a> z\u00fcnden im M\u00fcnchner Stadtgebiet Hooligans des PSV Eindhoven zahlreiche B\u00f6ller und Feuerwerksk\u00f6rper; vereinzelt kommt es zu Schl\u00e4gereien. 11 Personen aus den Niederlanden werden in polizeilichen Gewahrsam genommen. <a href=\"http:\/\/www.morgenpost.de\/vermischtes\/article208496037\/Ermittler-fassen-international-gesuchte-Hooligans.html\">Am 26. Oktober <\/a>fasst die Polizei in Baden-W\u00fcrttemberg drei wegen Mordverdachts gesuchte polnische Hooligans. Bei einem Streit mit einer anderen Gruppe war von ihnen ein Mann erschossen worden.<\/p>\n<p><strong>\u201eK\u00f6lner Silvesternacht\u201c:<\/strong> Ein als Sachverst\u00e4ndiger vom Untersuchungsausschuss des D\u00fcsseldorfer Landtages eingesetzter Kriminalpsychologe <a href=\"http:\/\/www.spiegel.de\/panorama\/justiz\/koelner-silvesternacht-gutachter-wirft-polizei-versaeumnisse-vor-a-1115340.html\">kommt in seinem Gutachten zu dem Ergebnis<\/a>, dass die massenhaften \u00dcbergriffe w\u00e4hrend der Silvesterfeiern in K\u00f6ln (NRW) vermutlich zu verhindern gewesen w\u00e4ren, wenn die Polizei an dem Abend fr\u00fcher eingegriffen h\u00e4tte. <a href=\"http:\/\/www.spiegel.de\/politik\/deutschland\/thomas-de-maiziere-sagt-zu-uebergriffen-in-koelner-silvesternacht-aus-a-1118961.html\">Am 31. Oktober<\/a> erkl\u00e4rt Bundesinnenminister Thomas de Maizi\u00e8re (CDU) vor dem Ausschuss, aus den ersten Meldungen habe das Bundesinnenministerium (BMI) seinerzeit die Brisanz der Ereignisse nicht ann\u00e4hernd erkennen k\u00f6nnen.<\/p>\n<p>1. Oktober: <strong>Polizeischuss:<\/strong> In Berlin wird die Polizei zu einem Lotto-Laden gerufen, weil dort ein Mann mit einem Messer herumfuchtelt. Als er damit auf die Polizisten zugeht, <a href=\"http:\/\/www.tagesspiegel.de\/berlin\/polizei-justiz\/berlin-reinickendorf-erneut-faellt-ein-schuss-bei-polizeieinsatz\/14631988.html\">schie\u00dft einer der Beamten<\/a> und trifft ihn in den Oberschenkel.<\/p>\n<p>2. Oktober: <strong>\u201ePatriotische Europ\u00e4er gegen die Islamisierung des Abendlandes\u201c (Pegida):<\/strong> Als der Dresdner Oberb\u00fcrgermeister Vertreter islamischer Gemeinden aus Anlass des islamischen Neujahrsfestes zum Empfang im Rathaus begr\u00fc\u00dfen will, <a href=\"http:\/\/www.tagesspiegel.de\/politik\/islamisches-neujahrsfest-pegida-anhaenger-bepoebeln-dresdner-oberbuergermeister\/14634094.html\">wird er von Pegida-Anh\u00e4ngern angep\u00f6belt<\/a>. Als die Polizei einen Mann wegf\u00fchren will, kommt es zu Tumulten. Zur Einheitsfeier am 3. Oktober folgen bis zu 5.000 Teilnehmer dem Demonstrationsaufruf von Pegida. Dabei werden Bundeskanzlerin Angela Merkel, Bundespr\u00e4sident Joachim Gauck und andere Repr\u00e4sentanten von mehreren hundert Personen <a href=\"http:\/\/www.spiegel.de\/politik\/deutschland\/dresden-tag-der-deutschen-einheit-angela-merkel-im-zentrum-des-protests-a-1114998.html\">lautstark beschimpft<\/a>. Mit einer Kundgebung vor mehreren tausend Unterst\u00fctzern feiert Pegida <a href=\"http:\/\/www.zeit.de\/gesellschaft\/zeitgeschehen\/2016-10\/dresden-pegida-jahrestag-demo\">am 16. Oktober<\/a> in Dresden sein zweij\u00e4hriges Bestehen. Am n\u00e4chsten Tag demonstrieren ebenfalls Tausende gegen die islamfeindliche Bewegung.<\/p>\n<p>3. Oktober: <strong>\u201eMissgl\u00fccktes\u201c Gru\u00dfwort:<\/strong> Nach der Verlesung der Auflagen f\u00fcr die Pegida-Demonstration zum Einheitsfeiertag w\u00fcnscht ein nieders\u00e4chsischer Polizeif\u00fchrer den Demonstranten einen <a href=\"http:\/\/www.spiegel.de\/politik\/deutschland\/dresden-einheitsfeiern-polizist-wuenschte-pegida-erfolgreichen-tag-a-1115009.html\">\u201eerfolgreichen Tag\u201c<\/a>. Er wird nach Beendigung des Einsatzes daraufhin in das Hannoraner Polizeipr\u00e4sidium einbestellt. \u201eDiese \u00c4u\u00dferung war der gutgemeinte, aber missgl\u00fcckte Versuch einer Gru\u00dfformel am Ende einer polizeilichen Durchsage. Nicht mehr und nicht weniger\u201c, hei\u00dft dort anschlie\u00dfend.\u00a0 Am 20. Oktober <a href=\"https:\/\/www.derwesten.de\/politik\/kein-verfahren-gegen-polizisten-wegen-pegida-gruss-id12291955.html\">gibt Dresdens Polizeipr\u00e4sident bekannt<\/a>, dass gegen den Beamten keine dienstrechtlichen Konsequenzen eingeleitet werden.<\/p>\n<p>6. Oktober: <strong>Dschihadismus-Prozesse:<\/strong> Das D\u00fcsseldorfer Oberlandesgericht (OLG) <a href=\"http:\/\/www.morgenpost.de\/politik\/inland\/article208361263\/Fast-sieben-Jahre-Haft-fuer-IS-Rueckkehrer-aus-NRW.html\">verurteilt einen gest\u00e4ndigen Syrien-R\u00fcckkehrer<\/a> wegen Mitgliedschaft im \u201eIslamischen Staat\u201c (IS) zu einer Haftstrafe von sechs Jahren und neun Monaten. <a href=\"http:\/\/www.spiegel.de\/panorama\/justiz\/safia-s-so-laeuft-der-prozess-gegen-die-16-jaehrige-in-celle-a-1117506.html\">Am 20. Oktober<\/a> beginnt vor dem OLG Celle der Prozess gegen eine 16-J\u00e4hrige wegen des Angriffs auf einen Bundespolizisten. Das M\u00e4dchen hatte den Beamten im Februar auf dem Hauptbahnhof Hannover (Niedersachsen) unvermittelt ein Messer in den Hals gesto\u00dfen. Aufgrund ihres Alters findet der Prozess unter Ausschuss der \u00d6ffentlichkeit statt. In Berlin klagt die BAW <a href=\"http:\/\/www.stuttgarter-nachrichten.de\/inhalt.syrien-bundesanwaltschaft-klagt-is-terrorverdaechtigen-in-berlin-an.243191b3-66b9-4ba5-890f-e0739b5177e3.html\">am 27. Oktober<\/a> einen 19-J\u00e4hrigen Syrer wegen Mitgliedschaft im IS an. Der Mann soll an mehreren bewaffneten Eins\u00e4tzen in Syrien beteiligt gewesen sein sowie in Berlin Anschlagsziele ausspioniert und auch seine Bereitschaft zur deren Aus\u00fcbung signalisiert haben. Er war im M\u00e4rz festgenommen worden.<\/p>\n<p><strong>Internationale Einbrecherbande festgenommen:<\/strong> Die Berliner Polizei nimmt <a href=\"http:\/\/www.berliner-zeitung.de\/berlin\/polizei\/verhaftung-internationale-bande-hat-sich-auf-einbrueche-bei-vietnamesen-spezialisiert-24856202\">am 6. Oktober<\/a> f\u00fcnf Personen einer aus Lateinamerika stammende Gruppe fest, die sich auf Einbr\u00fcche in Wohnungen von aus Asien stammenden Menschen spezialisiert hatte.<\/p>\n<p>7. Oktober: <strong>Ausl\u00e4nder auf der Fahndungsliste:<\/strong> Das BKA <a href=\"http:\/\/www.tagesspiegel.de\/politik\/bundeskriminalamt-mehr-als-280-000-auslaender-zur-festnahme-ausgeschrieben\/14655344.html\">gibt bekannt<\/a>, das zum 1. September 2016 im Fahndungssystem INPOL insgesamt 284.158 untergetauchte Ausl\u00e4nder zur Festnahme ausgeschrieben sind, weil sie abgeschoben werden sollen. Dies sei eine Steigerung um 140 Prozent gegen\u00fcber dem Vorjahr. <a href=\"http:\/\/www.tagesspiegel.de\/politik\/korrigierte-kriminalitaet-bka-halbiert-zahl-zur-fahndung-ausgeschriebener-auslaender\/14718384.html\">Am 20. Oktober<\/a> muss das BKA diese Zahl mit 121.759 auf \u00fcber die H\u00e4lfte korrigieren.<\/p>\n<p><strong>Rockerkriminalit\u00e4t:<\/strong> In Wettenberg (Hessen) wird der Pr\u00e4sident der Gie\u00dfener Rockergruppe \u201eHells Angels\u201c <a href=\"http:\/\/www.morgenpost.de\/vermischtes\/article208366883\/Giessener-Hells-Angels-Praesident-erschossen-aufgefunden.html\">erschossen aufgefunden<\/a>.<\/p>\n<figure id=\"attachment_12326\" aria-describedby=\"caption-attachment-12326\" style=\"width: 250px\" class=\"wp-caption alignright\"><img loading=\"lazy\" decoding=\"async\" class=\"size-medium wp-image-12326\" src=\"https:\/\/cilip.site36.net\/files\/2016\/10\/20161009_Chemnitz_Polizei_Sachsen-250x187.jpeg\" alt=\"Polizeieinsatz in nach Sprengstofffund in Chemnitz am 9. Oktober 2016. (Bild: Polizei Sachsen)\" width=\"250\" height=\"187\" \/><figcaption id=\"caption-attachment-12326\" class=\"wp-caption-text\">Polizeieinsatz in nach Sprengstofffund in Chemnitz am 9. Oktober 2016. (Bild: Polizei Sachsen)<\/figcaption><\/figure>\n<p>8. Oktober: <strong>Anschlag verhindert:<\/strong> Nach Hinweisen des Bundesamtes f\u00fcr Verfassungsschutz (BfV) riegelt die Polizei ein Wohngebiet in Chemnitz (Sachsen) ab und <a href=\"http:\/\/www.mdr.de\/sachsen\/dschaber-al-bakr-chronologie-100.html\">st\u00fcrmt die Wohnung eines 22-J\u00e4hrigen Syrers<\/a> wegen des Verdachtes der Vorbereitung einen Sprengstoffanschlages. Der Gesuchte, der mit dem IS in Verbindung stehen soll, ist jedoch nicht anwesend und kann zun\u00e4chst entkommen; daf\u00fcr werden mehrere 100 Gramm eines milit\u00e4rischen Sprengstoffs gefunden. Im Chemnitzer Stadtgebiet werden drei Bekannte als mutma\u00dfliche Kontaktpersonen festgenommen. Zwei von ihnen werden rasch wieder freigelassen, gegen den dritten wird zun\u00e4chst Haftbefehl erlassen. Am n\u00e4chsten Tag kann der Gesuchte in Leipzig festgenommen werden nachdem er zun\u00e4chst bei einem Landsmann untergekommen, dort von weiteren Personen \u00fcberw\u00e4ltigt und dann die Polizei informiert wurde. Nach Verfassungsschutzinformationen soll er einen <a href=\"http:\/\/www.morgenpost.de\/berlin\/article208462915\/Terrorverdaechtiger-al-Bakr-auf-Tegel-Videos-identifiziert.html\">Anschlag auf einen Berliner Flughafen geplant haben<\/a>. <a href=\"http:\/\/www.zeit.de\/politik\/deutschland\/2016-10\/suizid-jaber-al-bakr-sachsen-justiz-familie-klage\">Am 12. Oktober<\/a> erh\u00e4ngt sich der Mann in seiner Zelle. <a href=\"http:\/\/www.spiegel.de\/politik\/deutschland\/jaber-albakr-terrorverdaechtiger-hatte-womoeglich-weiteren-helfer-a-1117379.html\">Am 18. Oktober<\/a> wird der Wohnungsvermieter des mutma\u00dflichen Attent\u00e4ters, ein 33-J\u00e4hriger Syrer, dem Bundesgerichtshof (BGH) zum Erlass eines Haftbefehls vorgef\u00fchrt. Ihm wird Beihilfe zur Vorbereitung einer schweren staatsgef\u00e4hrdenden Gewalttat vorgeworfen.<\/p>\n<p>10. Oktober: <strong>Festnahme eines mutma\u00dflichen Dschihadisten:<\/strong> Die Bamberger Staatsanwaltschaft <a href=\"http:\/\/presse-augsburg.de\/presse\/bamberg-syrischer-medizinstudent-verhaftet-bereitete-er-einen-terroranschlag-vor\/\">best\u00e4tigt Ermittlungen<\/a> gegen einen syrischen Medizinstudenten aus W\u00fcrzburg (Bayern) wegen m\u00f6glicher Anschlagsvorbereitung. Obwohl weder Waffen noch Sprengstoffe gefunden werfen, wird gegen den Mann Haftbefehl wegen St\u00f6rung des \u00f6ffentlichen Friedens und Androhung von Straftaten erlassen.<\/p>\n<p>13. Oktober: <strong>Razzia gegen Taschendiebe:<\/strong> In Berlin geht die Bundespolizei (BPol) <a href=\"http:\/\/www.berliner-zeitung.de\/berlin\/razzien-gegen-taschendiebe-in-berlin-und-rumaenien-24908540\">mit einem Gro\u00dfaufgebot<\/a> gegen eine Bande rum\u00e4nischer Taschendiebe vor, denen rund 200 Taten mit einer Beute von insgesamt etwa 150.000 EUR nachgewiesen werden k\u00f6nnen; 17 Haftbefehle werden erlassen. Am Tag zuvor waren in Rum\u00e4nien bereits acht Personen festgenommen worden.<\/p>\n<p>14. Oktober: <strong>BND-NSA-Kooperation:<\/strong> Laut Entscheidung des Bundesverfassungsgerichtes (BVerfG) ist die G-10-Kommission des Bundestages zur Kontrolle von \u00dcberwachungsaktionen der Geheimdienste <a href=\"http:\/\/www.faz.net\/aktuell\/politik\/g-10-kommission-erhaelt-keine-einsicht-in-nsa-selektorenliste-14481156\/im-hauptquartier-der-nsa-in-14481170.html\">nicht berechtigt<\/a>, die sog. Selektorenliste, mit den Sp\u00e4hbegriffen die der amerikanische Geheimdienst NSA an den Bundesnachrichtendienst (BND) geliefert hatte, einzusehen (AZ: 2 BvE5\/15).<\/p>\n<p>15. Oktober: <strong>T\u00f6dlicher Pfefferspray-Einsatz:<\/strong> In Bielefeld wird die Polizei zu einem h\u00e4uslichen Streit gerufen. Als die Beamten eintreffen, werden sie von dem unter Drogen stehenden Mann angegriffen und setzen daraufhin massiv Pfefferspray ein. <a href=\"https:\/\/www.neues-deutschland.de\/artikel\/1030087.wieder-ein-todesfall-nach-pfefferspray-einsatz.html\">Der Mann stirbt sp\u00e4ter im Krankenhaus<\/a>; wieweit dabei ein Zusammenhang zwischen Kokain und Pfefferspray besteht, ist z.Zt. unklar.<\/p>\n<p>17. Oktober: <strong>Polizeilicher Todesschuss:<\/strong> Im Zuge eines Einsatzes wegen eines Verkehrsunfalles werden Polizeibeamte in Moers (Nordrhein-Westfalen) auf einen Mann aufmerksam, der einen anderen mit einem Messer bedroht. Als er damit auch auf die Polizisten losgeht, <a href=\"http:\/\/www.spiegel.de\/panorama\/justiz\/moers-am-niederrhein-polizisten-erschiessen-messer-angreifer-a-1117086.html\">schie\u00dfen diese mehrfach<\/a> auf ihn. Der Mann verstirbt im Krankenhaus.<\/p>\n<p><strong>Polizist niedergestochen:<\/strong> Bei dem Versuch eine Schl\u00e4gerei zu beenden, wird in Berlin ein Zivilpolizist <a href=\"http:\/\/www.morgenpost.de\/berlin\/polizeibericht\/article208435719\/Zivilpolizist-bei-Streit-in-Schoeneberg-mit-Messer-verletzt.html\">durch einen Messerstich<\/a> schwer verletzt; der T\u00e4ter wird festgenommen.<\/p>\n<p>18. Oktober: <strong>Polizeilicher Todesschuss:<\/strong> In einem Versicherungsb\u00fcro in Hagen (NRW) greift ein Mann den Angestellten mit einer Machete an. Das Opfer entkommt schwer verletzt auf die Stra\u00dfe, verfolgt von dem T\u00e4ter. Dort trifft der Mann auf die alarmierten Polizisten. Als er auf Aufforderungen, die Waffe fallen zu lassen nicht reagiert, <a href=\"https:\/\/www.derwesten.de\/wp\/staedte\/hagen\/polizei-erschiesst-mann-an-der-steinhausstrasse-in-kabel-id12285835.html\">schie\u00dfen die Beamten<\/a>. Der Mann stirbt noch vor Ort.<\/p>\n<p><strong>Antisemitische Beleidigungen:<\/strong> In Berlin wird ein Mann in der S-Bahn von Kontrolleuren <a href=\"http:\/\/www.bz-berlin.de\/berlin\/treptow-koepenick\/s-bahn-kontrolleure-beleidigen-israelischen-touristen\">antisemitisch beleidigt<\/a>. Zu einem weiteren Vorfall kommt es am 19. Oktober ebenfalls in Berlin bei dem ein Mann in einem Schnellrestaurant mit den Worten \u201eIch bediene keine Juden\u201c beschimpft wird.<\/p>\n<p><strong>Zoll-Razzia:<\/strong> In Berlin gehen <a href=\"http:\/\/www.berliner-zeitung.de\/berlin\/zoll-und-steuerfahndung-grossrazzia-gegen-berliner-betruegerbande-24941190\">Zoll- und SteuerfahnderInnen<\/a> in einer Gro\u00dfrazzia gegen eine Betr\u00fcgerbande vor. Sie soll in den Jahren 2013-2015 Scheinrechnungen in H\u00f6he von \u00fcber 48 Mio. EUR ausgestellt haben. Ein Mann wird als mutma\u00dflicher Bandenchef verhaftet.<\/p>\n<p>19. Oktober:<strong> Polizist erschossen:<\/strong> Im bayerischen Georgensgm\u00fcnd wollen Polizeibeamte die illegalen Waffen eines Mannes beschlagnahmen, der sich der rechten \u201eReichsb\u00fcrger\u201c-Bewegung zuordnet. Dabei werden sie sofort von dem Mann beschossen. Ein Beamter des Sondereinsatzkommandos (SEK) wird dabei lebensgef\u00e4hrlich verletzt und <a href=\"https:\/\/www.br.de\/nachrichten\/mittelfranken\/inhalt\/razzia-georgensgmuend-schiesserei-100.html\">stirbt am n\u00e4chsten Tag<\/a> im Krankenhaus; vier weitere Beamte werden ebenfalls verletzt. Der T\u00e4ter wird leicht verletzt festgenommen. Am 24. Oktober wird in diesem Zusammenhang <a href=\"http:\/\/www.sueddeutsche.de\/bayern\/oberfranken-sek-einsatz-in-forchheim-wegen-reichsbuerger-1.3220859\">eine weitere Wohnung in Forchheim<\/a> (Bayern) durchsucht; dabei wird in der N\u00e4he eine Kiste mit Waffen und Munition gefunden gefunden, die sich dem T\u00e4ter zuordnen lassen.<\/p>\n<p>20. Oktober:<strong> \u201eReichsb\u00fcrger\u201c bei der Polizei:<\/strong> Infolge dieses Todesschusses <a href=\"http:\/\/www.spiegel.de\/panorama\/justiz\/reichsbuerger-bei-der-bayerischen-polizei-a-1117633.html\">r\u00e4umt das bayerische Innenministerium ein<\/a>, dass mindestens vier \u201eReichsb\u00fcrger\u201c \u2013 deren Anh\u00e4nger den deutschen Staat nicht anerkennen \u2013 als Polizeibeamte t\u00e4tig waren; zwei wurden bereits entlassen, gegen die anderen beiden laufen Disziplinarverfahren. In Sachsen-Anhalt <a href=\"http:\/\/www.spiegel.de\/panorama\/justiz\/reichsbuerger-wo-staatsleugner-als-polizisten-arbeiten-a-1117747.html\">gelten ebenfalls vier Beamte als \u201eReichsb\u00fcrger\u201c<\/a>, in Nordrhein-Westfalen einer, in Berlin zwei und bei der Bundespolizei ebenfalls zwei. Ihnen drohen nun Disziplinarverfahren und Entlassung. Am 26. Oktober gibt die Polizei in M\u00fcnchen (Bayern) bekannt, dass ein Beamter wegen Mitgliedschaft bei den \u201eReichsb\u00fcrgern\u201c vom Dienst <a href=\"http:\/\/www.sueddeutsche.de\/politik\/interne-untersuchungen-polizei-duldet-reichsbuerger-in-eigenen-reihen-nicht-1.3228393\">suspendiert wurde<\/a>. Laut <a href=\"http:\/\/www.deutschlandfunk.de\/bericht-15-disziplinarverfahren-gegen-mutmassliche.447.de.html?drn:news_id=672651\">Presserecherchen<\/a> wurden bei der Polizei bis zum 30. Oktober bundesweit 15 Disziplinarverfahren gegen \u201eReichsb\u00fcrger\u201c eingeleitet.<\/p>\n<figure id=\"attachment_12449\" aria-describedby=\"caption-attachment-12449\" style=\"width: 250px\" class=\"wp-caption alignright\"><img loading=\"lazy\" decoding=\"async\" class=\"size-medium wp-image-12449\" src=\"https:\/\/cilip.site36.net\/files\/2016\/11\/20161020-Oliver-Feldhaus-Protest-gegen-das-neue-BND-Gesetz-Pariser-Platz-Berlin-250x158.jpg\" alt=\"Protest gegen das neue BND Gesetz Pariser Platz Berlin am 21. Oktober 2016. (Bild: Oliver Feldhaus)\" width=\"250\" height=\"158\" \/><figcaption id=\"caption-attachment-12449\" class=\"wp-caption-text\">Protest gegen das neue BND Gesetz Pariser Platz Berlin am 21. Oktober 2016. (Bild: Oliver Feldhaus)<\/figcaption><\/figure>\n<p>21. Oktober: <strong>Neues BND-Gesetz:<\/strong> Als Folge der BND-NSA-Lauschaff\u00e4re <a href=\"https:\/\/www.tagesschau.de\/inland\/bnd-gesetz-reform-101.html\">verabschiedet die Koalitionsmehrheit<\/a> im Bundestag ein neues BND-Gesetz: U.a. wird darin ein externes \u201eUnabh\u00e4ngiges Gremium\u201c aus zwei Richtern und einem Bundesanwalt eingerichtet. Es soll von der Bundesregierung \u00fcber brisante Aktionen informiert werden und \u00fcber eine Zustimmung zu Spionage gegen EU-Einrichtungen entscheiden. Weiterhin wird Wirtschaftsspionage ausdr\u00fccklich verboten und die Zusammenarbeit mit der NSA nur unter bestimmten Auflagen erlaubt; zudem soll der BND einmal j\u00e4hrlich in \u00f6ffentlicher Anh\u00f6rung zu seiner Arbeit befragt werden k\u00f6nnen. Die fr\u00fchere Bundesjustizministerin Sabine Leutheusser-Schnarrenberger (FDP) <a href=\"http:\/\/www.haz.de\/Nachrichten\/Politik\/Deutschland-Welt\/FDP-kuendigt-Klage-gegen-BND-Gesetz-an\">k\u00fcndigt umgehend eine Klage vor dem BVerfG an<\/a>.<\/p>\n<p><strong>K\u00f6rperverletzung im Amt:<\/strong> Das LG Mosbach (Baden-W\u00fcrttemberg) <a href=\"http:\/\/www.faz.net\/aktuell\/gesellschaft\/kriminalitaet\/wc-verweigert-polizisten-wegen-koerperverletzung-verurteilt-14491837.html\">verurteilt zwei Polizisten<\/a> wegen K\u00f6rperverletzung im Amt zu einer sechsmonatigen Bew\u00e4hrungsstrafe bzw. einer Geldstrafe von 9.000 EUR. Sie hatten bei einer Fahrzeugkontrolle im M\u00e4rz 2014 einen Autofahrer nicht auf die Toilette gelassen und versucht ihm Handschellen anzulegen.<\/p>\n<p><strong>Neuer NATO-Geheimdienst:<\/strong> Der ehemalige BND-Vizepr\u00e4sident Arndt Freytag von Loringhoven <a href=\"http:\/\/www.handelsblatt.com\/politik\/international\/arndt-freytag-von-loringhoven-deutscher-wird-erster-geheimdienst-chef-der-nato\/14723736.html\">wird erster Chef eines neuen NATO-Geheimdienstes<\/a>.<\/p>\n<p>25. Oktober: <strong>Anti-Terror-Razzia:<\/strong> Zeitgleich durchsuchen in Th\u00fcringen, Nordrhein-Westfalen, Sachsen, Bayern und Hamburg 13 Wohnungen und eine Gemeinschaftsunterkunft von 14 tschetschenischen Asylbewerbern <a href=\"http:\/\/www.zeit.de\/politik\/deutschland\/2016-10\/anti-terror-razzien-in-thueringen\">wegen des Verdachts der Vorbereitung einer schweren staatsgef\u00e4hrdenden Gewalttat<\/a>. Sie stehen im Verdacht der Terrorfinanzierung f\u00fcr den IS. Der Verdacht best\u00e4tigt sich nicht, festgenommen wird niemand.<\/p>\n<p><strong>Drogen- und Waffenrazzia:<\/strong> In mehreren St\u00e4dten <a href=\"http:\/\/www.aachener-zeitung.de\/lokales\/region\/zwei-verhaftungen-bei-razzia-gegen-drogen-und-waffenhaendler-1.1476399\">in Nordrhein-Westfalen und in Wien<\/a> durchsuchen Polizeibeamte zeitgleich 27 Wohnungen und Gastronomiebetriebe wegen des Verdachtes des Drogen- und Waffenhandels. Zwei mutma\u00dfliche Hauptt\u00e4ter werden festgenommen.<\/p>\n<p><strong>Razzia wegen Menschenhandel:<\/strong> Zeitgleich durchsuchen <a href=\"http:\/\/www.berliner-zeitung.de\/berlin\/polizei\/menschenhandel-polizei-durchsucht-berliner-bordelle-24982344\">in Berlin und im bulgarischen Sofia<\/a> insgesamt 10 Wohnungen und Gesch\u00e4ftsr\u00e4ume wegen des Verdachts der Zuh\u00e4lterei, des Menschenhandels und Versto\u00df gegen das Bet\u00e4ubungsmittelgesetz. In Berlin werden zwei \u201eHausdamen\u201c festgenommen und Haftbefehle beantragt. In Sofia wird ein Mann als mutma\u00dflicher Hauptt\u00e4ter festgenommen; gegen ihn besteht bereits ein Haftbefehl.<\/p>\n<p>26. Oktober: <strong>Linke Hausprojekte durchsucht:<\/strong> In Berlin und Leipzig (Sachsen) <a href=\"https:\/\/www.neues-deutschland.de\/artikel\/1030073.berlin-polizei-durchsucht-linke-hausprojekte.html\">durchsuchen Polizeibeamte<\/a> die Wohnungen von 14 Personen wegen \u201emehrfachen schweren Landfriedensbruch\u201c. Sie stehen im Verdacht am 05. Oktober in Berlin Sachbesch\u00e4digungen im Gesamtwert von rund 10.000 EUR begangen zu haben. Es werden Beweismittel sichergestellt und die Verd\u00e4chtigen erkennungsdienstlich behandelt.<\/p>\n<p>27. Oktober: <strong>Ermittlungen gegen mutma\u00dfliche Dschihadistin:<\/strong> Die Staatsanwaltschaft (StA) Frankfurt\/M. (Hessen) <a href=\"http:\/\/www.n-tv.de\/politik\/Staatsanwaltschaft-ermittelt-gegen-17-Jaehrige-article18949161.html\">teilt mit<\/a>, dass sie gegen die 17-J\u00e4hrige Tochter eines Imams wegen des Verdachtes mutma\u00dflicher Kontakte zum IS und der Vorbereitung einer schweren staatsgef\u00e4hrdenden Gewalt ermittelt.<\/p>\n<p><strong>Prozess-Schlappe f\u00fcr NPD:<\/strong> Der Europ\u00e4ische Gerichtshof f\u00fcr Menschenrechte (EuGMR) weist die Beschwerde der NPD gegen ein Urteil des BVerfG vom Februar 2013, wonach sie in Deutschland verfassungswidrig stigmatisiert werde, <a href=\"http:\/\/www.tagesspiegel.de\/politik\/menschenrechtsgerichtshof-npd-scheitert-mit-klage-gegen-deutschland\/14747196.html\">als unbegr\u00fcndet ab<\/a>.<\/p>\n<p>28. Oktober: <strong>Anklage gegen taz-Spitzel:<\/strong> Die Berliner Staatsanwaltschaft <a href=\"https:\/\/www.taz.de\/!5352377\/\">erhebt Anklage<\/a> gegen einen fr\u00fcheren Redakteur der \u201etageszeitung\u201c (taz) Anklage wegen des Abfangens und Aussp\u00e4hens von Daten in 14 F\u00e4llen in der Zeit von Januar 2014 bis Februar 2015.<\/p>\n<p>30. Oktober: <strong>Messerattacke auf Polizisten:<\/strong> In M\u00fclheim\/Ruhr (NRW) randaliert eine als IS-Sympathisantin aktenkundige Frau in ihrer Wohnung und <a href=\"https:\/\/www.derwesten.de\/region\/rhein_ruhr\/frau-randaliert-und-ruft-allahu-akbar-aimp-id12323612.html\">wirft M\u00f6bel aus dem Fenster<\/a>. Als Polizeibeamte eintreffen greift sie diese mit einem Teppichmesser an. Sie wird mit Pfefferspray \u00fcberw\u00e4ltigt und in eine psychiatrische Klinik gebracht.<\/p>\n<h3>Beitragsbild: Polizeieinsatz in nach Sprengstofffund in Chemnitz am 8. Oktober 2016. (Polizei Sachsen)<\/h3>\n","protected":false},"excerpt":{"rendered":"<p>zusammengestellt von Otto Diederichs Rechte und fremdenfeindliche Angriffe auf Fl\u00fcchtlingsheime: In J\u00fcterbog (Brandenburg) werfen Unbekannte<\/p>\n","protected":false},"author":2,"featured_media":12327,"comment_status":"open","ping_status":"open","sticky":false,"template":"","format":"standard","meta":{"footnotes":""},"categories":[6],"tags":[667,820,1094,1186,1195,1216,1452],"class_list":["post-12441","post","type-post","status-publish","format-standard","has-post-thumbnail","hentry","category-chronologien","tag-geheimdienste","tag-justiz","tag-polizei","tag-rassismus","tag-rechtsextremismus","tag-repression","tag-uebergriffe"],"_links":{"self":[{"href":"https:\/\/wp-dev.daten.cool\/index.php?rest_route=\/wp\/v2\/posts\/12441","targetHints":{"allow":["GET"]}}],"collection":[{"href":"https:\/\/wp-dev.daten.cool\/index.php?rest_route=\/wp\/v2\/posts"}],"about":[{"href":"https:\/\/wp-dev.daten.cool\/index.php?rest_route=\/wp\/v2\/types\/post"}],"author":[{"embeddable":true,"href":"https:\/\/wp-dev.daten.cool\/index.php?rest_route=\/wp\/v2\/users\/2"}],"replies":[{"embeddable":true,"href":"https:\/\/wp-dev.daten.cool\/index.php?rest_route=%2Fwp%2Fv2%2Fcomments&post=12441"}],"version-history":[{"count":0,"href":"https:\/\/wp-dev.daten.cool\/index.php?rest_route=\/wp\/v2\/posts\/12441\/revisions"}],"wp:featuredmedia":[{"embeddable":true,"href":"https:\/\/wp-dev.daten.cool\/index.php?rest_route=\/wp\/v2\/media\/12327"}],"wp:attachment":[{"href":"https:\/\/wp-dev.daten.cool\/index.php?rest_route=%2Fwp%2Fv2%2Fmedia&parent=12441"}],"wp:term":[{"taxonomy":"category","embeddable":true,"href":"https:\/\/wp-dev.daten.cool\/index.php?rest_route=%2Fwp%2Fv2%2Fcategories&post=12441"},{"taxonomy":"post_tag","embeddable":true,"href":"https:\/\/wp-dev.daten.cool\/index.php?rest_route=%2Fwp%2Fv2%2Ftags&post=12441"}],"curies":[{"name":"wp","href":"https:\/\/api.w.org\/{rel}","templated":true}]}}