{"id":12541,"date":"2017-01-03T18:32:18","date_gmt":"2017-01-03T18:32:18","guid":{"rendered":"https:\/\/cilip.site36.net\/?p=12541"},"modified":"2017-01-03T18:32:18","modified_gmt":"2017-01-03T18:32:18","slug":"chronologie-dezember-2016","status":"publish","type":"post","link":"https:\/\/wp-dev.daten.cool\/?p=12541","title":{"rendered":"Chronologie Dezember 2016"},"content":{"rendered":"<h3>zusammengestellt von Otto Diederichs<\/h3>\n<p>1. Dezember: <strong>Rechtsextremistische Terrorgruppe NSU:<\/strong> <a href=\"http:\/\/www.spiegel.de\/panorama\/justiz\/nsu-prozess-ralf-wohlleben-beantragt-ende-der-u-haft-a-1123964.html\">Zum wiederholten Male<\/a> beantragen die Verteidiger des mutma\u00dflichen NSU-Unterst\u00fctzers Ralf Wohlleben, ihren Mandanten aus der Untersuchungshaft zu entlassen. Am 5. Dezember <a href=\"http:\/\/www.focus.de\/regional\/potsdam\/landtag-justiz-findet-weitere-akten-fuer-nsu-ausschuesse_id_6297927.html\">teilt das Justizministerium Brandenburg mit<\/a>, dass weitere Akten zu Verfahren gegen den V-Mann \u201ePiatto\u201c gefunden und an die Untersuchungsaussch\u00fcsse des Land- und Bundestages weitergeleitet wurden. Mit einem knappen \u201eNein\u201c l\u00e4sst Beate Zsch\u00e4pe am 8. Dezember ihren Anwalt <a href=\"http:\/\/www.spiegel.de\/panorama\/justiz\/nsu-prozess-beate-zschaepe-verneint-kenntnis-von-details-zum-fall-peggy-a-1124971.html\">die Frage Gerichtes beantworten<\/a>, ob sie etwas \u00fcber eine eventuelle T\u00e4terschaft des NSU-Mitgliedes Uwe B\u00f6hnhardt am Mord an der Sch\u00fclerin Peggy wisse. Seine DNA war in der N\u00e4he des Tatortes der 2001 verschwundenen Sch\u00fclerin gefunden worden; die Herkunft ist unklar. Am gleichen Prozesstag beschlagnahmt das Gericht einen Brief Zsch\u00e4pes aus dem Jahr 2013 an einen Brieffreund aus der Neo-Nazi-Szene, der wegen bewaffneten Raub\u00fcberfalls in Haft sa\u00df. Als Begr\u00fcndung <a href=\"http:\/\/www.sueddeutsche.de\/politik\/nsu-prozess-verraeterische-zeilen-an-den-neonazi-brieffreund-1.3285943\">wird genannt<\/a>, das Schreiben gebe einen Einblick in ihre \u201ezeit\u00fcberdauernden Pers\u00f6nlichkeitsmerkmale\u201c. <!--more--><\/p>\n<p>Bei einer Zwischenbilanz im Brandenburger Landtag am 19. Dezember <a href=\"http:\/\/www.berliner-zeitung.de\/berlin\/brandenburg\/gesetzesaenderung-beantragt-geschwaerzte-akten-torpedieren-arbeit-im-nsu-ausschuss--25340436\">beklagen Mitglieder<\/a> des NSU-Untersuchungsausschuss dass in den \u00fcberstellten Akten des Verfassungsschutzes so viele Passagen geschw\u00e4rzt sind, dass Zusammenh\u00e4nge teilweise nicht mehr erkennbar seien. Mit einem umfangreichen Schriftsatz lehnen im M\u00fcnchner NSU-Prozess Zsch\u00e4pes Anw\u00e4lte am 20. Dezember den Gutachter ab, dessen forensisch-psychiatrisches und kriminalprognostisches Gutachten <a href=\"http:\/\/www.spiegel.de\/panorama\/justiz\/beate-zschaepe-nsu-prozess-verteidiger-wehren-sich-gegen-gutachten-von-henning-sass-a-1126828.html\">an diesem Tag verhandelt werden sollte<\/a>. Da das Gericht den Antrag der Verteidigung ablehnt, stellen die Anw\u00e4lte am 21. Dezember erneut einen Befangenheitsantrag gegen das Gericht. Der Prozess wird <a href=\"http:\/\/www.sueddeutsche.de\/politik\/nsu-prozess-alle-zschaepe-anwaelte-verbuenden-sich-gegen-das-gericht-1.3305334\">bis Januar 2017<\/a> unterbrochen.<\/p>\n<p><strong>BND-NSA-Kooperation:<\/strong> Union und SPD im NSA-Untersuchungsausschuss legen beim Bundesgerichtshof (BGH) <a href=\"http:\/\/www.zeit.de\/politik\/deutschland\/2016-12\/nsa-ausschuss-edward-snowden-bgh-beschwerde-koalition\">Beschwerde gegen dessen Entscheidung ein<\/a>, Edward Snowden eine Vernehmung vor dem Ausschuss zu erm\u00f6glichen. Die Enth\u00fcllungsplattform Wikileaks <a href=\"http:\/\/www.heute.de\/enthuellungsplattform-wikileaks-veroeffentlicht-geheime-dokumente-aus-nsa-untersuchungsausschuss-46025270.html\">ver\u00f6ffentlicht 2.420 geheime Dokumente<\/a> aus dem Untersuchungsausschuss.<\/p>\n<p><strong> Stasi-Mitarbeit:<\/strong> Die brandenburgische Sozialministerin Diana Golze (Linke) entl\u00e4sst den Vize-Direktor des Landesinstitutes f\u00fcr Rechtsmedizin <a href=\"https:\/\/www.rbb-online.de\/politik\/beitrag\/2016\/12\/golze-entlaesst-hochrangigen-beamte-amlandesinstitut-fuer-rechtsmedizin.html\">fristlos<\/a>. Grund ist eine verschwiegene fr\u00fchere Stasi-Mitarbeit des Mannes; er erhebt dagegen Klage beim Arbeitsgericht.<\/p>\n<p>2. Dezember: <strong>Rechtsradikale und fremdenfeindliche Angriffe auf Fl\u00fcchtlinge:<\/strong> In einem Berliner Linienbus <a href=\"http:\/\/www.morgenpost.de\/berlin\/polizeibericht\/article208868995\/Betrunkener-schubst-beleidigt-und-schlaegt-Mann-im-Bus.html\">beleidigt ein angetrunkener Mann<\/a> einen Albaner fremdenfeindlich und schl\u00e4gt ihn. Der T\u00e4ter kann unerkannt entkommen. Auf einer Veranstaltung werden in S\u00f6mmerda (Th\u00fcringen) am 11. Dezember drei Asylbewerber mit Schl\u00e4gen und Tritten traktiert und anschlie\u00dfend von etwa 15 Personen unter \u201evolksverhetzenden Parolen\u201c <a href=\"http:\/\/www.sueddeutsche.de\/panorama\/soemmerda-mob-hetzt-asylbewerber-durch-stadt-in-thueringen-1.3292239\">durch die Stadt gejagt<\/a>. Der B\u00fcrgermeister von S\u00f6mmerda best\u00e4tigt den Vorfall am 14. Dezember zwar, <a href=\"http:\/\/www.morgenpost.de\/vermischtes\/article208978559\/Buergermeister-von-Soemmerda-Streit-war-keine-rechte-Hetzjagd.html\">bestreitet jedoch<\/a> dass es sich bei den T\u00e4tern um Rechtsextremisten gehandelt hat. Die Staatsanwaltschaft (StA) Dresden (Sachsen) erhebt am 16. Dezember <a href=\"http:\/\/www.spiegel.de\/panorama\/justiz\/dresden-rechtsradikaler-wegen-versuchten-mordes-angeklagt-a-1126292.html\">Anklage gegen drei Rechtsradikale<\/a>, die im Juni auf einem Volksfest in Neustadt drei Ausl\u00e4nder brutal zusammengeschlagen hatten. Durch <a href=\"http:\/\/www.tagesspiegel.de\/politik\/arnsdorf-in-sachsen-fluechtling-mit-kabelbindern-gefesselt-vier-deutsche-angeklagt\/19155890.html\">Presseberichte<\/a> wird am 20. Dezember bekannt, dass gegen vier M\u00e4nner die im Mai in Arnsdorf (Sachsen) einen Fl\u00fcchtling nach einem Streit im Supermarkt mit Kabelbindern an einen Baum gefesselt hatten, Anklage wegen Freiheitsberaubung erhoben wurde.<\/p>\n<p><strong>Festnahmen von mutma\u00dflichen Dschihadisten:<\/strong> In Rheinland-Pfalz wird ein <a href=\"http:\/\/www.spiegel.de\/politik\/deutschland\/rheinland-pfalz-mutmasslicher-taliban-kaempfer-festgenommen-a-1124194.html\">mutma\u00dfliches Mitglied der afghanischen Taliban festgenommen<\/a>. Der Mann soll 2013 an K\u00e4mpfen teilgenommen haben. In Mannheim (Baden-W\u00fcrttemberg) und Aschaffenburg (Bayern) werden am 9. Dezember zwei Jugendliche festgenommen, die im Verdacht stehen einen Anschlag in Aschaffenburg geplant zu haben. <a href=\"http:\/\/www.spiegel.de\/politik\/deutschland\/aschaffenburg-jugendliche-wegen-moeglicher-anschlagsplaene-festgenommen-a-1125187.html\">Bei Durchsuchungen<\/a> werden Flaggen des IS und islamistisches Propagandamaterial gefunden. Am 14. Dezember teilt die Bundesanwaltschaft (BAW) mit, dass sie gegen einen Anfang November in Berlin festgenommenen Terrorverd\u00e4chtigen <a href=\"http:\/\/www.berliner-zeitung.de\/berlin\/ashraf-al-t\u2014neuer-haftbefehl-gegen-schoeneberger-terrorverdaechtigen-beantragt-25298914\">erneut Haftbefehl<\/a> wegen mutma\u00dflicher Mitgliedschaft im IS erlassen hat. Seither sa\u00df der Mann lediglich wegen Verdacht auf Urkundenf\u00e4lschung in Haft. In Niedersachsen verhaftet die Polizei am 20. Dezember einen Mann <a href=\"http:\/\/www.spiegel.de\/politik\/deutschland\/mutmassliches-is-mitglied-24-jaehriger-marokkaner-wegen-terrorverdacht-verhaftet-a-1127035.html\">unter dem Verdacht der IS-Mitgliedschaft<\/a>. Er soll in Verbindung mit Anschl\u00e4gen in Paris stehen und sich auch nach seiner Einreise nach Deutschland im Mai 2015 f\u00fcr Anweisungen bereit gehalten haben. In Duisburg (NRW) nimmt die Polizei am Morgen des 23. Dezember <a href=\"http:\/\/www.spiegel.de\/politik\/deutschland\/duisburg-zwei-festnahmen-wegen-anschlagsverdachts-a-1127292.html\">zwei M\u00e4nner fest<\/a>, die im Verdacht stehen, einen Anschlag auf ein Einkaufszentrum in Oberhausen geplant zu haben. Am 31. Dezember nimmt die Polizei in Saarbr\u00fccken (Saarland) einen Syrer fest, der <a href=\"http:\/\/www.spiegel.de\/politik\/deutschland\/saarland-syrer-wegen-terrorverdachts-festgenommen-a-1128237.html\">zum Jahreswechsel einen Anschlag geplant<\/a> haben soll.<\/p>\n<p><strong>Islamist beim Verfassungsschutz:<\/strong> Der im Bundesamt f\u00fcr Verfassungsschutz (BfV) enttarnte islamistische \u201eMaulwurf\u201c soll Islamisten in einem Internet-Chat <a href=\"http:\/\/www.spiegel.de\/politik\/deutschland\/verfassungsschutz-maulwurf-wollte-interna-an-islamisten-weitergeben-a-1124124.html\">angeboten haben<\/a>, ihnen mitzuteilen \u201ewo ein Verr\u00e4ter\u201c in ihren Reihen zu finden sei.<\/p>\n<p>4. Dezember: <strong>Homophobe Angriffe:<\/strong> Vor einem bereits geschlossenen Schwulenclub in Berlin <a href=\"http:\/\/www.tagesspiegel.de\/berlin\/queerspiegel\/polizeieinsatz-in-berlin-schoeneberg-drei-maenner-homophob-beleidigt\/14930786.html\">randalieren drei alkoholisierte M\u00e4nner<\/a>. Als ein Mitarbeiter sie auch m\u00fcndlich darauf hinweist dass der Club geschlossen ist, wird er homophob beschimpft. Die M\u00e4nner werden vorl\u00e4ufig festgenommen. Auf einem Berliner U-Bahnhof werden am 16. Dezember drei schwule M\u00e4nner <a href=\"http:\/\/www.berliner-zeitung.de\/berlin\/polizei\/alexanderplatz-drei-homosexuelle-in-u-bahn-station-angegriffen-25315732\">von vier anderen M\u00e4nnern beschimpft und geschlagen<\/a>, ein T\u00e4ter kann festgenommen werden. Erneut wird am 27. Dezember auf einem Berliner U-Bahnhof ein junger Mann <a href=\"http:\/\/www.berliner-zeitung.de\/berlin\/polizei\/polizeireport-junger-mann-am-s-bahnhof-tempelhof-beleidigt-und-verpruegelt-25377210\">homophob beleidigt und angegriffen<\/a>. Er muss mit Kopfverletzungen in ein Krankenhaus gebracht werden. Wiederum in Berlin beleidigen in der Nacht zum 30. Dezember zwei M\u00e4nner drei schwule M\u00e4nner, <a href=\"http:\/\/www.morgenpost.de\/berlin\/polizeibericht\/article20. Dezember 471\/Schwulenhasser-greifen-drei-Maenner-in-Prenzlauer-Berg-an.html\">greifen sie an und verletzen sie leicht<\/a>.<\/p>\n<p><strong> Trojaner mit Polizeiadresse:<\/strong> Die Polizei in K\u00f6ln (NRW) <a href=\"http:\/\/www.presseportal.de\/blaulicht\/pm\/12415\/3501568\">warnt bundesweit vor ein einer eMail<\/a>, die suggeriert von ihr zu stammen und in der der Empf\u00e4nger als Beschuldigter eines Betrugsverfahrens genannt wird.<\/p>\n<p>5. Dezember: <strong>Dschihadisten-Prozesse:<\/strong> Die StA K\u00f6ln (NRW) <a href=\"http:\/\/www.spiegel.de\/politik\/deutschland\/koeln-fluechtling-wegen-mutmasslicher-anschlags-plaene-angeklagt-a-1124435.html\">teilt mit<\/a>, dass sie gegen einen im September festgenommenen 16j\u00e4hrigen syrischen Fl\u00fcchtling Anklage wegen der Vorbereitung einer schweren staatsgef\u00e4hrdenden Straftat erhoben hat. Der Jugendliche wird beschuldigt von einem Chatpartner mit Bezug zum \u201eIslamischen Staat\u201c (IS) Anweisungen f\u00fcr einen Anschlag erhalten zu haben.<\/p>\n<p><strong> Bombenbauer festgenommen:<\/strong> Die Duisburger Polizei <a href=\"http:\/\/www.spiegel.de\/panorama\/justiz\/voerde-im-rheinland-polizei-stellt-mutmassliche-bombenbauer-a-1124727.html\">gibt bekannt<\/a>, dass sie zwei M\u00e4nner aus Voerde (NRW) als Bombenbauer festgenommen hat. Einer der M\u00e4nner habe bereits gestanden mehrere Sprengvorrichtungen gebaut und getestet zu haben.<\/p>\n<p><strong>\u201eReichsb\u00fcrger\u201c:<\/strong> In Neufahrn (Bayern) <a href=\"http:\/\/www.spiegel.de\/panorama\/justiz\/reichsbuerger-in-bayern-polizei-beschlagnahmt-waffenarsenal-a-1124721.html\">beschlagnahmt die Polizei bei einem \u201eReichsb\u00fcrger<\/a>\u201c mehrere Waffen und gr\u00f6\u00dfere Mengen Munition. Am 13. Dezember <a href=\"http:\/\/www.sueddeutsche.de\/bayern\/2.220\/chieming-reichsbuerger-hortet-illegal-waffen-und-munition-1.3295030\">durchsucht die Polizei<\/a> die Wohnung eines \u201eReichsb\u00fcrgers\u201c in Chieming (Bayern) und findet mehrere Schusswaffen, Munition und eine unbekannte Chemikalie. Gegen den Mann wird Haftbefehl erlassen. In Wipperf\u00fcrth (NRW) greift <a href=\"http:\/\/www.morgenpost.de\/vermischtes\/article208983729\/Reichsbuerger-Paar-leistet-Widerstand-Polizistin-verletzt.html\">am gleichen Tag<\/a> eine \u201eReichsb\u00fcrgerin\u201c eine Polizistin an, die einem Schornsteinfeger Einlass in die Wohnung verschaffen sollte und verletzt sie. Gegen die Frau und ihren Mann wird ein Verfahren eingeleitet. Am 15. Dezember <a href=\"http:\/\/www.spiegel.de\/panorama\/justiz\/bremen-entzieht-reichsbuergern-das-recht-auf-waffen-a-1126126.html\">ver\u00f6ffentlicht<\/a> Bremens Innensenator Ulrich M\u00e4urer (SPD) einen Erlass, wonach \u201eReichsb\u00fcrger\u201c in der Hansestadt ab sofort keine Waffenerlaubnis mehr erhalten und bereits bestehende aufgehoben werden. Bei einem \u201eReichsb\u00fcrger\u201c-Paar in Witten (NRW) <a href=\"http:\/\/www.berliner-zeitung.de\/politik\/waffenarsenal-bei\u2014reichsbuerger--rentnerpaar-sichergestellt-25345686\">beschlagnahmt die Polizei<\/a> am 19. Dezember weit \u00fcber ein Dutzend Schusswaffen. Bei einer Verkehrskontrolle in Aerzen (Niedersachsen) am 28. Dezember weigert sich ein \u201eReichsb\u00fcrger\u201c sich auszuweisen und <a href=\"http:\/\/www.spiegel.de\/panorama\/justiz\/niedersachsen-reichsbuerger-verletzt-zwei-polizeibeamte-a-1127880.html\">greift die Polizisten an<\/a>. Ebenfalls am 28. Dezember beschlagnahmt die Polizei in M\u00f6nchengladbach (NRW) bei einem \u201eReichsb\u00fcrger\u201c mehrere Waffen.<\/p>\n<p>7. Dezember:<strong> Anschlag auf Sikh-Tempel:<\/strong> Unter Ausschluss der \u00d6ffentlichkeit <a href=\"http:\/\/www.berliner-zeitung.de\/panorama\/prozessbeginn-drei-jugendliche-nach-anschlag-auf-sikh-tempel-vor-gericht-25236390\">beginnt vor einer Jugendkammer<\/a> des Essener Landgerichts (LG) der Prozess gegen drei Jugendliche, die im April einen Bombenanschlag auf einen Sikh-Tempel in Essen (NRW) ver\u00fcbt hatten. Dabei waren drei Menschen verletzt worden, einer schwer.<\/p>\n<p><strong>Rechtsradikalismus:<\/strong> Auf eine Anfrage der Links-Fraktion <a href=\"http:\/\/www.tagesspiegel.de\/politik\/rechtsextremismus-in-deutschland-polizei-fahndet-nach-hunderten-neonazis\/14946376.html\">teilt das Bundesinnenministerium (BMI) mit<\/a>, dass von der Polizei bis Anfang Oktober insgesamt 598 abgetauchte Rechtsextremisten per Haftbefehl gesucht wurden. Auf einem Berliner Weihnachtsmarkt zeigt am 8. Dezember ein Mann den Hitlergru\u00df und skandiert rechte Parolen. <a href=\"http:\/\/www.tagesspiegel.de\/berlin\/polizei-justiz\/rechte-parolen-in-berlin-mitte-hitlergruss-auf-weihnachtsmarkt\/14956306.html\">Er wird festgenommen<\/a>.<\/p>\n<p>8. Dezember: <strong>\u201ePatriotische Europ\u00e4er gegen die Islamisierung des Abendlandes\u201c (Pegida):<\/strong> Das Kreisverwaltungsamt M\u00fcnchen (Bayern) <a href=\"http:\/\/www.sueddeutsche.de\/muenchen\/rechte-demonstrationen-pegida-chef-darf-keine-versammlungen-mehr-leiten-1.3288126\">verbietet dem Chef der dortigen Pegida-Bewegung<\/a>, bis Ende 2017 Demonstrationen zu leiten.<\/p>\n<p><strong> Rockerkriminalit\u00e4t:<\/strong> In Zusammenhang mit dem Mord an einem Rocker der \u201eGuerilla Nation MC Legion Ost\u201c im August in Berlin durchsuchen Polizeibeamte <a href=\"http:\/\/www.morgenpost.de\/berlin\/article209014285\/Durchsuchungen-in-Brandenburg-nach-Rockermord-in-Berlin.html\">drei Objekte der \u201eHells Angels\u201c<\/a> im brandenburgischen R\u00fcdnitz. In mehreren St\u00e4dten Brandenburgs durchsuchen am 14. Dezember Polizisten erneut <a href=\"http:\/\/www.berliner-zeitung.de\/berlin\/brandenburg\/grossrazzia-gegen-rocker-150-polizisten-durchsuchen-22-objekte-25295400\">insgesamt 22 Objekte<\/a> der Rockergruppen \u201eHells Angels\u201c und \u201eRed Devils\u201c wegen des Verdachts der Bildung einer kriminellen Vereinigung und schwerer r\u00e4uberischer Erpressung.<\/p>\n<p>9. Dezember:<strong> Rechtsradikale Straftaten:<\/strong> Die Generalstaatsanwaltschaft (GStA) <a href=\"http:\/\/www.spiegel.de\/politik\/deutschland\/dresden-festnahme-nach-bombenanschlag-auf-moschee-a-1125122.html\">teilt mit<\/a>, dass ein Tatverd\u00e4chtiger f\u00fcr die Bombenanschl\u00e4ge auf eine Moschee und das Kongresszentrum in Dresden (Sachsen) Ende September festgenommen wurde. Bei der Durchsuchung seiner R\u00e4ume werden Gegenst\u00e4nde zur Herstellung von Sprengstoff- und Brandvorrichtungen gefunden. Am gleichen Tag wird in Birkenwerder (Brandenburg) der Kleinbus eines Vereins gegen Rechtsradikalismus und Fremdenfeindlichkeit <a href=\"http:\/\/www.taz.de\/Angriff-auf-Verein-gegen-Rassismus\/!5364579\/\">angez\u00fcndet<\/a>. In der Nacht zum 10. Dezember wird in Frankfurt\/M. (Hessen) das Bistro eines Fl\u00fcchtlingsprojektes verw\u00fcstet und ein Schreiben hinterlassen, <a href=\"http:\/\/www.faz.net\/aktuell\/gesellschaft\/kriminalitaet\/angriff-auf-frankfurter-fluechtlingsprojekt-project-shelter-14569014.html\">in dem gedroht wird<\/a> auch Mitglieder des Projektes pers\u00f6nlich anzugreifen. Der Anschlag auf die Wohnung des s\u00e4chsischen Justizminister Gemkow (CDU) vom November 2015 ist gekl\u00e4rt; dies wird am 12. Dezember <a href=\"http:\/\/www.berliner-zeitung.de\/politik\/tat-aufgeklaert-rechtsextreme-veruebten-anschlag-auf-sachsens-justizminister-gemkow-25263804\">durch Presseberichte<\/a> bekannt. Mithilfe von DNA-Spuren konnten zwei Rechtsextremisten \u00fcberf\u00fchrt und festgenommen werden. In Dortmund (NRW) <a href=\"http:\/\/www.morgenpost.de\/vermischtes\/article209. Dezember 89\/Neonazis-besetzen-Kirche-in-Dortmund-und-zuenden-Pyrotechnik.html\">verbarrikadieren sich<\/a> am 16. Dezember Rechtsradikale in einer Kirche und h\u00e4ngen ein Transparent mit fremdenfeindlichen Parolen an den Turm w\u00e4hrend weitere Rechtsextremisten Flugbl\u00e4tter an Passanten verteilen. Acht Personen werden festgenommen.<\/p>\n<p><strong> Rechtsextreme Terrorgruppe \u201eFreital\u201c:<\/strong> Die Polizei in Dresden (Sachsen) erkl\u00e4rt, dass ein Beamter der Bereitschaftspolizei <a href=\"http:\/\/www.spiegel.de\/politik\/deutschland\/freital-polizist-wegen-geheimnisverrats-suspendiert-a-1125301.html\">vom Dienst suspendiert<\/a>, ein Disziplinarverfahren eingeleitet wurde und die Staatsanwaltschaft ermittele. Der Mann wurde bereits 2015 von Mitgliedern der Anfang November wegen Gr\u00fcndung einer rechtsterroristischen Vereinigung angeklagten Gruppe namentlich als Tippgeber von dienstinternen Informationen benannt worden. Am 13. Dezember gibt Sachsens Justizminister bekannt, dass <a href=\"http:\/\/www.spiegel.de\/panorama\/justiz\/freital-geheimnisverrat-an-terrorgruppe-polizisten-unter-verdacht-a-1125838.html\">inzwischen gegen zwei Beamte<\/a> wegen des Verdachts des Geheimnisverrates ermittelt wird.<\/p>\n<p>12. Dezember:<strong> Mord an Polizist:<\/strong> Das LG Limburg (Hessen) <a href=\"http:\/\/www.spiegel.de\/panorama\/justiz\/messerattacke-von-herborn-lebenslang-fuer-mord-an-polizist-a-1125554.html\">verurteilt einen Mann<\/a>, der an Heiligabend 2015 auf dem Bahnhof Herborn einen Polizisten erstochen hatte und einen zweiten verletzte, zu einer lebenslangen Freiheitsstrafe. Am 27. Dezember <a href=\"http:\/\/www.faz.net\/aktuell\/gesellschaft\/kriminalitaet\/polizistenmord-von-herborn-rechtsmittel-gegen-urteil-eingelegt-14593499.html\">gibt das LG bekannt<\/a>, dass der Mann gegen das Urteil Revision beim BGH eingelegt hat.<\/p>\n<p><strong> Schleuserkriminalit\u00e4t:<\/strong> In Berlin <a href=\"http:\/\/www.berliner-zeitung.de\/berlin\/polizei\/berlin-reinickendorf-polizei-geht-mit-razzia-gegen-schleuserbande-vor-25289712\">durchsucht die Polizei<\/a> drei Wohnungen von mutma\u00dflichen Fluchthelfern und nimmt zwei M\u00e4nner fest. Ihnen wird vorgeworfen, mindestens neun Menschen aus dem Kosovo nach Deutschland geschleust zu haben. Neben gef\u00e4lschten Papieren werden eine Schusswaffe und Munition gefunden. Am 20. Dezember spricht das LG K\u00f6ln (NRW) <a href=\"http:\/\/www.spiegel.de\/panorama\/justiz\/schleuserprozess-landgericht-koeln-spricht-syrer-frei-a-1126798.html\">zwei junge Syrer vom Vorwurf frei<\/a>, Mitglieder einer Schleuserbande zu sein. Den M\u00e4nnern war vorgeworfen worden f\u00fcr den Tod von mindestens acht Fl\u00fcchtlingen im Mittelmeer mitschuldig zu sein.<\/p>\n<p>13. Dezember:<strong> Rechte und fremdenfeindliche Angriffe auf Fl\u00fcchtlingsheime:<\/strong> In der Nacht wird erneut ein Brandanschlag auf eine Fl\u00fcchtlingsunterkunft in Bautzen (Sachsen) ver\u00fcbt. Die Brands\u00e4tze <a href=\"http:\/\/www.spiegel.de\/politik\/deutschland\/bautzen-brandanschlag-mit-molotowcocktails-auf-unterkunft-fuer-fluechtlinge-a-1125753.html\">verfehlen ihr Ziel oder z\u00fcnden nicht<\/a>. Am 15. Dezember setzt das LG Potsdam (Brandenburg) einen der Angeklagten des Brandanschlages auf eine Fl\u00fcchtlings-Notunterkunft in Nauen gegen Auflagen <a href=\"http:\/\/www.berliner-zeitung.de\/berlin\/brandenburg\/brandanschlag-in-nauen--landgericht-laesst-einen-angeklagten-frei-25298786\">auf freien Fu\u00df<\/a>. Er hatte zuvor einger\u00e4umt, bei dem Anschlag im August 2015 \u201eSchmiere\u201c gestanden zu haben. Auf ein Hotel in D\u00fcsseldorf (NRW) in dem bis vor wenigen Monaten Fl\u00fcchtlinge untergebracht waren, wird am 17. Dezember <a href=\"http:\/\/www.berliner-zeitung.de\/politik\/ehemalige-fluechtlingsunterkunft-zwei-verletzte-nach-mutmasslichem-brandanschlag-25319260\">ein Brandanschlag ver\u00fcbt<\/a>. Zwei Menschen werden verletzt, davon einer schwer. Nach Durchsuchungen werden am 23. Dezember drei junge M\u00e4nner <a href=\"http:\/\/www.taz.de\/Brandanschlag-auf-Asylunterkunft\/!5369952\/\">unter dem Verdacht festgenommen<\/a>, 10 Tage zuvor den Brandanschlag auf das Bautzener Fl\u00fcchtlingsheim ver\u00fcbt zu haben. Bis zum 27. Dezember kam es in der Bundesrepublik <a href=\"http:\/\/www.spiegel.de\/politik\/deutschland\/rechtsextremismus-zahl-der-anschlaege-auf-fluechtlingsheime-bleibt-hoch-a-1127814.html\">zu 921 Anschl\u00e4gen auf Fl\u00fcchtlingsheime<\/a> (2015: 1.031); dies gibt das BKA am 28. Dezember bekannt.<\/p>\n<p><strong> Kriminelle Polizisten:<\/strong> Das LG Dresden (Sachsen) verurteilt einen ehemaligen Kriminalbeamten wegen Mordes und St\u00f6rung der Totenruhe <a href=\"http:\/\/www.spiegel.de\/panorama\/justiz\/zerstueckelte-leiche-ex-polizist-zu-haftstrafe-verurteilt-a-1125631.html\">zu einer Haftstrafe von rund achteinhalb Jahren<\/a>. Er hatte einen anderen Mann, den er \u00fcber ein Kannibalen-Forum im Internet kennengelernt hatte, im November 2013 get\u00f6tet und zerst\u00fcckelt.<\/p>\n<p>14. Dezember: <strong>\u201ePolizeikessel\u201c rechtens:<\/strong> Das Bundesverfassungsgericht (BVerfG) <a href=\"http:\/\/www.spiegel.de\/politik\/deutschland\/bundesverfassungsgericht-polizeikessel-sind-auch-mit-unbeteiligten-erlaubt-a-1125858.html\">ver\u00f6ffentlicht sein Urteil<\/a>, wonach die Polizei bei Demonstrationen mit Ausschreitungen im Zweifel auch friedliche Protestierende einkesseln darf. Geklagt hatte ein Demonstrant, der bei der Blockupy-Demonstration in Frankfurt(M. (Hessen) im Juni 2013 rund f\u00fcnf Stunden festgesetzt worden war (Az.: 1 BvR 289\/15).<\/p>\n<p><strong> Entf\u00fchrung von Landeskriminalamt bezahlt:<\/strong> Das LG M\u00fcnchen <a href=\"http:\/\/www.sueddeutsche.de\/muenchen\/prozess-landeskriminalamt-zahlte-euro-fuer-entfuehrung-1.3294933\">verurteilt einen ehemaligen jugoslawischen Geheimagenten<\/a>, der im Herbst 2009 einen als mutma\u00dflichen M\u00f6rder gesuchten Mann aus Schweden nach Deutschland entf\u00fchrt hatte, zu einer Bew\u00e4hrungsstrafe von einem Jahr und neun Monaten. Daf\u00fcr hatte er vom Landeskriminalamt (LKA) M\u00fcnchen 15.000 EUR erhalten. Ein Ermittlungsverfahren gegen die beteiligten Beamten wurde eingestellt.<\/p>\n<p>15. Dezember: <strong>Sammelabschiebung:<\/strong> In den fr\u00fchen Morgenstunden werden vom Flughafen Frankfurt\/M. (Hessen) 34 Afghanen in ihre Heimat abgeschoben. Nach Angaben von Bundesinnenminister Thomas de Maizi\u00e8re (CDU) handelt es sich bei einem Drittel um Straft\u00e4ter. Mehrere Hundert Menschen <a href=\"http:\/\/www.tagesspiegel.de\/politik\/umstrittene-asylpolitik-de-maiziere-nennt-abschiebung-von-afghanen-richtig-und-notwendig\/14980722.html\">protestieren gegen die Abschiebung<\/a>.<\/p>\n<p><strong> Mutma\u00dflicher Attent\u00e4ter festgenommen:<\/strong> In Hamburg wird <a href=\"http:\/\/www.spiegel.de\/politik\/deutschland\/tuerkischer-mutmasslicher-spion-soll-attentate-geplant-haben-a-1126437.html\">ein mutma\u00dflicher t\u00fcrkischer Spion verhaftet<\/a>, der Attentate auf zwei in Deutschland lebende hochrangige Kurden geplant haben soll.<\/p>\n<p>16. Dezember:<strong> Mi\u00dfgl\u00fcckte Bombenanschl\u00e4ge:<\/strong> Die <a href=\"http:\/\/www.spiegel.de\/politik\/deutschland\/ludwigshafen-12-jaehriger-plante-offenbar-bombenanschlag-auf-weihnachtsmarkt-a-1126175.html\">BAW best\u00e4tigt<\/a>, dass sie gegen einen. 12-J\u00e4hrigen ermittelt, der im Verdacht steht, Ende November und Anfang Dezember Sprengstoffanschl\u00e4ge in Ludwigshafen (Rheinland-Pfalz) versucht zu haben. Die Sprengs\u00e4tze hatten jedoch nicht gez\u00fcndet.<\/p>\n<p>19. Dezember:<strong> Terroranschlag in Berlin:<\/strong> Mit hoher Geschwindigkeit f\u00e4hrt ein schwerer LKW in den Weihnachtsmarkt an der Ged\u00e4chtniskirche. 12 Menschen werden unmittelbar get\u00f6tet, knapp 50 verletzt, zum Teil schwer; der T\u00e4ter kann fliehen. Etwa eine Stunde sp\u00e4ter <a href=\"http:\/\/www.tagesspiegel.de\/themen\/reportage\/katastrophe-am-breitscheidplatz-mitten-ins-herz\/19154424.html\">wird ein vermeintlicher T\u00e4ter festgenommen<\/a>. Der LKW wurde gestohlen, dessen Fahrer <a href=\"http:\/\/www.sueddeutsche.de\/panorama\/2.220\/moeglicher-anschlag-an-der-berliner-gedaechtniskirche-ein-verdaechtiger-festgenommen-toter-beifahrer-ist-polnischer-staatsbuerger-1.3302440\">liegt erschossen in im Fahrerhaus<\/a>. Am n\u00e4chsten Tag wird der Festgenommene, ein pakistanischer Asylbewerber, <a href=\"http:\/\/www.spiegel.de\/politik\/deutschland\/anschlag-in-berlin-warum-der-tatverdaechtige-naved-b-wieder-auf-freiem-fuss-ist-a-1126862.html\">wieder aus der Haft entlassen<\/a>, da sich der Tatverdacht nicht erh\u00e4rten lie\u00df. Am Abend des 20. Dezember <a href=\"http:\/\/www.faz.net\/aktuell\/politik\/inland\/is-sprachrohr-veroeffentlicht-angebliches-amri-video-14589395.html\">reklamiert der IS den Anschlag f\u00fcr sich<\/a>. Das Internet-Hinweisportal des BKA zum Anschlag wird am 20. Dezember lahmgelegt, die St\u00f6rung jedoch . Am 21. Dezember gibt die Polizei bekannt, dass sie im F\u00fchrerhaus des LKW eine Duldungsbescheinigung f\u00fcr einen Tunesier gefunden hat. <a href=\"http:\/\/www.tagesspiegel.de\/berlin\/anschlag-auf-dem-breitscheidplatz-ermittler-es-gab-einen-kampf-im-lastwagen\/19161150.html\">Nach ihm wird gefahndet.<\/a> In polizeilichen Datenbanken ist der Mann als sog. \u201eGef\u00e4hrder\u201c mit h\u00e4ufig wechselnden Identit\u00e4ten und Aufenthaltsorten eingestuft, der im Sommer <a href=\"http:\/\/www.morgenpost.de\/bezirke\/charlottenburg-wilmersdorf\/article209051119\/Untergetaucht-Gesuchter-Tunesier-war-als-Gefaehrder-bekannt.html\">abgeschoben werden sollte<\/a>, was jedoch <a href=\"http:\/\/www.tagesspiegel.de\/berlin\/anschlag-auf-dem-breitscheidplatz-anis-amri-in-berlin-monatelang-ueberwacht-ohne-ergebnis\/19161150.html\">an Formalit\u00e4ten scheiterte<\/a>. Am 23. Dezember wird der mutma\u00dfliche Attent\u00e4ter bei einer Routinekontrolle in Mailand <a href=\"http:\/\/www.spiegel.de\/politik\/deutschland\/berlin-anis-amri-laut-italienischen-innenminister-in-mailand-erschossen-a-1127344.html\">erschossen und anhand seiner Fingerabdr\u00fccke identifiziert<\/a>. Am 28. Dezember nimmt die Polizei in Berlin <a href=\"http:\/\/www.spiegel.de\/politik\/deutschland\/zugriff-in-berlin-mutmasslicher-kontaktmann-von-amri-festgenommen-a-1127773.html\">einen mutma\u00dflichen Kontaktmann des vermutlichen Attent\u00e4ters fest<\/a>. Er wird jedoch bereits am n\u00e4chsten Tag <a href=\"http:\/\/www.spiegel.de\/politik\/deutschland\/attentat-in-berlin-verdacht-gegen-mutmasslichen-kontaktmann-nicht-bestaetigt-a-1127932.html\">wieder freigelassen<\/a>, da sich der Verdacht nicht best\u00e4tigt.<\/p>\n<p><strong> Polizei unterliegt gegen AfD-Mitglied:<\/strong> Im Arbeitsgerichtsprozess eines brandenburgischer Politikers der rechtspopulistischen \u201eAlternative f\u00fcr Deutschland (AfD) und mehrfachen Redners der \u201ePegida Havelland\u201c gegen die Berliner Polizei kommt es zu einem Vergleich. Der Kriminaltechniker beim Berliner LKA war wegen seiner \u00c4u\u00dferungen abgemahnt worden. Das LKA muss diese Abmahnung nunmehr bis Ende Mai 2017 <a href=\"http:\/\/www.berliner-zeitung.de\/berlin\/vergleich-gericht-stoppt-abmahnung-gegen-lka-mitarbeiter-wegen-rechter-aeusserungen-25339944\">wieder l\u00f6schen<\/a>.<\/p>\n<p>21. Dezember:<strong> Rechte Demonstrationen nach Berliner Anschlag:<\/strong> Unter dem Motto \u201eGrenzen dicht machen\u201c veranstaltet die NPD mit rund 130 Anh\u00e4ngern eine <a href=\"http:\/\/www.spiegel.de\/politik\/deutschland\/anschlag-in-berlin-rechte-und-linke-protestieren-a-1127062.html\">Kundgebung in der N\u00e4he des Anschlagsortes<\/a> (GegendemonstrantInnen: 800). Nahezu gleichzeitig nehmen etwa 200 Personen an einer AfD-Demonstration \u201eMehr Sicherheit f\u00fcr Deutschland\u201c im Regierungsviertel teil, w\u00e4hrend rund 30 SympathisantInnen der rechten Identit\u00e4ren Bewegung den Eingangsbereich der CDU-Zentrale blockieren.<\/p>\n<p>23. Dezember:<strong> Angebliche Anschlagsvorbereitung:<\/strong> Aufgrund von Hinweisen des Verfassungsschutzes nimmt die Polizei in Duisburg (NRW) zwei Br\u00fcder aus dem Kosovo unter dem Verdacht fest, m\u00f6glicherweise einen Anschlag auf ein Einkaufs-Centrum in Oberhausen vorzubereiten. Sie sollen <a href=\"http:\/\/www.tagesspiegel.de\/politik\/womoeglich-anschlag-in-oberhausen-vereitelt-festgenommene-brueder-sollen-is-kontakt-gehabt-haben\/19172116.html\">\u201eeinen IS-Bezug\u201c haben<\/a>. Am n\u00e4chsten Tag werden sie <a href=\"http:\/\/www.spiegel.de\/politik\/deutschland\/oberhausen-nach-anschlagsverdacht-festgenommene-brueder-wieder-freigelassen-a-1127466.html\">wieder freigelassen<\/a>, da sich der Verdacht nicht erh\u00e4rtet.<\/p>\n<p><strong> Salafismus:<\/strong> Das LfV Berlin gibt bekannt, das es in der Hauptstadt <a href=\"http:\/\/www.tagesspiegel.de\/politik\/verfassungsschutz-zahl-der-salafisten-in-berlin-deutlich-gestiegen\/19170424.html\">840 Salafisten festgestellt<\/a> habe (2012: 400) von denen 380 als \u201egewaltorientiert\u201c einstuft werden. Insgesamt gebe es in Deutschland rund 9.600 Salafisten.<\/p>\n<p>27. Dezember:<strong> \u201eStuttgart 21\u201c:<\/strong> Die Opfer des rechtswidrigen Wasserwerfereinsatzes bei einer Demonstration gegen das Bauprojekt \u201eStuttgart 21\u201c im September 2010 <a href=\"http:\/\/www.tagesspiegel.de\/politik\/nach-demo-gegen-stuttgart-21-opfer-des-wasserwerfereinsatzes-akzeptieren-entschaedigung\/19180418.html\">erkl\u00e4ren sich bereit<\/a>, Entsch\u00e4digungen zwischen 14.000 EUR und 120.000 EUR anzunehmen.<\/p>\n<p><strong> Polizisten verurteilt:<\/strong> Durch Presseberichte wird bekannt, dass das LG Kleve (NRW) zwei Polizeibeamte wegen fahrl\u00e4ssiger T\u00f6tung <a href=\"http:\/\/www.spiegel.de\/panorama\/justiz\/moers-landgericht-verurteilt-polizisten-wegen-fahrlaessiger-toetung-zu-bewaehrungsstrafe-a-1127673.html\">zu halbj\u00e4hrigen Bew\u00e4hrungsstrafen verurteilt hat<\/a>. Sie hatten vor etwa zwei Jahren einen schwer betrunkenen Mann in Moers kilometerweit von dessen Wohnung ausgesetzt, der danach bei einem Unfall t\u00f6dlich verletzt worden war.<\/p>\n<p>31. Dezember:<strong> Silvesterfeier in K\u00f6ln:<\/strong> Nach den schweren sexuellen \u00dcbergriffen auf Frauen durch junge nordafrikanische M\u00e4nner im letzten Jahr hat die Polizei in diesem Jahr die Sicherheitsma\u00dfnahmen erheblich erh\u00f6ht. Unter anderem \u00fcberpr\u00fcfte sie dabei rund 650 Personen \u2013 zumeist NordafrikanerInnen &#8211; bereits bei der Anreise. Rund 190 Platzverweise werden erteilt, 92 Personen in Gewahrsam genommen und 27 vorl\u00e4ufig festgenommen. <a href=\"http:\/\/www.tagesspiegel.de\/politik\/silvestereinsatz-in-koeln-koelner-polizeipraesident-die-stimmung-haette-kippen-koennen\/19197612.html\">Zu gr\u00f6\u00dferen Delikten kommt es nicht<\/a>, wohingegen eine breite Debatte \u00fcber rassistisches Profiling und die polizeiliche Verwendung des Begriffs \u201eNafri\u201c (Nordafrikaner) <a href=\"http:\/\/www.spiegel.de\/kultur\/gesellschaft\/koeln-und-nafri-debatte-fragen-bleiben-erlaubt-kolumne-a-1128365.html\">angesto\u00dfen wird<\/a>. F\u00fcr einen entsprechenden Tweet hat sich die K\u00f6lner Polizei <a href=\"http:\/\/www.tagesanzeiger.ch\/ausland\/europa\/Koelner-Polizei-entschuldigt-sich-fuer-Begriff-Nafris\/story\/16004546\">inzwischen entschuldigt<\/a>.<\/p>\n<blockquote class=\"twitter-tweet\" data-width=\"550\" data-dnt=\"true\">\n<p lang=\"de\" dir=\"ltr\"><a href=\"https:\/\/twitter.com\/hashtag\/PolizeiNRW?src=hash&amp;ref_src=twsrc%5Etfw\">#PolizeiNRW<\/a> <a href=\"https:\/\/twitter.com\/hashtag\/Silvester2016?src=hash&amp;ref_src=twsrc%5Etfw\">#Silvester2016<\/a> <a href=\"https:\/\/twitter.com\/hashtag\/SicherInK%C3%B6ln?src=hash&amp;ref_src=twsrc%5Etfw\">#SicherInK\u00f6ln<\/a>: Am HBF werden derzeit mehrere Hundert Nafris \u00fcberpr\u00fcft. Infos folgen. <a href=\"https:\/\/t.co\/VYMQuT6B7u\">https:\/\/t.co\/VYMQuT6B7u<\/a> <a href=\"https:\/\/t.co\/cCVVdRwr9D\">pic.twitter.com\/cCVVdRwr9D<\/a><\/p>\n<p>&mdash; Polizei NRW K (@polizei_nrw_k) <a href=\"https:\/\/twitter.com\/polizei_nrw_k\/status\/815318640094572548?ref_src=twsrc%5Etfw\">December 31, 2016<\/a><\/p><\/blockquote>\n<p><script async src=\"https:\/\/platform.twitter.com\/widgets.js\" charset=\"utf-8\"><\/script><\/p>\n<h3>Beitragsbild: Martin Kaul\/ <a href=\"https:\/\/twitter.com\/martinkaul\/status\/810966745867517954\">Twitter<\/a><\/h3>\n","protected":false},"excerpt":{"rendered":"<p>zusammengestellt von Otto Diederichs 1. Dezember: Rechtsextremistische Terrorgruppe NSU: Zum wiederholten Male beantragen die Verteidiger<\/p>\n","protected":false},"author":2,"featured_media":12539,"comment_status":"open","ping_status":"open","sticky":false,"template":"","format":"standard","meta":{"footnotes":""},"categories":[6],"tags":[667,820,1094,1186,1195,1216,1452],"class_list":["post-12541","post","type-post","status-publish","format-standard","has-post-thumbnail","hentry","category-chronologien","tag-geheimdienste","tag-justiz","tag-polizei","tag-rassismus","tag-rechtsextremismus","tag-repression","tag-uebergriffe"],"_links":{"self":[{"href":"https:\/\/wp-dev.daten.cool\/index.php?rest_route=\/wp\/v2\/posts\/12541","targetHints":{"allow":["GET"]}}],"collection":[{"href":"https:\/\/wp-dev.daten.cool\/index.php?rest_route=\/wp\/v2\/posts"}],"about":[{"href":"https:\/\/wp-dev.daten.cool\/index.php?rest_route=\/wp\/v2\/types\/post"}],"author":[{"embeddable":true,"href":"https:\/\/wp-dev.daten.cool\/index.php?rest_route=\/wp\/v2\/users\/2"}],"replies":[{"embeddable":true,"href":"https:\/\/wp-dev.daten.cool\/index.php?rest_route=%2Fwp%2Fv2%2Fcomments&post=12541"}],"version-history":[{"count":0,"href":"https:\/\/wp-dev.daten.cool\/index.php?rest_route=\/wp\/v2\/posts\/12541\/revisions"}],"wp:featuredmedia":[{"embeddable":true,"href":"https:\/\/wp-dev.daten.cool\/index.php?rest_route=\/wp\/v2\/media\/12539"}],"wp:attachment":[{"href":"https:\/\/wp-dev.daten.cool\/index.php?rest_route=%2Fwp%2Fv2%2Fmedia&parent=12541"}],"wp:term":[{"taxonomy":"category","embeddable":true,"href":"https:\/\/wp-dev.daten.cool\/index.php?rest_route=%2Fwp%2Fv2%2Fcategories&post=12541"},{"taxonomy":"post_tag","embeddable":true,"href":"https:\/\/wp-dev.daten.cool\/index.php?rest_route=%2Fwp%2Fv2%2Ftags&post=12541"}],"curies":[{"name":"wp","href":"https:\/\/api.w.org\/{rel}","templated":true}]}}