{"id":12597,"date":"2017-02-02T02:06:49","date_gmt":"2017-02-02T02:06:49","guid":{"rendered":"https:\/\/cilip.site36.net\/?p=12597"},"modified":"2017-02-02T02:06:49","modified_gmt":"2017-02-02T02:06:49","slug":"daenemark-bei-europol-herabgestuft","status":"publish","type":"post","link":"https:\/\/wp-dev.daten.cool\/?p=12597","title":{"rendered":"D\u00e4nemark bei Europol herabgestuft"},"content":{"rendered":"<p>Ab dem 1. Mai 2017 soll D\u00e4nemark bei Europol nur noch als Drittstaat angesehen werden. Die Polizeiagentur will daf\u00fcr ein sogenanntes Drittstaatsabkommen mit der Regierung in Kopenhagen verhandeln. Den Entwurf eines Durchf\u00fchrungsbeschlusses zur Aufnahme in die Liste der L\u00e4nder f\u00fcr solche Abkommen hat der Rat der EU bereits im Dezember ver\u00f6ffentlicht.<a href=\"#_ftn1\" name=\"_ftnref1\">[1]<\/a> Davon abgedeckt w\u00e4re unter anderem der Austausch von personenbezogenen Daten und Verschlusssachen oder die begrenzte Mitarbeit in gemeinsamen Operationen.<!--more--><\/p>\n<p>Im Vertrag von Lissabon erhielt D\u00e4nemark die M\u00f6glichkeit des \u201eOpt out\u201c, also des Ausstiegs aus einzelnen Ma\u00dfnahmen unter anderem im Bereich der Justiz- und Innenpolitik. In einer Volksabstimmung im Dezember 2015 woll\u00adte die Regierung dieses Prinzip zum \u201eOpt in\u201c umkehren. Das Parlament h\u00e4tte dadurch das Recht erhalten, die Teilnahme an einzelnen Ma\u00dfnahmen eigenst\u00e4ndig zu beschlie\u00dfen. Von einer solchen M\u00f6glichkeit macht beispielsweise Gro\u00dfbritannien bislang Gebrauch. Das Lager des \u201eNein\u201c siegte in D\u00e4nemark mit 53 Prozent.<\/p>\n<p>D\u00e4nemark w\u00e4re der erste EU-Mitgliedstaat, mit dem Europol ein Drittstaatsabkommen schlie\u00dft. Die derzeit 14 \u00fcber ein \u201eoperative agree\u00adment\u201c eingebundenen L\u00e4nder k\u00f6nnen VerbindungsbeamtInnen zur EU-Polizeiagentur entsenden, die begrenzten Zugriff auf die dortigen Informationssysteme erhalten. Ihre Polizeizentralen werden auch \u00fcber grenz\u00fcberschreitende Ermittlungen informiert, wenn diese ihr Land betreffen.<\/p>\n<p>Anfang Dezember hatten sich Kommissionspr\u00e4sident Juncker, Ratspr\u00e4sident Tusk und D\u00e4nemarks Premierminister Rasmussen auf einen Fahrplan \u00fcber die \u201eausreichende operative Zusammenarbeit\u201c verst\u00e4ndigt.<a href=\"#_ftn2\" name=\"_ftnref2\">[2]<\/a> Voraussetzung ist, dass D\u00e4nemark im Schengen-Raum verbleibt und sich weiter der Rechtsprechung des Europ\u00e4ischen Gerichtshofs unterwirft. Bis Mai muss die Regierung auch die Richtlinie \u00fcber den Datenschutz in Polizei-Angelegenheiten in d\u00e4nisches Recht umsetzen und die Zust\u00e4ndigkeit des EU-Datenschutzbeauftragten anerkennen.<\/p>\n<p><a href=\"#_ftnref1\" name=\"_ftn1\">[1]<\/a>\u00a0Ratsdok.15763\/16 v. 21.12.2016<\/p>\n<p><a href=\"#_ftnref2\" name=\"_ftn2\">[2]<\/a>\u00a0Pressemitteilung Kommission v. 15.12.2016<\/p>\n","protected":false},"excerpt":{"rendered":"<p>Ab dem 1. Mai 2017 soll D\u00e4nemark bei Europol nur noch als Drittstaat angesehen werden.<\/p>\n","protected":false},"author":3,"featured_media":0,"comment_status":"open","ping_status":"open","sticky":false,"template":"","format":"standard","meta":{"footnotes":""},"categories":[117,145],"tags":[],"class_list":["post-12597","post","type-post","status-publish","format-standard","hentry","category-cilip-112","category-meldungen-europa"],"_links":{"self":[{"href":"https:\/\/wp-dev.daten.cool\/index.php?rest_route=\/wp\/v2\/posts\/12597","targetHints":{"allow":["GET"]}}],"collection":[{"href":"https:\/\/wp-dev.daten.cool\/index.php?rest_route=\/wp\/v2\/posts"}],"about":[{"href":"https:\/\/wp-dev.daten.cool\/index.php?rest_route=\/wp\/v2\/types\/post"}],"author":[{"embeddable":true,"href":"https:\/\/wp-dev.daten.cool\/index.php?rest_route=\/wp\/v2\/users\/3"}],"replies":[{"embeddable":true,"href":"https:\/\/wp-dev.daten.cool\/index.php?rest_route=%2Fwp%2Fv2%2Fcomments&post=12597"}],"version-history":[{"count":0,"href":"https:\/\/wp-dev.daten.cool\/index.php?rest_route=\/wp\/v2\/posts\/12597\/revisions"}],"wp:attachment":[{"href":"https:\/\/wp-dev.daten.cool\/index.php?rest_route=%2Fwp%2Fv2%2Fmedia&parent=12597"}],"wp:term":[{"taxonomy":"category","embeddable":true,"href":"https:\/\/wp-dev.daten.cool\/index.php?rest_route=%2Fwp%2Fv2%2Fcategories&post=12597"},{"taxonomy":"post_tag","embeddable":true,"href":"https:\/\/wp-dev.daten.cool\/index.php?rest_route=%2Fwp%2Fv2%2Ftags&post=12597"}],"curies":[{"name":"wp","href":"https:\/\/api.w.org\/{rel}","templated":true}]}}