{"id":12601,"date":"2017-02-02T13:27:32","date_gmt":"2017-02-02T13:27:32","guid":{"rendered":"https:\/\/cilip.site36.net\/?p=12601"},"modified":"2017-02-02T13:27:32","modified_gmt":"2017-02-02T13:27:32","slug":"e-privacy-keine-regeln-fuer-vertrauliche-kommunikation","status":"publish","type":"post","link":"https:\/\/wp-dev.daten.cool\/?p=12601","title":{"rendered":"E-Privacy: Keine Regeln f\u00fcr vertrauliche Kommunikation"},"content":{"rendered":"<p>Die EU hat mit der Verabschiedung der Europ\u00e4ischen Datenschutzreform den Weg f\u00fcr einen gemeinsamen europ\u00e4ischen Datenschutzraum geebnet. Die Reform erstreckt sich jedoch nicht \u00fcber alle Bereiche, die einen zeitgem\u00e4\u00dfen Datenschutz ausmachen. Insbesondere bei der digitalen Kommunikation gibt es Regulierungsl\u00fccken. Daher steht nun die Reform der e-Privacy-Richtlinie aus dem Jahr 2002 an, die den Umgang mit elektronischer Kommunikation regelt. Das ist dringend n\u00f6tig, denn die Richtlinie deckt etwa beliebte Messenger-Dienste wie Whats\u00adApp und Skype nicht ab. Gem\u00e4\u00df dem Verordnungsvorschlag der Kommission vom Januar 2017 sollen diese sogenannten Over-the-top Dienste im Schutzniveau k\u00fcnftig mit althergebrachten Diensten wie der SMS gleichgestellt werden. Ebenso sollen k\u00fcnftig Browser mit einer Do-Not-Track-Funk\u00adtion ausgestattet sein, die auch einzuhalten ist.<a href=\"#_ftn1\" name=\"_ftnref1\">[1]<\/a> Bei Verst\u00f6\u00dfen gegen die Bestimmungen drohen ebenso wie bei der Datenschutzverordnung empfindliche Strafen von bis zu vier Prozent des Jahresumsatzes. Nach dem Vorschlag der Kommission soll die e-Privacy Richtlinie zudem in eine Verordnung \u00fcberf\u00fchrt werden und w\u00e4re damit von den Mitgliedstaaten nach Verabschiedung sofort anzuwenden.<!--more--><\/p>\n<p>W\u00e4hrend das Schutzniveau vor Aussp\u00e4hungen durch Unternehmen deutlich in dem Entwurf verbessert wird, sucht man Regulierungen zum Schutz vor staatlicher \u00dcberwachung vergeblich. Es fehlt die Vorgabe, dass Kommunikationsdienste mit einer sicheren Verschl\u00fcsslung ausgestattet sein m\u00fcssen, obwohl sich j\u00fcngst bei einer Eurobarometer-Umfrage 92 Prozent der Befragten f\u00fcr die Vertraulichkeit der Kommunikation ausgesprochen haben.<a href=\"#_ftn2\" name=\"_ftnref2\">[2]<\/a> Auch \u00fcber die Vorratsdatenspeicherung von Kommunikationsdaten schweigt sich die Verordnung aus, obwohl sich der Europ\u00e4ische Gerichtshof im Dezember 2016 klar gegen eine \u201eallgemeine und unterschiedslose\u201c Vorratsdatenspeicherung bei elektronischen Kom\u00admu\u00adnikationsdiensten ausgesprochen hat.<a href=\"#_ftn3\" name=\"_ftnref3\">[3]<\/a> Dadurch wird es weiterhin den Mitgliedstaaten \u00fcberlassen, entsprechende Regeln einzuf\u00fchren. Diese Regulierungsl\u00fccken k\u00f6nnten nun im laufenden Prozess vom EU-Parlament und Rat korrigiert werden. \u00a0 (Alexander Sander)<\/p>\n<p><a href=\"#_ftnref1\" name=\"_ftn1\">[1]<\/a>\u00a0Com (2017) 10 final v. 10.1.2017<\/p>\n<p><a href=\"#_ftnref2\" name=\"_ftn2\">[2]<\/a>\u00a0<a href=\"http:\/\/europa.eu\/rapid\/press-release_MEMO-17-17_de.htm\">http:\/\/europa.eu\/rapid\/press-release_MEMO-17-17_de.htm<\/a><\/p>\n<p><a href=\"#_ftnref3\" name=\"_ftn3\">[3]<\/a>\u00a0EuGH: Pressemitteilung 145\/16 v. 21.12.2016; Urteile C-213\/15 und C-698\/15<\/p>\n<h3>Beitragsbild: <a href=\"https:\/\/creativecommons.org\/licenses\/by-sa\/2.0\/\">CC-BY-SA 2.0<\/a> <a href=\"https:\/\/www.flickr.com\/photos\/g4ll4is\/8521624548\/sizes\/k\/\">g4ll4is<\/a><\/h3>\n","protected":false},"excerpt":{"rendered":"<p>Die EU hat mit der Verabschiedung der Europ\u00e4ischen Datenschutzreform den Weg f\u00fcr einen gemeinsamen europ\u00e4ischen<\/p>\n","protected":false},"author":2,"featured_media":12605,"comment_status":"open","ping_status":"open","sticky":false,"template":"","format":"standard","meta":{"footnotes":""},"categories":[117,145],"tags":[],"class_list":["post-12601","post","type-post","status-publish","format-standard","has-post-thumbnail","hentry","category-cilip-112","category-meldungen-europa"],"_links":{"self":[{"href":"https:\/\/wp-dev.daten.cool\/index.php?rest_route=\/wp\/v2\/posts\/12601","targetHints":{"allow":["GET"]}}],"collection":[{"href":"https:\/\/wp-dev.daten.cool\/index.php?rest_route=\/wp\/v2\/posts"}],"about":[{"href":"https:\/\/wp-dev.daten.cool\/index.php?rest_route=\/wp\/v2\/types\/post"}],"author":[{"embeddable":true,"href":"https:\/\/wp-dev.daten.cool\/index.php?rest_route=\/wp\/v2\/users\/2"}],"replies":[{"embeddable":true,"href":"https:\/\/wp-dev.daten.cool\/index.php?rest_route=%2Fwp%2Fv2%2Fcomments&post=12601"}],"version-history":[{"count":0,"href":"https:\/\/wp-dev.daten.cool\/index.php?rest_route=\/wp\/v2\/posts\/12601\/revisions"}],"wp:featuredmedia":[{"embeddable":true,"href":"https:\/\/wp-dev.daten.cool\/index.php?rest_route=\/wp\/v2\/media\/12605"}],"wp:attachment":[{"href":"https:\/\/wp-dev.daten.cool\/index.php?rest_route=%2Fwp%2Fv2%2Fmedia&parent=12601"}],"wp:term":[{"taxonomy":"category","embeddable":true,"href":"https:\/\/wp-dev.daten.cool\/index.php?rest_route=%2Fwp%2Fv2%2Fcategories&post=12601"},{"taxonomy":"post_tag","embeddable":true,"href":"https:\/\/wp-dev.daten.cool\/index.php?rest_route=%2Fwp%2Fv2%2Ftags&post=12601"}],"curies":[{"name":"wp","href":"https:\/\/api.w.org\/{rel}","templated":true}]}}