{"id":12678,"date":"2017-03-09T17:17:18","date_gmt":"2017-03-09T17:17:18","guid":{"rendered":"https:\/\/cilip.site36.net\/?p=12678"},"modified":"2017-03-09T17:17:18","modified_gmt":"2017-03-09T17:17:18","slug":"redaktionsmitteilung-28","status":"publish","type":"post","link":"https:\/\/wp-dev.daten.cool\/?p=12678","title":{"rendered":"Redaktionsmitteilung"},"content":{"rendered":"<p>Seit dem Anschlag auf den Weihnachtsmarkt an der Berliner Ged\u00e4chtniskirche am 19. Dezember 2016 haben sich die Parteien, die (bisher noch) in einer Gro\u00dfen Koalition vereinigt sind, mit Vorschl\u00e4gen \u00fcberboten, wie sie k\u00fcnftige Anschl\u00e4ge verhindern wollen. Das wollen sie nicht nur mit den \u00fcblichen Mitteln der \u00dcberwachung, sondern auch mit der elektronischen \u201eFu\u00dffessel\u201c.<\/p>\n<p>Eingesetzt werden soll sie nicht nur gegen bereits einschl\u00e4gig Verurteilte, die man zwar nach dem Ende der Strafe aus der Haft entlassen muss, aber nicht aus der Rund-um-die-Uhr-Kontrolle freigeben will. Neue Regelungen im Aufenthaltsgesetz und im BKA-Gesetz sollen daf\u00fcr sorgen, dass auch \u201eGef\u00e4hrdern\u201c diese Freiheitsbeschr\u00e4nkung aufgezwungen werden kann \u2013 Leuten also, die (bisher) keine Straftat begangen haben, bei denen die Polizei aber vermutet, dass sie k\u00fcnftig eine begehen k\u00f6nnten.<!--more--><\/p>\n<p>Der bayerischen Landesregierung wiederum ist die Freiheitsbeschr\u00e4nkung zu wenig. Sie will \u201eGef\u00e4hrdern\u201c die Freiheit auch pr\u00e4ventiv entziehen k\u00f6nnen. Die bisherige Begrenzung des \u201eUnterbindungsgewahrsams\u201c auf 14 Tage soll gestrichen werden, aber \u201ebei erstmaliger Anordnung\u201c d\u00fcrfe \u201eeine H\u00f6chstdauer von einem Jahr keinesfalls \u00fcberschritten werden\u201c. Mitten im Wahlkampf mag sich eine solche \u2013 definitiv verfassungswidrige \u2013 Idee als effizientes Mittel gegen \u201eGef\u00e4hrder\u201c verkaufen lassen. Den Berliner Anschlag h\u00e4tte es nicht geben k\u00f6nnen, wenn sein Urheber in Bayerisch Guant\u00e1namo eingesperrt worden w\u00e4re. Aber Achtung: Der Attent\u00e4ter von Nizza, bei dem sich Anis Amri seine Vorgehensweise abgeschaut hat, war der Polizei v\u00f6llig unbekannt.<\/p>\n<p>***<\/p>\n<p>Die n\u00e4chste Ausgabe von B\u00fcrgerrechte &amp; Polizei\/CILIP befasst sich im Schwerpunkt mit Programmen zur \u201eDeradikalisierung\u201c und der Rolle, die Polizei und Geheimdienste darin spielen.<\/p>\n<h3>Beitragsbild: &#8222;Survivor&#8220; beim &#8222;Europ\u00e4ischen Polizeikongress&#8220; (Matthias Monroy).<\/h3>\n","protected":false},"excerpt":{"rendered":"<p>Seit dem Anschlag auf den Weihnachtsmarkt an der Berliner Ged\u00e4chtniskirche am 19. Dezember 2016 haben<\/p>\n","protected":false},"author":9,"featured_media":12648,"comment_status":"open","ping_status":"open","sticky":false,"template":"","format":"standard","meta":{"footnotes":""},"categories":[117,141],"tags":[],"class_list":["post-12678","post","type-post","status-publish","format-standard","has-post-thumbnail","hentry","category-cilip-112","category-editorials"],"_links":{"self":[{"href":"https:\/\/wp-dev.daten.cool\/index.php?rest_route=\/wp\/v2\/posts\/12678","targetHints":{"allow":["GET"]}}],"collection":[{"href":"https:\/\/wp-dev.daten.cool\/index.php?rest_route=\/wp\/v2\/posts"}],"about":[{"href":"https:\/\/wp-dev.daten.cool\/index.php?rest_route=\/wp\/v2\/types\/post"}],"author":[{"embeddable":true,"href":"https:\/\/wp-dev.daten.cool\/index.php?rest_route=\/wp\/v2\/users\/9"}],"replies":[{"embeddable":true,"href":"https:\/\/wp-dev.daten.cool\/index.php?rest_route=%2Fwp%2Fv2%2Fcomments&post=12678"}],"version-history":[{"count":0,"href":"https:\/\/wp-dev.daten.cool\/index.php?rest_route=\/wp\/v2\/posts\/12678\/revisions"}],"wp:featuredmedia":[{"embeddable":true,"href":"https:\/\/wp-dev.daten.cool\/index.php?rest_route=\/wp\/v2\/media\/12648"}],"wp:attachment":[{"href":"https:\/\/wp-dev.daten.cool\/index.php?rest_route=%2Fwp%2Fv2%2Fmedia&parent=12678"}],"wp:term":[{"taxonomy":"category","embeddable":true,"href":"https:\/\/wp-dev.daten.cool\/index.php?rest_route=%2Fwp%2Fv2%2Fcategories&post=12678"},{"taxonomy":"post_tag","embeddable":true,"href":"https:\/\/wp-dev.daten.cool\/index.php?rest_route=%2Fwp%2Fv2%2Ftags&post=12678"}],"curies":[{"name":"wp","href":"https:\/\/api.w.org\/{rel}","templated":true}]}}