{"id":12682,"date":"2017-03-09T17:00:33","date_gmt":"2017-03-09T17:00:33","guid":{"rendered":"https:\/\/cilip.site36.net\/?p=12682"},"modified":"2017-03-09T17:00:33","modified_gmt":"2017-03-09T17:00:33","slug":"das-bverfg-zum-blockupy-polizeikessel","status":"publish","type":"post","link":"https:\/\/wp-dev.daten.cool\/?p=12682","title":{"rendered":"Das BVerfG zum Blockupy-Polizeikessel"},"content":{"rendered":"<p>Bei den Blockupy-Protesten im Juni 2013 war ein Teil des Demonstrationszugs von der Polizei eingekesselt worden. Die fast tausend Betroffenen durften erst nach mehreren Stunden den Kessel verlassen, nachdem sie Identit\u00e4tsfeststellungen, Durchsuchungen und Videobildaufnahmen \u00fcber sich hatten ergehen lassen m\u00fcssen. Mit einer Verfassungsbeschwerde wehrte sich hiergegen eine der festgehaltenen Personen. Die Festhaltung seiner Person h\u00e4tte nicht vorgenommen werden d\u00fcrfen, da kein konkreter Verdacht gegen ihn vorgelegen habe, die Einschr\u00e4nkung seiner Bewegungsfreiheit habe unverh\u00e4ltnism\u00e4\u00dfig lange gedauert, so der Kl\u00e4ger. <!--more-->Das Bundesverfassungsgericht (BVerfG) wies die Beschwerde mit der fragw\u00fcrdigen Begr\u00fcndung ab, die Betroffenen h\u00e4tten die zeitlichen Verz\u00f6gerungen selbst auf Grund des geleisteten Widerstands zu verantworten.<a href=\"#_ftn1\" name=\"_ftnref1\">[1]<\/a> Dem Beschwerdef\u00fchrer selbst konnte zwar kein rechtswidriges Verhalten nachgewiesen werden. Allein seine Anwesenheit in einem Demonstrationsblock, von dem die Polizei \u2013 auf Grund eines \u201eplanvoll-systematischen Zusammenwirkens\u201c \u2013 habe annehmen d\u00fcrfen, dass fast alle dort befindlichen Personen die \u201eGewaltt\u00e4ter best\u00e4rkt\u201c h\u00e4tten, sei f\u00fcr die Begr\u00fcndung eines Anfangsverdachts ausreichend, die Identit\u00e4tsfeststellung folglich rechtm\u00e4\u00dfig.<\/p>\n<p>Der Beschluss stellt einen herben R\u00fcckschlag in der Rechtsprechung des BVerfG zur Versammlungsfreiheit dar. Seit dem Brokdorf-Urteil aus dem Jahr 1985 war es st\u00e4ndige Rechtsprechung, dass die Versammlungsfreiheit friedlicher DemonstrantInnen nur dann eingeschr\u00e4nkt wer\u00adden darf, wenn die Demonstration als Ganze einen unfriedlichen Verlauf nimmt, nicht aber wenn vereinzelt Ausschreitungen von kleineren Gruppen ausgehen. Einen insgesamt unfriedlichen Verlauf der Demonstration hatte Karlsruhe aber nicht angenommen. (Louisa Zech)<\/p>\n<h6><a href=\"#_ftnref1\" name=\"_ftn1\">[1]<\/a> \u00a0 BVerfG: Beschluss v. 2.11.201<em>6, <\/em><em>Az.: 1 BvR 289\/15*a<\/em><\/h6>\n<h3>Beitragsbild: Ruben Neugebauer<\/h3>\n","protected":false},"excerpt":{"rendered":"<p>Bei den Blockupy-Protesten im Juni 2013 war ein Teil des Demonstrationszugs von der Polizei eingekesselt<\/p>\n","protected":false},"author":2,"featured_media":10861,"comment_status":"open","ping_status":"open","sticky":false,"template":"","format":"standard","meta":{"footnotes":""},"categories":[117,146],"tags":[],"class_list":["post-12682","post","type-post","status-publish","format-standard","has-post-thumbnail","hentry","category-cilip-112","category-meldungen-inland"],"_links":{"self":[{"href":"https:\/\/wp-dev.daten.cool\/index.php?rest_route=\/wp\/v2\/posts\/12682","targetHints":{"allow":["GET"]}}],"collection":[{"href":"https:\/\/wp-dev.daten.cool\/index.php?rest_route=\/wp\/v2\/posts"}],"about":[{"href":"https:\/\/wp-dev.daten.cool\/index.php?rest_route=\/wp\/v2\/types\/post"}],"author":[{"embeddable":true,"href":"https:\/\/wp-dev.daten.cool\/index.php?rest_route=\/wp\/v2\/users\/2"}],"replies":[{"embeddable":true,"href":"https:\/\/wp-dev.daten.cool\/index.php?rest_route=%2Fwp%2Fv2%2Fcomments&post=12682"}],"version-history":[{"count":0,"href":"https:\/\/wp-dev.daten.cool\/index.php?rest_route=\/wp\/v2\/posts\/12682\/revisions"}],"wp:featuredmedia":[{"embeddable":true,"href":"https:\/\/wp-dev.daten.cool\/index.php?rest_route=\/wp\/v2\/media\/10861"}],"wp:attachment":[{"href":"https:\/\/wp-dev.daten.cool\/index.php?rest_route=%2Fwp%2Fv2%2Fmedia&parent=12682"}],"wp:term":[{"taxonomy":"category","embeddable":true,"href":"https:\/\/wp-dev.daten.cool\/index.php?rest_route=%2Fwp%2Fv2%2Fcategories&post=12682"},{"taxonomy":"post_tag","embeddable":true,"href":"https:\/\/wp-dev.daten.cool\/index.php?rest_route=%2Fwp%2Fv2%2Ftags&post=12682"}],"curies":[{"name":"wp","href":"https:\/\/api.w.org\/{rel}","templated":true}]}}