{"id":12771,"date":"2017-03-25T20:07:37","date_gmt":"2017-03-25T20:07:37","guid":{"rendered":"https:\/\/cilip.site36.net\/?p=12771"},"modified":"2017-03-25T20:07:37","modified_gmt":"2017-03-25T20:07:37","slug":"gipfel-der-repression","status":"publish","type":"post","link":"https:\/\/wp-dev.daten.cool\/?p=12771","title":{"rendered":"Gipfel der Repression"},"content":{"rendered":"<p><strong>Veranstaltung in Berlin zur Sicherheitsarchitektur beim Treffen der G20 in Hamburg <\/strong><\/p>\n<p>Nicht nur linke Bewegungen mobilisieren zum Gipfeltreffen der G20 in Hamburg, auch Polizeien, Geheimdienste und das Milit\u00e4r bieten ein betr\u00e4chtliches Arsenal auf. Protestbewegungen werden im Vorfeld ausgeforscht und kriminalisiert. Ermittlungsaussch\u00fcsse warnen vor vermehrten Spitzel-Anwerbeversuchen und rechnen mit massenhaften Gef\u00e4hrderansprachen zur Einsch\u00fcchterung. Schon jetzt werden Absperrungen gebaut, Demonstrationsverbote verh\u00e4ngt, kurz vor dem Gipfel werden die Kontrollen der Schengen-Grenzen wieder eingef\u00fchrt. Mindestens 15.000 Einsatzkr\u00e4fte sind angek\u00fcndigt. Bundeskriminalamt und Bundespolizei agieren innerhalb der \u201eroten Zone\u201c, Bereitschaftspolizeien der L\u00e4nder bewachen den Zaun. F\u00fcr den Gipfel wird ein ber\u00fcchtigter Einsatzleiter der Polizei f\u00fcr einige Tage aus der Verwaltung zur\u00fcckgeholt. In Hamburg-Harburg entsteht eine Gefangenensammelstelle mit 400 Pl\u00e4tzen, was f\u00fcr die Ingewahrsamnahmen w\u00e4hrend des Gipfels vermutlich nicht ausreichen wird.<\/p>\n<blockquote class=\"alignright\"><p>Freitag, 28. April, 20.00 Uhr<br \/>\n<a href=\"http:\/\/www.theaterbuendnis.de\/\">Theaterspielraum im Bethanien\/ S\u00fcdfl\u00fcgel<\/a>, Mariannenstra\u00dfe 2B,<br \/>\nBerlin-Kreuzberg<\/p><\/blockquote>\n<p>In der Veranstaltung geben wir einen \u00dcberblick \u00fcber die sogenannte Sicherheitsarchitektur, wie sie bei Gipfelprotesten in Heiligendamm, Elmau und jetzt in Hamburg gezimmert wird. Das bleibt nicht unbeantwortet: Auch in Hamburg gibt es Antirepressionsgruppen, solidarische Anw\u00e4ltInnen und Demonstrationsbeobachtungen.<\/p>\n<p>Es referieren Andreas Blechschmidt (Rote Flora) und Rechtsanwalt Christian Woldmann (Anwaltlicher Notdienst).<\/p>\n<p><em>MitarbeiterInnen von Innenministerien sind bei der Veranstaltung unerw\u00fcnscht.<\/em><\/p>\n<h4>Andreas Blechschmidt:<\/h4>\n<audio class=\"wp-audio-shortcode\" id=\"audio-12771-1\" preload=\"none\" style=\"width: 100%;\" controls=\"controls\"><source type=\"audio\/mpeg\" src=\"http:\/\/archiv.cilip.de\/Audio\/20170428_VA_CILIP_Gipfel_der_Repression.mp3?_=1\" \/><a href=\"http:\/\/archiv.cilip.de\/Audio\/20170428_VA_CILIP_Gipfel_der_Repression.mp3\">http:\/\/archiv.cilip.de\/Audio\/20170428_VA_CILIP_Gipfel_der_Repression.mp3<\/a><\/audio>\n<h4>Christian Woldmann:<\/h4>\n<audio class=\"wp-audio-shortcode\" id=\"audio-12771-2\" preload=\"none\" style=\"width: 100%;\" controls=\"controls\"><source type=\"audio\/mpeg\" src=\"http:\/\/archiv.cilip.de\/Audio\/20170428_VA_CILIP_Christian_Woldmann.mp3?_=2\" \/><a href=\"http:\/\/archiv.cilip.de\/Audio\/20170428_VA_CILIP_Christian_Woldmann.mp3\">http:\/\/archiv.cilip.de\/Audio\/20170428_VA_CILIP_Christian_Woldmann.mp3<\/a><\/audio>\n<h4>Andreas Blechschmidt zu Sondereinheiten HH:<\/h4>\n<audio class=\"wp-audio-shortcode\" id=\"audio-12771-3\" preload=\"none\" style=\"width: 100%;\" controls=\"controls\"><source type=\"audio\/mpeg\" src=\"http:\/\/archiv.cilip.de\/Audio\/20170428_VA_CILIP_Andreas_Blechschmidt_Sondereinheiten.mp3?_=3\" \/><a href=\"http:\/\/archiv.cilip.de\/Audio\/20170428_VA_CILIP_Andreas_Blechschmidt_Sondereinheiten.mp3\">http:\/\/archiv.cilip.de\/Audio\/20170428_VA_CILIP_Andreas_Blechschmidt_Sondereinheiten.mp3<\/a><\/audio>\n<p><em>Veranstaltet vom Institut f\u00fcr B\u00fcrgerrechte &amp; \u00f6ffentliche Sicherheit und dem Republikanischen Anw\u00e4ltinnen- und Anw\u00e4lteverein.<\/em><\/p>\n","protected":false},"excerpt":{"rendered":"<p>Veranstaltung in Berlin zur Sicherheitsarchitektur beim Treffen der G20 in Hamburg Nicht nur linke Bewegungen<\/p>\n","protected":false},"author":2,"featured_media":0,"comment_status":"open","ping_status":"open","sticky":false,"template":"","format":"standard","meta":{"footnotes":""},"categories":[150],"tags":[],"class_list":["post-12771","post","type-post","status-publish","format-standard","hentry","category-veranstaltungen"],"_links":{"self":[{"href":"https:\/\/wp-dev.daten.cool\/index.php?rest_route=\/wp\/v2\/posts\/12771","targetHints":{"allow":["GET"]}}],"collection":[{"href":"https:\/\/wp-dev.daten.cool\/index.php?rest_route=\/wp\/v2\/posts"}],"about":[{"href":"https:\/\/wp-dev.daten.cool\/index.php?rest_route=\/wp\/v2\/types\/post"}],"author":[{"embeddable":true,"href":"https:\/\/wp-dev.daten.cool\/index.php?rest_route=\/wp\/v2\/users\/2"}],"replies":[{"embeddable":true,"href":"https:\/\/wp-dev.daten.cool\/index.php?rest_route=%2Fwp%2Fv2%2Fcomments&post=12771"}],"version-history":[{"count":0,"href":"https:\/\/wp-dev.daten.cool\/index.php?rest_route=\/wp\/v2\/posts\/12771\/revisions"}],"wp:attachment":[{"href":"https:\/\/wp-dev.daten.cool\/index.php?rest_route=%2Fwp%2Fv2%2Fmedia&parent=12771"}],"wp:term":[{"taxonomy":"category","embeddable":true,"href":"https:\/\/wp-dev.daten.cool\/index.php?rest_route=%2Fwp%2Fv2%2Fcategories&post=12771"},{"taxonomy":"post_tag","embeddable":true,"href":"https:\/\/wp-dev.daten.cool\/index.php?rest_route=%2Fwp%2Fv2%2Ftags&post=12771"}],"curies":[{"name":"wp","href":"https:\/\/api.w.org\/{rel}","templated":true}]}}