{"id":1279,"date":"2006-08-01T12:07:39","date_gmt":"2006-08-01T12:07:39","guid":{"rendered":"http:\/\/www.cilip.de\/?p=1279"},"modified":"2006-08-01T12:07:39","modified_gmt":"2006-08-01T12:07:39","slug":"mitarbeiterinnen-dieser-ausgabe-84-22006","status":"publish","type":"post","link":"https:\/\/wp-dev.daten.cool\/?p=1279","title":{"rendered":"MitarbeiterInnen dieser Ausgabe 84 (2\/2006)"},"content":{"rendered":"<p><!--more--><\/p>\n<p><i>Heiner Busch<\/i>, Bern, Redakteur von B\u00fcrgerrechte &amp; Polizei\/CILIP und Vorstandsmitglied des Komitees f\u00fcr Grundrechte und Demokratie<\/p>\n<p><i>Tony Bunyan<\/i>, London, Herausgeber von Statewatch<\/p>\n<p><i>Otto Diederichs<\/i>, Berlin, freier Journalist<\/p>\n<p><i>Volker Eick<\/i>, Berlin, Politikwissenschaftler an der Freien Universit\u00e4t (FU) Berlin, John-F.-Kennedy-Institut, Abteilung Politik<\/p>\n<p><i>Ben Hayes<\/i>, London, Mitarbeiter von Statewatch<\/p>\n<p><i>Mark Holzberger<\/i>, Berlin, Referent f\u00fcr Fl\u00fcchtlings- und Migrationspolitik in der Bundestagsfraktion von B\u00fcndnis 90\/Die Gr\u00fcnen und Mitglied der Redaktion von B\u00fcrgerrechte &amp; Polizei\/CILIP<\/p>\n<p><i>Martina Kant<\/i>, Berlin, Redakteurin von B\u00fcrgerrechte &amp; Polizei\/CILIP und Referentin der Bundestagsfraktion B\u00fcndnis 90\/Die Gr\u00fcnen f\u00fcr den Untersuchungsausschuss BND\/CIA<\/p>\n<p><i>Anja Lederer<\/i>, Berlin, Rechtsanw\u00e4ltin und Mitglied der Redaktion von B\u00fcrgerrechte &amp; Polizei\/CILIP<\/p>\n<p><i>Katrin McGauran<\/i>, Amsterdam, Mitarbeiterin von Statewatch<\/p>\n<p><i>Wolf-Dieter Narr<\/i>, Berlin, Professor f\u00fcr Politikwissenschaft an der FU Berlin und Mitherausgeber von B\u00fcrgerrechte &amp; Polizei\/CILIP<\/p>\n<p><i>Hanna Noesselt<\/i>, Berlin, studentische Hilfskraft im Forschungsprojekt &#8222;Sicherheitsstrategien im Wandel&#8220; an der FU Berlin<\/p>\n<p><i>Norbert P\u00fctter<\/i>, Berlin, Redakteur von B\u00fcrgerrechte &amp; Polizei\/CILIP<\/p>\n<p><i>Fredrik Roggan<\/i>, Berlin, Rechtsanwalt, stellvertretender Bundesvorsitzender der Humanistischen Union und Mitglied der Redaktion von B\u00fcrgerrechte &amp; Polizei\/CILIP<\/p>\n","protected":false},"excerpt":{"rendered":"","protected":false},"author":2,"featured_media":0,"comment_status":"open","ping_status":"open","sticky":false,"template":"","format":"standard","meta":{"footnotes":""},"categories":[90],"tags":[],"class_list":["post-1279","post","type-post","status-publish","format-standard","hentry","category-cilip-084"],"_links":{"self":[{"href":"https:\/\/wp-dev.daten.cool\/index.php?rest_route=\/wp\/v2\/posts\/1279","targetHints":{"allow":["GET"]}}],"collection":[{"href":"https:\/\/wp-dev.daten.cool\/index.php?rest_route=\/wp\/v2\/posts"}],"about":[{"href":"https:\/\/wp-dev.daten.cool\/index.php?rest_route=\/wp\/v2\/types\/post"}],"author":[{"embeddable":true,"href":"https:\/\/wp-dev.daten.cool\/index.php?rest_route=\/wp\/v2\/users\/2"}],"replies":[{"embeddable":true,"href":"https:\/\/wp-dev.daten.cool\/index.php?rest_route=%2Fwp%2Fv2%2Fcomments&post=1279"}],"version-history":[{"count":0,"href":"https:\/\/wp-dev.daten.cool\/index.php?rest_route=\/wp\/v2\/posts\/1279\/revisions"}],"wp:attachment":[{"href":"https:\/\/wp-dev.daten.cool\/index.php?rest_route=%2Fwp%2Fv2%2Fmedia&parent=1279"}],"wp:term":[{"taxonomy":"category","embeddable":true,"href":"https:\/\/wp-dev.daten.cool\/index.php?rest_route=%2Fwp%2Fv2%2Fcategories&post=1279"},{"taxonomy":"post_tag","embeddable":true,"href":"https:\/\/wp-dev.daten.cool\/index.php?rest_route=%2Fwp%2Fv2%2Ftags&post=1279"}],"curies":[{"name":"wp","href":"https:\/\/api.w.org\/{rel}","templated":true}]}}