{"id":12794,"date":"2017-03-30T17:27:22","date_gmt":"2017-03-30T17:27:22","guid":{"rendered":"https:\/\/cilip.site36.net\/?p=12794"},"modified":"2017-03-30T17:27:22","modified_gmt":"2017-03-30T17:27:22","slug":"ausnahme-als-normalzustand","status":"publish","type":"post","link":"https:\/\/wp-dev.daten.cool\/?p=12794","title":{"rendered":"Ausnahme- als Normalzustand"},"content":{"rendered":"<p><strong>Veranstaltung zur Terrorismusbek\u00e4mpfung und dem \u201e\u00e9tat d\u2019urgence\u201c in Frankreich<\/strong><\/p>\n<p><a href=\"http:\/\/www.cilip.de\/wp-content\/uploads\/2017\/03\/CILIP_112_211x300.png\"><img loading=\"lazy\" decoding=\"async\" class=\"alignright size-full wp-image-12732\" src=\"https:\/\/www.cilip.de\/wp-content\/uploads\/2017\/03\/CILIP_112_211x300.png\" alt=\"\" width=\"214\" height=\"300\" \/><\/a>Im November 2014, also zwei Monate vor den Anschl\u00e4gen auf die Redaktion von Charlie Hebdo und einen kosheren Supermarkt, r\u00fcstete der franz\u00f6sische Staat mit einer neuen Gesetzgebung massiv auf. Der ein Jahr sp\u00e4ter, nach den Attentaten in Saint Denis und Paris, verh\u00e4ngte Ausnahmezustand (\u201e\u00e9tat d\u2019urgence\u201c) wurde mittlerweile f\u00fcnfmal verl\u00e4ngert. Die Folge waren unter anderem 4.000 Hausdurchsuchungen und hundertfach verh\u00e4ngter Hausarrest ohne Gerichtsbeschluss. Parallel zum Ausnahmezustand wurde jedoch auch das 1986 geschaffene \u201egew\u00f6hnliche\u201c Anti-Terror-Recht erneut ausgeweitet. Selbst dem Justizminister schien deshalb im Juni 2016 das Notstandsrecht nicht mehr erforderlich.<\/p>\n<blockquote class=\"alignright\"><p>Donnerstag, 27. April, 20.00 Uhr im<br \/>\n<a href=\"http:\/\/muessiggang.net\/#wegbeschreibung\">Buchladen M\u00fc\u00dfiggang, Heinrichplatz<\/a>, Berlin-Kreuzberg<\/p><\/blockquote>\n<p>Die Zeitschrift B\u00fcrgerrechte &amp; Polizei\/CILIP widmet ihre <a href=\"https:\/\/www.cilip.de\/2017\/03\/05\/112-maerz-2017-alles-anti-terror-oder-was\/\">aktuelle Ausgabe dem Thema Terrorismusbek\u00e4mpfung<\/a>. F\u00fcr die Veranstaltung haben wir den Politikwissenschaftler Fabien Jobard eingeladen. Er hat eine Forschungsprofessur am Centre Marc Bloch in Berlin inne und wird \u00fcber die Situation in Frankreich berichten. Dabei geht es um die die Geschichte des Ausnahmezustands und seiner Normalisierung, die Folgen der einzelnen Ma\u00dfnahmen und eine politische Einordnung. Am Ende wollen wir beleuchten, welche Folgen der \u201e\u00e9tat d\u2019urgence\u201c f\u00fcr die Sicherheitsarchitektur in Deutschland hat.<\/p>\n<h4>Fabien Jobard:<\/h4>\n<audio class=\"wp-audio-shortcode\" id=\"audio-12794-1\" preload=\"none\" style=\"width: 100%;\" controls=\"controls\"><source type=\"audio\/mpeg\" src=\"http:\/\/archiv.cilip.de\/Audio\/20170427_CILIP_VA_Fabien_Jobard.mp3?_=1\" \/><a href=\"http:\/\/archiv.cilip.de\/Audio\/20170427_CILIP_VA_Fabien_Jobard.mp3\">http:\/\/archiv.cilip.de\/Audio\/20170427_CILIP_VA_Fabien_Jobard.mp3<\/a><\/audio>\n<p><em>Veranstaltet vom Institut f\u00fcr B\u00fcrgerrechte &amp; \u00f6ffentliche Sicherheit e.V.<\/em><\/p>\n","protected":false},"excerpt":{"rendered":"<p>Veranstaltung zur Terrorismusbek\u00e4mpfung und dem \u201e\u00e9tat d\u2019urgence\u201c in Frankreich Im November 2014, also zwei Monate<\/p>\n","protected":false},"author":2,"featured_media":0,"comment_status":"open","ping_status":"open","sticky":false,"template":"","format":"standard","meta":{"footnotes":""},"categories":[118,150],"tags":[],"class_list":["post-12794","post","type-post","status-publish","format-standard","hentry","category-cilip-113","category-veranstaltungen"],"_links":{"self":[{"href":"https:\/\/wp-dev.daten.cool\/index.php?rest_route=\/wp\/v2\/posts\/12794","targetHints":{"allow":["GET"]}}],"collection":[{"href":"https:\/\/wp-dev.daten.cool\/index.php?rest_route=\/wp\/v2\/posts"}],"about":[{"href":"https:\/\/wp-dev.daten.cool\/index.php?rest_route=\/wp\/v2\/types\/post"}],"author":[{"embeddable":true,"href":"https:\/\/wp-dev.daten.cool\/index.php?rest_route=\/wp\/v2\/users\/2"}],"replies":[{"embeddable":true,"href":"https:\/\/wp-dev.daten.cool\/index.php?rest_route=%2Fwp%2Fv2%2Fcomments&post=12794"}],"version-history":[{"count":0,"href":"https:\/\/wp-dev.daten.cool\/index.php?rest_route=\/wp\/v2\/posts\/12794\/revisions"}],"wp:attachment":[{"href":"https:\/\/wp-dev.daten.cool\/index.php?rest_route=%2Fwp%2Fv2%2Fmedia&parent=12794"}],"wp:term":[{"taxonomy":"category","embeddable":true,"href":"https:\/\/wp-dev.daten.cool\/index.php?rest_route=%2Fwp%2Fv2%2Fcategories&post=12794"},{"taxonomy":"post_tag","embeddable":true,"href":"https:\/\/wp-dev.daten.cool\/index.php?rest_route=%2Fwp%2Fv2%2Ftags&post=12794"}],"curies":[{"name":"wp","href":"https:\/\/api.w.org\/{rel}","templated":true}]}}