{"id":12804,"date":"2017-04-04T05:48:55","date_gmt":"2017-04-04T05:48:55","guid":{"rendered":"https:\/\/cilip.site36.net\/?p=12804"},"modified":"2017-04-04T05:48:55","modified_gmt":"2017-04-04T05:48:55","slug":"chronologie-maerz-2017","status":"publish","type":"post","link":"https:\/\/wp-dev.daten.cool\/?p=12804","title":{"rendered":"Chronologie M\u00e4rz 2017"},"content":{"rendered":"<h3>zusammengestellt von Otto Diederichs<\/h3>\n<p>1. M\u00e4rz:<b> Kriegsverbrechen:<\/b> Im Berliner Prozess um Kriegsverbrechen wird ein ehemaliger Offizier der irakischen Armee, der auf einem Foto mit zwei abgeschlagenen K\u00f6pfen posiert hatte, zu einer Bew\u00e4hrungsstrafe von einem Jahr und acht Monaten <a href=\"http:\/\/www.morgenpost.de\/berlin\/article209793491\/Iraker-erhaelt-Bewaehrungsstrafe.html\">verurteilt<\/a>. Der Mann hatte die Tat gestanden und erkl\u00e4rt, er habe dem Gruppendruck nicht standhalten k\u00f6nnen als er zu dem Foto gedr\u00e4ngt worden sei. Ebenfalls am 1. M\u00e4rz nimmt die Polizei in D\u00fcsseldorf (NRW) einen mutma\u00dflichen syrischen Kriegsverbrecher fest. Der Mann soll im M\u00e4rz 2013 als Mitglied der Terrormiliz \u201eAl-Nusra-Front\u201c an einem Massaker beteiligt gewesen sein. <a href=\"http:\/\/www.spiegel.de\/politik\/deutschland\/duesseldorf-mutmasslicher-kriegsverbrecher-aus-syrien-gefasst-a-1136999.html\">Nach Angaben<\/a> des Bundeskriminalamtes (BKA) sind dort etwa 30 \u00e4hnliche Ermittlungsverfahren anh\u00e4ngig.<\/p>\n<p><b>Alternative f\u00fcr Deutschland (AfD): <\/b>Der Brandenburger Landtag w\u00e4hlt die AfD-Abgeordnete Christina Schade in die Parlamentarische Kontrollkommission (PKK) zur Kontrolle des Verfassungsschutzes. Andere AfD-Bewerber waren <a href=\"http:\/\/www.maz-online.de\/Brandenburg\/AfD-Abgeordnete-darf-Verfassungsschutz-kontrollieren)\">zuvor gescheitert<\/a>. <a href=\"http:\/\/www.morgenpost.de\/bezirke\/mitte\/article209820535\/Islam-vernichten-Strafanzeige-gegen-AfD-Abgeordneten.html\">Am 3. M\u00e4rz<\/a> ver\u00f6ffentlicht ein Berliner AfD-Abgeordneter auf seiner Facebook-Seite u.a. den Satz \u201eLasst uns den Islam vernichten damit er die Welt nicht vernichtet\u201c. Ihm droht nun eine Anzeige. <!--more--><\/p>\n<p><b>Rockerkriminalit\u00e4t:<\/b> Die Staatsanwaltschaft (StA) Saarbr\u00fccken (Saarland) erhebt Anklage wegen Anstiftung zum versuchten Mord gegen den Chef der Rockergruppe \u201eOsmanen Germania BC\u201c. <a href=\"http:\/\/www.spiegel.de\/panorama\/justiz\/osmanen-germania-anklage-gegen-rockerboss-wegen-anschlag-mit-handgranate-a-1136805.html\">Er soll im Herbst 2016<\/a> Clubmitglieder zu Aktionen gegen die kurdische Rockergruppe \u201eBahoz\u201c angestiftet haben. Die StA Leipzig (Sachsen) erhebt am 16. M\u00e4rz Anklage wegen Mordes gegen vier Mitglieder der \u201eHells Angels\u201c. Sie sollen im Juni 2016 auf Mitglieder einer rivalisierenden Rockergruppe <a href=\"http:\/\/www.spiegel.de\/panorama\/justiz\/leipzig-anklage-gegen-hells-angels-nach-toedlichen-schuessen-im-rockermilieu-a-1139070.html\">geschossen haben<\/a>. Dabei wurde ein Mann get\u00f6tet und zwei weitere schwer verletzt. Vor demLandgericht (LG) K\u00f6ln (NRW) beginnt am 27. M\u00e4rz der <a href=\"http:\/\/www.spiegel.de\/panorama\/justiz\/koeln-hells-angels-prozess-gestartet-beifall-fuer-mutmassliche-rocker-vor-gericht-a-1140680.html\">Prozess gegen Mitglieder der \u201eHells Angels\u201c<\/a>. Den acht Angeklagten wird u.a versuchter Mord vorgeworfen. Sie sollen im Sommer 2015 auf zwei im Drogengesch\u00e4ft konkurrierende Br\u00fcder geschossen haben.<\/p>\n<p>3. M\u00e4rz: <b>Kriminelle Polizisten:<\/b> Durch <a href=\"http:\/\/www.tagesspiegel.de\/berlin\/berliner-polizeianwaerter-bietet-diebesgut-an-die-polizei-dein-freund-und-hehler\/19466772.html\">Presseberichte<\/a> wird bekannt, dass die Berliner Polizei gegen einen ihrer Auszubildenden wegen Hehlerei ermittelt. Der 20-J\u00e4hrige war bei der Fahndung nach einem Einbruch im Januar aufgefallen. Am 27. M\u00e4rz <a href=\"http:\/\/www.berliner-zeitung.de\/berlin\/polizei\/korruption-drei-berliner-polizisten-sollen-dealer-ueber-drogen-razzien-informiert-haben-26266640\">gibt die Berliner Polizei bekannt<\/a>, dass sie gegen drei ihrer Beamten wegen Bestechlichkeit ermittelt. Die M\u00e4nner stehen im Verdacht Informationen \u00fcber bevorstehende Razzien an Drogenh\u00e4ndler weitergegeben zu haben. Am 31. M\u00e4rz <a href=\"http:\/\/www.berliner-zeitung.de\/berlin\/polizei\/berliner-polizei-polizist-soll-fotos-von-kolleginnen-auf-pornoseiten-gepostet-haben-26291066\">teilt die Berliner Polizei mit<\/a>, dass das Landeskriminalamt (LKA) gegen einen Beamten ermittelt, der heimlich Fotos von Polizistinnen gemacht und mit Schm\u00e4hkommentaren auf Pornoseiten im Internet eingestellt haben soll.<\/p>\n<p><b>Gewalt gegen Obdachlose:<\/b> <a href=\"http:\/\/www.faz.net\/aktuell\/gesellschaft\/kriminalitaet\/gewalt-gegenueber-obdachlosen-steigt-14907475.html\">Nach Angaben<\/a> der \u201eBundesarbeitsgemeinschaft Wohnungslosenhilfe\u201c (BAGW) kamen seit 1989 bundesweit 502 obdachlose M\u00e4nner und Frauen durch Gewalt ums Leben; davon mindestens 179 durch rechtsextremistische Gewalt. Am 22. M\u00e4rz wird am Hauptbahnhof von Hannover (Niedersachsen) ein Obdachloser <a href=\"http:\/\/www.faz.net\/aktuell\/gesellschaft\/kriminalitaet\/hannover-obdachloser-nach-angriff-mit-pflasterstein-in-lebensgefahr-14938619.html\">mit einem Pflasterstein attackiert<\/a> und lebensgef\u00e4hrlich verletzt.<\/p>\n<p><b>Dubiose Finanzierungen bei Polizeigewerkschaften:<\/b> <a href=\"http:\/\/www.faz.net\/aktuell\/politik\/inland\/rainer-wendt-soll-ohne-arbeit-bezahlt-worden-sein-14908525.html\">Durch Presseberichte wird bekannt<\/a>, dass der Bundesvorsitzende der rechten \u201eDeutschen Polizeigewerkschaft\u201c (DPolG), Rainer Wendt, seit mindestens 10 Jahren aus dem Haushalt des nordrhein-westf\u00e4lischen Innenministeriums das Gehalt eines Hauptkommissars erhalten hat, obwohl er gar keine origin\u00e4re Polizeiarbeit verrichtet hatte. <figure id=\"attachment_12810\" aria-describedby=\"caption-attachment-12810\" style=\"width: 150px\" class=\"wp-caption alignright\"><img loading=\"lazy\" decoding=\"async\" class=\"size-thumbnail wp-image-12810\" src=\"https:\/\/cilip.site36.net\/files\/2017\/04\/csm_Wendt_R_2015_I_c8f57e4149-150x150.jpg\" alt=\"\" width=\"150\" height=\"150\" \/><figcaption id=\"caption-attachment-12810\" class=\"wp-caption-text\">Rainer Wendt, Bundesvorsitzender der DPolG. (Bild: DPoLG)<\/figcaption><\/figure>Ein Innenpolitiker der LINKE erstattet daraufhin Anzeige gegen Innenminister Ralf J\u00e4ger (SPD) wegen Verdachts der Untreue. <a href=\"http:\/\/www.spiegel.de\/panorama\/justiz\/rainer-wendt-nrw-bezahlte-weitere-polizeigewerkschafter-aus-steuergeldern-a-1137415.html\">Am 5. M\u00e4rz<\/a> teilt das Innenministerium mit, dass auch ein weiterer DPolG-Funktion\u00e4r und einer des \u201eBundes Deutscher Kriminalbeamter\u201c (BDK) aus Steuermitteln besoldet werden. Am 7. M\u00e4rz <a href=\"http:\/\/www.berliner-zeitung.de\/politik\/axa-aufsichtsrat-rainer-wendt-erhielt-auch-mehr-als-150-000-euro-von-versicherung-26155632\">best\u00e4tigt<\/a> der Sprecher eines Versicherungskonzerns, dass Wendt seit 2013 auch in ihrem Aufsichtsrat sa\u00df und entsprechend bezahlt wurde. Das nordrhein-westf\u00e4lische Innenministerium leitet am 8. M\u00e4rz <a href=\"http:\/\/www.sueddeutsche.de\/panorama\/rainer-wendt-null-stunden-als-polizist-euro-nebeneinkuenfte-1.3410532\">ein Disziplinarverfahren gegen Wendt<\/a> ein. Durch Presseberichte wird am 9. M\u00e4rz bekannt, dass auch die Hamburger Polizei die H\u00e4lfte des Gehaltes f\u00fcr den Bundesvorsitzenden des BDK, Andr\u00e9 Schulz, \u00fcbernimmt. R\u00fcckwirkend zum 1. M\u00e4rz sei diese Regelung nun beendet worden. Schulz <a href=\"http:\/\/www.spiegel.de\/panorama\/justiz\/polizeigewerkschaften-bdk-chef-schulz-droht-hamburg-mit-rechtlichen-schritten-a-1138064.html\">k\u00fcndigt daraufhin rechtliche Schritte an<\/a>. Am 23. M\u00e4rz wird durch Presseberichte bekannt, dass die StA D\u00fcsseldorf (NRW) gegen DPolG-Chef Wendt <a href=\"http:\/\/(http:\/\/www.spiegel.de\/panorama\/justiz\/rainer-wendt-staatsanwaltschaft-ermittelt-wegen-untreue-gegen-unbekannt-a-a-1140133.html\">Ermittlungen wegen Untreue aufgenommen hat<\/a>.<\/p>\n<p>4. M\u00e4rz:<b> Dschihadismus:<\/b> <a href=\"http:\/\/www.spiegel.de\/politik\/deutschland\/verfassungsschutz-zahl-der-deutschen-dschihadisten-weiter-gestiegen-a-1137203.html\">Nach Angaben<\/a> des Bundesamtes f\u00fcr Verfassungsschutz (BfV) sind inzwischen mehr als 910 Dschihadisten aus der Bundesrepublik in Kriegsgebiete ausgereist, darunter etwa ein F\u00fcnftel Frauen.<\/p>\n<p><b>Homophobe Angriffe:<\/b> In einer Berliner Stra\u00dfenbahn wird ein homosexueller Mann zun\u00e4chst <a href=\"http:\/\/www.tagesspiegel.de\/berlin\/polizei-justiz\/berlin-gesundbrunnen-uebergriff-auf-schwulen-in-strassenbahn\/19472558.html\">homophob beschimpft<\/a> und anschlie\u00dfend mit einer Flasche auf den Kopf geschlagen. Er erleidet Gesichtsverletzungen. Ebenfalls in Berlin wirft am 5. M\u00e4rz ein Mann einem Jugendlichen wegen des sexueller Orientierung in Werbeschild in den R\u00fccken. Von weiteren Attacken wird er von Passanten gehindert und kann fliehen. Im ersten Halbjahr 2016 wurden von der Berliner Polizei <a href=\"http:\/\/www.tagesspiegel.de\/berlin\/polizei-justiz\/berlin-moabit-mann-attackiert-schwulen-jugendlichen\/19476010.html\">49 \u00e4hnliche Delikte gez\u00e4hlt<\/a>.<\/p>\n<p><b>Rechtsradikale Demonstrationen und Kundgebungen:<\/b> In Berlin versammeln sich rund 500 rechtspopulistische Teilnehmer zu einer \u201eMerkel muss weg\u201c-Demonstration; <a href=\"http:\/\/www.tagesspiegel.de\/berlin\/polizei-justiz\/berlin-mitte-tausend-teilnehmer-protestieren-gegen-anti-merkel-demo\/19472676.html\">eine Gegendemo hat etwa 1.000 Teilnehmer<\/a>. In Wuppertal (NRW) versammeln sich am gleichen Tag etwa 70 Anh\u00e4nger der rechtsextremen Partei \u201eDie Rechte\u201c zu einer Kundgebung; <a href=\"http:\/\/www.berliner-zeitung.de\/politik\/demonstrationen-in-wuppertal-ueber-700-polizisten-halten-rechte-und-linke-auseinander-26141214\">Gegendemo: rund 350<\/a>. In Berlin kommt es am 20. M\u00e4rz zu einer nicht angemeldeten Versammlung. Als die Polizisten bei der Personalienfeststellung auf einen Mann treffen gegen den mehrere offene Haftbefehle bestehen, werden sie von mehreren Kundgebungsteilnehmern angegriffen. Dabei erleidet ein Beamter <a href=\"http:\/\/www.tagesspiegel.de\/berlin\/polizei-justiz\/berlin-mitte-demonstranten-verletzen-polizisten-schwer\/19547202.html\">angeblich einen Kieferbruch<\/a>. Die Meldung wird jedoch sp\u00e4ter korrigiert.<\/p>\n<p>5. M\u00e4rz: <b>Rechtsradikale Straftaten:<\/b> Seit dem Sommer 2016 sind im Berliner Bezirk Neuk\u00f6lln <a href=\"http:\/\/www.tagesspiegel.de\/berlin\/kriminalitaet-in-berlin-extreme-steigerung-rechtsextremer-straftaten-in-neukoelln\/19471758.html\">mehr als 80 rechtsextremistische Straftaten gez\u00e4hlt<\/a> worden, wie aus der Antwort des Senatsinnenverwaltung auf eine Anfrage der Linksfraktion hervorgeht. Damit sei Neuk\u00f6lln der \u201eam st\u00e4rksten mit rechtsextremistischen Aktivit\u00e4ten und Straftaten belastete Bezirk im Westteil Berlins\u201c. Am 14. M\u00e4rz verurteilt das Amtsgericht (AG) Bonn (NRW) einen t\u00fcrkischen Autor wegen Volksverhetzung und Beleidigung <a href=\"http:\/\/www.spiegel.de\/politik\/deutschland\/akif-pirin-ci-wegen-hetzschrift-verurteilt-a-1138782.html\">zu einer Geldstrafe von 5.100 EUR<\/a>. Er hatte nach der K\u00f6lner Silvesternacht 2015\/2016 eine rechtsradikale Schm\u00e4hschrift verfasst. Vor einer Fl\u00fcchtlingsunterkunft in Berlin werden in der Nacht zum 17. M\u00e4rz aus einer Gruppe Jugendlicher heraus \u201eSieg Heil\u201c- und \u201eAusl\u00e4nder raus\u201c-Rufe skandiert. Die von Wachpersonal alarmierte Polizei kann <a href=\"http:\/\/www.morgenpost.de\/berlin\/article209963355\/Maenner-rufen-Sieg-Heil-und-Auslaender-raus-vor-Asylheim.html\">zwei Personen festnehmen<\/a>. Von Rechtsradikalen wurden wurden in den Jahren 2015 und 2016 bundesweit ein Mord und insgesamt 27 versuchte T\u00f6tungsverbrechen ver\u00fcbt. Dies geht aus der Antwort der Bundesregierung auf eine Anfrage der Linksfraktion hervor, die am 31. M\u00e4rz <a href=\"http:\/\/www.tagesspiegel.de\/politik\/rechte-toetungsverbrechen-nehmen-zu-moerderischer-hass-in-deutschland\/19599658.html\">durch Presseberichte bekannt wird<\/a>.<\/p>\n<p>7. M\u00e4rz: <b>Rechtsextremistische Terrorgruppe NSU: <\/b>Im M\u00fcnchner NSU-Prozess <a href=\"http:\/\/www.sueddeutsche.de\/politik\/eil-nsu-prozess-richter-will-mit-plaedoyers-beginnen-1.3408682\">setzt der Vorsitzende Richter<\/a> den Verteidigern der Angeklagten eine einw\u00f6chige Frist f\u00fcr letzte Beweisantr\u00e4ge. Nach Protesten der Verteidigung wird die Fristsetzung am n\u00e4chsten Tag <a href=\"http:\/\/www.sueddeutsche.de\/politik\/rechter-terror-wohlleben-wirft-richter-im-nsu-prozess-ueberrumpelungstaktik-vor-1.3411435\">wieder aufgehoben<\/a>. Ebenfalls am 8. M\u00e4rz gibt die StA bekannt, dass die im Herbst 2016 am Fundort einer M\u00e4dchenleiche entdeckte DNA-Spur von Uwe B\u00f6hnhardt <a href=\"http:\/\/www.spiegel.de\/panorama\/justiz\/uwe-boehnhardt-keine-verbindungen-von-nus-mitgliedern-zu-mordfall-peggy-a-1137829.html\">nicht mit dem Mord in Verbindung steht<\/a>. Durch <a href=\"http:\/\/www.spiegel.de\/panorama\/justiz\/nsu-in-thueringen-offenbar-dutzende-sms-in-lka-akten-verschwunden-a-1137931.html\">Presseberichte<\/a> wird nahezu gleichzeitig bekannt, dass der NSU-Untersuchungsausschuss des Bundestages nach 114 abgefangenen SMS-Nachrichten des NSU-Trios mit einem mutma\u00dflichen Unterst\u00fctzer suchen l\u00e4sst, die in den Unterlagen des LKA Th\u00fcringen fehlen. Wegen der Fristsetzungen f\u00fcr weitere Beweisantr\u00e4ge stellen am 9. M\u00e4rz Zsch\u00e4pes Verteidiger <a href=\"http:\/\/www.spiegel.de\/panorama\/justiz\/nsu-prozess-beate-zschaepe-lehnt-richter-manfred-goetzl-erneut-wegen-befangenheit-ab-a-1138046.html\">einen Befangenheitsantrag<\/a> gegen den Vorsitzenden Richter. Sie schlie\u00dfen sich damit einem \u00e4hnlichen Antrag des Mitangeklagten Ralf Wohlleben an. Am 15. M\u00e4rz <a href=\"http:\/\/www.spiegel.de\/panorama\/justiz\/angebliche-vergiftung-ermittlungen-zum-tod-von-v-mann-corelli-erneut-eingestellt-a-1138890.html\">teilt die StA Paderborn mit<\/a>, dass sie die Ermittlungen zum Tod des V-Mannes \u201eCorelli\u201c erneut eingestellt hat. \u201eCorelli\u201c war im April 2014 tot in seiner Wohnung aufgefunden worden; als Todesursache gilt Diabetes. Am 24. M\u00e4rz zieht Beate Zsch\u00e4pe \u00fcberraschend drei ihrer unterdessen <a href=\"http:\/\/www.sueddeutsche.de\/politik\/nsu-zschaepe-meldet-sich-aus-der-jva-1.3436360\">vier Befangenheitsantr\u00e4ge zur\u00fcck<\/a>. Am 26. M\u00e4rz <a href=\"http:\/\/www.sueddeutsche.de\/politik\/nsu-prozess-heer-stahl-und-sturm-wollen-zschaepe-nicht-laenger-verteidigen-1.3439512\">beantragen die drei Altverteidiger<\/a> beim Gericht schriftlich ihre Abberufungen als Zsch\u00e4pes Pflichtverteidiger. Hintergrund sind die von Zsch\u00e4pe ohne Absprache zur\u00fcckgezogenen Befangenheitsantr\u00e4ge. <a href=\"http:\/\/www.sueddeutsche.de\/politik\/nsu-prozess-zschaepe-ist-empoert-1.3442684\">Zum wiederholten Male<\/a> bittet Zsch\u00e4pe am 29. M\u00e4rz um die Entpflichtung ihrer Altverteidiger, denen sie vorwirft ihre Schweigepflicht gebrochen zu haben. <a href=\"http:\/\/www.sueddeutsche.de\/politik\/nsu-prozess-verteidiger-wollen-zschaepe-fuer-unzurechnungsfaehig-erklaeren-1.3442915\">Am 30. M\u00e4rz<\/a> stellt ihr neuer Verteidiger \u2013 unter Berufung auf einen von ihm bestellten Gutachter \u2013 den Antrag, Beate Zsch\u00e4pe wegen einer \u201edependenten Pers\u00f6nlichkeitsst\u00f6rung\u201c f\u00fcr unzurechnungsf\u00e4hig zu erkl\u00e4ren. Das Gericht lehnt den Antrag, diesen Gutachter als Sachverst\u00e4ndigen zuzulassen, <a href=\"http:\/\/www.sueddeutsche.de\/politik\/nsu-prozess-zschaepes-bote-darf-nur-zeuge-sein-1.3445894\">jedoch am 31. M\u00e4rz ab<\/a>.<\/p>\n<p><b>Rechtsextreme \u201eGruppe \u201eFreital\u201c:<\/b> Vor dem Oberlandesgericht (OLG) Dresden (Sachsen) <a href=\"http:\/\/www.berliner-zeitung.de\/politik\/terrorprozess-gegen--gruppe-freital--26150306\">beginnt der Prozess<\/a> gegen sieben M\u00e4nner und eine Frau wegen Bildung einer rechtsterroristischen Vereinigung, versuchten Mordes, gef\u00e4hrlicher K\u00f6rperverletzung und Herbeif\u00fchrens einer Sprengstoffexplosion. W\u00e4hrend die M\u00e4nner schweigen, l\u00e4sst die Frau <a href=\"http:\/\/www.berliner-zeitung.de\/politik\/prozessbeginn-in-dresden-eine-angeklagte-der--gruppe-freital--bereut-die-taten-26154986\">ihren Anwalt erkl\u00e4ren<\/a>, sie bereue die Taten und distanziere sich davon. Am 14. M\u00e4rz <a href=\"http:\/\/www.spiegel.de\/panorama\/justiz\/gruppe-freital-prozess-in-dresden-angeklagter-belastet-andere-mitglieder-a-1138754.html\">gesteht ein Angeklagter<\/a> seine Beteiligung an Anschlag im Jahr 2015 und belastetet dabei auch andere Mitangeklagte.<\/p>\n<p><b>Rechte und fremdenfeindliche Angriffe auf Fl\u00fcchtlingsheime:<\/b> Das LG Darmstadt <a href=\"http:\/\/www.faz.net\/aktuell\/gesellschaft\/kriminalitaet\/haftstrafen-nach-schuessen-auf-fluechtlingsheim-in-dreieich-14913559.html\">verurteilt drei M\u00e4nner<\/a> zu l\u00e4ngeren Haftstrafen. Sie hatten im Januar 2016 mehrere Sch\u00fcsse auf ein Fl\u00fcchtlingsheim in Dreieich (Hessen) abgegeben und dabei einen Fl\u00fcchtling am Bein verletzt.<\/p>\n<p><b>Anti-Terror-\u00dcbung von Polizei und Milit\u00e4r:<\/b> In sechs Bundesl\u00e4ndern <a href=\"http:\/\/www.spiegel.de\/politik\/deutschland\/bundeswehr-und-polizei-ueben-einsatz-gegen-terror-a-1137522.html\">beginnt die dreit\u00e4gige Anti-Terror-\u00dcbung GETEX<\/a> von Polizei und Bundeswehr. Ge\u00fcbt werden soll die Kommunikation, Koordination sowie insbesondere der Ablauf von Alarmketten beim Einsatz gegen gegen mehrere zeitgleiche Terroranschl\u00e4ge.<\/p>\n<p>8. M\u00e4rz: <b>Sammelabschiebung:<\/b> Vom Flughafen Leipzig (Sachsen) werden 22 abgelehnte tunesische Asylbewerber <a href=\"http:\/\/www.morgenpost.de\/berlin\/article209866837\/Sachsen-schiebt-terrorverdaechtigen-Tunesier-aus-Berlin-ab.html\">abgeschoben<\/a>. Darunter auch ein Mann, der in Berlin wegen IS-Verdachtes in Untersuchungshaft sa\u00df und in Tunesien eines Anschlages verd\u00e4chtigt wird. Am <a href=\"http:\/\/www.berliner-zeitung.de\/politik\/sammelabschiebung-15-afghanen-von-muenchen-aus-zurueck-in-die-heimat-abgeschoben-26268434\">28. M\u00e4rz<\/a> werden vom Flughafen in M\u00fcnchen (Bayern) 15 abgelehnte Asylbewerber nach Afghanistan ausgeflogen.<\/p>\n<p><b>Prozess gegen mutma\u00dflichen iranischen Agenten:<\/b> In Berlin <a href=\"http:\/\/www.berliner-zeitung.de\/berlin\/polizei\/prozess-mutmasslicher-agent-des-iranischen-geheimdienstes-spaete-anschlagsziele-aus-26160974\">beginnt der Prozess<\/a> gegen einen Pakistaner. Er soll im Auftrag des iranischen Geheimdienstes j\u00fcdische Einrichtungen und Personen in Frankreich und Deutschland als Anschlagsziele ausspioniert haben. Bei seiner Festnahme im Sommer 2016 waren bei ihm belastende Fotos gefunden worden.<\/p>\n<p><b>Dschihadisten-Prozesse: <\/b>Vor dem OLG D\u00fcsseldorf (NRW) erhebt die Bundesanwaltschaft (BAW) <a href=\"http:\/\/www.spiegel.de\/politik\/deutschland\/terrorverdacht-bundesanwaltschaft-klagt-mutmassliche-zelle-in-duesseldorf-an-a-1137891.html\">Anklage gegen drei Syrer<\/a> wegen Mitgliedschaft in einer terroristischen Organisation und der Planung eines Anschlages in der D\u00fcsseldorfer Altstadt. Einer der Angeklagten hatte sich freiwillig gestellt und entsprechende Aussagen gemacht. <a href=\"http:\/\/www.faz.net\/aktuell\/politik\/inland\/duesseldorf-19-jaehriger-als-is-terrorist-verurteilt-14948069.html\">Am 29. M\u00e4rz<\/a> verurteilt wiederum das OLG D\u00fcsseldorf einen 19-J\u00e4hrigen als IS-Terroristen zu drei Jahren und drei Monaten Haft. Das Urteil ist noch nicht rechtskr\u00e4ftig.<\/p>\n<p>9. M\u00e4rz: <b>Video\u00fcberwachung:<\/b> Der Bundestag verabschiedet ein Ma\u00dfnahmenpaket f\u00fcr eine <a href=\"http:\/\/www.spiegel.de\/politik\/deutschland\/bundestag-stimmt-fuer-ausweitung-der-viedeoueberwachung-a-1138124.html\">Ausweitung der Video\u00fcberwachung<\/a>. Es erleichtert es vor allem privaten Betreibern von Einkaufszentren, vor Fu\u00dfballstadien und Parkpl\u00e4tzen Kameras zu installieren.<\/p>\n<p>11.M\u00e4rz: <b>Mutma\u00dflicher Terroranschlag vereitelt:<\/b> In Oberhausen (NRW) <a href=\"http:\/\/www.suedeutsche.de\/politik\/essen-terrorkommando-sollte-essener-einkaufszentrum-angreifen-1.3415357\">nimmt die Polizei zwei M\u00e4nner fest<\/a>, die im Verdacht stehen, einen Anschlag auf ein Einkaufszentrum im benachbarten Essen geplant haben. Die Information \u00fcber den mutma\u00dflichen Anschlag und seinen syrischen Drahtzieher kam aus dem BfV. Auch in Oberhausen wird ein <a href=\"http:\/\/www.spiegel.de\/politik\/deutschland\/essen-womoeglich-sollten-mehrere-terroristen-einkaufszentrum-angreifen-a-1138382.html\">Einkaufszentrum gesichert<\/a>. Noch am gleichen Abend wird der erste Verd\u00e4chtige wieder entlassen, da keine Haftgr\u00fcnde vorlagen; der zweite Mann <a href=\"http:\/\/www.sueddeutsche.de\/panorama\/terrorismus-in-deutschland-zweiter-verdaechtiger-nach-terroralarm-in-essen-wieder-frei-1.3417057\">dann am 12. M\u00e4rz<\/a>. Durch Presseberichte wird am 18. M\u00e4rz bekannt, dass der mutma\u00dfliche syrische Drahtzieher des Anschlages seit Monaten mit einem Verfassungssch\u00fctzer in Kontakt stand, <a href=\"http:\/\/www.spiegel.de\/panorama\/justiz\/terroralarm-in-essen-wegen-chat-zwischen-islamisten-und-verfassungsschutz-a-1139234.html\">den er f\u00fcr einen Sympathisanten hielt<\/a>.<\/p>\n<p><b>Fremdenfeindliche Angriffe:<\/b> Auf einem Berliner Spielplatz wird ein neunj\u00e4hriges M\u00e4dchen von einer Frau <a href=\"http:\/\/www.morgenpost.de\/berlin\/polizeibericht\/article209905827\/Unbekannte-Frau-attackiert-Neunjaehrige-auf-Spielplatz.html\">fremdenfeindlich beschimpft und geschlagen<\/a>.<\/p>\n<p>13. M\u00e4rz: <b>Polizeisch\u00fcsse: <\/b>Als ein Polizeibeamter an einer Tankstelle in Karst\u00e4dt (Brandenburg) einen gesuchten Straft\u00e4ter festnehmen will, <a href=\"http:\/\/www.berliner-zeitung.de\/berlin\/brandenburg\/reifen-zerschossen-polizei-fasst-verurteilten-straftaeter-nach-verfolgungsjagd-26191208\">f\u00e4hrt dieser auf ihn zu<\/a>. Der Beamte rettet sich durch einen Sprung zur Seite und feuert drei Sch\u00fcsse auf die Reifen des Fahrzeugs ab.<\/p>\n<p>14. M\u00e4rz: <b>Salafismus: <\/b>Das nieders\u00e4chsische Innenministerium <a href=\"http:\/\/www.spiegel.de\/politik\/deutschland\/hildesheim-innenministerium-verbietet-islamkreis-hildesheim-a-1138623.html\">verbietet den Verein<\/a> \u201eDeutschsprachiger Islamkreis Hildesheim\u201c. Ihm wird vorgeworfen, Muslime zur Teilnahme am Dschihad aufgerufen zu haben. Am 23. M\u00e4rz verbietet auch das hessische Innenministerium einen salafistischen Moschee-Verein <a href=\"http:\/\/www.faz.net\/aktuell\/politik\/inland\/hessen-verbietet-erstmals-salafistischen-moschee-verein-14939270.html\">in Kassel<\/a>. Nach <a href=\"http:\/\/www.morgenpost.de\/politik\/article210113391\/Zahl-der-Salafisten-in-Deutschland-steigt-auf-ueber-10-000.html\">eigenen Angaben<\/a> vom 31. M\u00e4rz geht das BfV von mehr als 10.000 in Deutschland lebenden Salafisten aus.<\/p>\n<p><b>Rechtsradikale und fremdenfeindliche Angriffe auf Fl\u00fcchtlinge: <\/b>Das AG Bautzen (Brandenburg) <a href=\"http:\/\/www.tagesspiegel.de\/politik\/rechtsextremismus-in-sachsen-fluechtling-in-bautzen-bedroht-sechs-monate-haft\/19513146.html\">verurteilt einen Rechtsextremisten<\/a> wegen des unerlaubten F\u00fchrens einer Schusswaffe zu sechs Monaten Haft. Der Mann hatte Anfang November 2016 einen libyschen Asylbewerber beleidigt, mit einer Schreckschusswaffe bedroht und auf ihn geschossen. Am 20. M\u00e4rz sagt das AG Freiberg (Sachsen) nach der Zahlung von 1.900 EUR und 2.4000 EUR den <a href=\"http:\/\/www.spiegel.de\/panorama\/justiz\/clausnitz-prozess-gegen-mutmassliche-busblockierer-abgesagt-a-1139586.html\">Prozess gegen zwei M\u00e4nner ab<\/a>, die im Februar 2016 gemeinsam mit rund 100 weiteren Personen in Clausnitz einen Fl\u00fcchtlingsbus blockiert und daran gehindert hatten die dortige Unterkunft zu erreichen.<\/p>\n<p>15. M\u00e4rz: <b>Rechtsterroristische Gruppe \u201eOldschool Society\u201c:<\/b> Das LG M\u00fcnchen (Bayern) <a href=\"http:\/\/www.spiegel.de\/panorama\/justiz\/oldschool-society-urteil-in-muenchen-mehrjaehrige-haftstrafen-fuer-mitglieder-a-1138829.html\">verurteilt vier Mitglieder<\/a> der \u201eOldschool Society\u201c wegen Bildung einer terroristischen Vereinigung zu Haftstrafen zwischen drei und f\u00fcnf Jahren. Sie hatten Anschl\u00e4ge auf Fl\u00fcchtlinge geplant und waren im Mai 2015 festgenommen worden.<\/p>\n<p><b>Sprengstoff-Anschlag auf Finanzministerium verhindert:<\/b> In der Poststelle des Bundesfinanzministeriums wird ein in Griechenland aufgegebenes <a href=\"http:\/\/www.spiegel.de\/politik\/deutschland\/finanzministerium-paket-mit-sprengstoff-stammt-aus-griechenland-a-1138966.html\">verd\u00e4chtiges Paket entdeckt<\/a>. Nach Polizeiuntersuchungen enthielt es ein \u201eBlitzknallgemisch\u201c mit scharfem Z\u00fcnder.<\/p>\n<p><b>Polizeischuss: <\/b>Die Polizei wird auf einen Fahrradfahrer aufmerksam gemacht, der bei Marl (NRW) auf der Autobahn f\u00e4hrt. Als die Beamten ihn kontrollieren wollen, fl\u00fcchtet er zu Fu\u00df und richtet einen Gegenstand auf die Beamten. Daraufhin <a href=\"http:\/\/www.spiegel.de\/panorama\/justiz\/marl-radfahrer-und-plueschpanther-fluechteten-vor-der-polizei-maskiert-a-1139102.html\">schie\u00dft einer von ihnen<\/a> auf den Mann und trifft ihn ins Bein.<\/p>\n<p><b>BND-NSA-Kooperation:<\/b> Durch Presseberichte wird bekannt, dass der Bundesgerichtshof (BGH) den Antrag der Opposition <a href=\"http:\/\/www.spiegel.de\/politik\/deutschland\/bundesgerichtshof-keine-vernehmung-von-edward-snowden-in-deutschland-a-1138892.html\">endg\u00fcltig abgelehnt hat<\/a>, den Whistleblower Edward Snowden vor dem NSA-Untersuchungsausschuss als Zeugen zu h\u00f6ren.<\/p>\n<p>16. M\u00e4rz: <b>\u201eK\u00f6lner Silvesternacht\u201c:<\/b> Nach mehr als 60 Sitzungen und der Vernehmung von fast 180 Zeugen legt der Untersuchungsausschuss des D\u00fcsseldorfer Landtages (NRW) den <a href=\"http:\/\/www.suedeutsche.de\/panorama\/untersuchungsausschuss-abschlussbericht-zur-koelner-silvesternacht-seiten-vorwuerfe-1.3423966\">Entwurf des Abschlussberichtes vor<\/a>. Darin werden schwere Vorw\u00fcrfe gegen die K\u00f6lner Polizei erhoben. In der Silvesternacht 2015\/2016 waren mehrere 100 Frauen sexuell bel\u00e4stigt und teilweise ausgeraubt worden. Am 31. M\u00e4rz wird der Abschlussbericht <a href=\"http:\/\/www.tagesspiegel.de\/politik\/abschlussbericht-behoerden-und-polizei-versagten-in-koelner-silvesternacht\/19598324.html\">ver\u00f6ffentlicht<\/a>. Darin wird der Polizei und anderen Beh\u00f6rden eine mangelhafte F\u00fchrung, Kooperation und Kommunikation vorgeworfen.<\/p>\n<p>17. M\u00e4rz: <b>Festnahmen von mutma\u00dflichen Dschihadisten:<\/b> Aufgrund eines Haftbefehls aus Bahrain <a href=\"http:\/\/www.tagesspiegel.de\/berlin\/polizei-justiz\/polizeieinsatz-in-berlin-sek-nimmt-in-neukoelln-terrorverdaechtigen-aus-bahrain-fest\/19531222.html\">nimmt die Polizei in Berlin<\/a> einen mutma\u00dflichen Dschihadisten fest. Er soll in Bahrain eine rund 50-K\u00f6pfige Terrorzelle geleitet haben. Ein Nigerianer und ein Algerier, die im Februar bei einer Razzia in G\u00f6ttingen (Niedersachsen) unter Terrorverdacht festgenommen worden waren, d\u00fcrfen laut Anordnung des Bundesverwaltungsgerichts (BVerwG) abgeschoben. Dies teilt das nieders\u00e4chsische Innenministerium am 21. M\u00e4rz mit. Es ist die <a href=\"http:\/\/www.berliner-zeitung.de\/politik\/terrorverdacht-islamistische-gefaehrder-aus-goettingen-koennen-abgeschoben-werden-26235580\">bundesweit erste Abschiebungsanordnung nach dem Aufenthaltsgesetz<\/a>. Am 31. M\u00e4rz teilt die StA Frankfurt\/M. (Hessen) mit, das ein Syrer unter dem Verdacht der \u201eAnleitung zur Begehung einer schweren staatsgef\u00e4hrdenden Gewalttat\u201c <a href=\"http:\/\/www.faz.net\/aktuell\/politik\/inland\/ehemaliger-student-aus-darmstadt-unter-terrorverdacht-14951043.html\">festgenommen wurde<\/a>. Auf dem Laptop des Mannes, der bereits im Februar schon einmal wegen Propaganda f\u00fcr den IS festgenommen worden war, seien Anleitungen zum Bombenbau gefunden worden.<\/p>\n<p><b>Fu\u00dfball-Hooligans:<\/b> Nach einem Zweitligaspiel kommt es in M\u00fcnchen (Bayern) zu <a href=\"http:\/\/www.sueddeutsche.de\/muenchen\/polizei-kickers-fans-verletzen-zwoelf-polizisten-1.3426465\">schweren Auseinandersetzungen<\/a> zwischen Fans der \u201eW\u00fcrzburger Kickers\u201c und der Polizei. Gegen 88 Hooligans werden Anzeigen gefertigt, 12 Beamte werden verletzt.<\/p>\n<p>18. M\u00e4rz: <b>\u201eFl\u00fcchtlingsaufkl\u00e4rung\u201c: <\/b>Durch Presseberichte <a href=\"http:\/\/www.spiegel.de\/politik\/deutschland\/fluechtlinge-agenten-nehmen-asylbewerber-ins-visier-a-1139264.html\">wird bekannt<\/a>, dass das BfV verst\u00e4rkt mit dem Bundesamt f\u00fcr Migration und Fl\u00fcchtlinge (BAMF) zusammenarbeitet. Hierzu nehmen Verfassungssch\u00fctzer h\u00e4ufiger als bisher direkt an den BAMF-Anh\u00f6rungen teil, um mutma\u00dfliche Terroristen zu entdecken.<\/p>\n<p>19. M\u00e4rz: <b>\u201eIdentit\u00e4re Bewegung\u201c: <\/b>Das BfV <a href=\"http:\/\/www.berliner-zeitung.de\/politik\/verfassungsschutz---identitaere-bewegung--radikalisiert-sich-26221410\">rechnet mindestens 300 Personen<\/a> der rechtsextremen \u201eIdentit\u00e4ren Bewegung\u201c zu. Diese radikalisierten sich zunehmend, insbesondere durch \u201efremdenfeindliche Agitation\u201c.<\/p>\n<p>20. M\u00e4rz: <b>Terroranschlag auf Berliner Weihnachtsmarkt:<\/b> Durch Presseberichte <a href=\"http:\/\/www.berliner-zeitung.de\/berlin\/anschlag-in-berlin-mutmassliche-komplizen-von-anis-amri-in-istanbul-festgenommen-26227018\">wird bekannt<\/a>, dass die t\u00fcrkische Polizei in der Vorwoche auf dem Istanbuler Flughafen drei Personen festgenommen hat, die in Verdacht stehen, in Verbindung mit dem Weihnachtsmarkt-Attent\u00e4ter Anis Amri gestanden zu haben. <a href=\"http:\/\/www.berliner-zeitung.de\/berlin\/anschlag-in-berlin-senat-setzt-sonderbeauftragten-fuer-aufklaerung-ein-26228476\">Am gleichen Tag<\/a> erkl\u00e4rt Berlins Innensenator Andreas Geisel (SPD) im Innenausschuss, er werde einen Sonderermittler einsetzen um die Arbeit der Sicherheitsbeh\u00f6rden zu analysieren. Aus unver\u00f6ffentlichten Dokumenten des LKA NRW <a href=\"http:\/\/www.morgenpost.de\/berlin\/article210029951\/Anis-Amri-enger-mit-Islamisten-Netz-verbunden-als-bekannt.html\">geht hervor<\/a>, das Anis Amri eine \u201eenge Kontaktperson\u201c von IS-Mitgliedern war; dies wird am 23. M\u00e4rz durch Presseberichte bekannt. <a href=\"http:\/\/www.tagesspiegel.de\/berlin\/nrw-untersuchungsausschuss-fall-amri-das-war-ein-grosser-fehler\/19570248.html\">Am 24. M\u00e4rz<\/a> best\u00e4tigt der LKA-Leiter vor dem D\u00fcsseldorfer Untersuchungsausschuss diese Informationen und erkl\u00e4rt, Amri sei auch mehrfach Gespr\u00e4chsthema im \u201eGemeinsamen Terrorabwehrzentrum\u201c (GTAZ) gewesen. Ein von der nordrhein-westf\u00e4lischen Landesregierung eingesetzter Sonderermittler <a href=\"http:\/\/www.berliner-zeitung.de\/politik\/fall-anis-amri-sonderermittler-sieht-keine-versaeumnisse-bei-nrw-behoerden-26264410\">teilt am 27. M\u00e4rz mit<\/a>, er sehe im Fall Amri keine Vers\u00e4umnisse der NRW-Beh\u00f6rden, <a href=\"http:\/\/www.berliner-zeitung.de\/berlin\/fall-amri-gutachter-wirft-berlin-fatale-fehler-vor-26266330\">sehr wohl <\/a>aber bei den Berliner Sicherheitsbeh\u00f6rden. <a href=\"http:\/\/www.tagesspiegel.de\/berlin\/neue-dokumente-im-fall-amri-lka-forderte-weitere-observierung-amris\/19595748.html\">Die Presse berichtet<\/a> am 30. M\u00e4rz, dass die Berliner Polizei Anis Amri zwar bis Juni 2016 observierte, dies danach jedoch einstellte.<\/p>\n<p>\u201e<b>Reichsb\u00fcrger\u201c:<\/b> In F\u00fcrstenberg (Brandenburg) <a href=\"http:\/\/www.berliner-zeitung.de\/berlin\/brandenburg\/fuerstenberg-spezialeinheit-entwaffnet--reichsbuerger--in-brandenburg-26228568\">durchsucht die Polizei<\/a> das Wohnhaus eines \u201eReichsb\u00fcrgers\u201c und beschlagnahmt versteckte Schusswaffen und Munition. Am 21. M\u00e4rz f\u00fchrt die Polizei in Bayern und Baden-W\u00fcrttemberg <a href=\"http:\/\/www.spiegel.de\/panorama\/justiz\/reichsbuerger-polizei-durchsucht-wohn-und-geschaeftsraeume-von-45-tatverdaechtigen-a-1139838.html\">zeitgleiche Razzien<\/a> gegen die \u201eReichsb\u00fcrger\u201c-Szene durch. Neben Waffen und Munition werden Blankopapiere zur Herstellung von Ausweisen und F\u00fchrerscheinen beschlagnahmt. In mehreren Bundesl\u00e4ndern durchsuchen am 29. M\u00e4rz Polizeibeamte insgesamt 14 Objekte von \u201eReichsb\u00fcrgern\u201c. Es werden Waffen und sonstige Beweismittel sichergestellt, <a href=\"http:\/\/www.faz.net\/aktuell\/politik\/inland\/drei-festnahmen-bei-razzien-gegen-reichsbuerger-14948382.html\">drei Personen werden festgenommen<\/a>. Das AG Kaufbeuren (Bayern) <a href=\"http:\/\/www.sueddeutsche.de\/bayern\/kaufbeuren-reichsbuergerin-wegen-diebstahls-von-gerichtsakte-zu-haft-verurteilt-1.3443321\">verurteilt am 30. M\u00e4rz<\/a> eine \u201eReichsb\u00fcrgerin\u201c wegen des Diebstahls ihrer Gerichtsakte zu einer Haftstrafe von einem Jahr und zwei Monaten. Gegen vier ihrer Helfer wurden bereits Strafbefehle erlassen.<\/p>\n<p>21. M\u00e4rz: <b>Anschlag auf Sikh-Tempel:<\/b> Das LG Essen (NRW) <a href=\"http:\/\/www.spiegel.de\/panorama\/justiz\/essen-anschlag-auf-sikh-tempel-taeter-verurteilt-a-1139691.html\">verurteilt drei Jugendliche<\/a>, die im April 2016 einen Sprengstoffanschlag auf einen Sikh-Tempel ver\u00fcbt hatten, zu Jugendhaft zwischen sechs und sieben Jahren. Bei dem Anschlag waren drei Personen verletzt worden.<\/p>\n<p><b>Misshandlung von Fl\u00fcchtlingen: <\/b>Die StA Siegen (NRW) <a href=\"http:\/\/www.spiegel.de\/panorama\/justiz\/burbach-38-personen-in-misshandlungsskandal-angeklagt-a-1139779.html\">erhebt Anklage<\/a> gegen 38 Personen, darunter Angestellte eines Heimbetreibers, Wachpersonal und Mitarbeiter der Bezirksregierung. Wachleute hatten im September 2014 mehrere Fl\u00fcchtlinge der Unterkunft in Burbach \u00f6ffentlich schwer misshandelt. Den \u00fcbrigen Angeklagten wird vorgeworfen, hiervon gewusst zu haben ohne einzuschreiten.<\/p>\n<p>27. M\u00e4rz: \u201e<b>Patriotische Europ\u00e4er gegen die Islamisierung des Abendlandes\u201c (Pegida):<\/b> W\u00e4hrend der w\u00f6chentlichen Pegida-Demonstration in Dresden (Sachsen) <a href=\"http:\/\/www.tagesspiegel.de\/weltspiegel\/dresden-tote-hosen-ueberraschen-mit-auftritt-bei-anti-pegida-demo\/19578590.html\">f\u00e4hrt \u00fcberraschend die bekannte Punk-Band \u201eTote Hosen\u201c mit einem LKW auf<\/a>, um die GegendemonstrantInnen spielend zu unterst\u00fctzen. Bei einer Demonstration des th\u00fcringischen Pegida-Ablegers \u201eTh\u00fcgida\u201c am 31. M\u00e4rz in Sonneberg (Th\u00fcringen) mit rund 70 TeilnehmerInnn geht die Polizei <a href=\"http:\/\/www.morgenpost.de\/vermischtes\/article210128895\/Polizei-greift-Thuegida-Blockierer-mit-Pfefferspray-an.html\">unvermittelt mit Pfefferspray und Schlagst\u00f6cken<\/a> gegen eine Sitzblockade der etwa 150 Personen vor. Gegen die Beamten wird ermittelt.<\/p>\n<p>28. M\u00e4rz: <b>T\u00fcrkische Spionageliste:<\/b> Die S\u00fcddeutsche Zeitung <a href=\"http:\/\/sueddeutsche.de\/politik\/tuerken-in-deutschland-der-folgenschwere-irrtum-des-tuerkischen-top-spions-1.3438536\">macht bekannt<\/a>, dass der t\u00fcrkische Geheimdienst MIT dem Chef des BND am Rande der M\u00fcnchner Sicherheitskonferenz eine mehrere Hundert Namen umfassende Liste mit mutma\u00dflichen G\u00fclen-Anh\u00e4ngern in Deutschland \u00fcbergeben und gebeten hat, etwas gegen diese Personen und Vereine zu unternehmen. Die deutschen Geheimdienste warnen daraufhin die Erfassten vor Reisen in die T\u00fcrkei. <a href=\"http:\/\/www.tagesspiegel.de\/politik\/tuerkei-und-deutschland-tuerkischer-geheimdienst-hat-deutsche-politikerinnen-auf-spionageliste\/19587070.html\">Auf der Liste stehen auch<\/a> eine Bundestagsabgeordnete der SPD und eine t\u00fcrkisch-st\u00e4mmige Berliner CDU-Abgeordnete.<\/p>\n<h3>Beitragsbild: Lagezentrum im BMI in Berlin. (Bild: <a href=\"https:\/\/www.bmi.bund.de\/SharedDocs\/Kurzmeldungen\/DE\/2017\/03\/getex.html\">BMI anl\u00e4\u00dflich der zivil-milit\u00e4rischen \u00dcbung GETEX<\/a>)<\/h3>\n","protected":false},"excerpt":{"rendered":"<p>zusammengestellt von Otto Diederichs 1. M\u00e4rz: Kriegsverbrechen: Im Berliner Prozess um Kriegsverbrechen wird ein ehemaliger<\/p>\n","protected":false},"author":2,"featured_media":12808,"comment_status":"open","ping_status":"open","sticky":false,"template":"","format":"standard","meta":{"footnotes":""},"categories":[6],"tags":[667,820,1094,1186,1195,1216],"class_list":["post-12804","post","type-post","status-publish","format-standard","has-post-thumbnail","hentry","category-chronologien","tag-geheimdienste","tag-justiz","tag-polizei","tag-rassismus","tag-rechtsextremismus","tag-repression"],"_links":{"self":[{"href":"https:\/\/wp-dev.daten.cool\/index.php?rest_route=\/wp\/v2\/posts\/12804","targetHints":{"allow":["GET"]}}],"collection":[{"href":"https:\/\/wp-dev.daten.cool\/index.php?rest_route=\/wp\/v2\/posts"}],"about":[{"href":"https:\/\/wp-dev.daten.cool\/index.php?rest_route=\/wp\/v2\/types\/post"}],"author":[{"embeddable":true,"href":"https:\/\/wp-dev.daten.cool\/index.php?rest_route=\/wp\/v2\/users\/2"}],"replies":[{"embeddable":true,"href":"https:\/\/wp-dev.daten.cool\/index.php?rest_route=%2Fwp%2Fv2%2Fcomments&post=12804"}],"version-history":[{"count":0,"href":"https:\/\/wp-dev.daten.cool\/index.php?rest_route=\/wp\/v2\/posts\/12804\/revisions"}],"wp:featuredmedia":[{"embeddable":true,"href":"https:\/\/wp-dev.daten.cool\/index.php?rest_route=\/wp\/v2\/media\/12808"}],"wp:attachment":[{"href":"https:\/\/wp-dev.daten.cool\/index.php?rest_route=%2Fwp%2Fv2%2Fmedia&parent=12804"}],"wp:term":[{"taxonomy":"category","embeddable":true,"href":"https:\/\/wp-dev.daten.cool\/index.php?rest_route=%2Fwp%2Fv2%2Fcategories&post=12804"},{"taxonomy":"post_tag","embeddable":true,"href":"https:\/\/wp-dev.daten.cool\/index.php?rest_route=%2Fwp%2Fv2%2Ftags&post=12804"}],"curies":[{"name":"wp","href":"https:\/\/api.w.org\/{rel}","templated":true}]}}