{"id":12878,"date":"2017-06-05T08:25:47","date_gmt":"2017-06-05T08:25:47","guid":{"rendered":"https:\/\/cilip.site36.net\/?p=12878"},"modified":"2017-06-05T08:25:47","modified_gmt":"2017-06-05T08:25:47","slug":"chronologie-mai-2017","status":"publish","type":"post","link":"https:\/\/wp-dev.daten.cool\/?p=12878","title":{"rendered":"Chronologie Mai 2017"},"content":{"rendered":"<h3>zusammengestellt von Otto Diederichs<\/h3>\n<p>1. Mai: <strong>Ausschreitungen bei Mai-Demonstrationen:<\/strong> Erstmals wurde die \u201eRevolution\u00e4re 1.Mai Demonstration\u201c in Berlin nicht angemeldet, aber von der Polizei geduldet. Etwa 8.000 Personen nehmen daran teil; <a href=\"http:\/\/www.faz.net\/aktuell\/gesellschaft\/kriminalitaet\/gewalttaetige-auseinandersetzungen-bei-demonstration-in-berlin-kreuzberg-14996132.html\">es kommt wie \u00fcblich zu Ausschreitungen<\/a>, 72 Demonstranten werden <a href=\"http:\/\/www.berliner-zeitung.de\/politik\/weniger-gewalt-zum-1--mai---aber-32-verletzte-polizisten-26825508\">festgenommen<\/a>. In Halle (Sachsen-Anhalt) stellen sich mehrere Tausend Menschen einem Aufzug von rund 500 Rechtsextremisten entgegen; es gibt <a href=\"http:\/\/www.faz.net\/aktuell\/gesellschaft\/kriminalitaet\/gewalttaetige-auseinandersetzungen-bei-demonstration-in-berlin-kreuzberg-14996132.html\">vereinzelte Auseinandersetzungen<\/a> mit der Polizei. In Gera (Th\u00fcringen) blockieren Gegendemonstranten einen Aufmarsch der rechten Szene. Auch hier kommt es zu kleineren Auseinandersetzungen. Schwere Ausschreitungen gibt es hingegen in Apolda (Th\u00fcringen), als R\u00fcckkehrer der Demonstration der rechten Gruppierung \u201eDer III. Weg\u201c die Polizei angreifen. 100 Personen werden festgenommen.<!--more--><\/p>\n<p><strong>Rechtsradikalismus:<\/strong> Auf einem Berliner U-Bahnhof werden ein Mann und eine Frau von einem Mitarbeiter der Verkehrsbetriebe <a href=\"http:\/\/www.tagesspiegel.de\/berlin\/polizei-justiz\/u-bahnhof-richard-wagner-platz-in-charlottenburg-bvg-mitarbeiter-soll-zwei-menschen-rassistisch-beleidigt-haben\/19741788.html\">rassistisch beleidigt<\/a>. In Strausberg (Brandenburg) verteilen Unbekannte vor einem muslimischen Sportfest Schweinef\u00fc\u00dfe auf dem Sportplatz und <a href=\"http:\/\/www.berliner-zeitung.de\/berlin\/brandenburg\/muslimisches-sportfest-unbekannte-nageln-rohe-schweinehufe-an-baeume-26822832\">nageln sie an B\u00e4ume<\/a>. Am 2. Mai wird in einer Berliner U-Bahn ein Kind von einer Gruppe Jugendlicher <a href=\"https:\/\/www.morgenpost.de\/berlin\/polizeibericht\/article210450319\/Jugendliche-schlagen-und-beleidigen-Neunjaehrigen-rassistisch.html\">rassistisch beschimpft und geschlagen<\/a>.<\/p>\n<p>Am 3. Mai wird ebenfalls in Berlin das Auto einer Frau <a href=\"http:\/\/www.berliner-zeitung.de\/berlin\/polizei\/rechtsradikale-anschlaege-in-neukoelln-wieder-brannte-ein-auto-einer-nazigegnerin-26837394\">abgebrannt<\/a>, die in der Fl\u00fcchtlingshilfe und einer B\u00fcrgerinitiative gegen Rechts aktiv ist. Bundesweit besitzen 750 Rechtsextremisten <a href=\"http:\/\/www.berliner-zeitung.de\/politik\/statistik-des-bundesamts-750-rechtsextreme-besitzen-einen-waffenschein-26854116\">einen Waffenschein<\/a> (2014: 400). Dies geht am 6. Mai aus einer Antwort der Bundesregierung auf eine parlamentarische Anfrage hervor. Seit dem Ende der Wehrpflicht 2011 hat der Milit\u00e4rische Abschirmdienst (MAD) knapp 2.500 rechtsextreme Verdachtsf\u00e4lle <a href=\"http:\/\/www.faz.net\/aktuell\/politik\/inland\/soldaten-am-rechten-rand-knapp-2500-rechtsextreme-verdachtsfaelle-seit-ende-der-wehrpflicht-15010299.html\">innerhalb der Bundeswehr registriert<\/a>. Durch Presseberichte wird am 16. Mai bekannt, dass der Chef der im Jahr 2000 verbotenen Gruppierung \u201eBlood and Honour\u201c auch <a href=\"http:\/\/www.tagesspiegel.de\/politik\/bundesamt-fuer-verfassungsschutz-ex-deutschland-chef-von-blood-and-honour-war-als-v-mann-taetig\/19812554.html\">als V-Mann <\/a>des Bundesamts f\u00fcr Verfassungsschutz (BfV) gearbeitet hat. Am 17. Mai <a href=\"http:\/\/www.berliner-zeitung.de\/politik\/nazi-netzwerk-blood-honour-deutschland-chef-war-bis-2010-v-mann-26934484\">best\u00e4tigt ein BfV-Mitarbeiter<\/a> diese Information im Parlamentarischen Kontrollgremium (PKgr) des Bundestages. In einer unangemeldeten Demonstration ziehen am 19. Mai rund 50 Mitglieder der rechtsextremistischen \u201eIdentit\u00e4ren Bewegung\u201c vor das Bundesjustizministerium in Berlin und <a href=\"http:\/\/www.berliner-zeitung.de\/berlin\/-identitaere-bewegung\u2014rechtsextreme-marschieren-vor-justizministerium-auf-26932092\">versuchen sich dort Zutritt zu verschaffen<\/a>. Eine Person wird festgenommen. Am 24. Mai beleidigt in Berlin ein Mann eine Person mit dunkler Hautfarbe rassistisch, zeigt den Hitlergru\u00df und ruft \u201eSieg Heil\u201c. <a href=\"http:\/\/www.tagesspiegel.de\/berlin\/berlin-mitte-mann-zeigt-hitlergruss-polizei-ermittelt\/19850898.html\">Er wird festgenommen<\/a>. Auf einem Grundst\u00fcck in Erfurt (Th\u00fcringen), auf dem eine Moschee gebaut werden soll, <a href=\"http:\/\/www.spiegel.de\/politik\/deutschland\/erfurt-unbekannte-legen-tierkadaver-auf-moschee-baugrund-a-1149768.html\">stellen Unbekannte<\/a> Holzspie\u00dfe mit Schweinek\u00f6pfen, -pfoten und -innereien auf. In Berlin wird am 31. Mai eine Autofahrerin im Zuge einer Fahrzeugpanne von einer anderen Frau <a href=\"http:\/\/www.berliner-zeitung.de\/berlin\/polizei\/polizeireport\u2014autofahrerin-wird-nach-panne-volksverhetzend-beschimpft-27017214\">volksverhetzend beschimpft<\/a>, bevor diese weiterf\u00e4hrt.<\/p>\n<p><strong>Antisemitischer Angriff: <\/strong>Bei einer Veranstaltung zur deutsch-israelischen Freundschaft versucht ein Mann eine <a href=\"http:\/\/www.tagesspiegel.de\/berlin\/polizei-justiz\/kundgebung-am-pariser-platz-mann-versucht-israel-fahne-von-frau-anzuzuenden\/19740872.html\">Israel-Fahne anzuz\u00fcnden<\/a>, die eine Frau um die Schultern tr\u00e4gt. Ein anderer Mann kann dies verhindern, der Angreifer fl\u00fcchtet unerkannt.<\/p>\n<p>2. Mai: <strong>Terroranschlag auf Berliner Weihnachtsmarkt:<\/strong> Vor einem Berliner AG <a href=\"http:\/\/www.berliner-zeitung.de\/berlin\/polizei\/wegen-messerstecherei-mutmasslicher-bekannter-von-terrorist-anis-amri-vor-gericht-26826010\">beginnt der Prozess<\/a> gegen einen Bekannten des Attent\u00e4ters Anis Amri wegen einer Messerstecherei im Juli 2016. Hintergrund ist ein Streit im Drogendealer-Milieu. Der Mann wird noch am gleichen Tag zu einer <a href=\"http:\/\/www.berliner-zeitung.de\/berlin\/polizei\/messerstecherei-in-neukoelln-freund-von-terrorist-amri-zu-haftstrafe-verurteilt---26827902\">knapp dreij\u00e4hrigen Haftstrafe verurteilt<\/a>. Am 15. Mai <a href=\"http:\/\/www.berliner-zeitung.de\/berlin\/polizei\/anschlag-am-breitscheidplatz-terror-sonderermittler-hat-probleme-bei-aktenbeschaffung-26904054\">beklagt der vom Berliner Senat<\/a> eingesetzte Sonderermittler Schwierigkeiten bei der Akteneinsicht; insbesondere in Ermittlungsakten der StA. Beamte des Berliner LKA sollen Aktenvermerke zu \u00dcberwachungsma\u00dfnahmen des Attent\u00e4ters Amri, die eine fr\u00fchzeitige Festnahme wegen Drogenhandels gerechtfertigt h\u00e4tten, manipuliert und r\u00fcckdatiert haben. Innensenator Geisel stellt deshalb am 17. Mai Anzeige wegen Strafvereitelung und Urkundenf\u00e4lschung gegen unbekannte LKA-MitarbeiterInnen. Zudem wurden <a href=\"http:\/\/www.tagesspiegel.de\/berlin\/verdacht-der-strafvereitelung-im-fall-anis-amri-innensenator-geisel-zeigt-berliner-lka-an\/19817938.html\">Disziplinarma\u00dfnahmen eingeleitet<\/a>. Nach den Vertuschungsvorw\u00fcrfen gegen das Berliner LKA <a href=\"https:\/\/www.morgenpost.de\/berlin\/article210635001\/Terroropfer-fordern-Entschaedigung-vom-Land-Berlin.html\">erw\u00e4gen mehrere Opferangeh\u00f6rige<\/a> Schadensersatzanspr\u00fcche geltend zu machen. Das Berliner Abgeordnetenhaus <a href=\"http:\/\/www.tagesspiegel.de\/berlin\/berliner-koalition-rot-rot-gruen-will-untersuchungsausschuss-im-fall-amri-jetzt-doch\/19836032.html\">beschlie\u00dft am 22. Mai<\/a>, zus\u00e4tzlich zum bisherigen Sonderermittler auch einen parlamentarischen Untersuchungsausschuss einzusetzen. Im LKA wird zudem eine <a href=\"http:\/\/www.berliner-zeitung.de\/berlin\/fall-anis-amri-vorwurf-der-aktenmanipulation-womoeglich-haltlos-26949500\">14-k\u00f6pfige Task-Force<\/a> zur Untersuchung der Aktenmanipulation eingesetzt. Im Zuge der Strafanzeige wegen mutma\u00dflicher Aktenmanipulation werden am 26.\u00a0 und 29. Mai <a href=\"http:\/\/www.tagesspiegel.de\/berlin\/polizei-justiz\/ermittlungen-im-fall-amri-fuenf-wohnungen-von-polizisten-durchsucht\/19863408.html\">Hausdurchsuchungen bei f\u00fcnf Berliner LKA-Beamten<\/a>; bei einem von ihnen besteht nach StA-Angaben ein Anfangsverdacht. Unter Berufung auf Ermittlerkreise wird am 31. Mai durch Presseberichte bekannt, dass der Attent\u00e4ter Anis Amri eigentlich zur Terrorgruppe \u201eIslamischer Staat\u201c (IS) ausreisen wollte, von diesem jedoch <a href=\"http:\/\/www.sueddeutsche.de\/politik\/anschlag-in-berlin-is-draengte-amri-zu-anschlag-auf-berliner-weihnachtsmarkt-1.3530086\">gedr\u00e4ngt wurde<\/a> einen Anschlag in Deutschland zu begehen.<\/p>\n<p><strong>Bundeswehrsoldat unter Terrorverdacht:<\/strong> Die Bundesanwaltschaft (BAW) <a href=\"http:\/\/www.spiegel.de\/politik\/deutschland\/bundeswehr-generalbundesanwalt-ermittel-im-fall-franco-a-a-1145773.html\">\u00fcbernimmt die Ermittlungen<\/a> gegen den rechtsradikalen Bundeswehroffizier Franco A., der erstmals Anfang Februar in \u00d6sterreich festgenommen war, wegen des Anfangsverdachts der Vorbereitung einer schweren staatsgef\u00e4hrdenden Gewalttat. Am 4. Mai unterrichtet das Verteidigungsministerium den Bundestag dar\u00fcber, dass bei einem mutma\u00dflichen Komplizen Franco A. bei einer Durchsuchung rund 1.000 Schuss gestohlene Bundeswehrmunition gefunden wurden, die A. dort <a href=\"http:\/\/www.spiegel.de\/politik\/deutschland\/bundeswehr-soldat-franco-a-hortete-1000-schuss-munition-a-1446177.html\">eingelagert hatte<\/a>. Am 9. Mai wird in Kehl (Baden-W\u00fcrttemberg) ein weiterer Bundeswehrsoldat als mutma\u00dflicher Komplize wegen des Verdachtes der gemeinschaftlichen Vorbereitung einer schweren staatsgef\u00e4hrdenden Straftat <a href=\"http:\/\/www.spiegel.de\/politik\/deutschland7bundeswehr-fall-franco-a-bka-nimmt-weiteren-soldat-fest-a-1146738.html\">festgenommen<\/a>. Durch <a href=\"http:\/\/www.spiegel.de\/politik\/deutschland\/franco-a-ermittler-finden-bombenbau-anleitung-a-1147341.html\">Presseberichte<\/a> wird am 12. Mai bekannt, dass bei Durchsuchungen bei A. neben anderem Belastungsmaterial auch ein islamistisches Handbuch f\u00fcr Bombenbau gefunden wurde. Der MAD der Bundeswehr <a href=\"http:\/\/www.faz.net\/aktuell\/politik\/inland\/affaere-franco-a-mad-untersucht-kontakte-zur-identitaeren-bewegung-15020436.html\">untersucht eventuelle rechtsradikale Kontakte<\/a> von 11 Studenten der Bundeswehr-Universit\u00e4t, die in Verbindung mit dem Terrorverd\u00e4chtigen Franco A. gestanden haben sollen. Durch <a href=\"http:\/\/www.spiegel.de\/politik\/deutschland\/bundeswehr-und-franco-a-ermittler-pruefen-spur-zu-waffenklau-a-1148508.html\">Presseberichte<\/a> wird am 20. Mai bekannt, dass die Bundesanwaltschaft (BAW) gr\u00f6\u00dfere Waffendiebst\u00e4hle auf eine m\u00f6gliche Verbindung zu einer rechtsextremen Zelle um A. pr\u00fcft. Ende Mai <a href=\"http:\/\/www.spiegel.de\/politik\/deutschland\/bundeswehr-uni-zwei-offiziersanwaerter-wegen-rechter-gesinnung-fristlos-entlassen-a-1150148.html\">k\u00fcndigt die Bundeswehr<\/a> zwei Offiziersanw\u00e4rtern der Bundeswehr-Universit\u00e4t wegen ihrer rechten Gesinnung fristlos. Gegen weitere Soldaten laufen noch Ermittlungen.<\/p>\n<p><strong>Rechtsradikale Straftaten: <\/strong>In Koblenz (Rheinland-Pfalz) wird der seit 2012 laufende Prozess gegen eine Gruppe von 26 mutma\u00dflichen Neo-Nazis, die laut Anklage eine gewaltsame Revolution anzetteln wollten, <a href=\"http:\/\/www.spiegel.de\/panorama\/justiz\/koblenz-neonazi-prozess-nach-300-tagen-aus-altersgruenden-geplatzt-a-1145768.html\">auf unbestimmte Zeit ausgesetzt<\/a>. Grund ist die Pensionierung des Vorsitzenden Richters (Az: 12 Kls\u20132090 Js 29752\/10). Ebenfalls am 2. Mai stellt das Amtsgericht (AG) Weimar (Th\u00fcringen) das Verfahren gegen f\u00fcnf Rechtsextremisten <a href=\"http:\/\/www.spiegel.de\/panorama\/justiz\/weimar-neonazi-sturm-auf-mai-kundgebung-prozess-eingestellt-a-1145805.html\">gegen Geldbu\u00dfen ein<\/a>. Die M\u00e4nner hatten 2015 gemeinsam mit einer gr\u00f6\u00dferen Gruppe eine Mai-Kundgebung des DGB gest\u00fcrmt und dabei drei Menschen verletzt. Am 7. Mai ruft in Berlin ein Mann zwei Kindern \u201eHeil Hitler\u201c-Rufe hinterher. Mit einer Zeugin, die ihn zur Rede stellen will, <a href=\"https:\/\/www.morgenpost.de\/berlin\/polizeibericht\/article210484777\/Gruenau-Nazi-Parolen-gerufen-mutige-Frau-schreitet-ein.html\">kommt es zu einem Handgemenge<\/a>. Der Mann kann festgenommen werden. Durch <a href=\"http:\/\/www.berliner-zeitung.de\/politik\/seit-jahresbeginn-zahl-der-politisch-motivierten-straftaten-gestiegen-26877110\">Presseberichte<\/a> wird am 10. Mai bekannt, dass seit Jahresbeginn insgesamt knapp 530 rechtsextremistische Straftaten gez\u00e4hlt wurden. Am 18. Mai <a href=\"http:\/\/www.tagesspiegel.de\/politik\/wegen-geplantem-anschlag-bundesanwaltschaft-klagt-weitere-mitglieder-der-oldschool-society-an\/19821800.html\">teilt die BAW mit<\/a>, dass gegen zwei mutma\u00dfliche Mitglieder der rechtsextremen \u201eOldschool Society\u201c, die an Vorbereitungen f\u00fcr einen Sprengstoffanschlag auf eine Fl\u00fcchtlingsunterkunft in Borna (Sachsen) beteiligt gewesen sein sollen, Anklage erhoben wurde. Am 24. Mai verurteilt das LG Erfurt 11 Rechtsradikale wegen gef\u00e4hrlicher K\u00f6rperverletzung zu Haftstrafen zwischen 26 Monaten und <a href=\"http:\/\/www.tagesspiegel.de\/politik\/urteil-im-ballstaedt-prozess-haftstrafen-fuer-rechtsextremisten\/19850748.html\">dreieinhalb Jahren<\/a>. Die Angeklagten hatten im Februar 2014 in Ballst\u00e4dt (Th\u00fcringen) den Gemeindesaal gest\u00fcrmt und eine dort tagende Kirmesgesellschaft verpr\u00fcgelt um sich \u201eRespekt zu verschaffen\u201c. Nach \u00fcber 300 Verhandlungstagen stellt das (Landgericht (LG) Koblenz (Rheinland-Pfalz) am 30. Mai den Prozess gegen das rechtsextreme \u201eAktionsb\u00fcro Mittelrhein\u201c <a href=\"http:\/\/www.spiegel.de\/panorama\/justiz\/koblenzer-neonazi-prozess-endgueltig-eingestellt-a-1149853.html\">wegen \u201e\u00fcberlanger Verfahrensdauer\u201c ein<\/a>. Den Angeklagten war Bildung einer kriminellen Vereinigung, K\u00f6rperverletzung und Sachbesch\u00e4digung vorgeworfen worden. Das Urteil ist noch nicht rechtskr\u00e4ftig (Az: 12 Kls \u2013 2090 Js 29752\/10).<\/p>\n<p><strong>Alternative f\u00fcr Deutschland (AfD):<\/strong> Der Vorsitzende der bayerischen AfD <a href=\"http:\/\/www.sueddeutsche.de\/bayern\/justiz-bayerns-afd-chef-bystron-klagt-gegen-den-freistaat-1.3486482\">gibt bekannt<\/a>, dass er gegen seine Beobachtung durch den Verfassungsschutz Klage eingereicht hat. Am 24. Mai teilt die Staatsanwaltschaft (StA) in Berlin mit, dass ein Funktion\u00e4r der AfD-Jugendorganisation mit Haftbefehl wegen gef\u00e4hrlicher K\u00f6rperverletzung <a href=\"http:\/\/www.berliner-zeitung.de\/berlin\/gefaehrliche-koerperverletzung-berliner-afd-jugendfunktionaer-mit-haftbefehl-gesucht-26964328\">gesucht wird<\/a>. Er soll mit einem Transporter beinahe einen Zivilbeamten umgefahren haben.<\/p>\n<p><strong>Salafismus: <\/strong>Durch Presseberichte wird bekannt, dass der hessische Verfassungsschutz das Umfeld von \u201eHalal\u201c-L\u00e4den <a href=\"http:\/\/www.faz.net\/politik\/inland\/hessens-verfassungsschutz-hat-umfeld-von-halal-laeden-im-blick-14996857.html\">ins Visier genommen hat<\/a>. Begr\u00fcndet wird dies damit, dass solche muslimischen Lebensmittell\u00e4den zu \u201eRadikalisierungsorten\u201c werden k\u00f6nnten.<\/p>\n<p><strong>Schengener Grenzkontrollen: <\/strong>Die EU-Kommission gestattet Deutschland, die wegen hohem Fl\u00fcchtlingsaufkommen eingef\u00fchrten Grenzkontrollen noch <a href=\"http:\/\/www.faz.net\/aktuell\/politik\/inland\/eu-kommission-will-kontrollfreie-binnengrenzen-bis-november-14997431.html\">bis nach der Bundestagswahl weiterzuf\u00fchren<\/a>.<\/p>\n<p>3. Mai: <strong>Rechtsextremistische Terrorgruppe NSU:<\/strong> Im M\u00fcnchner NSU-Prozess tr\u00e4gt der von den Verteidigern von Beate Zsch\u00e4pe beauftragte psychologische Sachverst\u00e4ndige sein Gutachten vor: <a href=\"http:\/\/www.sueddeutsche.de\/politik\/nsu-prozess-psychiater-zschaepe-befand-sich-in-einer-art-verschaerfter-geiselhaft-1.3489758\">Er bescheinigt der Angeklagten<\/a> eine verminderte Schuldf\u00e4higkeit aufgrund einer schweren abh\u00e4ngigen Pers\u00f6nlichkeitsst\u00f6rung. Am 16. Mai bekr\u00e4ftigt der von Zsch\u00e4pes Verteidigern bestellte Psychiater sein Gutachten und greift dabei den Gerichtsgutachter erneut <a href=\"http:\/\/www.spiegel.de\/panorams\/justiz\/nsu-prozess-psychiater-gegen-psychiater-a-1147920.html\">scharf an<\/a>. <a href=\"http:\/\/www.spiegel.de\/panorama\/justiz\/nsu-prozess-pflichtverteidiger-von-beate-zschaepe-beantragen-neues-psychiatrisches-gutachten-a-1148096.html\">Daraufhin fordert<\/a> Zsch\u00e4pes Verteidigung am 17. Mai ein neues psychiatrisches Gutachten. Am 22. Mai wird der mutma\u00dfliche NSU-Vertraute Andr\u00e9 E. vom AG Zwickau (Sachsen) in einem anderen Fall wegen K\u00f6rperverletzung und Bedrohung <a href=\"http:\/\/www.spiegel.de\/panorama\/justiz\/zwickau-andre-e-wegen-koerperverletzung-schuldig-gesprochen-a-1148791.html\">zu einer Geldstrafe verurteilt<\/a>. Im M\u00fcnchner NSU-Prozess stellen am 24. Mai mehrere Nebenkl\u00e4ger einen Befangenheitsantrag gegen den von Beate Zsch\u00e4pes Verteiding bestellten Gutachter. Zuvor war bekannt geworden, dass dieser Zsch\u00e4pe <a href=\"http:\/\/www.faz.net\/aktuell\/politik\/inland\/nsu-prozess-zschaepe-gutachter-in-erklaerungsnot-15031244.html\">nicht nur Pralinen zu ihrem Gespr\u00e4ch mitbringen<\/a> wollte, sondern einer Zeitung auch noch eine Email geschickt hatte, in der er sich zur medialen Prozessberichterstattung ge\u00e4u\u00dfert hatte. Zudem gibt die Mutter von Beate Zsch\u00e4pe <a href=\"http:\/\/www.spiegel.de\/panorama\/justiz\/nsu-prozess-was-beate-zschaepes-mutter-bei-der-polizei-aussagte-a-1149150.html\">ihr polizeiliches Vernehmungsprotokoll frei<\/a>, dessen Einf\u00fchrung in den Prozess sie bisher verweigert hatte. Im Gutachterstreit verteidigt am 30. Mai der vom Gericht bestellte Psychiater sein Gutachten in dem er Beate Zsch\u00e4pe <a href=\"http:\/\/www.sueddeutsche.de\/politik\/nsu-gutachter-sass-laesst-sich-im-nsu-prozess-nicht-beirren-1.3527856\">f\u00fcr voll schuldf\u00e4hig h\u00e4lt<\/a>.<\/p>\n<p><strong>Rechtsradikale und fremdenfeindliche Angriffe auf Fl\u00fcchtlinge: <\/strong>Im bayerischen Bad Rodach <a href=\"http:\/\/www.sueddeutsche.de\/bayern\/2.220\/bad-rodach-fluechtling-wird-von-vier-maennern-beleidigt-und-verpruegelt-1.3500574\">beleidigen und verpr\u00fcgeln vier Unbekannte<\/a> einen jungen syrischen Fl\u00fcchtling. Am 12. Mai besch\u00e4ftigt sich der Innenausschuss des brandenburgischen Landtages mit dem Tod einer \u00e4gyptischen Studentin. Die junge Frau war am 15. April in Cottbus \u00fcberfahren und anschlie\u00dfend rassistisch beschimpft worden; sie starb drei Tage sp\u00e4ter. Die Polizei hatte <a href=\"http:\/\/www.berliner-zeitung.de\/berlin\/brandenburg\/-tod-einer-gaststudentin-in-cottbus\u2014geht-doch-in-euer-scheissland-zurueck--26887498\">zun\u00e4chst nur wegen eines Verkehrsunfalles ermittelt<\/a>. Vor dem LG Regensburg (Bayern) <a href=\"http:\/\/www.sueddeutsche.de\/bayern\/2.220\/angriff-in-kelheim-zufall-alkohol-und-ein-wutausbruch-1.3525539\">beginnt der Prozess<\/a> gegen einen 19-J\u00e4hrigen, der im Verdacht steht, einem Freund im Februar 2016 zu einem Buschmesser verholfen und zu Angriffen auf Asylbewerber in Kelheim angestachelt zu haben. Der Hauptt\u00e4ter wurde bereits zu knapp zweieinhalb Jahren verurteilt.<\/p>\n<p><strong>\u201eReichsb\u00fcrger\u201c:<\/strong> Da die Angeklagten nicht erscheinen platzt vor dem AG Herzberg (Niedersachsen) der Prozess gegen zwei \u201eReichsb\u00fcrgerinnen\u201c wegen gef\u00e4hrlicher K\u00f6rperverletzung und Widerstand gegen Vollstreckungsbeamte. Die Frauen hatten im Juni 2015 einen Polizeibeamten mit einem s\u00e4urehaltigen Reinigungsmittel angegriffen und ihm damit erhebliche <a href=\"http:\/\/www.spiegel.de\/panorama\/justiz\/reichsbuerger-polizist-mit-saeure-angegriffen-prozess-geplatzt-a-1145879.html\">Augenverletzungen zugef\u00fcgt<\/a>. In Berlin gibt es etwa 400 \u201eReichsb\u00fcrger\u201c, von denen rund 100 als rechtsextremistisch eingestuft werden. Dies geht <a href=\"http:\/\/www.berliner-zeitung.de\/berlin\/polizei\/-reichsbuerger--400-personen-in-berlin-erkennen-bundesrepublik-nicht-an-26844088\">aus einer Antwort der Senatsinnenverwaltung<\/a> auf eine parlamentarische Anfrage hervor. Vor einem Berliner AG <a href=\"http:\/\/www.tagesspiegel.de\/berlin\/gewaltsame-absetzung-von-merkel-gefordert-reichsbuerger-christoph-kastius-wieder-vor-gericht\/19792876.html\">beginnt der Prozess<\/a> gegen einen \u201eReichsb\u00fcrger\u201c, der im Internet zu einer gewaltsamen Absetzung von Bundeskanzlerin Angela Merkel (CDU) aufgerufen hatte. In Wittenberg (Sachsen-Anhalt) wird am 15. Mai <a href=\"http:\/\/www.spiegel.de\/panorama\/justiz\/wittenberg-koenigreich-deutschland-ade-polizei-raeumt-reichsbuerger-gelaende-a-1147832.html\">ein fr\u00fcheres Klinikgel\u00e4nde ger\u00e4umt<\/a>, dass ein \u201eReichsb\u00fcrger\u201c als \u201eK\u00f6nigreich Deutschland\u201c annektiert hatte. Die R\u00e4umung verl\u00e4uft friedlich. <a href=\"http:\/\/www.spiegel.de\/panorama\/justiz\/reichsbuerger-verfassungsschutz-registriert-12-600-anhaenger-a-1148835.html\">Das BfV teilt mit<\/a>, dass es rund 12.600 Personen der \u201eReichsb\u00fcrger\u201c-Szene zurechnet; etwa 700 von ihnen seien Rechtsextremisten.<\/p>\n<p><strong>Drogenfahndung:<\/strong> Vor dem Berliner LG <a href=\"http:\/\/www.berliner-zeitung.de\/berlin\/polizei\/drogen-im-darknet-verkauft-berliner-ehepaar-will-vor-gericht-aussagen-26838064\">beginnt der Prozess<\/a> gegen ein Ehepaar, dem vorgeworfen wird, im so genannten Darknet des Internet einen schwunghaften Drogenhandel betrieben zu haben. Die Angeklagten k\u00fcndigen ein Gest\u00e4ndnis an.<\/p>\n<p>4. Mai: <strong>Festnahmen von mutma\u00dflichen Dschihadisten: <\/strong>In Wachau (Sachsen) wird ein 29-J\u00e4hriger Syrer festgenommen. <a href=\"http:\/\/www.spiegel.de\/politik\/deutschland\/leipzig-sek-nimmt-mutmasslichen-is-kaempfer-fest-a-1146235.html\">Er steht im Verdacht<\/a>, im syrischen B\u00fcrgerkrieg zun\u00e4chst auf Seiten der Terrormiliz \u201eJabhat al-Nusra\u201c gek\u00e4mpft zu haben, bevor er sich dem IS anschloss. In Berlin und Magdeburg (Sachsen-Anhalt) werden am 09. Mai zwei syrische M\u00e4nner unter dem Verdacht der Mitgliedschaft in der \u201eJabhat al-Nusra\u201c zu sein. Einer der M\u00e4nner wird <a href=\"http:\/\/www.spiegel.de\/politik\/deutschland\/zwei-mutmassliche-islamisten-in-berlin-und-sachsen-anhalt-festgenommen-a-1146767.html\">zudem beschuldigt<\/a>, durch den Mord an einem syrischen Soldaten ein Kriegsverbrechen begangen zu haben. Bei einem Einsatz gegen den \u201ebewaffneten bandenm\u00e4\u00dfigen Rauschgifthandel\u201c am 24. Mai in Berlin werden <a href=\"http:\/\/www.berliner-zeitung.de\/berlin\/polizei\/sek-einsatz-in-berlin-polizei-gelingt-schlag-gegen-dealer-in-islamisten-szene-26959762\">insgesamt neun Personen festgenommen<\/a>, darunter vier, die der radikalen islamistischen Szene zugeordnet werden. Neben Drogen werden Waffen und elektronische Ger\u00e4te sichergestellt. In einem Fl\u00fcchtlingsheim f\u00fcr minderj\u00e4hrige unbegleitete Fl\u00fcchtlinge in Gerswalde (Brandenburg) nimmt die Polizei am 30. Mai einen 17-J\u00e4hrigen Syrer <a href=\"http:\/\/www.berliner-zeitung.de\/politik\/polizei-fasst-terrorverdaechtigen-in-brandenburg-26992478\">unter dem Verdacht fest<\/a>, einen Selbstmordanschlag geplant zu haben. Er hatte sich zuvor schriftlich von seiner Familie in den \u201eDschihad\u201c verabschiedet. Am 31. Mai wird er <a href=\"http:\/\/www.berliner-zeitung.de\/berlin\/polizei\/terrorverdacht-nicht-bestaetigt-17-jaehriger-syrer-wird-aus-haft-entlassen--26998634\">wieder freigelassen<\/a>, da sich der Verdacht nicht best\u00e4tigt hat<strong>.<\/strong><\/p>\n<p><strong>Polizeilicher Todesschuss:<\/strong> In einer Klinik f\u00fcr psychisch Kranke in Emmendingen (Baden-W\u00fcrttemberg) ruft ein Mitarbeiter die Polizei, weil sich ein 61-J\u00e4hriger Patient aggressiv verh\u00e4lt. Als die Beamten eintreffen, sollen sie von dem Mann mit einem Messer angegriffen worden sein. Als der Einsatz von Pfefferspray wirkungslos bleibt, <a href=\"http:\/\/www.badische-zeitung.de\/emmendingen\/polizei-erschiesst-61-jaehrigen-angreifer-in-einer-reha-einrichtung-in-emmendingen\u2014136383324.html\">schie\u00dft ein Polizist dreimal auf den Mann<\/a>; er stirbt noch vor Ort. Die Heimleitung <a href=\"http:\/\/www.faz.net\/aktuell\/gesellschaft\/kriminalitaet\/polizisten-toeten-psychisch-kranken-mann-15011113.html\">bestreitet diese Polizeiversion<\/a>; von dem Mann sei demnach keine Gefahr mehr ausgegangen.<\/p>\n<p>5. Mai: <strong>Rockerkriminalit\u00e4t:<\/strong> Das LKA in NRW <a href=\"http:\/\/www.spiegel.de\/panorama\/justiz\/nordrhein-westfalen-rocker-gangs-in-nrw-haben-mehr-mitglieder-als-je-zuvor-a-1146359.html\">z\u00e4hlt im Fr\u00fchjahr 2017<\/a> insgesamt 2.100 Rocker in 92 Gangs (2014: 1.200 in 62 Gangs). Am 12. Mai wird in Berlin gegen drei M\u00e4nner aus dem Rockermilieu <a href=\"http:\/\/www.berliner-zeitung.de\/berlin\/schiesserei-in-wedding-die-spur-fuehrt-ins-rockermilieu-26886070\">Haftbefehl erlassen<\/a>. Sie sollen zwei Tage zuvor mehrere Sch\u00fcsse auf ein Lokal abgegeben haben. Kurz darauf <a href=\"http:\/\/www.berliner-zeitung.de\/berlin\/polizei\/rockeranschlag-in-wedding-die-gaeste-schossen-zurueck-26891376\">gibt die Polizei bekannt<\/a>, dass nach ihren Ermittlungen auch aus dem Lokal heraus auf die Angreifer geschossen wurde. <a href=\"http:\/\/www.tagesspiegel.de\/berlin\/polizei-justiz\/berlin-moabit-polizei-kontrollierte-23-rocker-in-der-nacht\/19798502.html\">Am 13. Mai<\/a> kontrolliert die Polizei mehrere Rocker der \u201eGuerilla Nation\u201c; Mitglieder der Gruppe sollen auch an der Schie\u00dferei beteiligt gewesen sein. Es werden mehrere Anzeigen wegen Versto\u00df gegen das Bet\u00e4ubungsmittelgesetz und das Waffengesetz gefertigt. Zudem wird auch das Vereinshaus der \u201eGuerilla Nation\u201c <a href=\"http:\/\/www.berliner-zeitung.de\/berlin\/polizei\/nach-schiesserei-in-wedding-razzia-im-rockerheim-der-guerillas-26899284\">durchsucht und Beweismittel sichergestellt<\/a>. Einen Tag sp\u00e4ter <a href=\"http:\/\/www.berliner-zeitung.de\/berlin\/polizei\/nach-schiesserei-mysterioeser-einbruch-in-rocker-treffpunkt-26902488\">stellt die Polizei fest<\/a>, dass in das, nach dem \u00dcberfall geschlossene, Lokal eingebrochen wurde. Vor dem LG Frankfurt\/M. (Hessen) <a href=\"http:\/\/www.spiegel.de\/panorama\/justiz\/frankfurt-prozessauftakt-gegen-mitglied-der-hells-angels-angeklagter-schweigt-a-1148585.html\">beginnt der Prozess<\/a> gegen einen Rocker der \u201eHells Angels\u201c wegen versuchten Mordes und gef\u00e4hrlicher K\u00f6rperverletzung. Er soll im Fr\u00fchjahr 2016 auf ein Fahrzeug geschossen haben wobei dessen Fahrer lebensgef\u00e4hrlich und der Beifahrer schwer verletzt wurden. Am 22. Mai nimmt die Polizei in Berlin <a href=\"http:\/\/www.berliner-zeitung.de\/berlin\/polizei\/nach-schuessen-auf-caf%C3%A9-in-wedding-sek-verhaftet-zwei-weitere-tatverdaechtige-26953048\">zwei weitere M\u00e4nner fest<\/a>, die an dem Anschlag auf ein Lokal beteiligt gewesen sein sollen. Damit sind nun f\u00fcnf Personen in Untersuchungshaft. Mit einem Gro\u00dfaufgebot und einem gepanzerten Spezialfahrzeug <a href=\"http:\/\/www.spiegel.de\/panorama\/justiz\/hells-angels-spezialkraefte-stuermen-vereinsheim-in-koeln-a-1150186.html\">st\u00fcrmt die Polizei in K\u00f6ln<\/a> am 31. Mai (NRW) ein Vereinsheim der \u201eHells Angels\u201c. Hintergrund ist ein etwa zwei Wochen zur\u00fcckliegender Angriff auf die rivalisierenden \u201eBandidos\u201c.<\/p>\n<p><strong>Kinderpornografie:<\/strong> Gemeinsam mit dem US-amerikanischen FBI hebt die Europ\u00e4ische Polizeiagentur Europol in einer zweij\u00e4hrigen Operation einen internationalen Kinderpornografie-Ring aus. <a href=\"http:\/\/www.spiegel.de\/panorama\/justiz\/kinderpornos-europol-und-fbi-nehmen-900-verdaechtige-fest-a-1146385.html\">Weltweit wurden rund 900 Personen festgenommen<\/a>, davon knapp 370 in Europa.<\/p>\n<p>6. Mai: <strong>Rechte und fremdenfeindliche Angriffe auf Fl\u00fcchtlingsheime:<\/strong> Im Jahr 2016 kam es nach Polizeiz\u00e4hlung <a href=\"http:\/\/www.berliner-zeitung.de\/politik\/statistik-des-bundesamts-750-rechtsextreme-besitzen-einen-waffenschein-26854116\">in insgesamt 79 F\u00e4llen zu Angriffen<\/a> auf Fl\u00fcchtlinge, Unterk\u00fcnfte und Fl\u00fcchtlingshelferInnen (2015: 39). Dies geht am aus einer Antwort der Bundesregierung auf eine parlamentarische Anfrage hervor.<\/p>\n<p>8. Mai: \u201e<strong>Patriotische Europ\u00e4er gegen die Islamisierung des Abendlandes\u201c (Pegida): <\/strong>Auf der Pegida-Montagsdemo in Dresden (Sachsen) mit rund 2.400 TeilnehmerInnen kommt es durch Reden beider Organisationen <a href=\"http:\/\/www.taz.de\/Annaeherung-zwischen-Pegida-und-AfD\/!5408410\/\">zu einer weiteren Ann\u00e4herung<\/a> mit der AfD. Der wegen K\u00f6rperverletzung verurteilte Organisator der fremdenfeindlichen Demonstrationen des Potsdamer Ablegers \u201ePogida\u201c <a href=\"https:\/\/www.morgenpost.de\/brandenburg\/article210580377\/Pogida-Organisator-Mueller-moeglicherweise-untergetaucht.html\">erscheint am 15. Mai nicht zu seiner Berufungsverhandlung<\/a>; er gilt seither als untergetaucht.<\/p>\n<p><strong>Prozesse gegen mutma\u00dfliche Dschihadisten:<\/strong> Vor dem LG Hannover (Niedersachsen) <a href=\"http:\/\/www.berliner-zeitung.de\/politik\/prozessbeginn-bruder-von-is-sympathisantin-safia-s--nach-brandanschlag-vor-gericht-26862762\">beginnt der Prozess<\/a> gegen einen 18-J\u00e4hrigen Dschihadisten wegen eines Brandanschlages auf ein Einkaufszentrum im Februar 2016. Er war anschlie\u00dfend in Richtung Syrien ausgereist, jedoch in der T\u00fcrkei festgenommen worden. Am 10. Mai <a href=\"http:\/\/www.berliner-zeitung.de\/berlin\/polizei\/400-euro-an-is-geschickt-terrorhelfer-aus-berlin-zu-drei-jahren-haft-verurteilt-26877014\">verurteilt ein Berliner Kammergericht<\/a> (KG) einen Algerier wegen finanzieller Unterst\u00fctzung des IS zu einer Haftstrafe von knapp drei Jahren. Ein Berliner KG <a href=\"http:\/\/www.berliner-zeitung.de\/berlin\/polizei\/terror-prozess-in-berlin-fuenf-jahre-gefaengnis-fuer-jungen-syrer-26933326\">verurteilt am 19. Mai<\/a> einen jungen Syrer wegen Mitgliedschaft in einer terroristischen Vereinigung und Vorsto\u00df gegen das Kriegswaffenkontrollgesetz in 150 F\u00e4llen zu einer f\u00fcnfj\u00e4hrigen Haftstrafe.<\/p>\n<p><strong>Homophobe Angriffe:<\/strong> In Berlin wird ein Mann an seiner Wohnungst\u00fcr <a href=\"http:\/\/www.tagesspiegel.de\/berlin\/polizei-justiz\/berlin-moabit-mann-an-eigener-wohnungstuer-homophob-beleidigt\/19774682.html\">schwulenfeindlich beschimpft<\/a>. Am 13. Mai wird in M\u00fcnchen (Bayern) ein Mann <a href=\"http:\/\/www.sueddeutsche.de\/muenchen\/altstadt-krankenhausreif-geschlagen-1.3504563\">homophob beleidigt, bespuckt und geschlagen<\/a>; er muss ins Krankenhaus. Laut der Ver\u00f6ffentlichung eines Berliner Schwulenprojektes am 16. Mai wurden in Berlin 2016 insgesamt <a href=\"http:\/\/www.berliner-zeitung.de\/berlin\/oeffentliche-gewalt-gegen-homosexuelle-koerperverletzung-und-noetigung---291-straftaten--26914864\">291 homophobe Straftaten ver\u00fcbt<\/a>. In Berlin wird am 17. Mai ein junger Mann aus einer Gruppe heraus <a href=\"http:\/\/www.berliner-zeitung.de\/berlin\/polizei\/polizeireport--19-jaehriger-auf-dem-alexanderplatz-homophob-beleidigt--26922510\">homophob beleidigt<\/a>. Zwei Verd\u00e4chtige werden vorl\u00e4ufig festgenommen. Am 20. Mai wird <a href=\"http:\/\/www.berliner-zeitung.de\/berlin\/polizei\/tiergarten-und-schoeneberg-zwei-maenner-schwulenfeindlich-beleidigt-und-angegriffen-26940114\">erneut in Berlin<\/a> ein Jogger aus einer Personengruppe heraus homophob beleidigt, geschlagen und bestohlen. Zudem kommt es am 21. Mai sowohl in einer Berliner Bar zu einer <a href=\"http:\/\/www.berliner-zeitung.de\/berlin\/polizei\/tiergarten-und-schoeneberg-zwei-maenner-schwulenfeindlich-beleidigt-und-angegriffen-26940114\">homophoben Beleidigung und einem Angriff<\/a> sowie zu einem weiteren Angriff auf der Stra\u00dfe wobei ein homosexueller Mann geschlagen wird. In letzterem Fall kann der T\u00e4ter <a href=\"http:\/\/www.tagesspiegel.de\/berlin\/polizei-justiz\/berlin-mitte-homophober-angriff-nahe-alexanderplatz\/19837606.html\">festgenommen werden<\/a>. Drei Monate nach einem homophoben Angriff in einer Berliner Stra\u00dfenbahn bei dem ein Mann beschimpft und mit einer Bierflasche geschlagen worden war, <a href=\"http:\/\/www.berliner-zeitung.de\/berlin\/polizei\/polizeireport--homophober-angriff-auf-mann-in-tram---taeter-stellen-sich-26959534\">stellen sich die T\u00e4ter<\/a> am 23. Mai nach einem \u00f6ffentlichen Fahndungsaufruf der Polizei. In Berlin wird am 25. Mai ein schwules P\u00e4rchen homophob beschimpft, bespuckt und geschubst; einer der M\u00e4nner wird zudem in den R\u00fccken getreten. Der T\u00e4ter <a href=\"http:\/\/www.berliner-zeitung.de\/berlin\/polizei\/schoeneberg-schwules-paerchen-beschimpft-bespuckt-und-getreten-26968880\">kann unerkannt entkommen<\/a>. Erneut wird am 26. Mai in Berlin ein Mann aus einer gemischten Gruppe, einschlie\u00dflich Kindern, heraus homophob beleidigt und anschlie\u00dfend von den M\u00e4nnern geschlagen und getreten. Die Gruppe <a href=\"http:\/\/www.tagesspiegel.de\/berlin\/polizei-justiz\/berlin-neukoelln-mann-homophob-beleidigt-und-attackiert\/19859706.html\">entkommt unerkannt<\/a>. Ebenfalls in Berlin wird <a href=\"http:\/\/www.berliner-zeitung.de\/berlin\/polizei\/streit-um-gratisproben-mann-beleidigt-friseur-homophob-und-schlaegt-auf-ihn-ein-26995750\">am 30. Mai<\/a> ein Friseur von einem anderen Mann im Streit um Gratisproben homophob beleidigt und geschlagen.<\/p>\n<p><strong>Datenschutzbeauftragte beklagen Probleme:<\/strong> Bei der Vorstellung seines Jahresberichtes 2016 <a href=\"http:\/\/www.faz.net\/aktuell\/politik\/inland\/datenschuetzer-kritisieren-private-video-ueberwachung-15007463.html\">beklagt der hessische Datenschutzbeauftragte<\/a> Michael Ronellenfitsch die wachsende Zahl privater Video-\u00dcberwachung.<\/p>\n<p>9. Mai: <strong>Gewalt gegen Obdachlose: <\/strong>Vor einer Jugendkammer des LG Berlin <a href=\"https:\/\/www.morgenpost.de\/berlin\/article210492553\/Prozess-Sie-wollten-einen-Obdachlosen-anzuenden.html\">beginnt der Prozess<\/a> gegen sechs Jugendliche, die versucht hatten in der Nacht zum 25.12.2016 in einem U-Bahnhof einen schlafenden Obdachlosen anzuz\u00fcnden. Am 10. Mai nimmt die Polizei in Niedersachsen einen Mann fest, der Mitte April in Hamburg die Schlafst\u00e4tte eines Obdachlosen angez\u00fcndet hatte. Es wird <a href=\"http:\/\/www.spiegel.de\/panorama\/justiz\/hamburg-obdachloser-angezuendet-verdaechtiger-verhaftet-a-1147274.html\">Haftbefehl erlassen<\/a>. Als erster Tatbeteiligter wird am 16. Mai im Prozess gegen die jugendlichen Berliner Brandstifter ein 17-J\u00e4hrigen wegen unterlassener Hilfeleistung <a href=\"http:\/\/www.berliner-zeitung.de\/berlin\/polizei\/prozess-um-feuerattacke-gegen-obdachlosen-17-jaehriger-mitangeklagter-verurteilt-26914586\">zu einem zweiw\u00f6chigen Arrest verurteilt<\/a>; sie gilt durch die Untersuchungshaft als abgegolten. Wiederum in Berlin muss am 18. Mai <a href=\"http:\/\/www.berliner-zeitung.de\/berlin\/polizei\/grosser-tiergarten-obdachloser-erleidet-rauchgasvergiftung-26923060\">ein Obdachloser ins Krankenhaus gebracht gebracht werden<\/a>, nachdem er beraubt und seine Jacke angez\u00fcndet wurde.<\/p>\n<p><strong>Fu\u00dfball-Hooligans:<\/strong> Die Polizei Cottbus (Brandenburg) <a href=\"http:\/\/www.berliner-zeitung.de\/berlin\/brandenburg\/-cottbus-inferno\u2014rechtsextreme-terrorisieren-fan-szene-von-energie-cottbus-26870914\">ermittelt gegen ein rund 100-k\u00f6pfiges Netzwerk<\/a> um die rechtsradikale Hooligan-Gruppierung \u201eInferno Cottbus\u201c. Am n\u00e4chsten Tag gibt die Gruppe <a href=\"http:\/\/www.tagesspiegel.de\/berlin\/kriminelles-netzwerk-beim-fc-energie-cottbuser-hooligan-gruppe-gibt-aufloesung-bekannt\/19778774.html\">ihre Selbstaufl\u00f6sung bekannt<\/a>. In Nordrhein-Westfalen <a href=\"http:\/\/www.faz.net\/aktuell\/politik\/inland\/nrw-minister-ralf-jaeger-will-bvb-hooligans-riot0231-verbieten-15007698.html\">durchsuchen PolizeibeamtInnen<\/a> die Wohnungen von vier mutma\u00dflichen R\u00e4delsf\u00fchrern der Hooligan-Gruppe \u201eRiot0231-Ultras h\u201c. Es werden zahlreiche Schlagwerkzeuge sichergestellt. Beim Fu\u00dfballspiel der Zweitligisten Dresden und Karlsruhe <a href=\"http:\/\/www.berliner-zeitung.de\/sport\/-krieg-dem-dfb--ermittlungen-nach-martialischem-auftritt-von-dynamo-chaoten-26904234\">\u00fcberrennen Hooligan-Fans von \u201eDynamo Dresden\u201c<\/a> zun\u00e4chst teilweise die Eingangstore zum Stadion und pl\u00fcndern anschlie\u00dfend die Imbissst\u00e4nde. Es kommt zu mehreren verletzten PolizistInnen und OrdnerInnen. Rund 350 Hooligans des bayerischen Zweitligisten \u201eTSV 1860 M\u00fcnchen\u201c liefern sich am 14. Mai kleinere Scharm\u00fctzel mit der Polizei. <a href=\"http:\/\/www.sueddeutsche.de\/muenchen\/fussball-bundesliga-polizei-verhindert-fanmarsch-auf-der-ludwigstrasse-1.3506882\">Drei Personen werden festgenommen<\/a>. Ebenfalls am 14. Mai kommt es beim Bundesligaspiel zwischen den Vereinen \u201eSchalke 04\u201c und dem Hamburger \u201eHSV\u201c zu <a href=\"http:\/\/www.berliner-zeitung.de\/sport\/beim-hsv-spiel-schalker-pruegelten-sogar-auf-frauen-ein---kinder-versteckten-sich-26910068\">Schl\u00e4gereien zwischen den rivalisierenden Fans und der Polizei<\/a>. Dabei pr\u00fcgeln die Schalker Hooligans auch auf Jugendliche ein. Die Deutsche Fu\u00dfball Liga (DFL) muss sich nicht an den Kosten f\u00fcr Polizeieins\u00e4tze bei Hochrisikospielen beteiligen.Dies entscheidet am 17. Mai das Verwaltungsgericht (VG) Bremen <a href=\"http:\/\/www.spiegel.de\/sport\/fussball\/dfl-gewinnt-kostenstreit-mit-bremen-a-1148149.html\">in erster Instanz<\/a>. Die DFL hatte gegen entsprechende Geb\u00fchrenbescheide des Landes Bremen geklagt. Das AG Aachen verurteilt sieben M\u00e4nner, die im November 2016 ein Bezirksliga-Spiel in J\u00fclich (NRW) mit Baseballschl\u00e4gern und Schlagringen \u00fcberfallen und mehrere Menschen schwer verletzt hatten, zu <a href=\"http:\/\/www.spiegel.de\/panorama\/justiz\/aachen-sieben-maenner-nach-brutaler-attacke-auf-faussballplatz-in-juelich-verurteilt-a-1148422.html\">Bew\u00e4hrungsstrafen und mehrj\u00e4hrigen Haftstrafen<\/a>.<\/p>\n<p>10. Mai: <strong>Ermittlungen gegen mutma\u00dfliche Dschihadisten: <\/strong>Zeitgleich f\u00fchrt die Polizei <a href=\"http:\/\/www.spiegel.de\/politik\/deutschland\/leipzig-ermittler-starten-bundesweiten-antiterroreinsatz-a-1146969.html\">in vier Bundesl\u00e4ndern<\/a> Razzien gegen mutma\u00dfliche Mitglieder und Unterst\u00fctzer des IS durch. Zu Festnahmen kommt es nicht.<\/p>\n<p><strong>Betrug bei LKW-Maut:<\/strong> In Berlin <a href=\"http:\/\/www.sueddeutsche.de\/wirtschaft\/verkehr-razzia-bei-mautbetreiber-toll-collect-1.3499188\">durchsucht die Polizei<\/a> die Zentrale des LKW-Maut-Betreibers \u201eToll Collect\u201c wegen des Verdachtes des Betruges zu Lasten des Bundes in H\u00f6he von drei Millionen EUR.<\/p>\n<p>11. Mai:<strong> Sprengstoff-Chemikalien entdeckt: <\/strong>Infolge eines Einbruchsversuchs entdeckt die Polizei in einer Garage in Neukirchen-Vluyn (NRW) gr\u00f6\u00dfere Mengen von Chemikalien, die zum Bombenbau geeignet sind. Im Anschluss kommt es mehreren <a href=\"http:\/\/www.spiegel.de\/panorama\/justiz\/neukirchen-vluyn-festnahmen-nach-chemikalienfund-am-niederrhein-a-1147254.html\">Durchsuchungen und Festnahmen<\/a>. Am Abend wird gegen den Garagenbesitzer <a href=\"http:\/\/www.faz.net\/aktuell\/gesellschaft\/kriminalitaet\/sprengstoff-chemikalien-fund-am-niederrhein-15011643.html\">Haftbefehl<\/a> wegen Versto\u00df gegen das Sprengstoffgesetz erlassen. Am 22. Mai wird das weitere Ermittlungsverfahren an die politische Abteilung der StA D\u00fcsseldorf abgegeben, da sich der Verdacht einer Anschlagsvorbereitung verdichtet hat. Drei Personen sitzen inzwischen <a href=\"http:\/\/www.spiegel.de\/politik\/deutschland\/chemikalienfund-in-neukirchen-vluyn-polizei-ermittelt-wegen-anschlag-a-1147254.html\">in Untersuchungshaft<\/a>.<\/p>\n<p>12. Mai: <strong>Weltweite Cyberattacke:<\/strong> Mit einer Schadsoftware \u201eWannaCry\u201c infizieren unbekannte Hacker weltweit mehr als 75.000 Computersysteme von Beh\u00f6rden, gr\u00f6\u00dferen Organisationen und Firmen und fordern f\u00fcr deren Wiederfreischaltung ein L\u00f6segeld. In der Bundesrepublik sind vor allem Rechner <a href=\"http:\/\/www.sueddeutsche.de\/digital\/2.220\/hacking-wannacry-angriff-digitale-fingerabdruecke-zeigen-nach-nordkorea-1.3507611\">der Deutschen Bahn befallen<\/a>. Computersysteme der Bundesregierung sind nach Angaben des BMI nicht betroffen. Am darauffolgenden Morgen <a href=\"http:\/\/www.sueddeutsche.de\/digital\/wannacry-europol-warnt-vor-eskalation-der-angriffe-mit-erpresser-software-1.3504847\">gibt Europol bekannt<\/a>, dass mindestens 200.000 Computersysteme in 150 L\u00e4ndern betroffen waren. Am 16. Mai werden Vermutungen laut, wonach \u201edigitale Fingerabdr\u00fccke\u201c <a href=\"http:\/\/www.sueddeutsche.de\/digital\/hacking-wannacry-angriff-digitale-fingerabdruecke-zeigen-nach-nordkores-1.3507611\">auf Nordkorea als Verursacher deuten<\/a>. Nordkorea <a href=\"http:\/\/www.stern.de\/news\/nordkorea-weist-verantwortung-fuer--wannacry--cyberattacke-entschieden-zurueck-7461156.html\">weist das zur\u00fcck<\/a>.<\/p>\n<p><strong>Anschlag auf Fu\u00dfballmannschaft:<\/strong> Durch Presseberichte wird bekannt, dass bei Durchsuchungen bei dem mutma\u00dflichen Attent\u00e4ter auf den Sprengstoffanschlag auf den Mannschaftsbus des Fu\u00dfballvereins \u201eBorussia Dortmund\u201c am 11. April <a href=\"http:\/\/www.spiegel.de\/panorama\/justiz\/bvb-anschlag-in-dortmund-notizen-belasten-sergej-w-a-1147264.html\">belastende Unterlagen gefunden wurden<\/a>. Am 16. Mai gibt die BAW die weiteren Ermittlungen <a href=\"http:\/\/www.spiegel.de\/panorama\/justiz\/borussia-dortmund-generalbundesanwalt-gibt-ermittlungen-gegen-sergej-w-ab-a-1147938.html\">an die StA Dortmund<\/a> (NRW) ab, da kein terroristischer Hintergrund des Anschlags erkennbar sei. Am 20. Mai wird durch <a href=\"http:\/\/www.spiegel.de\/panorama\/justiz\/borussia-dortmund-neue-indizien-gegen-mutmasslichen-bvb-attentaeter-a-1148511.html\">Presseberichte<\/a> bekannt, dass es sich bei den belastenden Funden in der Wohnung des Tatverd\u00e4chtigen auch um Sprengstoffspuren handelt.<\/p>\n<p><strong>Elektronische Fu\u00dffessel:<\/strong> Der Bundesrat <a href=\"http:\/\/www.berliner-zeitung.de\/politik\/ueberwachung\u2014bundesrat-beschliesst-elektronische-fussfessel-fuer-gefaehrder--26888200\">stimmt<\/a> dem von der Bundesregierung vorgelegten Gesetz zur \u00dcberwachung von Gef\u00e4hrdern durch eine Elektronischen Fu\u00dffessel zu. Voraussetzung ist eine richterliche Anordnung.<\/p>\n<p>15. Mai: <strong>Horst Mahler auf der Flucht:<\/strong> In Ungarn wird der Rechtsextremist <a href=\"http:\/\/www.spiegel.de\/politik\/deutschland\/horst-mahler-in-ungarn-festgenommen-a-1147730.html\">Horst Mahler festgenommen<\/a>, wo er um politisches Asyl gebeten hatte. Der fr\u00fchere RAF-Anwalt hatte eine Reststrafe wegen Leugnung des Holocaust antreten sollen, war jedoch vorher geflohen.<\/p>\n<p>16. Mai: <strong>Funkzellenabfragen:<\/strong> In Berlin wurden in 2016 insgesamt 491 geheime Funkzellenabfragen durchgef\u00fchrt, gibt Justizsenator Dirk Behrendt (Gr\u00fcne) <a href=\"http:\/\/www.berliner-zeitung.de\/berlin\/polizei\/ermittlungen-der-polizei-2016-fast-500-geheime-funkzellenabfragen-26912982\">bekannt<\/a>. Dabei wurden 6.448 Telefonnummern und 112,2 Mio. Verkehrsdatens\u00e4tze (SMS, Posts, Internetaufrufe) registriert.<\/p>\n<p>18. Mai: <strong>Fremdenfeindliche Handlungen:<\/strong> in einem Berliner S-Bahnhof wird ein Jugendlicher eine Rolltreppe herunter geschubst und anschlie\u00dfend von der Gruppe <a href=\"https:\/\/www.morgenpost.de\/berlin\/polizeibericht\/article210627023\/Rassistisch-beleidigt-dann-die-Rolltreppe-heruntergeschubst.html\">fremdenfeindlich beleidigt<\/a>. Wiederum in Berlin wird am 20. Mai ein Kenianer von zwei betrunkenen Fu\u00dfballfans <a href=\"http:\/\/www.berliner-zeitung.de\/berlin\/polizei\/polizeireport\u2014betrunkene-fussballfans-bespucken-mann-und-beleidigen-ihn-rassistisch-26938868\">bespuckt und rassistisch beleidigt<\/a>. Die M\u00e4nner k\u00f6nnen festgenommen werden.<\/p>\n<p><strong>Bundesnachrichtendienst:<\/strong> Der milliardenschwere Neubau des Bundesnachrichtendienstes (BND) in Berlin ist durch Neueinstellungen bereits zu klein. Der BND <a href=\"http:\/\/www.berliner-zeitung.de\/berlin\/nachrichtendienst-die-neue-bnd-zentrale-in-mitte-ist-riesig---und-schon-zu-klein-26921572\">bittet<\/a> daher in einem Schreiben an den Bundestags-Haushaltsausschuss darum, auch seinen Standort im Bezirk Berlin-Lichterfelde behalten zu k\u00f6nnen.<\/p>\n<p>19. Mai <strong>Islamist beim Verfassungsschutz:<\/strong> Gegen den im November 2016 festgenommenen islamistischen BfV-Mitarbeiter wird vor dem LG D\u00fcsseldorf (NRW) <a href=\"http:\/\/www.spiegel.de\/politik\/deutschland\/verfassungsschutz-staatsanwaltschaft-klagt-mutmasslichen-maulwurf-an-a-1148505.html\">Anklage<\/a> wegen Aufnahme von Beziehungen zur Begehung einer schweren staatsgef\u00e4hrdenden Gewalttat, Versuch der Beteiligung an einem Verbrechen und Verrat von Dienstgeheimnissen, erhoben.<\/p>\n<p>21. Mai: <strong>Polizeischuss:<\/strong> In Wildau (Brandenburg) soll ein Mann wegen massiver psychischer Probleme in ein Krankenhaus gebracht werden. Als er die eingesetzten Polizisten mit einem Messer bedroht, <a href=\"http:\/\/www.berliner-zeitung.de\/berlin\/polizei\/wildau-polizei-schiesst-messer-angreifer-nieder-26939292\">schie\u00dft ihm ein Beamter ins Bein<\/a>.<\/p>\n<p>22. Mai: <strong>Polizeilicher Todesschuss:<\/strong> In Bonn wird in den fr\u00fchen Morgenstunden ein Schrei aus einer Nachbarwohnung geh\u00f6rt und daraufhin die Polizei alarmiert. In der Wohnung finden die Beamten die Leichen einer Frau und ihrer kleinen Tochter sowie den im Bad verbarrikadierten Vater. Als dieser die Polizisten mit einem Messer angreift, schie\u00dft ein Beamter und <a href=\"http:\/\/www.general-anzeiger-bonn.de\/bonn\/bad-godesberg\/Drei-Tote-bei-Familiendrama-in-Bonn-Plittersdorf-article3561738.html\">trifft den Mann t\u00f6dlich<\/a>.<\/p>\n<p><strong>K\u00f6rperverletzung im Amt:<\/strong> Das AG Frankfurt\/M. (Hessen) stellt das Verfahren gegen einen Polizeibeamten, der im April 2015 bei einer Personenkontrolle einem Betrunkenen eine Ohrfeige gegeben hatte, <a href=\"http:\/\/www.faz.net\/aktuell\/gesellschaft\/kriminalitaet\/polizist-muss-fuer-backpfeife-2500-euro-zahlen-15028076.html\">gegen eine Geldbu\u00dfe von 2.500 EUR ein<\/a>.<\/p>\n<p><strong>Bandenkriminalit\u00e4t: <\/strong>Mit Durchsuchungen in mehreren deutschen St\u00e4dten, in Spanien und Kroatien gelingt es der M\u00fcnchner Polizei (Bayern) eine international operierende <a href=\"http:\/\/www.spiegel.de\/panorama\/justiz\/muenchen-polizei-hebt-europaweit-agierende-einbrecherbande-aus-a-1148792.html\">Einbrecherbande auszuheben<\/a>. Rund 20 Personen werden festgenommen. <a href=\"http:\/\/www.faz.net\/aktuell\/gesellschaft\/kriminalitaet\/muenchner-polizei-zerschlaegt-einbrecher-clan-15035231.html\">Presseberichten<\/a> zufolge handelt es sich um Mitglieder einer rund 500-k\u00f6pfigen, international agierenden Bande aus Kroatien.<\/p>\n<p>24. Mai: <strong>Polizeilicher Todesschuss: <\/strong>In Echzell (Hessen) erschie\u00dft ein Polizist zun\u00e4chst seine Ehefrau und beim Eintreffen herbeigerufener Beamter <a href=\"http:\/\/www.berliner-zeitung.de\/panorama\/drama-nach-ehestreit-polizist-erschiesst-ehefrau-und-dann-sich-selbst-26972734\">sich selbst<\/a>.<\/p>\n<p>25. Mai: <strong>Mutma\u00dflicher Terroranschlag:<\/strong> In Essen (NRW) wird am 25. Mai ein Mann <a href=\"http:\/\/www.berliner-zeitung.de\/panorama\/mutmasslicher-terrorist-32-jaehriger-in-essen-von-spezialeinheit-festgenommen-26968466\">festgenommen<\/a>, der im Verdacht steht einen Anschlag geplant zu haben.<\/p>\n<p>26. Mai: <strong>Polizeischuss: <\/strong>In Berlin greift ein Mann nach einer Sachbesch\u00e4digung die Polizisten <a href=\"http:\/\/www.tagesspiegel.de\/berlin\/polizei\/justiz\/berlin-schoeneberg-polizist-schiesst-22-jaehrigem-ins-bein\/19855030.html\">mit einem Messer an<\/a>. Daraufhin schie\u00dft ihm ein Beamter in den Oberschenkel.<\/p>\n<p><strong>Angriff auf Polizisten:<\/strong> In Aachen (NRW) <a href=\"http:\/\/www.berliner-zeitung.de\/politik\/voellig-in-rage-polizisten-wegen-knoellchens-angegriffen-26968912\">beginnt der Prozess<\/a> gegen einen Mann und seine zwei S\u00f6hne wegen schwerer Angriffe auf Polizeibeamte. Im Streit um ein \u201eKn\u00f6llchen\u201c hatten sie 10 Beamte angegriffen und zum Teil schwer verletzt; einem Polizisten wurde dabei mit einem Radmutterschl\u00fcssel die Augenh\u00f6hle zertr\u00fcmmert.<\/p>\n<p>30. Mai: <strong>Milit\u00e4rischer Abschirmdienst:<\/strong> <a href=\"http:\/\/www.sueddeutsche.de\/politik\/strukturreform-bei-der-bundeswehr-mad-wird-direkt-dem-verteidigungsministerium-unterstellt-1.3527004\">Per Tagesbefehl<\/a> unterstellt Verteidigungsministerin Ursula von der Leyen (CDU) den Milit\u00e4rischen Abschirmdienst (MAD) unmittelbar dem Verteidigungsministerium.<\/p>\n<p>31. Mai: <strong>Sammelabschiebung:<\/strong> Wegen eines Bombenanschlags in Kabul stoppt die Bundesregierung zun\u00e4chst <a href=\"http:\/\/www.sueddeutsche.de\/politik\/2.220\/anschlag-in-kabul-abschiebeflug-nach-afghanistan-verschoben-1.3528960\">\u201enur f\u00fcr heute\u201c<\/a> eine geplante Sammelabschiebung von abgelehnten afghanischen Asylbewerbern. Bislang fanden bereits f\u00fcnf derartige Abschiebungen von insgesamt 106 Personen statt.<\/p>\n<p><strong>Laserpointer: <\/strong>Das AG Zossen (Brandenburg) verurteilt einen Mann, der im August 2016 einen Polizeihubschrauber mit einem Laserpointer geblendet hatte, <a href=\"http:\/\/www.spiegel.de\/panorama\/justiz\/zossen-49-jaehriger-blendet-hubschrauber-mit-laserpointer-gefaengnis-a-1150168.html\">zu einer achtmonatigen Haftstrafe<\/a>. Das Urteil ist noch nicht rechtskr\u00e4ftig.<\/p>\n<h3>Beitragsbild: 1. Mai 2017 in Berlin (<a href=\"https:\/\/www.flickr.com\/photos\/petshoppetshop\/albums\/72157681254578891\/with\/33571499104\/\">Oliver Feldhaus<\/a>).<\/h3>\n","protected":false},"excerpt":{"rendered":"<p>zusammengestellt von Otto Diederichs 1. Mai: Ausschreitungen bei Mai-Demonstrationen: Erstmals wurde die \u201eRevolution\u00e4re 1.Mai Demonstration\u201c<\/p>\n","protected":false},"author":2,"featured_media":12883,"comment_status":"open","ping_status":"open","sticky":false,"template":"","format":"standard","meta":{"footnotes":""},"categories":[6],"tags":[667,820,1094,1186,1195,1216],"class_list":["post-12878","post","type-post","status-publish","format-standard","has-post-thumbnail","hentry","category-chronologien","tag-geheimdienste","tag-justiz","tag-polizei","tag-rassismus","tag-rechtsextremismus","tag-repression"],"_links":{"self":[{"href":"https:\/\/wp-dev.daten.cool\/index.php?rest_route=\/wp\/v2\/posts\/12878","targetHints":{"allow":["GET"]}}],"collection":[{"href":"https:\/\/wp-dev.daten.cool\/index.php?rest_route=\/wp\/v2\/posts"}],"about":[{"href":"https:\/\/wp-dev.daten.cool\/index.php?rest_route=\/wp\/v2\/types\/post"}],"author":[{"embeddable":true,"href":"https:\/\/wp-dev.daten.cool\/index.php?rest_route=\/wp\/v2\/users\/2"}],"replies":[{"embeddable":true,"href":"https:\/\/wp-dev.daten.cool\/index.php?rest_route=%2Fwp%2Fv2%2Fcomments&post=12878"}],"version-history":[{"count":0,"href":"https:\/\/wp-dev.daten.cool\/index.php?rest_route=\/wp\/v2\/posts\/12878\/revisions"}],"wp:featuredmedia":[{"embeddable":true,"href":"https:\/\/wp-dev.daten.cool\/index.php?rest_route=\/wp\/v2\/media\/12883"}],"wp:attachment":[{"href":"https:\/\/wp-dev.daten.cool\/index.php?rest_route=%2Fwp%2Fv2%2Fmedia&parent=12878"}],"wp:term":[{"taxonomy":"category","embeddable":true,"href":"https:\/\/wp-dev.daten.cool\/index.php?rest_route=%2Fwp%2Fv2%2Fcategories&post=12878"},{"taxonomy":"post_tag","embeddable":true,"href":"https:\/\/wp-dev.daten.cool\/index.php?rest_route=%2Fwp%2Fv2%2Ftags&post=12878"}],"curies":[{"name":"wp","href":"https:\/\/api.w.org\/{rel}","templated":true}]}}