{"id":12895,"date":"2017-07-03T20:17:21","date_gmt":"2017-07-03T20:17:21","guid":{"rendered":"https:\/\/cilip.site36.net\/?p=12895"},"modified":"2017-07-03T20:17:21","modified_gmt":"2017-07-03T20:17:21","slug":"chronologie-juni-2017","status":"publish","type":"post","link":"https:\/\/wp-dev.daten.cool\/?p=12895","title":{"rendered":"Chronologie\u00a0Juni 2017"},"content":{"rendered":"<h3>zusammengestellt von Otto Diederichs<\/h3>\n<p>2. Juni: <strong>Terroranschlag auf Berliner Weihnachtsmarkt:<\/strong> Durch Presseberichte wird bekannt, dass ein Mitarbeiter des Berliner Landeskriminalamtes (LKA) in einer Observationsakte <a href=\"http:\/\/www.berliner-zeitung.de\/berlin\/polizei\/anis-amri-lka-beamter-taeuschte-observation-vor-27022356\">falsche Angaben<\/a> zur \u00dcberwachung des sp\u00e4teren Attent\u00e4ters Anis Amri gemacht hatte. In seinem Abschlussbericht wirft das Parlamentarische Kontrollgremium (PKgr) des Bundestages den Berliner Beh\u00f6rden am 6. Juni <a href=\"http:\/\/www.berliner-zeitung.de\/berlin\/polizei\/fall-anis-amri-bundestag-verstaerkt-kritik-an-berliner-behoerden-27751348\">schwere Vers\u00e4umnisse vor<\/a>. Am 19. Juni <a href=\"http:\/\/www.berliner-zeitung.de\/berlin\/aktenmanipulation-neues-dokument-im-fall-amri-aufgetaucht-27817738\">erkl\u00e4rt der Berliner Sonderermittler<\/a> zum Fall Anis Amri im Innenausschuss, es sei ein neues Dokument aufgetaucht, das den Eindruck der Aktenmanipulation verfestige. <a href=\"http:\/\/www.spiegel.de\/politik\/deutschland\/anis-amri-festnahme-war-ausloeser-fuer-anschlagsplaene-a-1155244.html\">Laut Presseberichten<\/a> vom 30. Juni soll der Attent\u00e4ter Anis Amri Ende Oktober 2016 via Internet seinen Treueeid auf den IS geschworen und daraufhin einen Monat sp\u00e4ter eine Anleitung f\u00fcr M\u00e4rtyrertaten erhalten haben.<!--more--><\/p>\n<p><strong>Rechtsextremistische Terrorgruppe NSU:<\/strong> Der mutma\u00dfliche NSU-Helfer Andr\u00e9 E. legt gegen ein Urteil des Amtsgerichtes (AG) Zwickau (Th\u00fcringen) wegen K\u00f6rperverletzung und Bedrohung <a href=\"http:\/\/www.sueddeutsche.de\/politik\/nsu-mutmasslicher-nsu-helfer-legt-berufung-gegen-urteil-wegen-koerperverletzung-ein-1.3531121\">Berufung ein<\/a>. Nachdem mehrere Anw\u00e4lte von Angeh\u00f6rigen der NSU-Opfer einen Ablehnungsantrag gegen den von den Anw\u00e4lten der Hauptangeklagten Beate Zsch\u00e4pe beauftragten psychiatrischen Gutachter gestellt hatten, <a href=\"http:\/\/www.sueddeutsche.de\/politik\/nsu-prozess-zschaepes-gutachter-ich-halte-mich-nicht-fuer-befangen-1.3537960\">erkl\u00e4rt dieser<\/a> am 7. Juni in einem Schreiben an das Gericht, er selbst halte sich \u201enicht f\u00fcr befangen\u201c. Vor einem N\u00fcrnberger (Bayern) Zivilgericht erheben Angeh\u00f6rige von Opferfamilien des NSU <a href=\"http:\/\/www.faz.net\/aktuell\/gesellschaft\/kriminalitaet\/rechtsextremismus-angehoerige-von-nsu-opfern-verklagen-den-staat-15065965.html\">laut Presseberichten<\/a> Klage auf Schadensersatz. Am 20. Juni <a href=\"http:\/\/www.sueddeutsche.de\/politik\/nsu-prozess-bundesanwaltschaft-misstrauen-gegen-zschaepe-gutachter-ist-begruendet-1.3553632\">schlie\u00dft sich im M\u00fcnchner NSU-Prozess die Bundesanwaltschaft<\/a> (BAW) dem Ablehnungsantrag gegen den Wahl-Sachverst\u00e4ndigen von Beate Zsch\u00e4pe an. Sein Gutachten sei nicht unvoreingenommen sondern \u201eergebnisorientiert und interessengeleitet\u201c. Am 22. Juni <a href=\"http:\/\/www.berliner-zeitung.de\/politik\/kritik-wegen-vieler-versaeumnisse-nsu-ausschuss-legt-abschlussbericht-vor-27844360\">beschlie\u00dft<\/a> der 2. NSU-Untersuchungsausschuss des Bundestages seinen Abschlussbericht, indem erneut schwere Vers\u00e4umnisse der Sicherheitsbeh\u00f6rden festgestellt werden. <a href=\"http:\/\/www.spiegel.de\/panorama\/justiz\/hessens-ministerpraesident-bouffier-im-nsu-ausschuss-ermittlungen-nicht-behindert-a-1154449.html\">Vor dem NSU-Untersuchungsausschuss<\/a> des Hessischen Landtages streitet Ministerpr\u00e4sident Volker Bouffier (CDU) am 26. Juni ab, als damaliger Innenminister die Arbeit des Ausschusses durch Zur\u00fcckhaltung von Verfassungsschutzzeugen behindert zu haben. Nach f\u00fcnf Jahren stellt der NSU-Untersuchungsausschuss des Bundestages seine Arbeit ein. In seinem Bericht, der am 29. Juni \u00fcbergeben wird, <a href=\"http:\/\/www.sueddeutsche.de\/politik\/rechtsterrorismus-die-geschichte-des-nsu-ist-eine-unendliche-geschichte-1.3564867\">wirft er den Ermittlungsbeh\u00f6rden zahlreiche Fehler vor<\/a>.<\/p>\n<p><strong>Alternative f\u00fcr Deutschland (AfD):<\/strong> In Berlin wird der Schatzmeister der AfD-Jugendorganisation \u201eJunge Alternative\u201c wegen des Verdachtes der gef\u00e4hrlichen K\u00f6rperverletzung festgenommen. Er soll bei einer fehlgeschlagenen Besetzungsaktion des Bundesjustizministeriums am 19. Mai <a href=\"http:\/\/www.berliner-zeitung.de\/berlin\/polizei\/gefaehrliche-koerperverletzung-ex-schatzmeister-der-afd-jugendorganisation-verhaftet-27020572\">beinahe einen Zivilpolizisten \u00fcbergefahren haben<\/a>. Am 2. Juni wird bekannt, dass der Verfassungsschutz die Gruppe \u201ePatriotische Plattform\u201c innerhalb der AfD wegen \u201erechtsextremer Positionen\u201c <a href=\"http:\/\/www.spiegel.de\/politik\/deutschland\/afd-verfassungsschutz-nimmt-patriotische-plattform-ins-visier-a-11504111.html\">ins Visier genommen hat<\/a>.<\/p>\n<p><strong>Fu\u00dfball-Hooligans:<\/strong> Nach einem Relegationsspiel der 3. Fu\u00dfball-Liga kommst es in Jena (Th\u00fcringen) zu Krawallen, als Hooligans den Platz st\u00fcrmen. 23 Menschen werden verletzt, sechs von ihnen m\u00fcssen ins Krankenhaus. <a href=\"http:\/\/www.berliner-zeitung.de\/sport\/relegationsspiel-in-jena-23-verletzte-wegen-platzsturms----400-fans-randalieren-27023940\">In der Nacht<\/a> ziehen etwa 400 Personen mit Pyrotechnik durch die Stadt. <a href=\"http:\/\/www.berliner-zeitung.de\/berlin\/polizei\/gewaltbereite-fussballfans-brandenburger-polizei-veroeffentlicht-hooligan-ranking-27772942\">Unter Berufung auf eine entsprechende Liste<\/a> der Brandenburger Polizei werden am 11. Juni Zahlen zu den Hooligans einzelner Fu\u00dfballvereine der Region bekannt. Danach liegt der FC Energie Cottbus mit rund 220 gewaltbereiten Fu\u00dfballfans an der Spitze. Es folgen der FC Dynamo Dresden und Rot Wei\u00df-Erfurt (beide Th\u00fcringen) mit jeweils 21; der Ludwigsfelder FC (Brandenburg) mit 18; 1.FC Lok Leipzig (Th\u00fcringen) mit 13 und Hertha BSC Berlin mit 12. Unabh\u00e4ngig von einander f\u00fchrt die nieders\u00e4chsische Polizei am 14. Juni Gro\u00dfrazzien gegen Hooligan-Fans der Vereine Hannover 96 und Braunschweig durch. Rund 100 Wohnungen <a href=\"http:\/\/www.spiegel.de\/sport\/fussball\/polizei-razzia-bei-fans-von-hannover-06-und-eintracht-braunschweig-a-1152119.html\">werden durchsucht<\/a>, zu Festnahmen kommt es nicht. Hintergrund ist eine Auseinandersetzung am 15. April.<\/p>\n<p><strong>Kinderpornografie:<\/strong> Die europ\u00e4ische Polizeiagentur Europol <a href=\"http:\/\/www.spiegel.de\/panorama\/justiz\/europol-will-mit-neuer-website-vergewaltiger-von-kindern-ueberfuehren-a-1150194.html\">stellt Beweisst\u00fccke aus Kinderporno-Videos ins Internet<\/a> und bittet damit die Bev\u00f6lkerung in Europa um Hinweise.<\/p>\n<p><strong>Sammelabschiebung:<\/strong> Nach einem schweren Bombenanschlag in Kabul setzt die Bundesregierung die Sammelabschiebungen von abgelehnten Asylbewerbern <a href=\"http:\/\/www.spiegel.de\/politik\/deutschland\/afghanistan-bundesregierung-schraenkt-abschiebungen-ein-a-1150337.html\">zun\u00e4chst aus<\/a>. Abgeschoben werden sollen aber weiterhin Straft\u00e4terInnen und so genannte terroristische Gef\u00e4hrder.<\/p>\n<p>2. Juni: <strong>Terrorwarnung bei Rockkonzert:<\/strong> Aufgrund \u201ekonkreter Hinweise\u201c auf eine \u201em\u00f6gliche terroristische Gef\u00e4hrdung\u201c l\u00e4sst die Polizei am N\u00fcrburgring (Rheinland-Pfalz) <a href=\"http:\/\/www.spiegel.de\/panorama\/justiz\/rock-am-ring-festival-gegen-terrorwarnung-unterbrochen-a-1150582.html\">das Konzert \u201eRock am Ring\u201c abbrechen<\/a>. Die Durchsuchung des Gel\u00e4ndes ergibt jedoch keine Gef\u00e4hrdungslage. Im Laufe der weiteren Ermittlungen werden drei Personen festgenommen, die die Polizei der hessischen Salafistenszene zuordnet, doch auch sie m\u00fcssen wieder entlassen werden, <a href=\"http:\/\/www.spiegel.de\/panorama\/justiz\/rock-am-ring-festival-geht-weiter-a-1150595.html\">das Festival wird fortgesetzt<\/a>. Ausl\u00f6ser des Polizeieinsatzes war eine <a href=\"https:\/\/www.morgenpost.de\/vermischtes\/article210812523\/Rock-am-Ring-Verdaechtige-fielen-bei-Verkehrskontrolle-auf.html\">Verkehrskontrolle bei der zwei M\u00e4nner auffielen<\/a>, die uneingeschr\u00e4nkten Zugang zum Festivalgel\u00e4nde hatten, jedoch namentlich nicht erfasst waren. Hintergrund war <a href=\"https:\/\/www.morgenpost.de\/vermischtes\/article210907109\/Schreibfehler-haben-Terroralarm-bei-Rock-am-Ring-ausgeloest.html\">nach Aussagen des Pr\u00e4sidenten des LKA<\/a> ein Schreibfehler der Namen in den Personallisten des Veranstalters. Am 29. Juni stellt die Staatsanwaltschaft (StA) Koblenz (Rheinland-Pfalz) <a href=\"http:\/\/www.spiegel.de\/panorama\/justiz\/rock-am-ring-staatsanwaltschaft-stellt-terrorermittlungen-ein-a-1155048.html\">die Ermittlungen gegen die M\u00e4nner ein<\/a>.<\/p>\n<p>3. Juni: <strong>Bundeswehrsoldat unter Terrorverdacht:<\/strong> Durch Presseberichte wird bekannt, dass eine marokkanische Dolmetscherin, die bei der Anh\u00f6rung des Bundeswehrsoldaten Franco A., der sich damals als christlich-j\u00fcdischer Syrer ausgegeben hatte, dabei war, <a href=\"http:\/\/www.spiegel.de\/politik\/deutschland\/bundeswehr-und-fall-franco-a-dolmetscherin-fand-offizier-verdaechtig-a-1150477.html\">Zweifel an seiner Aussage hatte<\/a>. Sie hatte jedoch nicht gewagt, etwas zu sagen um nicht antisemitisch zu erscheinen.<\/p>\n<p><strong>Anschlag auf Fu\u00dfballmannschaft:<\/strong> Bei der erneuten Durchsuchung eines Waldst\u00fccks in der N\u00e4he des Anschlagsortes auf den Mannschaftsbus des Vereins BVB Dortmund am 11. April <a href=\"http:\/\/www.spiegel.de\/panorama\/justiz\/borussia-dortmund-mutmasslicher-bvb-attentaeter-soll-tatwerkzeuge-verbrannt-haben-a-1150483.html\">findet die Polizei eine gr\u00f6\u00dfere Brandstelle<\/a>, an der der Attent\u00e4ter benutzte Gegenst\u00e4nde verbrannt hatte.<\/p>\n<p><strong>Rechtsradikalismus:<\/strong> In Karlsruhe (Baden-W\u00fcrttemberg) treffen sich rund 300 Anh\u00e4ngerInnen der neonazistischen Partei \u201eDie Rechte\u201c zum \u201eTag der deutschen Zukunft\u201c. Mehrere 1.000 GegendemonstrantInnen <a href=\"http:\/\/www.berliner-zeitung.de\/politik\/tausende-protestieren-gegen-rechtsextreme-in-karlsruhe-27030900\">stellen sich ihnen entgegen<\/a>. Es kommt zu vereinzelten Auseinandersetzungen. In Berlin kam es 2015 zu insgesamt 132 rechtsextremistischen Gewalttaten (2014: 96). Dies wird <a href=\"http:\/\/www.berliner-zeitung.de\/berlin\/rechte-szene-berliner-nazis-sind-meist-aelter\u201427755704\">am 7. Juni<\/a> aus der Antwort des Senats auf eine parlamentarische Anfrage bekannt. Mit gro\u00dfer Mehrheit beschlie\u00dft der Bundestag am 22. Juni eine Grundgesetz\u00e4nderung, wonach Parteien die \u201ezielgerichtet die freiheitliche demokratische Grundordnung oder den Bestand der Bundesrepublik Deutschland bek\u00e4mpfen\u201c k\u00fcnftig von der Parteienfinanzierung ausgeschlossen werden. <a href=\"http:\/\/www.spiegel.de\/politik\/deutschland\/bundestagsbeschluss-npd-wird-parteienfinanzierung-gestrichen-a-1153606.html\">Dies betrifft aktuell vor allem die NPD<\/a>. Unter Leitung des LKA Th\u00fcringen und Beteiligung der GSG 9 und Sondereinsatzkommandos (SEK) verschiedener Bundesl\u00e4nder f\u00fchrt die Polizei am 23. Juni im Raum Erfurt (Th\u00fcringen) und in G\u00f6ttingen (Niedersachsen) eine Gro\u00dfrazzia gegen Rechtsextremisten wegen des Verdachtes der Bildung einer kriminellen Vereinigung durch. Insgesamt 13 Personen <a href=\"http:\/\/www.tagesspiegel.de\/politik\/thueringen-und-niedersachsen-grossrazzia-der-gsg-9-bei-neonazis\/19972108.html\">stehen im Verdacht<\/a>, als Mitglieder der \u201eEurop\u00e4ischen Aktion\u201c, Wehrsport\u00fcbungen durchgef\u00fchrt zu haben. Durch Presseberichte <a href=\"http:\/\/www.sueddeutsche.de\/muenchen\/2.220\/rechtsextremismus-soldat-wegen-hitlergruss-entlassen-1.3556279\">wird am 22. Juni bekannt<\/a>, dass die Bundeswehr bereits im Mai zwei Soldaten wegen rechtsradikaler Umtriebe entlassen hat. In Bayern sind derzeit insgesamt 85 Haftbefehle gegen Rechtsradikale wegen politisch motivierter Gewalt <a href=\"http:\/\/www.sueddeutsche.de\/bayern\/2.220\/innere-sicherheit-viele-haftbefehle-gegen-rechte-werden-nicht-vollstreckt-1.3566790\">noch nicht vollstreckt<\/a>. Dies geht aus einer Antwort des bayerischen Innenministeriums auf eine parlamentarische Anfrage hervor.<\/p>\n<p><strong>Polizeilicher Todesschuss:<\/strong> Im Gefolge eines Streites in einer Asylunterkunft in Arnschwang (Bayern) verletzt ein afghanischer Fl\u00fcchtling ein russisches Kind <a href=\"https:\/\/www.morgenpost.de\/vermischtes\/article210792545\/Asylbeweber-toetet-Kind-und-wird-von-Polizei-erschossen.html\">durch Messerstiche t\u00f6dlich<\/a> und f\u00fcgt auch der Mutter erhebliche Verletzungen zu. Herbeigerufene Polizisten schie\u00dfen daraufhin achtmal auf den Mann; <a href=\"http:\/\/www.sueddeutsche.de\/bayern\/kriminalitaet-obduktion-kind-in-arnschwanger-asylunterkunft-starb-an-messerstichen-1.3534117\">er stirbt noch vor Ort<\/a>. Bei dem T\u00e4ter <a href=\"http:\/\/www.sueddeutsche.de\/bayern\/oberpfalz-arnschwang-konnten-die-behoerden-wissen-wie-gefaehrlich-der-taeter-war-1.3535315\">handelt es sich<\/a> um einen vorbestraften und mit einer elektronischen Fu\u00dffessel ausgestatteten Gewaltt\u00e4ter<\/p>\n<p>6. Juni: <strong>Festnahmen von mutma\u00dflichen Dschihadisten:<\/strong> In Coesfeld (NRW ) wird ein junger Syrer unter dem Verdacht, ab 2012 als aktives Mitglied der terroristischen Vereinigung \u201eJabhat al-Nusra\u201c gek\u00e4mpft zu haben, <a href=\"http:\/\/www1.wdr.de\/nachrichten\/westfalen-lippe\/festnahme-syrer-terror-verdacht-100.html\">festgenommen<\/a>. Ebenfalls in Ostwestfalen (der genaue Ort wird nicht mitgeteilt) nimmt die Polizei am 7. Juni einen jungen Syrer fest, der als Kontaktperson zu m\u00f6glichen Attent\u00e4tern des IS gilt. Es wird <a href=\"http:\/\/www.spiegel.de\/deutschland\/mutmassliches-is-mitglied-in-ostwestfalen-festgenommen-a-1151264.html\">Untersuchungshaft angeordnet<\/a>. Im Rahmen einer europaweiten Aktion gegen mutma\u00dfliche Dschihadisten wird am 28. Juni in Dortmund (NRW) ein Spanier <a href=\"https:\/\/www.morgenpost.de\/politik\/article211059257\/Sechs-Festnahmen-bei-europaweiter-Antiterror-Aktion-gegen-IS.html\">festgenommen<\/a>, gegen den in Spanien wegen Unterst\u00fctzung des IS ermittelt wird. Am 30. Juni gibt die Polizei in D\u00fcsseldorf (NRW) bekannt, dass sie ein Fahrzeug mit \u201epolizeibekannten Gef\u00e4hrdern\u201c, dass sich der Mannschaftspr\u00e4sentation der Tour de France gen\u00e4hert habe, gestoppt und die Insassen <a href=\"http:\/\/www.berliner-zeitung.de\/politik\/verdaechtige-gegenstaende-polizei-stoppt-gefaehrder-bei-tour-praesentation-in-duesseldorf-27887828\">kurzfristig festgenommen<\/a> habe. Ein Anschlagsverdacht habe sich jedoch nicht best\u00e4tigt. In Bayern sind derzeit insgesamt 31 Haftbefehle wegen Straftaten in Zusammenhang mit islamistischem Terrorismus noch nicht vollstreckt. Dies geht aus einer <a href=\"http:\/\/www.sueddeutsche.de\/bayern\/2.220\/innere-sicherheit-viele-haftbefehle-gegen-rechte-werden-nicht-vollstreckt-1.3566790\">Antwort des bayerischen Innenministeriums auf eine parlamentarische Anfrage<\/a> hervor.<\/p>\n<p><strong>Polizeischuss:<\/strong> In K\u00f6ln (NRW) erteilt ein Zivilbeamter mehreren M\u00e4nnern, die er der Drogenszene zuordnet, einen Platzverweis, dem diese zun\u00e4chst nachkommen. Als er anschlie\u00dfend einen Drogenbeutel findet, kommt die Gruppe zur\u00fcck und bedr\u00e4ngt ihn. <a href=\"http:\/\/www.ksta.de\/koeln\/innenstadt\/koelner-ebertplatz-polizist-wird-von-maennern-bedraengt-und-gibt-warnschuss-ab-27757262\">Daraufhin gibt der Polizist einen Warnschuss ab<\/a>.<\/p>\n<p><strong>Anschlag auf Polizeiwache:<\/strong> In Weilheim (Bayern) ver\u00fcben Unbekannte einen <a href=\"http:\/\/www.spiegel.de\/panorama\/justiz\/weilheim-in-bayern-brandanschlag-auf-polizeiwache-a-1150910.html\">Brandanschlag auf eine Polizeiwache<\/a>. Die Beamten k\u00f6nnen das Feuer l\u00f6schen.<\/p>\n<p>7. Juni: <strong>Polizeischuss: <\/strong>In Herne (NRW) randaliert ein stark betrunkener Mann in einer Spielhalle und droht mit einem Messer. Als er auch herbeigerufene Polizisten bedroht und sich weigert, die Waffe abzulegen, <a href=\"http:\/\/www.rp-online.de\/nrw\/panorama\/herne-polizei-schiesst-auf-messer-angreifer-aid-1.6870998\">schie\u00dft ein Beamter<\/a> und verletzt ihn schwer.<\/p>\n<p><strong>\u201eIdentit\u00e4re Bewegung\u201c: <\/strong>Die rechtsextreme \u201eIdentit\u00e4re Bewegung\u201c (IB) hat damit begonnen, Hilfsorganisationen, die Gefl\u00fcchtete aus dem Mittelmeer retten, zu st\u00f6ren. Bereits im Mai hatte die IB im sizilianischen Catania ein Schiff einer als \u201ekriminelle Schlepper\u201c titulierten Rettungsorganisation <a href=\"http:\/\/www.berliner-zeitung.de\/politik\/fluechtlinge-rechtsextreme-wollen-rettung-von-ertrinkenden-im-mittelmeer-verhindern-27756404\">zeitweise am Auslaufen gehindert<\/a>. Am 12. Juni <a href=\"http:\/\/www.berliner-zeitung.de\/panorama\/halle-identitaere-beleidigen-und-bedrohen-studenten-in-mensa-27791206\">beleidigen, bedrohen und attackieren<\/a> f\u00fcnf z.T. bewaffnete Mitglieder der IB in Halle (Sachsen-Anhalt) andere Studierende in der Mensa. Durch Presseberichte wird am 14. Juni bekannt, dass der Bezahldienst \u201ePayPal\u201c ein Spendenkonto der IB mit aktuell 63.000 EUR <a href=\"http:\/\/www.tagesspiegel.de\/politik\/spendensammlung-zur-verteidigung-europas-bezahldienst-paypal-friert-konto-der-identitaeren-ein\/19933652.html\">eingefroren hat<\/a>, womit dem ein Schiff gekauft werden sollte um Fl\u00fcchtlingsrettungen im Mittelmeer zu behindern. Unter dem Motto \u201eZukunft Europa \u2013 bewegen und ver\u00e4ndern\u201c <a href=\"https:\/\/www.morgenpost.de\/berlin\/article210946023\/Polizei-nahm-112-Personen-bei-Demonstrationen-fest.html\">versuchen am 17. Juni<\/a> knapp 600 Anh\u00e4nger der IB durch Berlin zu ziehen. Etwa 1.400 Menschen bilden Sitzblockaden, die von der Polizei aufgel\u00f6st werden; es kommt zu mehreren Festnahmen. Die IB <a href=\"http:\/\/www.berliner-zeitung.de\/berlin\/aufmarsch-der--identitaeren-bewegung--1400-menschen-protestieren-gegen-rechtsradikale-27811030\">l\u00f6st ihre Demonstration schlie\u00dflich selbst auf<\/a>. Durch Presseberichte wird am 22. Juni bekannt, dass der Milit\u00e4rische Abschirmdienst (MAD) gegen vier Studenten der Bundeswehr-Universit\u00e4t M\u00fcnchen (Bayern) <a href=\"http:\/\/www.sueddeutsche.de\/muenchen\/2.220\/rechtsextremismus-soldat-wegen-hitlergruss-entlassen-1.3556279\">wegen des Verdachts auf Rechtsextremismus ermittelt<\/a>; sie sollen Verbindungen zur IB haben.<\/p>\n<p><strong>Fremdenfeindliche Handlungen:<\/strong> In einem Berliner Gesch\u00e4ft wird ein Mann bewusst angerempelt und anschlie\u00dfend <a href=\"http:\/\/www.berliner-zeitung.de\/berlin\/polizei\/polizeireport--mann-beim-einkaufen-rassistisch-beleidigt-27758648\">rassistisch beleidigt<\/a>. In Wurzen (Sachsen) folgen etwa 60 Menschen einem Facebook-Aufruf und protestieren gegen das dortige Fl\u00fcchtlingsheim. Zwei Personen <a href=\"http:\/\/www.berliner-zeitung.de\/politik\/wurzen-bei-leipzig-wuetender-mob-marschiert-zu-fluechtlingsheim-27789016\">werden festgenommen<\/a>. An einer Kirche in Ha\u00dffurt (Bayern) wird am 12. Juni <a href=\"http:\/\/sueddeutsche.de\/bayern\/unterfranken-unbekannte-haengen-is-fahne-an-kirche-in-hassfurt-1.3544138\">eine dem IS nachempfundene Flagge entdeckt<\/a>. Die Kirche war im M\u00e4rz bekannt geworden, weil sie mehreren Gefl\u00fcchteten Kirchenasyl gew\u00e4hrte. Am 17. Juni wird in einem Berliner Supermarkt eine Frau von einer anderen <a href=\"http:\/\/www.berliner-zeitung.de\/berlin\/polizei\/polizeireport-raser-rammt-maedchen-an-roter-ampel-27812528-seite5\">fremdenfeindlich beleidigt<\/a>. Die Polizei nimmt die Personalien der T\u00e4terin auf. Am 30. Juni <a href=\"https:\/\/www.berlinonline.de\/aktuell\/4914866-4015970-frau-beschimpft-kinder-rassistisch.html\">beleidigt auf einem Berliner Spielplatz<\/a> eine Frau vier Kinder als \u201eSchei\u00df Ausl\u00e4nder\u201c.<\/p>\n<p>8. Juni: <strong>Dschihadisten-Prozesse:<\/strong> Das Landgericht (LG) Hannover (Niedersachsen) verurteilt einen 18-J\u00e4hrigen wegen versuchten Mordes in sieben F\u00e4llen <a href=\"http:\/\/www.spiegel.de\/panorama\/justiz\/hannover-angriff-mit-molotow-cocktails-saleh-s-zu-acht-jahren-jugendhaft-verurteilt-a-1151227.html\">zu einer Jugendhaftstrafe von acht Jahren<\/a>. Er hatte gestanden, im Februar 2016 aus islamistischen Motiven zwei Molotow-Cocktails in ein Einkaufscenter in Hannover geworfen zu haben um m\u00f6glichst viele Menschen zu t\u00f6ten. Seine 16-J\u00e4hrige Schwester war bereits im Januar wegen eines Messerangriffs auf einen Bundespolizisten zu sechs Jahren verurteilt worden. Vor dem Oberlandesgericht (OLG) Hamburg <a href=\"http:\/\/www.spiegel.de\/politik\/deutschland\/terror-prozess-in-hamburg-mutmassliche-is-rekruten-schweigen-a-1151927.html\">beginnt der Prozess<\/a> gegen drei mutma\u00dfliche IS-K\u00e4mpfer, die mit gef\u00e4lschten Papieren als Asylbewerber eingereist und im September 2016 als \u201eSchl\u00e4ferzelle\u201c festgenommen worden waren. Am 28. Juni verurteilt das Kammergericht (KG) Berlin einen ehemaligen Imam wegen Unterst\u00fctzung des IS <a href=\"http:\/\/www.berliner-zeitung.de\/politik\/salafistenszene-in-berlin-gericht-verurteilt-ex-imam-zu-fast-fuenf-jahren-haft-27877892\">zu einer Haftstrafe von knapp f\u00fcnf Jahren<\/a>.<\/p>\n<p><strong>Gerichtsurteil zu Hausbesetzungen:<\/strong> Das Verwaltungsgericht (VG) Mainz (Rheinland-Pfalz) entscheidet, dass HausbesetzerInnen <a href=\"https:\/\/www.morgenpost.de\/politik\/inland\/article210839621\/Hausbesetzer-muessen-fuer-Raeumung-durch-Polizei-zahlen.html\">eine polizeiliche R\u00e4umung teilweise bezahlen m\u00fcssen<\/a>. Gegen entsprechende Geb\u00fchrenbescheide hatten zwei Frauen geklagt, die sich im Herbst 2012 an einer Hausbesetzung beteiligt hatten. Das noch nicht rechtskr\u00e4ftige Urteil gilt als Musterverfahren f\u00fcr rund 50 weitere anh\u00e4ngige Verfahren.<\/p>\n<p><strong>Internetkriminalit\u00e4t:<\/strong> Nach monatelangen verdeckten Ermittlungen nimmt die Polizei in Karlsruhe (Baden-W\u00fcrttemberg) <a href=\"http:\/\/www.spiegel.de\/panorama\/justiz\/waffenverkauf-im-internet-polizei-nimmt-betreiber-von-darknet-plattform-fest-a-1151729.html\">den mutmasslichen Betreiber einer Darknet-Plattform fest<\/a>, \u00fcber die Waffen, Falschgeld und andere Falsifikate verkauft wurden. In 14 Bundesl\u00e4ndern f\u00fchrt die Polizei <a href=\"http:\/\/www.spiegel.de\/panorama\/justiz\/hass-im-netz-razzien-gegen-reichsbuerger-linke-und-rechte-a-1153060.html\">am 20. Juni Razzien gegen Hasskriminalit\u00e4t<\/a> im Internet durch. \u00dcberwiegend geht es dabei um rechtsmotivierte Volksverhetzung; in einem Fall ist ein mutma\u00dflicher \u201eReichsb\u00fcrger\u201c betroffen und in zwei weiteren F\u00e4llen Personen aus dem linken Spektrum.<\/p>\n<p>9. Juni: <strong>Gewalt gegen Obdachlose: <\/strong>Eine Berliner Jugendstrafkammer <a href=\"http:\/\/www.berliner-zeitung.de\/berlin\/polizei\/obdachloser-angezuendet-gericht-hebt-haftbefehle-gegen-fuenf-angeklagte-auf-27767212\">hebt die Haftbefehle von f\u00fcnf Angeklagten wegen versuchten Mordes auf<\/a>; lediglich der Hauptangeklagte verbleibt weiter in Untersuchungshaft. Die jungen M\u00e4nner hatten in der Weihnachtsnacht 2016 versucht, in einem U-Bahnhof einen Obdachlosen anzuz\u00fcnden. Ebenfalls in Berlin <a href=\"http:\/\/www.berliner-zeitung.de\/berlin\/polizei\/frankfurter-allee-mann-schlaegt-auf-schlafende-obdachlose-ein-27771118\">tritt und pr\u00fcgelt<\/a> in den fr\u00fchen Morgenstunden des 10. Juni ein Mann auf zwei Obdachlose ein und skandiert dabei rassistische Parolen. Er kann kurze Zeit sp\u00e4ter festgenommen werden. Am 13. Juni wird der Hauptangeklagte der Gruppe, die versucht hatte in einem Berliner U-Bahnhof einen Obdachlosen anzuz\u00fcnden, wegen versuchter schwerer K\u00f6rperverletzung <a href=\"http:\/\/www.tagesspiegel.de\/berlin\/prozess-in-berlin-feuerangriff-auf-obdachlosen-haupttaeter-zu-haft-verurteilt\/19925970.html\">zu einer Haftstrafe von zweidreiviertel Jahren verurteilt<\/a>. Seine Mitangeklagten erhalten wegen Beihilfe oder unterlassener Hilfeleistung Bew\u00e4hrungsstrafen oder Jugendarrest. Das LG K\u00f6ln (NRW) verurteilt ein zum Tatzeitpunkt obdachloses P\u00e4rchen wegen Totschlag zu je siebeneinhalb Jahren Haft. Sie hatten im November 2016 im Streit einen anderen Obdachlosen <a href=\"http:\/\/www.spiegel.de\/panorama\/justiz\/koeln-obdachloser-erschlagen-und-angezuendet-lange-haftstrafen-a-1153051.html\">mit Tritten so schwer verletzt<\/a>, dass er starb und ihn daraufhin angez\u00fcndet. In Berlin geraten <a href=\"https:\/\/www.morgenpost.de\/berlin\/polizeibericht\/article210974083\/Mann-zuendet-vor-Supermarkt-Obdachlosen-Schlafsack-an.html\">am 20. Juni<\/a> ein unbekannter Mann und der Verk\u00e4ufer einer Obdachlosenzeitung in Streit. Als sich der Zeitungsverk\u00e4ufer entfernt, z\u00fcndet der Mann dessen Schlafsack und andere Habseligkeiten an und fl\u00fcchtet.<\/p>\n<p><strong>Homophobe Angriffe:<\/strong> Auf einem Berliner U-Bahnhof bespuckt und <a href=\"https:\/\/www.morgenpost.de\/berlin\/polizeibericht\/article210861513\/18-Jaehriger-mit-Drogen-spuckt-Mann-in-Frauenkleidern-an.html\">beleidigt ein Jugendlicher<\/a> einen Mann in Frauenkleidern homophob. Er wird kurzfristig festgenommen. In der Antwort auf eine Senatsanfrage <a href=\"https:\/\/www.morgenpost.de\/berlin\/article210866787\/Schwule-und-lesbische-Gefuechtete-in-Berlin-Opfer-von-Gewalt.html\">heisst es am 11. Juni<\/a>, dass es in Berlin im Jahr 2016 zu insgesamt 355 bekannt gewordenen Beleidigungen und Bedrohungen von homosexuellen, lesbischen uns transsexuellen Fl\u00fcchtlingen kam (2015: 162; 2014:14). Es wird zudem von einer hohen Dunkelziffer ausgegangen. Im Rahmen einer bundesweiten Razzia <a href=\"http:\/\/www.sueddeutsche.de\/muenchen\/facebook-razzia-bei-jaehrigem-muenchner-wegen-homphober-hasskommentare-1.3552847\">durchsucht die Polizei am 20. Juni<\/a> in M\u00fcnchen (Bayern) die Wohnung eines Mannes, der Schwule im Internet dazu aufgefordert hatte, sich umzubringen. Am 25. Juni greift in einem Berliner Park ein Mann ein lesbisches P\u00e4rchen an; eine der Frauen wird <a href=\"https:\/\/www.morgenpost.de\/berlin\/polizeibericht\/article211036383\/Mann-schlaegt-in-Mitte-mit-Flasche-auf-lesbisches-Paerchen-ein.html\">geschlagen und getreten<\/a>, die andere bis zur Bewusstlosigkeit gew\u00fcrgt. Der T\u00e4ter wird festgenommen. Wiederum in Berlin verweigert am 28. Juni ein Taxifahrer einem Transsexuellen die Bef\u00f6rderung. In dem daraus erwachsenden Streit <a href=\"http:\/\/www.berliner-zeitung.de\/berlin\/polizei\/friedrichshain-taxifahrer-wuergt-transsexuellen-27873340\">w\u00fcrgt er ihn<\/a>.<\/p>\n<p><strong>\u201eHorrorclowns\u201c: <\/strong>Das AG Recklinghausen (NRW) <a href=\"https:\/\/www.morgenpost.de\/vermischtes\/article210853745\/Horrorclown-zu-sechs-Monaten-Haft-auf-Bewaehrung-verurteilt.html\">verurteilt<\/a> eine Frau und einen Mann wegen gef\u00e4hrlichen Eingriffs in den Stra\u00dfenverkehr zu einen halbj\u00e4hrigen Bew\u00e4hrungsstrafe bzw. einer Geldstrafe von 1.000 EUR. Das Paar war im Oktober als \u201eHorrorclowns\u201c kost\u00fcmiert auf den Stra\u00dfen herumgesprungen.<\/p>\n<p>11. Juni: <strong>Kriminelle Polizisten:<\/strong> In eine n\u00e4chtliche Messerstecherei in Wiesbaden (Hessen) mit einem Toten und zwei Verletzten ist auch <a href=\"http:\/\/www.faz.net\/aktuell\/gesellschaft\/kriminalitaet\/polizeianwaerter-in-toedliche-messerattacke-in-wiesbaden-verwickelt-15059820.html\">ein Student der Hessischen Hochschule f\u00fcr Polizei verwickelt<\/a>. Sein genaue Tatbeteiligung ist noch unklar. Der Mann war zuvor jedoch bereits wegen K\u00f6rperverletzung und r\u00e4uberischer Erpressung aufgefallen, wie die StA <a href=\"http:\/\/www.faz.net\/aktuell\/gesellschaft\/kriminalitaet\/polizeianwaerter-als-straftaeter-registriert-15061277.html\">am 14. Juni mitteilt<\/a>.<\/p>\n<p>12. Juni: <strong>Antisemitische Straftaten: <\/strong>Laut Innenminister Peter Beuth (CDU) wurden in Hessen im Jahr 2016 insgesamt <a href=\"http:\/\/www.faz.net\/aktuell\/gesellschaft\/kriminalitaet\/zahl-der-judenfeindlichen-straftaten-in-hessen-sinkt-leicht-15058207.html\">60 antisemitische Straftaten gez\u00e4hlt<\/a> (2015: 72, 2014: 117). \u00dcberwiegend seien sie dem rechtsextremen Milieu zuzuordnen.<\/p>\n<p><strong>Dschihadismus: <\/strong>Durch Presseberichte wird bekannt, dass die Arbeitsagentur Wolfsburg (Niedersachsen) \u00fcber l\u00e4ngere <a href=\"http:\/\/www.braunschweiger-zeitung.de\/wolfsburg\/article210875187\/Familie-beim-IS-Dem-Datenschutz-wird-Vorrang-gegeben.html\">Zeit Leistungen an ein Ehepaar gezahlt hatte<\/a>, nachdem dieses mit seinen Kindern nach Syrien ausgereist war um sich dem IS anzuschlie\u00dfen. Entsprechende Informationen des LKA waren von der Stadtverwaltung nicht an die Arbeitsagentur weitergeleitet worden.<\/p>\n<p>13. Juni: <strong>Polizistin angeschossen:<\/strong> Auf einem S-Bahnhof in M\u00fcnchen (Bayern) kommt es nach einer K\u00f6rperverletzung zu einem <a href=\"http:\/\/www.sueddeutsche.de\/muenchen\/polizei-muenchen-vier-verletzte-nach-schiesserei-an-s-bahnstation-unterfoehring-1.3543980\">Schusswechsel mit der Polizei<\/a>, nachdem der T\u00e4ter zun\u00e4chst versucht hatte, die Beamten vor eine einfahrende Bahn zu schubsen. Bei der Rangelei entrei\u00dft er einem Beamten die Dienstwaffe und schie\u00dft auf dessen Kollegin. Die Polizistin wird am Kopf getroffen und lebensgef\u00e4hrlich verletzt. Auch zwei unbeteiligte Passanten und der T\u00e4ter erleiden Schussverletzungen.<\/p>\n<p>\u201e<strong>Patriotische Europ\u00e4er gegen die Islamisierung des Abendlandes\u201c (Pegida):<\/strong> Nachdem die StA Potsdam (Brandenburg) ihre Berufung zur\u00fcck gezogen hat, wird das Urteil zu einem Jahr Haft gegen den Organisator des dortigen Pegida-Ablegers \u201ePogida\u201c <a href=\"http:\/\/www.berliner-zeitung.de\/berlin\/brandenburg\/urteil-rechtskraeftig-pogida-organisator-christian-mueller-muss-strafe-absitzen-27789130\">wegen K\u00f6rperverletzung rechtskr\u00e4ftig<\/a>.<\/p>\n<p><strong>Horst Mahler ausgeliefert:<\/strong> Die ungarische Polizei <a href=\"http:\/\/www.spiegel.de\/politik\/ausland\/horst-mahler-holocaust-leugner-von-ungarn-an-deutschland-ueberstellt-a-1151931.html\">\u00fcbergibt den fr\u00fcheren Rechtsanwalt<\/a> der \u201eRote Armee Fraktion\u201c (RAF) und sp\u00e4teren Holocaust-Leugner Horst Mahler an Deutschland. Er hatte sich einer dreieinhalbj\u00e4hrigen Reststrafe wegen Volksverhetzung durch Flucht nach Ungarn entzogen und war dort im Mai festgenommen worden.<\/p>\n<p>14. Juni: <strong>IMK-Beschl\u00fcsse:<\/strong> Die Innenministerkonferenz (IMK) <a href=\"http:\/\/www.spiegel.de\/politik\/deutschland\/whatsapp-und-co-innenminister-beschliessen-ueberwachung-von-messengern-a-1152115.html\">beschlie\u00dft<\/a>, zur Terrorismusabwehr k\u00fcnftig auch Onlinedurchsuchungen bei WhatsApp und anderen Messengerdiensten zuzulassen. Zudem sollen zur Identit\u00e4tsfeststellungen auch Fingerabdr\u00fccke bei sechs- bis 14-J\u00e4hrigen Asylbewerbern rechtens werden und ein neues Musterpolizeigesetz geschaffen werden.<\/p>\n<p><strong>Illegale Datenerhebung:<\/strong> Acht Betroffene erheben vor dem VG G\u00f6ttingen (Niedersachsen) <a href=\"http:\/\/www.spiegel.de\/panorama\/justiz\/goettingen-polizei-soll-illegal-daten-erhoben-haben-a-1152428.html\">Klage gegen die Staatsschutzabteilung der G\u00f6ttinger Polizei<\/a>. Sie soll bis mindestens 2015 unzul\u00e4ssiger Weise Fotos angefertigt und Informationen von mutma\u00dflichen Angeh\u00f6rigen der linke Szene gesammelt haben.<\/p>\n<p>16. Juni: <strong>Rechte und fremdenfeindliche Angriffe auf Fl\u00fcchtlingsheime:<\/strong> In Berlin werden bei einer im Bau befindlichen Fl\u00fcchtlingsunterkunft <a href=\"http:\/\/www.berliner-zeitung.de\/berlin\/polizei\/polizeireport\u2014unbekannte-werfen-scheiben-von-fluechtlingsunterkunft-ein-27802788\">die Scheiben eingeworfen<\/a>. Unbekannte legen am 23. Juni einen <a href=\"http:\/\/www.spiegel.de\/panorama\/justiz\/lemgo-drei-verdaechtige-nach-brand-in-fluechtlingsunterkunft-festgenommen-a-1153785.html\">Brand in einer Fl\u00fcchtlingsunterkunft in Lemgo<\/a> (Niedersachsen), der schnell gel\u00f6scht werden kann. Drei zun\u00e4chst in der N\u00e4he Festgenommene werden wieder freigelassen, da sich ein Tatverdacht nicht erh\u00e4rtet. Seit Jahresbeginn kam es bundesweit zu insgesamt 137 Angriffen auf Fl\u00fcchtlingsunterk\u00fcnfte; davon hatten 128 einen eindeutig rechtsradikalen Hintergrund. Dies geht am 30. Juni <a href=\"https:\/\/www.morgenpost.de\/politik\/inland\/article211082261\/Angriffe-auf-Fluechtlingsheime-gehen-deutlich-zurueck.html\">unter Bezug auf BKA-Zahlen<\/a> aus Presseberichten hervor.<\/p>\n<p>17. Juni: <strong>Muslimische Demonstrationen gegen Terror:<\/strong> Rund 2.000 \u2013 3.000 TeilnehmerInnen <a href=\"http:\/\/www.spiegel.de\/politik\/deutschland\/koeln-1000-teilnehmer-bei-muslimischer-demonstration-gegen-terror-a-1152640.html\">beteiligen sich in K\u00f6ln<\/a> (NRW) an einem muslimischen Friedensmarsch gegen Terrorismus. Der deutsch-t\u00fcrkische Islamverband Ditib hatte seine Teilnahme verweigert. Rund 80 Personen gehen am 23. Juni in Berlin zu einem zweiten muslimischen Friedensmarsch <a href=\"http:\/\/www.berliner-zeitung.de\/berlin\/muslimischer-friedensmarsch-80-menschen-demonstrierten-gegen-islamistischen-terror\u201427851998\">auf die Stra\u00dfe<\/a>.<\/p>\n<p>18. Juni: <strong>Rechtsradikale und fremdenfeindliche Angriffe auf Fl\u00fcchtlinge: <\/strong>In Wismar (Mecklenburg-Vorpommern) wird ein syrischer Asylbewerber von zwei M\u00e4nnern <a href=\"https:\/\/www.morgenpost.de\/politik\/inland\/article210939935\/Sprich-Deutsch-Aegypter-in-Wismar-mit-Messer-verletzt.html\">angegriffen und mit einem Messer im Gesicht verletzt<\/a>. Die T\u00e4ter k\u00f6nnen fl\u00fcchten.<\/p>\n<p>19. Juni: <strong>BND-NSA-Kooperation:<\/strong> Die Opposition aus GR\u00dcNEN und LINKEN im Bundestags-Untersuchungsausschuss zur durch Edward Snowden bekannten gewordenen Spionageaff\u00e4re <a href=\"http:\/\/www.berliner-zeitung.de\/politik\/ueberwachung-durch-nsa-und-bnd-opposition-bezichtigt-bundesregierung-der-luege-27819358\">werfen der Bundesregierung vor<\/a>, 2013 mit Blick auf die anstehenden Bundestagswahlen, bewusst gelogen und die Aff\u00e4re klein geredet zu haben. Am 21. Juni weigert sich die Ausschussmehrheit aus CDU und SPD, <a href=\"http:\/\/www.berliner-zeitung.de\/politik\/eklat-bei-nsa-untersuchungen-koalition-unterdrueckt-votum-von-gruenen-und-linken-27838830\">das Minderheitenvotum von GR\u00dcNEN und LINKE in den Abschlussbericht aufzunehmen<\/a>. Durch <a href=\"http:\/\/www.faz.net\/aktuell\/politik\/inland\/bnd-soll-jahrelang-ziele-in-den-usa-ausspioniert-haben-15072047.html\">Presseberichte<\/a> wird am 22. Juni bekannt, dass auch der Bundesnachrichtendienst (BND) in den Jahren 1998 bis 2006 mit knapp 4.000 Suchbegriffen politische, milit\u00e4rische und wirtschaftliche Ziele in den USA ausspioniert hatte. Am 28. Juni legen Ausschussmehrheit und Opposition dem Bundestag <a href=\"https:\/\/www.morgenpost.de\/politik\/inland\/article211059079\/NSA-Untersuchungsausschuss-legt-Abschlussbericht-vor.html\">ihre Berichte vor<\/a>.<\/p>\n<p><strong>Polizeilicher Todesschuss:<\/strong> Infolge eines Familienstreites <a href=\"https:\/\/www.rnz.de\/nachrichten\/heidelberg_artikel,-Heidelberg-Taeter-und-Opfer-waren-Brueder-Bluttat-in-Heidelberg-Schlierbach-von-Polizist-veruebt-Updat-_arid,283642.html\">erschie\u00dft ein Polizeibeamter seinen Bruder und sich selbst<\/a> auf einem Campingplatz bei Heidelberg (Baden-W\u00fcrttemberg) mit seiner Dienstwaffe.<\/p>\n<p>20. Juni: <strong>G20-Gipfel:<\/strong> Die Hamburger Polizei gibt die Einrichtung einer <a href=\"http:\/\/www.spiegel.de\/panorama\/justiz\/g20-gipfel-in-hamburg-gefaengnis-fuer-bis-zu-400-menschen-eingerichtet-a-1153152.html\">Gefangenensammelstelle f\u00fcr den anstehenden G20-Gipfel<\/a> auf dem Gel\u00e4nde eines fr\u00fcheren Lebensmittelgro\u00dfmarktes mit 70 Sammel- und 50 Einzelzellen sowie Containerr\u00e4umen f\u00fcr Erkennungsdienstliche Ma\u00dfnahmen und f\u00fcr Rechtsanw\u00e4lte, bekannt. Am 21. Juni hebt das VG Hamburg ein Versammlungsverbot der Stadt auf und gestattet den GipfelgegnerInnen, im Stadtpark ein Protestcamp f\u00fcr rund 10.000 Teilnehmer zu errichten. Die Polizei k\u00fcndigt eine Beschwerde beim Oberverwaltungsgericht (OVG) an, der <a href=\"http:\/\/www.spiegel.de\/politik\/deutschland\/g20-gipfel-in-hamburg-gericht-genehmigt-protestcamp-in-stadtpark-a-1153348.html\">am 23. Juni stattgegeben<\/a> und damit <a href=\"http:\/\/www.spiegel.de\/politik\/deutschland\/g20-in-hamburg-oberverwaltungsgericht-untersagt-protestcamp-a-1153768.html\">das Camp verboten wird<\/a>. Die G20-GegnerInnen <a href=\"http:\/\/www.mopo.de\/hamburg\/g20\/protestcamp-im-stadtpark-g20-gegner-wollen-beschluss-anfechten-27853524\">erkl\u00e4ren am 24. Juni<\/a>, umgehend Beschwerde beim Bundesverfassungsgericht (BVerfG) einzulegen. Am 26. Juni entl\u00e4sst die Hamburger Polizeif\u00fchrung drei Berliner Polizeihundertschaften vorzeitig und \u201emit sofortiger Wirkung\u201c aus dem Einsatz. Die BeamtInnen, die als Unterst\u00fctzungskr\u00e4fte f\u00fcr den G20-Gipfel abgeordnet waren, hatten in ihrer Unterkunft ein <a href=\"http:\/\/www.spiegel.de\/panorama\/justiz\/g20-gipfel-exzesse-von-berliner-polizisten-die-reaktionen-a-1154756.html\">exzessives Saufgelage<\/a> und \u00f6ffentlichem Sex abgehalten. Am 27. Juni erkl\u00e4rt das Hamburger VG <a href=\"https:\/\/www.juris.de\/jportal\/portal\/page\/homerl.psml?nid=jnachr-JUNA170604518&amp;cmsuri=%2Fjuris%2Fde%2Fnachrichten%2Fzeigenachricht.jsp\">eine geplante Demonstration und Dauerkundgebung f\u00fcr verboten<\/a>. In einem Eilentscheid hebt das BVerfG das Camp-Verbot am 28. Juni teilweise auf (<a href=\"http:\/\/www.bundesverfassungsgericht.de\/SharedDocs\/Pressemitteilungen\/DE\/2017\/bvg17-051.html\">Az: 1 BvR 1387\/17<\/a>); gleichwohl <a href=\"http:\/\/www.faz.net\/aktuell\/politik\/inland\/hamburg-haelt-an-camp-verbot-fest-15082432.html\">erkl\u00e4rt die Stadt Hamburg<\/a>, am Verbot festzuhalten. Am 29. Juni <a href=\"http:\/\/www.mopo.de\/hamburg\/g20\/razzia-vor-g20-gipfel-polizei-durchsucht-wohnungen-linksextremer-in-eimsbuettel-27880862\">durchsucht die Polizei<\/a> mehrere Wohnungen mutma\u00dflicher G20-Gegner.<\/p>\n<p>22.<br \/>\nJuni: <strong>Rockerkriminalit\u00e4t:<\/strong> Im Prozess wegen einer Schie\u00dferei in der Innenstadt von Frankfurt\/M. (Hessen) im Mai 2016 beruft sich ein Hells Angels-Mitglied als Zeuge <a href=\"http:\/\/www.faz.net\/aktuell\/gesellschaft\/kriminalitaet\/schuesse-auf-stoltze-platz-opfer-mit-erinnerungsluecken-15072626.html\">auf massive Erinnerungsl\u00fccken<\/a>. Bei einer Gro\u00dfrazzia in Baden-W\u00fcrttemberg, Hessen und Nordrhein-Westfalen nimmt die Polizei f\u00fcnf Mitglieder der \u201eOsmanen Germania BC\u201c fest. Sie sollen ausstiegswillige Mitglieder <a href=\"http:\/\/www.spiegel.de\/panorama\/justiz\/osmanen-germania-festnahmen-bei-razzien-gegen-rocker-a-1154666-druck.html\">erpresst, beraubt und brutal zusammengeschlagen haben<\/a>.<\/p>\n<p><strong>Vorratsdatenspeicherung:<\/strong> Das OVG M\u00fcnster (NRW) <a href=\"https:\/\/www.telemedicus.info\/urteile\/Telekommunikationsrecht\/Vorratsdatenspeicherung\/1742-OVG-Muenster-Az-13-B-23817-Anlasslose-Vorratsdatenspeicherung-verstoesst-gegen-Europarecht.html\">erkl\u00e4rt die geplante Vorratsdatenspeicherung f\u00fcr nicht vereinbar<\/a> mit den europ\u00e4ischen Datenschutzrichtlinien (Az: 13 B 238\/17). Am 28. Juni <a href=\"http:\/\/www.spiegel.de\/netzwelt\/netzpolitik\/vorratsdatenspeicherung-von-bundesnetzagentur-ausgesetzt-a-1154860.html\">setzt die Bundesnetzagentur die Ma\u00dfnahme daraufhin vorerst aus<\/a>.<\/p>\n<p>24. Juni: <strong>Ermittlungen gegen Polizeibeamten: <\/strong>Auf einer Geburtstagsfeier in Krefeld (NRW) <a href=\"https:\/\/www.morgenpost.de\/vermischtes\/article211031617\/Bei-Party-randaliert-Polizei-ermittelt-gegen-Kollegen.html\">randaliert ein Polizeibeamter<\/a> und st\u00f6\u00dft eine Frau so heftig nieder, dass sie das Bewusstsein verliert. Anschlie\u00dfend\u00a0 versucht er, einen anderen Mann mit einem Messer anzugreifen. Als herbei gerufene Polizisten ihn festnehmen, beleidigt und bedroht er diese.<\/p>\n<p>25. Juni: <strong>Streit mit der Polizei:<\/strong> Bei der Aufnahme eines Deliktes wegen Falschparkens werden Beamte in Duisburg <a href=\"http:\/\/www.berliner-zeitung.de\/panorama\/duisburg-250-gaffer-belagern-festnahme-und-greifen-polizei-an-27859922\">angeblich Aussage<\/a> massiv behindert. Rund 250 andere Personen solidarisieren sich mit dem Verkehrss\u00fcnder. Sp\u00e4ter wird jedoch ein Video \u00f6ffentlich, <a href=\"https:\/\/www.waz.de\/staedte\/duisburg\/videos-zeigen-so-eskaliert-polizeieinsatz-in-duisburg-id211056109.html\">das eine andere Version erz\u00e4hlt<\/a>. Es zeigt die Polizei bei schweren Misshandlungen des Betroffenen.<\/p>\n<p>26. Juni: <strong>Ermittlungen gegen Fl\u00fcchtlingsretter:<\/strong> Durch Presseberichte <a href=\"http:\/\/www.tagesspiegel.de\/politik\/fluechtlinge-im-mittelmeer-ermittlungen-gegen-dresdner-seenotretter\/19979384.html\">wird bekannt<\/a>, dass die Bundespolizei (BPol) in Dresden (Sachsen) gegen einen gemeinn\u00fctzigen Verein, der ein Schiff kaufen will um Fl\u00fcchtlinge im Mittelmeer aus Seenot zu retten, wegen \u201eVersuchs der illegalen Einschleusung von Ausl\u00e4ndern\u201c ermittelt.<\/p>\n<p>27. Juni: <strong>Telefon\u00fcberwachung:<\/strong> Die Berliner Justizverwaltung legt ihren Jahresbericht zur Telefon\u00fcberwachung (T\u00dc) vor. <a href=\"http:\/\/www.berliner-zeitung.de\/berlin\/polizei\/tausende-anschluesse-ueberwacht-ermittler-hoeren-mehr-als-eine-million-telefonate-ab-27867908\">Demnach<\/a> wurden 2016 insgesamt 1.0061.666 Telefongespr\u00e4che abgeh\u00f6rt, rund 300.000 weniger als 2015.<\/p>\n<p><strong>Neuerliche weltweite Cyberattacke:<\/strong> Zum zweiten Mal innerhalb von sechs Wochen kommt es zu einer <a href=\"http:\/\/www.spiegel.de\/netzwelt\/web\/cyberattacke-ermittlungen-nach-petya-angriff-aufgenommen-a-1154776.html\">Hacker-Attacke auf Wirtschaftskonzerne<\/a>. Betroffen in Deutschland ist <a href=\"http:\/\/www.tagesspiegel.de\/weltspiegel\/sechs-wochen-nach-wannacry-neue-cyber-attacke-legt-dutzende-firmen-lahm-deutsche-unternehmen-betroffen\/19987890.html\">u.a. der Metro-Konzern<\/a> in D\u00fcsseldorf (NRW).<\/p>\n<p><strong>Schleuserkriminalit\u00e4t: <\/strong>Vor dem LG Traunstein (Bayern) beginnt der <a href=\"http:\/\/www.spiegel.de\/panorama\/justiz\/traunstein-syrer-legt-gestaendnis-in-schleuserprozess-ab-a-1154655.html\">Prozess gegen drei mutma\u00dfliche Schleuser<\/a>, denen der Tod von mindestens 13 Menschen im Mittelmeer zur Last gelegt wird. Einer der Angeklagten legt ein Teilgest\u00e4ndnis ab.<\/p>\n<p><strong>\u00dcbergriff durch Private Sicherheitskr\u00e4fte:<\/strong> Bei einer Fahrscheinkontrolle in einer S-Bahn in M\u00fcnchen (Bayern) zerren private Sicherheitskr\u00e4fte einen mutma\u00dflichen Schwarzfahrer <a href=\"http:\/\/www.sueddeutsche.de\/muenchen\/s-bahn-muenchen-fahrscheimkontrolle-eskaliert-sicherheitsdienst-ueberwaeltigt-mann-1.3564024\">mit brutaler Gewalt aus der Bahn<\/a>, da er sich uneinsichtig und aggressiv verhalten habe; Zeugen bestreiten dies. Die Bahn \u00fcbergibt den Fall an die Polizei.<\/p>\n<p>28. Juni: <strong>Castor-Transport gestoppt:<\/strong> Auf dem Neckar bei Bad Wimpfen (Baden-W\u00fcrttemberg) <a href=\"http:\/\/www.spiegel.de\/wissenschaft\/mensch\/neckar-erster-atommuelltransport-in-deutschland-per-schiff-a-1154835.html\">gelingt es AktivistInnen<\/a> der Umweltschutz-Organisation \u201eRobin Wood\u201c, den ersten Atomm\u00fcll-Transport auf dem Wasserweg kurzfristig zu stoppen.<\/p>\n<h3>Beitragsbild: Die G20-Gefangenensammelstelle Neuland in Hamburg. (Bild: <a href=\"http:\/\/www.polizei.hamburg\/gefangenensammelstelle-neuland\/\">Polizei Hamburg<\/a>).<\/h3>\n","protected":false},"excerpt":{"rendered":"<p>zusammengestellt von Otto Diederichs 2. Juni: Terroranschlag auf Berliner Weihnachtsmarkt: Durch Presseberichte wird bekannt, dass<\/p>\n","protected":false},"author":2,"featured_media":12900,"comment_status":"open","ping_status":"open","sticky":false,"template":"","format":"standard","meta":{"footnotes":""},"categories":[6],"tags":[667,820,1094,1186,1195,1216],"class_list":["post-12895","post","type-post","status-publish","format-standard","has-post-thumbnail","hentry","category-chronologien","tag-geheimdienste","tag-justiz","tag-polizei","tag-rassismus","tag-rechtsextremismus","tag-repression"],"_links":{"self":[{"href":"https:\/\/wp-dev.daten.cool\/index.php?rest_route=\/wp\/v2\/posts\/12895","targetHints":{"allow":["GET"]}}],"collection":[{"href":"https:\/\/wp-dev.daten.cool\/index.php?rest_route=\/wp\/v2\/posts"}],"about":[{"href":"https:\/\/wp-dev.daten.cool\/index.php?rest_route=\/wp\/v2\/types\/post"}],"author":[{"embeddable":true,"href":"https:\/\/wp-dev.daten.cool\/index.php?rest_route=\/wp\/v2\/users\/2"}],"replies":[{"embeddable":true,"href":"https:\/\/wp-dev.daten.cool\/index.php?rest_route=%2Fwp%2Fv2%2Fcomments&post=12895"}],"version-history":[{"count":0,"href":"https:\/\/wp-dev.daten.cool\/index.php?rest_route=\/wp\/v2\/posts\/12895\/revisions"}],"wp:featuredmedia":[{"embeddable":true,"href":"https:\/\/wp-dev.daten.cool\/index.php?rest_route=\/wp\/v2\/media\/12900"}],"wp:attachment":[{"href":"https:\/\/wp-dev.daten.cool\/index.php?rest_route=%2Fwp%2Fv2%2Fmedia&parent=12895"}],"wp:term":[{"taxonomy":"category","embeddable":true,"href":"https:\/\/wp-dev.daten.cool\/index.php?rest_route=%2Fwp%2Fv2%2Fcategories&post=12895"},{"taxonomy":"post_tag","embeddable":true,"href":"https:\/\/wp-dev.daten.cool\/index.php?rest_route=%2Fwp%2Fv2%2Ftags&post=12895"}],"curies":[{"name":"wp","href":"https:\/\/api.w.org\/{rel}","templated":true}]}}