{"id":1292,"date":"2006-08-09T12:11:41","date_gmt":"2006-08-09T12:11:41","guid":{"rendered":"http:\/\/www.cilip.de\/?p=1292"},"modified":"2006-08-09T12:11:41","modified_gmt":"2006-08-09T12:11:41","slug":"redaktionsmitteilung-22","status":"publish","type":"post","link":"https:\/\/wp-dev.daten.cool\/?p=1292","title":{"rendered":"Redaktionsmitteilung"},"content":{"rendered":"<p>Deutsche InnenpolitikerInnen haben es und machen es sich einfach. Sie haben es einfach, weil Afrika sehr weit entfernt ist. Die Ostsee ist nicht das Mittelmeer, R\u00fcgen ist nicht Lampedusa und auch keine Kanarische Insel. Hier stranden nicht t\u00e4glich ausgehungerte und halb verdurstete Menschen, die trotz aller Gefahren den Weg \u00fcbers Meer gewagt haben, um in der Europ\u00e4ischen Union eine Zukunft ohne Elend und B\u00fcrgerkriege zu suchen. Hier werden auch nicht die Leichen derer angesp\u00fclt, die diesen Weg nicht \u00fcberlebt haben. Deutsche PolitikerInnen k\u00f6nnen es sich einfach machen. Sie m\u00fcssen keine R\u00fccksicht auf l\u00e4stige Mitleidsgef\u00fchle nehmen und k\u00f6nnen deshalb weiter darauf pochen, dass die &#8222;Bek\u00e4mpfung der illegalen Einwanderung&#8220; und die &#8222;Sicherung der Au\u00dfengrenzen&#8220; gemeinsame europ\u00e4ische Verpflichtungen sind.<!--more--><\/p>\n<p>Die Abwehr von &#8222;Drittausl\u00e4nderInnen&#8220; war und ist einer der Motoren f\u00fcr den Aufbau des EU-Staatsgebildes, allerdings nicht der einzige. Der &#8222;Krieg gegen den Terror&#8220; bietet seit dem September 2001 die st\u00e4ndige ideologische Begleitmusik f\u00fcr die &#8222;Schaffung des Raums der Freiheit, der Sicherheit und des Rechts&#8220; &#8211; f\u00fcr den Aufbau neuer und den Ausbau bestehender polizeilicher Institutionen, f\u00fcr neue EU-weite Datensysteme und f\u00fcr den gegenseitigen Zugang zu den polizeilichen Informationssystemen der Mitgliedstaaten &#8230;<\/p>\n<p>Die vorliegende Ausgabe von B\u00fcrgerrechte &amp; Polizei\/CILIP bietet eine (unvollst\u00e4ndige) Momentaufnahme von der Gro\u00dfbaustelle des Europas der Polizeien. Das Haager Programm, der auf dem EU-Gipfel im November 2004 beschlossene F\u00fcnfjahresplan f\u00fcr die Innen- und Justizpolitik der Union, sorgt daf\u00fcr, dass die Arbeiten auf dieser Baustelle schnell vorangehen. Das Thema wird uns also erhalten bleiben.<\/p>\n<p>***<\/p>\n<p>B\u00fcrgerrechte &amp; Polizei\/CILIP wird sich im Schwerpunkt der n\u00e4chsten Ausgabe mit der Frage befassen, was Datenschutz bei Polizei und Geheimdiensten leisten soll und tats\u00e4chlich leistet.<\/p>\n","protected":false},"excerpt":{"rendered":"<p>Deutsche InnenpolitikerInnen haben es und machen es sich einfach. Sie haben es einfach, weil Afrika<\/p>\n","protected":false},"author":2,"featured_media":0,"comment_status":"open","ping_status":"open","sticky":false,"template":"","format":"standard","meta":{"footnotes":""},"categories":[90,141],"tags":[],"class_list":["post-1292","post","type-post","status-publish","format-standard","hentry","category-cilip-084","category-editorials"],"_links":{"self":[{"href":"https:\/\/wp-dev.daten.cool\/index.php?rest_route=\/wp\/v2\/posts\/1292","targetHints":{"allow":["GET"]}}],"collection":[{"href":"https:\/\/wp-dev.daten.cool\/index.php?rest_route=\/wp\/v2\/posts"}],"about":[{"href":"https:\/\/wp-dev.daten.cool\/index.php?rest_route=\/wp\/v2\/types\/post"}],"author":[{"embeddable":true,"href":"https:\/\/wp-dev.daten.cool\/index.php?rest_route=\/wp\/v2\/users\/2"}],"replies":[{"embeddable":true,"href":"https:\/\/wp-dev.daten.cool\/index.php?rest_route=%2Fwp%2Fv2%2Fcomments&post=1292"}],"version-history":[{"count":0,"href":"https:\/\/wp-dev.daten.cool\/index.php?rest_route=\/wp\/v2\/posts\/1292\/revisions"}],"wp:attachment":[{"href":"https:\/\/wp-dev.daten.cool\/index.php?rest_route=%2Fwp%2Fv2%2Fmedia&parent=1292"}],"wp:term":[{"taxonomy":"category","embeddable":true,"href":"https:\/\/wp-dev.daten.cool\/index.php?rest_route=%2Fwp%2Fv2%2Fcategories&post=1292"},{"taxonomy":"post_tag","embeddable":true,"href":"https:\/\/wp-dev.daten.cool\/index.php?rest_route=%2Fwp%2Fv2%2Ftags&post=1292"}],"curies":[{"name":"wp","href":"https:\/\/api.w.org\/{rel}","templated":true}]}}