{"id":13004,"date":"2017-08-02T19:33:50","date_gmt":"2017-08-02T19:33:50","guid":{"rendered":"https:\/\/www.cilip.de\/?p=13004"},"modified":"2017-08-02T19:33:50","modified_gmt":"2017-08-02T19:33:50","slug":"chronologie-juli-2017","status":"publish","type":"post","link":"https:\/\/wp-dev.daten.cool\/?p=13004","title":{"rendered":"Chronologie\u00a0Juli 2017"},"content":{"rendered":"<h3>zusammengestellt von Otto Diederichs<\/h3>\n<p>1. Juli: <strong>Rechtsradikalismus:<\/strong> In der Nacht werden in Berlin drei M\u00e4nner von einer Personengruppe mit \u201eSieg Heil\u201c angebr\u00fcllt und anschlie\u00dfend <a href=\"https:\/\/www.berlin.de\/polizei\/polizeimeldungen\/pressemitteilung.607938.php\">geschlagen und getreten<\/a>. Die T\u00e4ter k\u00f6nnen unerkannt entkommen. Ein als \u201eSS-Siggi\u201c bekannter Rechtsextremist muss <a href=\"http:\/\/www.spiegel.de\/panorama\/justiz\/dortmund-ss-siggi-siegfried-borchardt-wird-von-der-arbeitsagentur-bevorzugt-a-1155960.html\">zum Schutz anderer MitarbeiterInnen<\/a> wegen seiner \u201ebedenklichen Haltung zum Grundgesetz\u201c nicht vom JobCenter Dortmund (NRW) vorgeladen werden. Dies wird am 4. Juli durch Presseberichte bekannt. Am 5. Juli wird durch Presseberichte bekannt, dass ein langj\u00e4hriger Angestellter der Stadtverwaltung Grevenbroich (NRW), der als Hausmeister in einem Fl\u00fcchtlingsheim arbeitete, entlassen wurde. Er hatte in seinem B\u00fcro eine Puppe mit dem Hitlergru\u00df drapiert und sie jeden Tag <a href=\"https:\/\/www.morgenpost.de\/vermischtes\/article211136051\/Hitler-Gruss-im-Fluechtlingsheim-Hausmeister-verliert-Job.html\">mit \u201eHeil Hitler\u201c begr\u00fc\u00dft<\/a>. In Berlin zeigt ein Mann einem Polizisten am 9. Juli den <a href=\"https:\/\/www.antifa-berlin.info\/news\/1388-suff-nazi-angriff-auf-die-liebig34\">Hitlergru\u00df<\/a>. Er wird kurzfristig festgenommen. Zu einem <a href=\"http:\/\/www.spiegel.de\/politik\/deutschland\/neonazi-konzert-in-themar-3500-rechte-bereits-stunden-vor-beginn-vor-ort-a-1157957.html\">Neo-Nazi-Konzert in Themar<\/a> (Th\u00fcringen) reisen am 15. Juli rund 5.000 Teilnehmer an. In Berlin beschimpft am 17. Juli ein Mann einen anderen \u2013 trotz zwischenzeitlichem Polizeieinsatz \u2013 <a href=\"http:\/\/www.berliner-zeitung.de\/berlin\/polizei\/polizeibericht-mann-bruellt-rassistische-beleidigungen-vom-balkon-27988212\">mehrfach rassistisch<\/a>. <!--more-->Der Berliner Verfassungsschutz <a href=\"http:\/\/www.tagesspiegel.de\/berlin\/berliner-verfassungsschutzbericht-neukoellner-dar-as-salam-moschee-weiter-unter-beobachtung\/20074522.html\">beziffert die Zahl<\/a> der Rechtsextremisten in der Hauptstadt am 18. Juli auf 1.450. F\u00fcr Brandenburg <a href=\"http:\/\/www.berliner-zeitung.de\/berlin\/zahl-der-extremisten-in-brandenburg-deutlich-gestiegen-28006952\">gibt das dortige Landesamt<\/a> die Zahl am 21. Juli mit 1.390 an. Unter dem Vorwurf der Schlepperei werden <a href=\"http:\/\/www.berliner-zeitung.de\/politik\/identitaere-bewegung-schiff-von-anti-fluechtlings-aktivisten-in-nordzypern-festgesetzt--2807399\">am 26. Juli<\/a> der Kapit\u00e4n und dessen Stellvertreter eines Schiffes der rechtsradikalen \u201eIdentit\u00e4ren Bewegung\u201c in der nordzyprischen Hafenstadt Famagusta festgenommen. Das Schiff war <a href=\"http:\/\/www.sueddeutsche.de\/panorama\/2.220\/anti-fluechtlings-aktion-identitaere-bewegung-chartert-boot-crewmitglieder-beantragen-asyl-1.3605424\">gechartert worden<\/a>, um Fl\u00fcchtlinge an der \u00dcberfahrt \u00fcber das Mittelmeer zu hindern. Am 27. Juli werden die Festgenommenen freigelassen und das Schiff <a href=\"http:\/\/www.tagesspiegel.de\/politik\/aktion-gegen-fluechtlinge-geht-weiter-schiff-der-identitaeren-faehrt-wieder-im-mittelmeer\/20116654.html\">setzt seine Fahrt fort<\/a>. Zum <a href=\"http:\/\/www.tagesspiegel.de\/politik\/themar-in-thueringen-proteste-gegen-weiteres-neonazi-konzert\/20124212.html\">zweiten Mal<\/a> findet im th\u00fcringischen Themar am 29. Juli ein Rechts-Rock-Konzert statt. Rund 250 Menschen protestieren dagegen.<\/p>\n<p><strong>Fremdenfeindliche Handlungen:<\/strong> In Elz (Hessen) geraten zwei M\u00e4nner und eine Frau mit zwei Syrern in Streit. Im Anschluss wird einer der Syrer von ihnen mit dem Auto angefahren und mit einer Schreckschusspistole beschossen. Die T\u00e4ter <a href=\"http:\/\/www.berliner-zeitung.de\/panorama\/schreckschusswaffe-abgefeuert-zwei-maenner-fahren-syrer-nach-pruegelei-mit-auto-an--27900140\">k\u00f6nnen sp\u00e4ter gefasst werden<\/a>. Am 2. Juli werden ein Mann und zwei Frauen von drei Unbekannten fremdenfeindlich <a href=\"http:\/\/www.berliner-zeitung.de\/berlin\/polizei\/polizeibericht-mann-fremdenfeindlich-beleidigt-und-getreten---helferinnen-angegriffen--27901578\">beleidigt, geschlagen und getreten<\/a>. Die T\u00e4ter entkommen. Als eine Frau mit ihrem Kind am 5. Juli an einem Berliner NPD-Stand vorbeigeht, wird sie von den Wahlk\u00e4mpferInnen <a href=\"http:\/\/www.berliner-zeitung.de\/berlin\/polizei\/polizeibericht-frau-und-kind-an-npd-stand-rassistisch-beleidigt-27922418\">rassistisch beschimpft<\/a>. Beim Eintreffen der Polizei ist der Stand bereits verschwunden. Vor einer Berliner Fl\u00fcchtlingsunterkunft beschimpft ein Unbekannter am 28. Juli einen Mann und <a href=\"http:\/\/www.berliner-zeitung.de\/berlin\/polizei\/polizeibericht-stinkende-boote-treiben-auf-krossinsee-28079604\">bewirft ihn mit Bierflaschen<\/a>. Ebenfalls in einem Berliner Supermarkt wird am gleichen Tag ein Mann von einem anderen <a href=\"http:\/\/www.berliner-kurier.de\/berlin\/polizei-und-justiz\/---berlin-polizei-ticker----bvg-bus-bleibt-unter-bruecke-stecken-22954006\">fremdenfeindlich angep\u00f6belt<\/a>; daraus entwickelt sich eine Pr\u00fcgelei, bei der beide verletzt werden. Der T\u00e4ter wird erkennungsdienstlich behandelt. Wiederum in Berlin kommt es am 30. Juli in einem Bus zu einem <a href=\"http:\/\/www.berliner-zeitung.de\/berlin\/polizei\/koepenick-unbekannter-beleidigt-zwei-somalier-rassistisch-und-schlaegt-zu-28089760\">Streit mit zwei jugendlichen Somaliern<\/a>. Als sie aussteigen, kommt es zwischen den Kontrahenten zu einer Schl\u00e4gerei in die sich ein bisher Unbeteiligter einmischt und die Somalier dabei rassistisch beleidigt. Er kann unerkannt fl\u00fcchten.<\/p>\n<p>2. Juli: <strong>G20-Gipfel:<\/strong> Ein Hamburger Anwaltsb\u00fcro reicht beim Verwaltungsgericht (VG) <a href=\"http:\/\/www.mopo.de\/hamburg\/g20\/g20-gipfel-in-hamburg-anwaltsbuero-reicht-eilantrag-gegen-demo-verbotszone-ein-27900364\">einen Eilantrag gegen ein allgemeines Demonstrationsverbot<\/a> ein. Noch in der Nacht hebt das VG das bisherige Verbot des geplanten Protestcamps auf. <a href=\"http:\/\/www.spiegel.de\/politik\/deutschland\/g20-gipfel-polizei-verhindert-genehmigtes-protestcamp-a-1155530.html\">Dennoch verwehrt die Polizei<\/a> den Organisatoren zu Zufahrt. Noch in der selben Nacht werden dennoch aufgebaute Zelte von der Polizei <a href=\"http:\/\/www.spiegel.de\/politik\/deutschland\/g20-gipfel-in-hamburg-tumulte-bei-protestcamp-in-entenwerder-a-1155636.html\">in einem massiven Einsatz ger\u00e4umt<\/a>. Eine Rechtsgrundlage hierf\u00fcr gab es <a href=\"http:\/\/www.mopo.de\/hamburg\/g20\/g20-protestcamp-um-22-31-uhr-stuermte-die-polizei-den-elbpark-27900472\">zu diesem Zeitpunkt nicht<\/a>. Am Nachmittag versammeln sich dann rund 10.000 Menschen zur <a href=\"http:\/\/www.berliner-zeitung.de\/politik\/g20-gipfel-in-hamburg-rund-zehntausend-demonstranten-bei-erster-protestwelle-27898682\">ersten Demonstration gegen den G20-Gipfel<\/a>. Sie verl\u00e4uft friedlich. In einer ungew\u00f6hnlichen Aktion benennt das Landesamt f\u00fcr Verfassungsschutz (LfV) am 3. Juli einige Demonstrationsorganisatoren <a href=\"http:\/\/www.mopo.de\/hamburg\/g20\/ungewoehnliche-aktion-vor-g20-geheimdienst-prangert-diese-radikalen-an-27900808\">\u00f6ffentlich<\/a> als \u201egewaltorientierte Linksextremisten\u201c. Ebenfalls am 3.Juli <a href=\"http:\/\/www.spiegel.de\/panorama\/justiz\/g20-protestcamp-verwaltungsgericht-bestaetigt-uebernachtungsverbot-a-1155652.html\">best\u00e4tigt das VG<\/a> die R\u00e4umung des Protestcamps. Zudem best\u00e4tigt das Oberverwaltungsgericht (OVG) dass eine geplante Dauerkundgebung verboten bleibt, da eine besondere Gefahrenlage vorliege (<a href=\"https:\/\/www.juris.de\/jportal\/portal\/t\/j3m\/page\/homerl.psml?nid=jnachr-JUNA170704599&amp;cmsuri=%2Fjuris%2Fde%2Fnachrichten%2Fzeigenachricht.jsp\">Az: 4 Bs 142\/17<\/a>). Am 4. Juli wird durch Presseberichte zudem bekannt, dass die Polizei ihre Demonstrationsverbote u.a. damit begr\u00fcndete, dass deren OrganisatorInnen von Anw\u00e4ltInnen des Republikanischen Anwaltsvereins (RAV) \u2013 dessen Mitglied auch Hamburgs amtierender B\u00fcrgermeister ist \u2013 <a href=\"http:\/\/www.sueddeutsche.de\/politik\/g-gipfel-polizei-haelt-linken-anwaltsverein-fuer-gefaehrlich-1.3574051\">gef\u00e4hrlich weit links stehe<\/a>. Am Abend dieses Tages <a href=\"http:\/\/www.sueddeutsche.de\/politik\/g-gipfel-polizei-raeumt-zeltlager-in-hamburger-park-1.3574077\">r\u00e4umt die Polizei erneut<\/a> ein Zeltlager von Protestlern und l\u00f6st eine Demonstration <a href=\"http:\/\/www.tagesspiegel.de\/politik\/g-20-gipfel-in-hamburg-polizei-setzt-wasserwerfer-gegen-demonstranten-ein\/20019650.html\">mit Wasserwerfern auf<\/a>. Am 5. Juli <a href=\"http:\/\/www.spiegel.de\/politik\/deutschland\/hamburg-entenwerder-gericht-erlaubt-uebernachten-in-g20-protestcamp-doch-a-1156115.html\">entscheidet das OVG<\/a>, dass das zuvor von der Polizei ger\u00e4umte \u00dcbernachtungscamp doch erlaubt ist; allerdings in erheblich kleinerem Umfang (<a href=\"https:\/\/dejure.org\/dienste\/vernetzung\/rechtsprechung?Gericht=OVG%20Hamburg&amp;Datum=05.07.2017&amp;Aktenzeichen=4%20Bs%20148\/17\">Az: 4 Bs 148\/17<\/a>). Zudem wird durch Presseberichte bekannt, dass die Bundeswehr f\u00fcr die Tage des G20-Gipfels f\u00fcr ihre Soldaten in Hamburg au\u00dferhalb der Kasernen ein\u00a0 hat, da damit zu rechnen sei, dass SoldatInnen angegriffen w\u00fcrden. Eine am <a href=\"http:\/\/www.mopo.de\/hamburg\/g20\/-lieber-tanz--ich-als-g20--gipfelgegner-feiern-bunte-rave-party-27921164\">Abend durchgef\u00fchrte Demonstration<\/a> mit mehreren tausend Menschen bleibt friedlich. Auf Anordnung des Hamburger Landgericht (LG) <a href=\"http:\/\/www.spiegel.de\/politik\/deutschland\/g20-gipfel-im-newsblog-brand-in-porsche-zentrum-polizei-prueft-g20-zusammenhang-a-1155713.html\">fahndet die Polizei<\/a> ab 6. Juli in Zusammenhang mit den Protesten nach zwei, dem linken Spektrum zugeordneten, Berlinern. Eine am fr\u00fchen Abend des 6. Juli beginnende weitere Gro\u00dfdemonstration mit etwa 12.000 Menschen wird bereits kurz nach dem Start durch starke Polizeiketten und Wasserwerfer gestoppt. Es kommt zu massiven Auseinandersetzungen mit <a href=\"http:\/\/www.spiegel.de\/politik\/deutschland\/g20-proteste-dutzende-polizisten-und-demonstranten-verletzt-a-1156392.html\">Verletzten auf beiden Seiten<\/a>. Kurz darauf erkl\u00e4rt der Anmelder die Demonstration <a href=\"http:\/\/www.spiegel.de\/politik\/deutschland\/g20-gipfel-in-hamburg-polizei-stoppt-welcome-to-hell-demonstration-a-1156315.html\">f\u00fcr beendet<\/a>; daraufhin kommt es an verschiedenen Stellen Hamburgs <a href=\"http:\/\/www.sueddeutsche.de\/politik\/g-gipfel-in-hamburg-hoellen-nacht-in-hamburg-1.3577511\">zu Tumulten<\/a>. Die Lage beruhigt sich erst nach Mitternacht. Vom 7. Juli an gilt von 6.00 Uhr bis um 17.00 Uhr in Teilen Hamburgs ein <a href=\"http:\/\/www.berliner-zeitung.de\/politik\/--welcome-to-hell---g20-demo-eskaliert---weitere-proteste-am-freitag-27929202\">Versammlungsverbot<\/a>. Dennoch eskaliert die Situation am Morgen des 7.Juli erneut: DemonstrantInnen blockieren im Hafen einen wichtigen Knotenpunkt, an <a href=\"https:\/\/www.morgenpost.de\/politik\/article211071533\/News-Blog-G20-Gipfel-in-Hamburg-hat-seine-erste-Absage.html\">verschiedenen Stellen der Stadt<\/a> kommt es zu militanten Aktionen von Kleingrppen. Gegen Mittag fordert die Hamburger Polizei bei den Bundesl\u00e4ndern zus\u00e4tzlich zu den bereits vorhandenen rund 15.000 BeamtInnen weitere <a href=\"http:\/\/www.spiegel.de\/politik\/deutschland\/g20-gipfel-im-newsblog-hunderte-wollen-gipfel-blockieren-a-1155714.html\">Verst\u00e4rkung an<\/a>. Noch bevor es am Abend zu neuen Auseinandersetzungen kommt, gibt ein Zivilbeamter im Hamburger Schanzenviertel <a href=\"http:\/\/www.spiegel.de\/panorama\/justiz\/g20-einsatz-in-hamburg-warum-ein-polizist-in-der-schanze-schoss-a-1156822\">einen Warnschuss ab<\/a> um einen bedr\u00e4ngten Mann zu befreien, den er f\u00fcr einen verdeckt arbeitenden Kollegen h\u00e4lt. Die n\u00e4heren Umst\u00e4nde bleiben jedoch unklar. Sp\u00e4ter an diesem Abend sammeln sich dort erneut rund <a href=\"http:\/\/www.spiegel.de\/politik\/deutschland\/g20-gipfel-in-hamburg-eskalation-am-schulterblatt-a-1156631.html\">Hunderte militante G20-GegnerInnen<\/a>, es\u00a0 kommt zu <a href=\"http:\/\/www.abendblatt.de\/hamburg\/g20\/article211173967\/Das-Hamburger-Schanzenviertel-liegt-in-Truemmern.html\">Feuern und Pl\u00fcnderungen<\/a>. Die Polizei h\u00e4lt sich jedoch \u00fcber Stunden zur\u00fcck. Von Innensenator Andy Grote (SPD) wird dies <a href=\"http:\/\/www.spiegel.de\/politik\/deutschland\/g20-gipfel-in-hamburg-razzia-auf-st-pauli-polizei-erwartet-weiter-randale-a-1156716.html\">damit begr\u00fcndet<\/a>, dass Militante \u201eschwerste Gewalttaten gegen Beamte vorbereitet\u201c h\u00e4tten. Als sie dann \u2013 u.a. <a href=\"https:\/\/www.heise.de\/tp\/features\/Haeuserkampf-zum-G20-Spezialeinheiten-haetten-schiessen-duerfen-3770940.html\">mit Maschinenpistolen bewaffneten Spezialkr\u00e4ften<\/a> \u2013 anr\u00fcckt und diese auch <a href=\"https:\/\/www.heise.de\/tp\/features\/Gummi-gegen-den-kommenden-Aufstand-3786292.html\">Gummigeschosse einsetzen<\/a>, kommt es zu heftigen <a href=\"http:\/\/www.berliner-zeitung.de\/politik\/g20-krawalle-in-hamburg-heftige-strassenschlachten-im-schanzenviertel-27932480\">Stra\u00dfenschlachten<\/a>. In der Presse beklagen Anw\u00e4ltInnen <a href=\"http:\/\/www.spiegel.de\/panorama\/justiz\/g20-gipfel-polizei-behindert-rechtsanwaelte-massiv-a-1156581.html\">erhebliche Probleme<\/a>, zu Festgenommenen vorgelassen zu werden. Am 8. Juli protestieren Journalistenverb\u00e4nde dagegen, dass mehreren akkreditierten JournalistInnen vom Bundeskriminalamt (BKA) der Zugang zum Medienzentrum <a href=\"https:\/\/www.morgenpost.de\/politik\/inland\/article211177285\/G20-Mehrere-Journalisten-duerfen-nicht-berichten.html\">verweigert wurde<\/a>. Am Abend des Tages versammeln sich im Schanzenviertel erneut rund 600 Personen. Es kommt zu <a href=\"http:\/\/www.spiegel.de\/politik\/deutschland\/g20-gipfel-erneut-krawalle-in-hamburg-a-1156848.html\">Auseinandersetzungen<\/a>. Erneut wird bei einem Festnahmeversuch von einem Zivilbeamten ein <a href=\"http:\/\/www.spiegel.de\/panorama\/justiz\/g20-einsatz-polizei-gibt-zweiten-warnschuss-im-schanzenviertel-ab-a-1156892.html\">Warnschuss abgegeben<\/a>. Gegen Morgen schlie\u00dflich <a href=\"http:\/\/www.tagesspiegel.de\/politik\/nach-g20-gipfel-in-hamburg-die-dritte-nacht-der-gewalt\/20037090.html\">beruhigt sich die Lage<\/a>. Nach <a href=\"http:\/\/www.spiegel.de\/politik\/deutschland\/g20-gipfel-erneut-krawalle-in-hamburg-a-1156848.html\">Angaben<\/a> des anwaltlichen Notdienstes befinden sich zu diesem Zeitpunkt bereits 290 Personen in der Gefangenensammelstelle; <a href=\"https:\/\/www.morgenpost.de\/politik\/article211179149\/Proteste-gegen-G20-Dritte-Nacht-mit-Gewalt-in-Hamburg.html\">Haftbefehle<\/a> ergingen in 37 F\u00e4llen. Die Zahl der verletzten PolizistInnen wird am 9. Juli mit 476 angegeben; die Zahl verletzter G20-GegnerInnen <a href=\"https:\/\/www.morgenpost.de\/politik\/article211179149\/Proteste-gegen-G20-Dritte-Nacht-mit-Gewalt-in-Hamburg.html\">ist unklar<\/a>. Bei der Hamburger Polizei sind \u00fcber 1.000 Fotos und Videos von B\u00fcrgerInnen eingegangen, sie richtet daraufhin zur weiteren Auswertung <a href=\"http:\/\/www.berliner-zeitung.de\/politik\/nach-g20-krawallen-hamburger-liefern-polizei-ueber-tausend-fotos-und-videos-27938190\">eine eigene Internetseite ein<\/a>. Am 10. Juli wird in der Presse <a href=\"http:\/\/www.mopo.de\/hamburg\/g20\/bei-krawallen-in-der-schanze-auch-rechte-randalierten-mit-27941982\">behauptet<\/a>, dass sich auch viele organisierte Rechtsradikale an den Auseinandersetzungen beteiligt h\u00e4tten. Dies wird jedoch sp\u00e4ter angezweifelt. Durch Presseberichte wird am 11. Juli bekannt, dass die Hamburger Polizei eine 170 Personen starke <a href=\"http:\/\/www.spiegel.de\/panorama\/justiz\/g20-gipfel-in-hamburg-polizei-will-bis-zu-170-sonderermittler-einsetzen-a-1157217.html\">Sonderkommission einsetzt<\/a>, um nach mutmasslichen Straft\u00e4terInnen zu fahnden. Am 12. Juli verteidigt der Sprecher der Bundesregierung den Ausschluss von akkreditierten JournalistInnen aus dem Medienzentrum als <a href=\"https:\/\/www.morgenpost.de\/politik\/inland\/article211221043\/Pruefung-von-Akkreditierungs-Entzug-bei-G20-eingeleitet.html\">durchaus verantwortungsvoll<\/a>. Die Bundesdatenschutzbeauftragte leitet hingegen eine <a href=\"http:\/\/www.faz.net\/aktuell\/politik\/inland\/g-20-akkreditierung-datenschutzbeauftragte-prueft-abweisung-von-journalisten-15102966.html\">Pr\u00fcfung des Vorfalls ein<\/a>. In der Presse erkl\u00e4rt der F\u00fchrer eines Spezial-Einsatz-Kommandos (SEK) am 13.Juli, dass f\u00fcr den Einsatz seiner Kommandos im Schanzenviertel <a href=\"http:\/\/www.spiegel.de\/panorama\/justiz\/g20-gipfel-sek-einsatz-im-schanzenviertel-dann-herrschte-absolute-stille-a-1157522.html\">auch der Schusswaffengebrauch freigegeben war<\/a>. Sp\u00e4ter <a href=\"http:\/\/www.buergerschaft-hh.de\/ParlDok\/dokument\/58675\/g20-%e2%80%93-technische-%c3%bcberwachungsma%c3%9fnahmen-zum-g20-gipfel.pdf\">heisst es<\/a>, dass dieser nicht f\u00fcr Personen galt. Am 15. Juli <a href=\"http:\/\/www.spiegel.de\/panorama\/justiz7g20-gipfel-viel-weniger-verletzte-polizisten-als-angegeben-a-1157913.html\">reduziert<\/a> das bayerische Innenministerium unter Berufung auf die Hamburger Einsatzleitung die urspr\u00fcnglich angegebene Zahl von im Einsatz verletzten BeamtInnen von 476 auf 231. In einer <a href=\"http:\/\/www.buergerschaft-hh.de\/ParlDok\/dokument\/58766\/protokoll-wortprotokoll-der-%C3%B6ffentlichen-sitzung-des-innenausschusses.pdf\">Sondersitzung des Hamburger Innenausschusses<\/a> wird die Zahl der \u201evors\u00e4tzlich verletzten\u201c Polizisten hingegen am 19. Juli mit 592 angegeben. Am 20. Juli wird ein Hundertschaftsf\u00fchrer der Berliner Bereitschaftspolizei, die mit weiteren zwei Hundertschaften von ihrem Hamburger G20-Einsatz wegen mutma\u00dflichen Fehlverhaltens zur\u00fcck geschickt wurde, <a href=\"http:\/\/www.berliner-zeitung.de\/berlin\/polizei\/party-polizisten-hundertschaftsfuehrer-wird-vom-dienst-entbunden-28004042\">von seiner Funktion entbunden<\/a>. Laut Presseberichten wurden bis zum 25. Juli im Rahmen ihres G20-Einsatzes <a href=\"http:\/\/www.spiegel.de\/politik\/deutschland\/g20-in-hamburg-vorwuerfe-gegen-polizisten-videos-zeigen-gewalt-im-grosseinsatz-a-1159638.html\">49 Ermittlungsverfahren gegen PolizistInnen eingeleitet<\/a>. Durch <a href=\"http:\/\/www.spiegel.de\/politik\/deutschland\/g20-polizei-setzt-bus-mit-demonstranten-fest-staatsanwaltschaft-ermittelt-a-1160513.html\">Presseberichte<\/a> wird am 30. Juli bekannt, dass die Staatsanwaltschaft (StA) Hamburg ein Ermittlungsverfahren gegen PolizeibeamtInnen startete, die einen Bus mit Demonstranten gestoppt und dessen Insassen in der Gefangenensammelstelle stundenlang entw\u00fcrdigend behandelt haben sollen.<\/p>\n<p>3. Juli: <strong>Terroranschlag auf Berliner Weihnachtsmarkt:<\/strong> Im Innenausschuss des Berliner Abgeordnetenhauses stellt der eingesetzte Sonderermittler des Senats seinen Zwischenbericht vor. Darin <a href=\"http:\/\/www.berliner-zeitung.de\/berlin\/polizei\/terror-sonderermittler-aktenmanipulation-im-fall-amri-bestaetigt-27904206\">best\u00e4tigt er<\/a> die bisher bekannt gewordenen Aktenmanipulationen und erkl\u00e4rt, zudem gebe es Hinweise dass daran auch ein weiterer Kriminalbeamter beteiligt gewesen sei und auch die Fachaufsicht versagt habe. <a href=\"http:\/\/www.berliner-zeitung.de\/politik\/amri-untersuchungsausschuss-in-berlin-eingesetzt-27927978\">Zus\u00e4tzlich zum Sonderermittler<\/a> des Senats setzt das Berliner Abgeordnetenhaus am 6. Juli einen Untersuchungsausschuss ein. Am gleichen Tag geht aus dem Zwischenbericht des Opferbeauftragten Kurt Beck (SPD) hervor, dass \u00dcberlebende und Hinterbliebene von Terroropfern <a href=\"http:\/\/www.spiegel.de\/politik\/deutschland\/breitscheidplatz-ueberlebende-bekommen-entschaedigung-in-millionenhoehe-a-1156314.html\">finanziell entsch\u00e4digt werden sollen<\/a>. Hierf\u00fcr seien bereits mehr als eine Million EUR bewilligt worden. <a href=\"http:\/\/www.berliner-zeitung.de\/politik\/untersuchungsausschuss-zum-terroranschlag-nimmt-arbeit-auf-27969396\">Am 14. Juli<\/a> nimmt der Untersuchungsausschuss des Abgeordnetenhauses seine Arbeit auf.<\/p>\n<p><strong>Mordversuch an Polizisten aufgekl<\/strong><strong>\u00e4<\/strong><strong>rt:<\/strong> Knapp zwei Jahre nach der Tat kl\u00e4rt die Berliner Polizei den Mordversuch an einem Ihrer Beamten nach eigenen Angaben auf und <a href=\"http:\/\/www.berliner-zeitung.de\/berlin\/polizei\/lichtenberg-versuchter-polizisten-mord-nach-zwei-jahren-aufgeklaert-27905000\">nimmt den T\u00e4ter fest<\/a>.<\/p>\n<p><strong>Brandanschl<\/strong><strong>\u00e4<\/strong><strong>ge auf Bundesbahn:<\/strong> Wegen der \u201ebesonderen Bedeutung\u201c <a href=\"http:\/\/www.spiegel.de\/panorama\/justiz\/bundesanwaltschaft-ermittelt-zu-brandanschlaegen-auf.die.bahn-a-1155769.html\">\u00fcbernimmt der Generalbundesanwalt<\/a> (GBA) die Ermittlungen zu 13 Brandanschl\u00e4gen Mitte Juni auf die Bundesbahn. 374 Z\u00fcge waren hierdurch ausgefallen sowie etwa 100.000 Telefon- und Datenanschl\u00fcsse kurzzeitig gest\u00f6rt worden.<\/p>\n<p><strong>Weltweite Cyberattacke:<\/strong> Rund eine Woche nach der zweiten weltweiten Cyberattacke <a href=\"http:\/\/www.tagesspiegel.de\/wirtschaft\/wegen-erpressersoftware-petya-milka-fabrik-steht-seit-einer-woche-still\/20013388.html\">steht die Produktion<\/a> eines gro\u00dfen S\u00fc\u00dfwarenherstellers in L\u00f6rrach (Baden-W\u00fcrttemberg) immer noch still.<\/p>\n<p>4. Juli: <strong>Verfassungsschutzbericht:<\/strong> In Berlin wird der Jahresbericht 2016 des Bundesamtes f\u00fcr Verfassungsschutz (BfV) <a href=\"http:\/\/www.berliner-zeitung.de\/politik\/de-maizi%C3%A8re-und-maassen-legen-verfassungsschutzbericht-vor-27908254\">vorgestellt<\/a>. Darin wird insbesondere vor weiteren Anschl\u00e4gen in Deutschland und russischen Cyber-Attacken gewarnt.<\/p>\n<p><strong>Ermittlungen gegen Fl<\/strong><strong>\u00fc<\/strong><strong>chtlingsretter:<\/strong> Die StA Dresden (Sachsen) <a href=\"http:\/\/www.tagesspiegel.de\/politik\/fluechtlinge-im-mittelmeer-ermittlungen-gegen-dresdner-seenotretter-eingestellt\/20015922.html\">stellt die Ermittlungen<\/a> gegen einen gemeinn\u00fctzigen Verein, der ein Schiff kaufen will um Fl\u00fcchtlinge im Mittelmeer aus Seenot zu retten, ein. Ausgel\u00f6st hatte sie vor rund einer Woche eine Anzeige der Bundespolizei (BPol) wegen \u201eVersuchs der illegalen Einschleusung von Ausl\u00e4ndern\u201c.<\/p>\n<p><strong>Ermittlungen gegen PolizeibeamtInnen:<\/strong> Die Berliner Polizei stellt die Disziplinarermittlungen gegen ihre BereitschaftspolizistInnen ein, die von ihrem geplanten Einsatz beim G20-Gipfel zur\u00fcckgeschickt wurden. Von den Hamburger Vorw\u00fcrfen sei nur kritikw\u00fcrdiges Verhalten, wie <a href=\"http:\/\/www.berliner-zeitung.de\/berlin\/polizei\/exzess-in-hamburg-keine-konsequenzen-fuer-berliner-party-polizisten-27915070\">L\u00e4rm und Urinieren auf dem Unterkunftsgel\u00e4nde<\/a> \u00fcbriggeblieben.<\/p>\n<p><strong>Dschihadismus: <\/strong>Laut BfV-Verfassungsschutzbericht gab es im vergangenen Jahr eine <a href=\"http:\/\/www.sueddeutsche.de\/politik\/verfassungsschutzbericht-verfassungsschutz-warnt-vor-cyberattacken-bei-bundestagswahl-1.3572609\">\u201edeutliche Zunahme von Gef\u00e4hrdungshinweisen\u201c<\/a> durch dschihadistische Gewaltt\u00e4ter. So habe das BfV 2016 insgesamt 1.100 Hinweise erhalten, von denen 80% \u201eso solide\u201c waren, dass ihnen nachgegangen worden sei. Bei der R\u00fcckeroberung Mossuls durch irakische Truppen zu Monatsbeginn werden auch <a href=\"http:\/\/www.spiegel.de\/politik\/ausland\/islamischer-staat-die-dschihad-braut-aus-pulsnitz-a-1159114.html\">vier deutsche Frauen gefangen genommen<\/a>, die sich dem IS angeschlossen hatten; darunter ein 16-J\u00e4hriges M\u00e4dchen aus Pulsnitz (Sachsen). Am 24. Juli gibt die Bundesanwaltschaft (BAW) bekannt, dass sie Ermittlungen gegen die Frauen aufgenommen hat und mit den irakischen Beh\u00f6rden <a href=\"http:\/\/www.spiegel.de\/politik\/deutschland\/linda-w-bundesanwaltschaft-ermittelt-gegen-deutsche-is-anhaengerin-a-1159526.html\">\u201e\u00fcber M\u00f6glichkeiten der Zusammenarbeit\u201c gesprochen<\/a> werde, da es kein Auslieferungsabkommen gebe.<\/p>\n<p><strong>\u201e<\/strong><strong>Reichsb<\/strong><strong>\u00fc<\/strong><strong>rger<\/strong><strong>\u201c<\/strong><strong>:<\/strong> In Deutschland werden aktuell 12.800 \u201eReichsb\u00fcrger\u201c gez\u00e4hlt. Davon seien 800 offen rechtsextremistisch, erkl\u00e4rt Bundesinnenminister Thomas de Maizi\u00e8re (CDU) <a href=\"http:\/\/www.spiegel.de\/politik\/deutschland\/verfassungsschutz-gefahr-durch-salafisten-und-reichsbueger-waechst-a-1155862.html\">bei der Vorstellung des BfV-Jahresberichtes<\/a>. In Bayern und Rheinland-Pfalz durchsuchen am 18. Juli PolizeibeamtInnen insgesamt 28 Objekte von \u201eReichsb\u00fcrgern\u201c. Dabei wird ein mit Haftbefehl gesuchter Mann <a href=\"http:\/\/www.sueddeutsche.de\/muenchen\/festnahme-razzien-in-haeusern-von-reichsbuergern-1.3593393\">festgenommen<\/a>. In ihrem Lagebild rechnet das BKA den \u201eReichsb\u00fcrgern\u201c aktuell insgesamt rund 13.000 Straftaten zu, davon 750 Gewaltdelikte. Dies wird am 23. Juli <a href=\"http:\/\/www.faz.net\/aktuell\/politik\/inland\/bka-traut-reichsbuergern-terroranschlaege-zu-15118428.html\">durch Presseberichte bekannt<\/a>. Das bayerische Innenministerium <a href=\"http:\/\/www.faz.net\/aktuell\/politik\/inland\/mehr-als-700-reichsbuerger-in-sachsen-15131607.html\">gibt die Zahl<\/a> der dortigen \u201eReichsb\u00fcrger\u201c mit rund 3.000 an; in weiteren 1.900 F\u00e4llen werde dies vom Verfassungsschutz noch \u00fcberpr\u00fcft.<\/p>\n<p><strong>Salafismus:<\/strong> <a href=\"http:\/\/www.spiegel.de\/politik\/deutschland\/verfassungsschutz-gefahr-durch-salafisten-und-reichsbueger-waechst-a-1155862.html\">Nach Angaben des BfV<\/a> ist die Zahl der SalafistInnen in Deutschland im vergangenen Jahr auf rund 10.000 gestiegen (2015: 8.350). Der Berliner Verfassungsschutz <a href=\"http:\/\/www.tagesspiegel.de\/berlin\/berliner-verfassungsschutzbericht-neukoellner-dar-as-salam-moschee-weiter-unter-beobachtung\/20074522.html\">beziffert die Zahl<\/a> in der Hauptstadt am 18. Juli auf 1.890. F\u00fcr Brandenburg <a href=\"http:\/\/www.berliner-zeitung.de\/berlin\/zahl-der-extremisten-in-brandenburg-deutlich-gestiegen-28006952\">gibt das dortige Landesamt<\/a> die Zahl am 21. Juli mit 100 an.<\/p>\n<p><strong>Steuerhinterziehung:<\/strong> Das BKA informiert die Landeskriminal\u00e4mter (LK\u00c4) dar\u00fcber, dass es im Besitz der so genannten \u201ePanama Papers\u201c sei und diese nun auswerte. Angaben dar\u00fcber, wie das BKA in den Besitz der Dokumente gelangt ist, <a href=\"http:\/\/www.sueddeutsche.de\/politik\/steuer-ermittlungen-bka-wertet-panama-papers-aus-1.3573301\">will das Amt nicht machen<\/a>.<\/p>\n<p><strong>Rechtsradikale Straftaten:<\/strong> <a href=\"http:\/\/www.spiegel.de\/politik\/deutschland\/verfassungsschutz-gefahr-durch-salafisten-und-reichsbueger-waechst-a-1155862.html\">Nach Verfassungsschutzangaben<\/a> stieg die Zahl rechtsradikaler und rechtsextremistischer Straftaten im vergangenen Jahr auf rund 1.600 Delikte (2015: 1.400). In Oranienburg (Brandenburg) <a href=\"http:\/\/www.berliner-zeitung.de\/berlin\/brandenburg\/oranienburg-60-jaehriger-geht-unter\u2014heil-hitler--rufen-mit-axt-auf-passanten-los-27932698\">greift ein Mann<\/a> unter \u201eHeil Hitler\u201c-Rufen zwei Passanten mit einer Axt an. Er wird von PolizistInnen \u00fcberw\u00e4ltigt.<\/p>\n<p><strong>Repression gegen Links:<\/strong> Etwa 28.500 Personen werden vom BfV dem \u201elinksextremistischen Spektrum\u201c <a href=\"http:\/\/www.spiegel.de\/politik\/deutschland\/verfassungsschutz-gefahr-durch-salafisten-und-reichsbueger-waechst-a-1155862.html\">zugerechnet<\/a>. Der Berliner Verfassungsschutz <a href=\"http:\/\/www.tagesspiegel.de\/berlin\/berliner-verfassungsschutzbericht-neukoellner-dar-as-salam-moschee-weiter-unter-beobachtung\/20074522.html\">beziffert die Zahl<\/a> in der Hauptstadt am 18. Juli auf 2.790. F\u00fcr Brandenburg <a href=\"http:\/\/www.berliner-zeitung.de\/berlin\/zahl-der-extremisten-in-brandenburg-deutlich-gestiegen-28006952\">gibt das dortige Landesamt<\/a> die Zahl am 21. Juli mit 500 an.<\/p>\n<p><strong>Organisierte Kriminalit<\/strong><strong>\u00e4<\/strong><strong>t:<\/strong> In Rottweil und Donaueschingen (Baden-W\u00fcrttemberg) werden <a href=\"http:\/\/www.spiegel.de\/panorama\/justiz\/rottweil-mutmassliches-mafia-netzwerk-von-polizei-zerschlagen-a-1155933.html\">15 Personen festgenommen<\/a>, die Verbindungen zur italienischen Mafia haben sollen. Drei Verd\u00e4chtige haben die Vorw\u00fcrfe einger\u00e4umt.<\/p>\n<p>5. Juli: <strong>Prozesse gegen mutma<\/strong><strong>\u00df<\/strong><strong>liche Dschihadisten:<\/strong> Vor dem Oberlandesgericht (OLG) D\u00fcsseldorf (NRW) <a href=\"https:\/\/www.morgenpost.de\/politik\/inland\/article211135939\/IS-Anschlagsziel-Duesseldorfer-Altstadt-Prozess-beginnt.html\">beginnt der Prozess<\/a> gegen drei M\u00e4nner, die als mutma\u00dfliche Terroristen des \u201eIslamischen Staats\u201c (IS) einen Sprengstoffanschlag in der D\u00fcsseldorfer Innenstadt geplant haben sollen. Gegen einen Vierten wird gesondert verhandelt. Am 6. Juli <a href=\"http:\/\/www.faz.net\/aktuell\/politik\/inland\/prozess-in-duesseldorf-angeklagter-gesteht-toetung-in-syrien-15094189.html\">gesteht der Hauptangeklagte<\/a>, in Syrien f\u00fcr einen (ungenannten) Geheimdienst gearbeitet und im B\u00fcrgerkrieg einen Regierungssoldaten erschossen zu haben. Am 14. Juli <a href=\"http:\/\/www.faz.net\/aktuell\/politik\/inland\/duesseldorf-ein-angeklagter-im-is-prozess-freigelassen-15107338.html\">r\u00e4umt der Hauptangeklagte ein<\/a>, er habe seine beiden Mitangeklagten falsch beschuldigt; einer der M\u00e4nner wird daraufhin nach \u00fcber einem Jahr Untersuchungshaft freigelassen. Vor dem OLG Celle (Niedersachsen) <a href=\"http:\/\/www.spiegel.de\/politik\/deutschland\/islamismus-generalbundesanwalt-klagt-hassprediger-abu-walaa-an-a-1158765.html\">klagt die BAW<\/a> am 19. Juli drei islamistische \u201eHassprediger\u201c wegen Mitgliedschaft im IS an. Das Berliner Kammergericht (KG) <a href=\"http:\/\/www.berliner-zeitung.de\/berlin\/polizei\/kammergericht-zwei-berliner-islamisten-zu-sechs-jahren-haft-verurteilt-28002496\">verurteilt am 20. Juli<\/a> zwei Islamisten wegen Unterst\u00fctzung einer ausl\u00e4ndischen terroristischen Vereinigung in mindestens vier F\u00e4llen zu jeweils sechs Jahren Haft.<\/p>\n<p><strong>Bundeswehrsoldat unter Terrorverdacht:<\/strong> Der Bundesgerichtshof (BGH) <a href=\"http:\/\/www.spiegel.de\/politik\/deutschland\/fall-franco-a-bgh-hebt-haftbefehl-fuer-komplizen-auf-a-1156107.html\">entl\u00e4sst einen als Komplizen verd\u00e4chtigten Bekannten<\/a> des unter Terrorverdacht stehenden Bundeswehrsoldaten Franco A. aus der Untersuchungshaft. Es bestehe kein dringender Tatverdacht an der Terrorplanung beteiligt gewesen zu sein. Die Bundeswehr <a href=\"http:\/\/www.spiegel.de\/politik\/deutschland\/bundeswehr-kamerad-von-franco-a-darf-nicht-zurueck-zur-truppe-a-1159085.html\">leitet daraufhin<\/a> ein formelles Disziplinarverfahren gegen ihn ein, um seine R\u00fcckkehr in den Dienst zu verhindern. <a href=\"https:\/\/www.morgenpost.de\/politik\/article211328103\/Franco-A-BAMF-Chefin-raeumt-Fehler-auf-allen-Ebenen-ein.html\">Am 22. Juli<\/a> r\u00e4umt die Pr\u00e4sidentin des Bundesamtes f\u00fcr Migration und Fl\u00fcchtlinge (BAMF) ein, dass es bei dem Asylantrag von Franco A. \u201eFehler auf allen Ebenen\u201c gegeben habe.<\/p>\n<p>6. Juli: <strong>Kinderpornografie:<\/strong> Die Generalstaatsanwaltschaft (GStA) Frankfurt\/M. (Hessen) <a href=\"http:\/\/www.sueddeutsche.de\/panorama\/eil-ermittler-schalten-kinderpornoplattform-mit-fast-mitgliedern-ab-1.3575951\">teilt mit<\/a>, dass eine Darknet-Kinderpornografie-Plattform abgeschaltet wurde. Der mutma\u00dfliche Betreiber sei bereits im Juni festgenommen und in Untersuchungshaft genommen worden. Am 7. Juli <a href=\"https:\/\/www.morgenpost.de\/vermischtes\/article211148605\/Ermittler-heben-riesige-Kinderporno-Plattform-im-Darknet-aus.html\">gibt die StA bekannt<\/a>, dass weitere 14 Verd\u00e4chtige festgenommen wurden, von denen 12 im Verdacht des unmittelbaren sexuellen Missbrauchs von Kindern stehen. Am 20. Juli <a href=\"http:\/\/www.berliner-zeitung.de\/panorama\/kampf-gegen-kinderpornografie-ermittler-durchsuchen-wohnungen-von-67-tatverdaechtigen-28001412\">erkl\u00e4rt das BKA<\/a>, dass es erneut in ganz Deutschland die Wohnungen von 87 verd\u00e4chtigen Unsern einer anderen Plattform durchsucht habe.<\/p>\n<p><strong>Homophobe Angriffe:<\/strong> In Berlin <a href=\"http:\/\/www.berliner-zeitung.de\/berlin\/polizei\/wedding-lesbisches-paerchen-bespuckt-und-homophob-beleidigt-27929640)\">bespuckt, beleidigt und begrapscht<\/a> ein betrunkener Mann ein lesbisches P\u00e4rchen. Ebenfalls in Berlin <a href=\"https:\/\/www.morgenpost.de\/berlin\/polizeibericht\/article211272311\/Mehrere-Jugendliche-greifen-schwules-Paar-in-Neukoelln-an.html\">beschimpfen am 17. Juli<\/a> f\u00fcnf Jugendliche zwei M\u00e4nner schwulenfeindlich und greifen einen von ihnen an.Sie k\u00f6nnen fl\u00fcchten. Am 19. Juli wird in Berlin ein Restaurant <a href=\"http:\/\/www.berliner-zeitung.de\/berlin\/polizei\/-mondo-pazzo\u2014homophober-angriff-auf-restaurant-in-charlottenburg-28001022\">mit homophoben Parolen beschmiert<\/a>. Am Rande des Berliner \u201eChristopher Street Day\u201c (CSD) am 22. Juli wird ein Zeuge einer homophoben Beleidigung von dem P\u00f6bler <a href=\"http:\/\/www.tagesspiegel.de\/berlin\/homophobie-in-berlin-zeuge-auf-gleise-der-strassenbahn-gestossen\/20095558.html\">auf die Stra\u00dfenbahnschienen gesto\u00dfen<\/a>. Er erleidet leichte Verletzungen, der T\u00e4ter kann entkommen.<\/p>\n<p><strong>Internetkriminalit<\/strong><strong>\u00e4<\/strong><strong>t:<\/strong> <a href=\"http:\/\/www.berliner-zeitung.de\/panorama\/bka-findet-datensammlung-500-millionen-e-mail-adressen-und-passwoerter-gehackt-27926528\">Durch Presseberichte wird bekannt<\/a>, dass das BKA auf einer Underground-Economy-Plattform eine Sammlung von rund 500 Millionen ausgesp\u00e4hten eMail-Konten entdeckt hat.<\/p>\n<p>7. Juli: <strong>Festnahmen von mutma<\/strong><strong>\u00df<\/strong><strong>lichen Dschihadisten:<\/strong> Unter Berufung auf das Bundesinnenministerium (BMI) <a href=\"http:\/\/www.faz.net\/aktuell\/politik\/inland\/noch-nie-so-viele-islamisten-in-untersuchungshaft-15095187.html\">wird bekannt<\/a>, dass im ersten Halbjahr 2017 gegen 21 Personen wegen Verdacht auf islamistischen Terrorismus Untersuchungshaft angeordnet wurde (gesamt 2016: 41; 2015: 33). In G\u00fcstrow (Mecklenburg-Vorpommern) <a href=\"https:\/\/www.svz.de\/lokales\/guestrower-anzeiger\/terrorverdacht-razzia-in-guestrow-id17402601.html\">st\u00fcrmt die Polizei am 26. Juli<\/a> mehrere Wohnungen und nimmt drei M\u00e4nner fest. Sie werden der Vorbereitung einer schweren staatsgef\u00e4hrdenden Straftat verd\u00e4chtigt. Bereits am Abend werden sie jedoch <a href=\"https:\/\/www.svz.de\/lokales\/guestrower-anzeiger\/rasche-entlassung-von-verdaechtigen-nach-antiterror-einsatz-id17412016.html\">wieder freigelassen<\/a>.<\/p>\n<p><strong>K<\/strong><strong>\u00f6<\/strong><strong>rperverletzung im Amt:<\/strong> Die Berliner Polizei gibt bekannt, dass sie gegen einen ihrer Beamten <a href=\"http:\/\/www.berliner-zeitung.de\/berlin\/polizei\/friedel54-raeumung-polizist-schlaegt-junger-aktivistin-grundlos-ins-gesicht-27933002\">Ermittlungen wegen K\u00f6rperverletzung im Amt<\/a> eingeleitet hat. Der Mann hatte einer jungen Frau, die Ende Juni bei einer Sitzblockade weggetragen wurde, gezielt ins Gesicht geschlagen. Die StA N\u00fcrnberg (Bayern) teilt mit, dass gegen unbekannte PolizeibeamtInnen, die Ende Mai beim Abschiebeversuch eines afghanischen Sch\u00fclers beteiligt waren, <a href=\"http:\/\/www.sueddeutsche.de\/bayern\/abschiebungen-nach-geplatzter-abschiebung-in-nuernberg-ermittlungen-wegen-polizeigewalt-1.3578272\">Vorermittlungen wegen K\u00f6rperverletzung eingeleitet wurden<\/a>. Durch Presseberichte wird <a href=\"http:\/\/www.berliner-zeitung.de\/berlin\/polizei\/g20polizeikontrolle-27956102)\">am 11.Juli bekannt<\/a>, dass die Berliner Polizei gegen zwei ihrer Beamten Ermittlungen wegen des Verdachts der K\u00f6rperverletzung und Beleidigung aufgenommen hat. Sie hatten nach der R\u00fcckfahrt von der G20-Demonstration einen Bus mit Jugendlichen gestoppt und die Insassen \u00fcberpr\u00fcft. Die Hamburger Polizei hat rund um den G20-Gipfel <a href=\"http:\/\/www.berliner-zeitung.de\/politik\/g20-krawalle-35-ermittlungsverfahren-gegen-polizisten-eingeleitet-27971336\">27 Ermittlungsverfahren<\/a> gegen Polizeibeamte wegen K\u00f6rperverletzung eingeleitet.<\/p>\n<p>9. Juli: <strong>Muslimische Demonstrationen gegen Terror:<\/strong> Auf ihrem europaweiten \u201eMarsch der Muslime gegen den Terrorismus\u201c halten 60 unterschiedliche Imame eine <a href=\"http:\/\/www.berliner-zeitung.de\/berlin\/breitscheidplatz-sechzig-imame-auf-einer-tour-gegen-den-terror-27940714\">Kundgebung am Berliner Breitscheidplatz<\/a> ab.<\/p>\n<p><strong>G20-Grenzkontrollen:<\/strong> Im Rahmen der am 12. Juni <a href=\"https:\/\/www.morgenpost.de\/politik\/inland\/article211192043\/Mehrere-hundert-Straftaeter-bei-G20-Grenzkontrollen-gefasst.html\">im Vorfeld des G20-Gipfels eingef\u00fchrten Grenzkontrollen<\/a> werden insgesamt 673 offene anderweitige Haftbefehle vollstreckt. Bei den tempor\u00e4ren Grenzkontrollen <a href=\"https:\/\/www.morgenpost.de\/berlin\/article211238575\/121-Festnahmen-bei-Polizeikontrollen-in-und-um-Berlin.html\">in Berlin und Brandenburg<\/a> wurden insgesamt 30.472 Personen \u00fcberpr\u00fcft; es kam zu 121 Festnahmen.<\/p>\n<p>12. Juli: <strong>Islamist beim Verfassungsschutz:<\/strong> Das LG D\u00fcsseldorf (NRW) <a href=\"http:\/\/www.spiegel.de\/politik\/deutschland\/verfassungsschutz-gericht-laesst-mutmasslichen-geheimdienst-maulwurf-frei-a-1157414.html\">entl\u00e4sst einen Verfassungsschutzmitarbeiter<\/a>, der im Verdacht steht sich als islamistischer \u201eMaulwurf\u201c im BfV eingeschlichen zu haben, nach acht Monaten aus der Untersuchungshaft, da sich der Verdacht eine schwere staatsgef\u00e4hrdende Straftat zu planen in diesem Umfang nicht best\u00e4tigt habe.<\/p>\n<p>11. Juli: <strong>Polizeilicher Todesschuss:<\/strong> Bei der Polizei geht ein Notruf ein, weil ein Mann in Weddersleben (Sachsen-Anhalt) Familienmitglieder mit einer Schusswaffe bedroht. Als ein SEK eintrifft, <a href=\"https:\/\/www.volksstimme.de\/sachsen-anhalt\/familiendrama-sek-toetet-harzer-bei-schusswechsel\">verschanzt sich der Mann<\/a> und er\u00f6ffnet das Feuer mit einer Maschinenpistole, wobei ein Beamter im Oberschenkel getroffen wird. Seine Kollegen erwidern das Feuer und t\u00f6ten den Mann.<\/p>\n<p><strong>\u201e<\/strong><strong>Reichsb<\/strong><strong>\u00fc<\/strong><strong>rger<\/strong><strong>\u201c<\/strong><strong> bei der Polizei:<\/strong> Im Fall des \u201eReichsb\u00fcrgers\u201c der im Oktober 2016 in Georgensgm\u00fcnd (Bayern) einen Polizisten erschossen hat, wird <a href=\"http:\/\/www.spiegel.de\/panorama\/justiz\/georgensgmuend-zweiter-polizist-wegen-todesschuessen-eines-reichsbuergers-angeklagt-a-1157204.html\">am 11. Juli<\/a> gegen einen zweiten Polizisten, der mit dem T\u00e4ter in Kontakt stand, Anklage erhoben.<\/p>\n<p><strong>Rechtsextremistische Terrorgruppe NSU:<\/strong> Das Oberlandesgericht (OLG) M\u00fcnchen <a href=\"http:\/\/www.spiegel.de\/panorama\/justiz\/nsu-prozess-gericht-haelt-zschaepe-gutachter-fuer-befangen-a-1157176.html\">erkl\u00e4rt einen der von Beate Zsch\u00e4pe benannten Gutachter<\/a> f\u00fcr befangen und lehnt ihn daher ab. Am 19. Juli sollen im NSU-Prozess die Pl\u00e4doyers der BAW <a href=\"http:\/\/www.spiegel.de\/panorama\/justiz\/nsu-prozess-plaedoyers-beginnen-am-mittwoch-a-1158552.html\">beginnen<\/a>, werden jedoch nach kurzer Zeit wieder abgebrochen und der Prozess <a href=\"http:\/\/www.sueddeutsche.de\/politik\/2.220\/nsu-prozess-plaedoyers-im-nsu-prozess-vertagt-1.3594929\">vertagt<\/a>. Nach mehrfacher Verschiebung <a href=\"http:\/\/www.sueddeutsche.de\/politik\/nsu-prozess-bundesanwaltschaft-sieht-zschaepe-als-nsu-mittaeterin-ueberfuehrt-1.3602591\">beginnt die BAW am 25. Juli<\/a> mit ihrem Pl\u00e4doyer.<\/p>\n<p>13. Juli: <strong>Waffenhandel:<\/strong> Das Zollfahndungsamt (ZFA) in Frankfurt\/M. (Hessen) <a href=\"http:\/\/www.sueddeutsche.de\/news\/panorama\/kriminalitaet---frankfurt-am-main-waffen-aus-darknet-durchsuchungen-in-drei-laendern-dpa.urn-newsml-dpa-com-20090101-170713-99-227262\">gibt bekannt<\/a>, dass es bereits im Mai und Juni in drei Bundesl\u00e4ndern M\u00e4nner festgenommen hatte, die im Darknet in gr\u00f6\u00dferem Umfang Waffen und Munition gekauft hatten.<\/p>\n<p>14. Juli: <strong>Polizist entlassen:<\/strong> Das VG Cottbus (Brandenburg) hat die Entlassung eines Polizisten aus dem Probebeamtenverh\u00e4ltnis <a href=\"https:\/\/www.juris.de\/jportal\/portal\/t\/iyz\/page\/homerl.psml?nid=jnachr-JUNA170704738&amp;cmsuri=%2Fjuris%2Fde%2Fnachrichten%2Fzeigenachricht.jsp\">als rechtm\u00e4\u00dfig best\u00e4tigt<\/a>. Der Mann hatte sich dienstunf\u00e4hig gemeldet um an einem Hindernislauf teilnehmen zu k\u00f6nnen.<\/p>\n<p><strong>Selbstjustiz verhindert:<\/strong> <a href=\"http:\/\/www.spiegel.de\/panorama\/justiz\/braunschweig-polizisten-muessen-sudanesen-mit-pfefferspray-vor-mob-schuetzen-a-1158323.html\">Nur durch Einsatz von Pfefferspray<\/a> k\u00f6nnen Polizeibeamte in der Landesaufnahmestelle f\u00fcr Asylsuchende in Braunschweig (Niedersachsen) einen Sudanesen, der ein M\u00e4dchen sexuell bel\u00e4stigt haben soll, vor Angriffen von etwa 100 Angeh\u00f6rigen und weiterer Landsleute sch\u00fctzen.<\/p>\n<p>15. Juli: <strong>Polizeiliche Schusswaffengebrauchsstatistik:<\/strong> Die von der Innenministerkonferenz (IMK) ver\u00f6ffentlichte Schusswaffengebrauchsstatistik f\u00fcr 2016 <a href=\"http:\/\/www.spiegel.de\/panorama\/justiz\/deutsche-polizisten-erschossen-2016-elf-menschen-a-1157903.html\">verzeichnet 11 Tote durch Polizeisch\u00fcsse<\/a>. Damit fehlen in der Statistik zwei F\u00e4lle aus Berlin, die von der Polizei bewusst nicht gemeldet wurden.<\/p>\n<p>17. Juli: <strong>Alternative f<\/strong><strong>\u00fc<\/strong><strong>r Deutschland (AfD):<\/strong> Bei einem Auftritt von Bundesjustizminister Heiko Maas (SPD) in Dresden (Sachsen) empfangen ihn mehrere Hundert Anh\u00e4nger der rechtspopulistischen Partei AfD und der rechtsextremen Bewegung Pegida (Patriotische Europ\u00e4er gegen Islamisierung des Abendlandes) mit \u201eVolksverr\u00e4ter\u201c-Rufen. Zu einer \u00e4hnlichen Kundgebung von einigen Dutzend Personen kommt es am Abend <a href=\"http:\/\/www.berliner-zeitung.de\/politik\/auftritt-in-dresden-afd\u2014und-pegida-anhaenger-protestieren-gegen-heiko-maas-27987510\">in Zwickau<\/a> (Sachsen). <a href=\"http:\/\/www.sueddeutsche.de\/bayern\/verfassungsschutz-afd-landeschef-weiter-unter-beobachtung-1.3608002\">Am 28. Juli<\/a> entscheidet das VG M\u00fcnchen (Bayern) dass der bayerische AfD-Landesvorsitzende auch weiterhin vom Verfassungsschutz beobachtet werden kann.<\/p>\n<p><strong>Rechte und fremdenfeindliche Angriffe auf Fl<\/strong><strong>\u00fc<\/strong><strong>chtlingsheime:<\/strong> Vor dem LG Potsdam <a href=\"http:\/\/www.berliner-zeitung.de\/berlin\/brandenburg\/versuchter-mord-angeklagter-gesteht-brandanschlag-auf-fluechtlingsheim-in-jueterbog\u201427983144\">gesteht ein 21-J\u00e4hriger<\/a>, in der Nacht zum 1. Oktober 2016 zwei Brands\u00e4tze auf ein Heim f\u00fcr minderj\u00e4hrige unbegleitete Fl\u00fcchtlinge in J\u00fcterbog (Brandenburg) geworfen zu haben.<\/p>\n<p><strong>Anschlag auf Polizeiwache:<\/strong> Vor einer Polizeiwache in Bielefeld (NRW) <a href=\"http:\/\/www.spiegel.de\/panorama\/justiz\/bielefeld-sechs-streifenwagen-vor-polizeiwache-komplett-ausgebrannt-a-1158577.html\">brennen in der Nacht<\/a> sechs Einsatzfahrzeuge einer Hundertschaft aus, die beim G20-Gipfel eingesetzt waren. Ein technischer Defekt wird ausgeschlossen.<\/p>\n<p>18. Juli: <strong>Verfassungsgerichtsurteil zu Ausk<\/strong><strong>\u00fc<\/strong><strong>nfte zu V-Leuten:<\/strong> Das Bundesverfassungsgericht (BVerfG) <a href=\"http:\/\/www.spiegel.de\/panorama\/justiz\/oktoberfest-attentat-verfassungsgericht-auskuenfte-teils-zu-unrecht-verweigert-a-1158533.html\">ver\u00f6ffentlicht seinen Beschluss<\/a> zu von der Bundesregierung verweigerten Ausk\u00fcnften zu V-Leuten im Zusammenhang mit dem Oktoberfest-Attentat von 1980. Derartige Ausk\u00fcnfte auf parlamentarische Anfragen d\u00fcrften nur in \u201eeng begrenzten Ausnahmef\u00e4llen\u201c verweigert werden (Az: 2 BvE 1\/15).<\/p>\n<p>19. Juli: <strong>Kriminelle Polizisten:<\/strong> Ein Berliner Polizeibeamter, dem vorgeworfen wurde im Fr\u00fchjahr 2012 eine geplante Razzia an den Rockerclub \u201eHells Angels\u201c verraten zu haben, wird in zwei von urspr\u00fcnglich 35 Anklagepunkten <a href=\"http:\/\/www.tagesspiegel.de\/berlin\/nach-verrat-einer-razzia-berliner-beamter-wird-von-einzelrichter-verwarnt\/20088502.html\">f\u00fcr schuldig befunden<\/a> und mit einem Strafvorbehalt verwarnt.<\/p>\n<p>21. Juli: <strong>Polizeischuss:<\/strong> In einer Hamburger Fl\u00fcchtlingsunterkunft kommt es zu einer Massenschl\u00e4gerei zwischen zwei Familien, die von der Polizei erst <a href=\"http:\/\/www.spiegel.de\/panorama\/gesellschaft\/hamburg-massenschlaegerei-in-fluechtlingsheim-polizist-gibt-warnschuss-ab-a-1159331.html\">durch einem Warnschuss gestoppt werden kann<\/a>.<\/p>\n<p>22. Juli: <strong>Bu<\/strong><strong>\u00df<\/strong><strong>gelder f<\/strong><strong>\u00fc<\/strong><strong>r Gaffer:<\/strong> Auf der Autobahn bei Altdorf (Bayern) behindern \u201eGaffer\u201c nach einem Unfall die Rettungskr\u00e4fte. Gegen 20 Personen <a href=\"http:\/\/www.berliner-zeitung.de\/panorama\/nach-unfall-auf-der-a3-gaffer-werden-zur-kasse-gebeten-28013404\">verh\u00e4ngt die Polizei ein Bu\u00dfgeld<\/a>. Bei einem t\u00f6dlichen Unfall in Schweinfurt (Bayern) <a href=\"http:\/\/www.spiegel.de\/panorama\/justiz\/schweinfurt-toedlicher-unfall-polizei-geht-gegen-gaffer-in-bayern-vor-a-1159691.html\">zeigt die Polizei 13\u00a0<\/a>\u201eGaffer\u201c an, die nun mit einem Bu\u00dfgeld rechnen m\u00fcssen. Seit Ende Mai gilt die vors\u00e4tzliche Behinderung von Einsatzkr\u00e4ften als Straftat<\/p>\n<p><strong>Fu<\/strong><strong>\u00df<\/strong><strong>ball-Hooligans:<\/strong> <a href=\"http:\/\/www.berliner-zeitung.de\/berlin\/polizei\/pruegelei-nach-freundschaftspiel-kneipe--abseitsfalle--wird-von-fans-verwuestet-28016434\">In einer Berliner Fu\u00dfball-Kneipe<\/a> kommt es nach einem abgebrochenen Freundschaftsspiel zwischen den Fans der beiden Mannschaften zu einer heftigen Pr\u00fcgelei und mehreren Verletzten. Am 25. Juli <a href=\"http:\/\/www.spiegel.de\/politik\/deutschland\/sebastian-muenzenmaier-von-der-afd-unter-hooligan-verdacht-a-1159657.html\">teilt die StA in Mainz (Rheinland-Pfalz) mit<\/a>, dass gegen den rheinland-pf\u00e4lzischen AfD-Spitzenkandidaten f\u00fcr die Bundestagswahl Anklage wegen versuchten Raubes und gef\u00e4hrlicher K\u00f6rperverletzung erhoben wurde, Ihm wird vorgeworfen, im M\u00e4rz 2012 gemeinsam mit Karlsruher Hooligans eine gegnerische Gruppe aus Mainz angegriffen.<\/p>\n<p>26. Juli: <strong>Fluggastdaten-Speicherung:<\/strong> Der Europ\u00e4ische Gerichtshof (EuGH) in Luxemburg <a href=\"http:\/\/www.sueddeutsche.de\/politik\/datenschutz-europ\u00e4ischer-gerichtshof-kippt-geplantes-fluggastdaten-abkommen-der-eu-mit-kanada-1.3603760\">stoppt<\/a> das zwischen der EU und Kanada geplante Abkommen zum Austausch von Fluggastdaten, da mehrere Bestimmungen nicht mit EU-Grundrechten vereinbar sind (<a href=\"https:\/\/www.juris.de\/jportal\/portal\/t\/mo9\/page\/homerl.psml?nid=jnachr-JUNA170704816&amp;cmsuri=%2Fjuris%2Fde%2Fnachrichten%2Fzeigenachricht.jsp\">Gutachten 1\/15<\/a>).<\/p>\n<p><strong>EU-Terrorliste:<\/strong> Der EuGH <a href=\"http:\/\/www.tagesspiegel.de\/politik\/europaeischer-gerichtshof-hamas-bleibt-vorerst-auf-eu-terrorliste\/20108396.html\">erkl\u00e4rt es f\u00fcr rechtens<\/a>, die 2001 auf die Terrorliste gesetzte pal\u00e4stinensische Hamas weiterhin auf dieser Liste zu belassen (Rechtssache C-79\/15 P). Die Tamilen-Organisation Liberation Tigers of Tamil Eelam (LTTE) stehe jedoch zu Unrecht auf der Liste (Rechtssache C-599\/14 P).<\/p>\n<p><strong>Abschiebung:<\/strong> Das VG Frankfurt\/M. (Hessen) <a href=\"http:\/\/www.berliner-zeitung.de\/politik\/eilantrag-stattgegeben-gericht-untersagt-abschiebung-von-terrorverdaechtigem-tunesier-28069574\">untersagt die Abschiebung<\/a> eines im Februar festgenommenen terrorverd\u00e4chtigen Tunesiers. Die von Tunesien \u00fcbermittelte Erkl\u00e4rung erf\u00fclle nicht die Voraussetzungen f\u00fcr eine Abschiebung. In einem anderen Fall entscheidet das BVerfG, dass als islamistische Gef\u00e4hrder eingestufte Ausl\u00e4nder abgeschoben werden d\u00fcrfen. Die entsprechende Regelung im Aufenthaltsgesetz sei mit dem Grundgesetz vereinbar (<a href=\"http:\/\/www.bundesverfassungsgericht.de\/SharedDocs\/Pressemitteilungen\/DE\/2017\/bvg17-063.html\">Az.: 2 BvR 1487\/17<\/a>).<\/p>\n<p><strong>Islamismus:<\/strong> Das OLG D\u00fcsseldorf (NRW) <a href=\"http:\/\/www.spiegel.de\/politik\/deutschland\/sven-lau-duesseldorf-fuenfeinhalb-jahre-haft-fuer-salafisten-prediger-a-1159815.html\">verurteilt<\/a> den deutschen Salafistenprediger Sven Lau wegen Unterst\u00fctzung einer syrischen IS-nahen Terrormiliz zu einer Haftstrafe von f\u00fcnfeinhalb Jahren. Er habe der Miliz K\u00e4mpfer vermittelt und Ausr\u00fcstungsgegenst\u00e4nde beschafft. Sein Anwalt <a href=\"http:\/\/www.spiegel.de\/politik\/deutschland\/sven-lau-anwalt-des-salafistenpredigers-legt-revision-ein-a-1160049.html\">legt Revision ein<\/a>.<\/p>\n<p>28. Juli: <strong>Amoklauf in Hamburg:<\/strong> In einem Hamburger Supermarkt <a href=\"http:\/\/www.spiegel.de\/panorama\/justiz\/hamburg-barmbek-was-bisher-ueber-den-messerangriff-bekannt-ist-a-1160246.html\">greift ein Mann aus einer Auslage ein Messer<\/a>, ersticht einen Mann und verletzt f\u00fcnf andere Personen zum Teil schwer. Auf der Flucht kann der T\u00e4ter von Passanten \u00fcberw\u00e4ltigt werden; er wird festgenommen. Da sie einen radikal-islamistischen Hintergrund der Tat vermutet, <a href=\"http:\/\/www.taz.de\/Messerangriff-in-Hamburg\/!5430358\/\">\u00fcbernimmt am 31. Juli<\/a> die BAW die weiteren Ermittlungen.<\/p>\n<p><strong>Rockerkriminalit<\/strong><strong>\u00e4<\/strong><strong>t:<\/strong> <a href=\"http:\/\/www.spiegel.de\/panorama\/justiz\/oldenburg-ex-mitglied-der-hells-angels-verschwunden-familie-angegriffen-a-1160191.html\">In Oldenburg<\/a> (Niedersachsen) werden der Vater eines fr\u00fcheren Hells Angels-Mitglieds zusammengeschlagen und der Onkel erschossen. Der T\u00e4ter kann festgenommen werden.<\/p>\n<p>30. Juli: <strong>Polizeilicher Todesschuss:<\/strong> Vor einer Diskothek in Konstanz (Baden-W\u00fcrttemberg) <a href=\"http:\/\/www.spiegel.de\/panorama\/justiz\/konstanz-familienstreit-war-grund-fuer-toedliche-schuesse-in-sisko-a-1160598.html\">schie\u00dft ein Mann mit einem Sturmgewehr um sich<\/a>, t\u00f6tet dabei einen Menschen und verletzt weitere. Als er die Diskothek wieder verlassen will, kommt es zu einem Schusswechsel mit der alarmierten Polizei. Dabei wird ein Polizeibeamter verletzt. Der T\u00e4ter wird bei der Schie\u00dferei <a href=\"http:\/\/www.sueddeutsche.de\/panorama\/konstanz-zwei-menschen-in-disco-durch-schuesse-getoetet-1.3608971\">lebensgef\u00e4hrlich getroffen<\/a> und stirbt im Krankenhaus.<\/p>\n<h3>Beitragsbild: Das SEK Sachsen beim G20-Gipfel in Hamburg. (Matthias Monroy)<\/h3>\n","protected":false},"excerpt":{"rendered":"<p>zusammengestellt von Otto Diederichs 1. Juli: Rechtsradikalismus: In der Nacht werden in Berlin drei M\u00e4nner<\/p>\n","protected":false},"author":2,"featured_media":13011,"comment_status":"open","ping_status":"open","sticky":false,"template":"","format":"standard","meta":{"footnotes":""},"categories":[6],"tags":[667,820,1094,1186,1195,1216],"class_list":["post-13004","post","type-post","status-publish","format-standard","has-post-thumbnail","hentry","category-chronologien","tag-geheimdienste","tag-justiz","tag-polizei","tag-rassismus","tag-rechtsextremismus","tag-repression"],"_links":{"self":[{"href":"https:\/\/wp-dev.daten.cool\/index.php?rest_route=\/wp\/v2\/posts\/13004","targetHints":{"allow":["GET"]}}],"collection":[{"href":"https:\/\/wp-dev.daten.cool\/index.php?rest_route=\/wp\/v2\/posts"}],"about":[{"href":"https:\/\/wp-dev.daten.cool\/index.php?rest_route=\/wp\/v2\/types\/post"}],"author":[{"embeddable":true,"href":"https:\/\/wp-dev.daten.cool\/index.php?rest_route=\/wp\/v2\/users\/2"}],"replies":[{"embeddable":true,"href":"https:\/\/wp-dev.daten.cool\/index.php?rest_route=%2Fwp%2Fv2%2Fcomments&post=13004"}],"version-history":[{"count":0,"href":"https:\/\/wp-dev.daten.cool\/index.php?rest_route=\/wp\/v2\/posts\/13004\/revisions"}],"wp:featuredmedia":[{"embeddable":true,"href":"https:\/\/wp-dev.daten.cool\/index.php?rest_route=\/wp\/v2\/media\/13011"}],"wp:attachment":[{"href":"https:\/\/wp-dev.daten.cool\/index.php?rest_route=%2Fwp%2Fv2%2Fmedia&parent=13004"}],"wp:term":[{"taxonomy":"category","embeddable":true,"href":"https:\/\/wp-dev.daten.cool\/index.php?rest_route=%2Fwp%2Fv2%2Fcategories&post=13004"},{"taxonomy":"post_tag","embeddable":true,"href":"https:\/\/wp-dev.daten.cool\/index.php?rest_route=%2Fwp%2Fv2%2Ftags&post=13004"}],"curies":[{"name":"wp","href":"https:\/\/api.w.org\/{rel}","templated":true}]}}