{"id":13033,"date":"2017-08-07T14:24:00","date_gmt":"2017-08-07T14:24:00","guid":{"rendered":"https:\/\/www.cilip.de\/?p=13033"},"modified":"2017-08-07T14:24:00","modified_gmt":"2017-08-07T14:24:00","slug":"praeventivhaft-in-bayern","status":"publish","type":"post","link":"https:\/\/wp-dev.daten.cool\/?p=13033","title":{"rendered":"Pr\u00e4ventivhaft in Bayern"},"content":{"rendered":"<h3>Louisa Zech<\/h3>\n<p>F\u00fcr weitreichende Grundrechtseinschr\u00e4nkungen sorgt der Beschluss des Bayerischen Landtags vom 19. Juli 2017, der eine Versch\u00e4rfung des Bayerischen Polizeiaufgabengesetzes (PAG) zur \u201eeffektiveren \u00dcberwachung\u201c nicht verurteilter \u201egef\u00e4hrlicher Personen\u201c durch pr\u00e4ventivpolizeiliche Ma\u00dfnahmen vorsieht.<a href=\"#_ftn1\" name=\"_ftnref1\">[1]<\/a> Neben der Einf\u00fchrung der elektronischen Fu\u00dffessel, der Quellen-Telekommunikations\u00fcberwachung und weiterer eingriffsintensiver Ma\u00dfnahmen, besteht die zentrale \u00c4nderung des Gesetzes in der Aufhebung der bisherigen absoluten H\u00f6chstdauer des Pr\u00e4ventivgewahrsams von 14 Tagen. Aufgrund sehr weit gefasster Voraussetzungen k\u00f6nnen Personen k\u00fcnftig unbegrenzt im polizeilichen Pr\u00e4ventivgewahrsam inhaftiert werden \u2013 ohne Verurteilung oder Anordnung einer Untersuchungshaft. Lediglich alle drei Monate muss der Fortbestand des Pr\u00e4ventivgewahrsams richterlich \u00fcberpr\u00fcft, um um weitere drei Monate verl\u00e4ngert zu werden.<!--more--><\/p>\n<p>In der bayerischen Variante der Gef\u00e4hrderbek\u00e4mpfung bedarf es k\u00fcnftig f\u00fcr die Anordnung polizeilicher Ma\u00dfnahmen nicht mehr wie bisher der konkreten oder unmittelbar bevorstehenden Gefahr. Ausreichen soll vielmehr schon eine \u201edrohende Gefahr\u201c \u2013 ein in dem \u00c4nderungs\u00adgesetz neu geschaffener, \u00e4u\u00dferst unbestimmter Gefahrenbegriff. Eine tats\u00e4chliche Gefahr muss demnach noch gar nicht gegeben sein. Es bedarf lediglich der im Verhalten einer Person begr\u00fcndeten konkreten Wahrscheinlichkeit einer bevorstehenden Gefahr f\u00fcr ein bedeutendes Rechtsgut oder auch \u201eVorbereitungshandlungen \u2026 die den Schluss auf ein seiner Art nach konkretisiertes Geschehen zulassen, wonach in absehbarer Zeit Angriffe von erheblicher Intensit\u00e4t oder Auswirkung zu erwarten\u201c sein k\u00f6nnten. Vager kann die Eingriffsschwelle f\u00fcr schwerste Grundrechtseingriffe wohl kaum gefasst sein.<\/p>\n<h6><a href=\"#_ftnref1\" name=\"_ftn1\">[1]<\/a> \u00a0 Bayerisches Gesetz- und Verordnungsblatt 2017, Nr. 13 v. 31.7.2017, S. 388-392<\/h6>\n","protected":false},"excerpt":{"rendered":"<p>Louisa Zech F\u00fcr weitreichende Grundrechtseinschr\u00e4nkungen sorgt der Beschluss des Bayerischen Landtags vom 19. Juli 2017,<\/p>\n","protected":false},"author":2,"featured_media":0,"comment_status":"open","ping_status":"open","sticky":false,"template":"","format":"standard","meta":{"footnotes":""},"categories":[118,146],"tags":[],"class_list":["post-13033","post","type-post","status-publish","format-standard","hentry","category-cilip-113","category-meldungen-inland"],"_links":{"self":[{"href":"https:\/\/wp-dev.daten.cool\/index.php?rest_route=\/wp\/v2\/posts\/13033","targetHints":{"allow":["GET"]}}],"collection":[{"href":"https:\/\/wp-dev.daten.cool\/index.php?rest_route=\/wp\/v2\/posts"}],"about":[{"href":"https:\/\/wp-dev.daten.cool\/index.php?rest_route=\/wp\/v2\/types\/post"}],"author":[{"embeddable":true,"href":"https:\/\/wp-dev.daten.cool\/index.php?rest_route=\/wp\/v2\/users\/2"}],"replies":[{"embeddable":true,"href":"https:\/\/wp-dev.daten.cool\/index.php?rest_route=%2Fwp%2Fv2%2Fcomments&post=13033"}],"version-history":[{"count":0,"href":"https:\/\/wp-dev.daten.cool\/index.php?rest_route=\/wp\/v2\/posts\/13033\/revisions"}],"wp:attachment":[{"href":"https:\/\/wp-dev.daten.cool\/index.php?rest_route=%2Fwp%2Fv2%2Fmedia&parent=13033"}],"wp:term":[{"taxonomy":"category","embeddable":true,"href":"https:\/\/wp-dev.daten.cool\/index.php?rest_route=%2Fwp%2Fv2%2Fcategories&post=13033"},{"taxonomy":"post_tag","embeddable":true,"href":"https:\/\/wp-dev.daten.cool\/index.php?rest_route=%2Fwp%2Fv2%2Ftags&post=13033"}],"curies":[{"name":"wp","href":"https:\/\/api.w.org\/{rel}","templated":true}]}}