{"id":1310,"date":"2006-12-09T12:19:11","date_gmt":"2006-12-09T12:19:11","guid":{"rendered":"http:\/\/www.cilip.de\/?p=1310"},"modified":"2006-12-09T12:19:11","modified_gmt":"2006-12-09T12:19:11","slug":"redaktionsmitteilung-23","status":"publish","type":"post","link":"https:\/\/wp-dev.daten.cool\/?p=1310","title":{"rendered":"Redaktionsmitteilung"},"content":{"rendered":"<p>Im September 2001, kurz nach den Anschl\u00e4gen in den USA, r\u00e4sonierte der damalige Bundesinnenminister Otto Schily dar\u00fcber, dass man es hierzulande &#8222;vielleicht &#8230; im Datenschutz etwas \u00fcbertrieben&#8220; h\u00e4tte. Der Minister belie\u00df es bekanntlich nicht bei der Nachdenklichkeit, sondern pr\u00e4sentierte in Windeseile ein Paket von Gesetzes\u00e4nderungen. Der &#8222;Otto-Katalog&#8220; trat Anfang Januar 2002 als Gesetz zur Bek\u00e4mpfung des internationalen Terrorismus in Kraft. Die darin auf f\u00fcnf Jahre befristeten Befugnisse der Geheimdienste hat der Bundestag am 1. Dezember 2006 verl\u00e4ngert und erweitert. Am selben Tag verabschiedete er auch ein Gesetz \u00fcber gemeinsame Dateien von Polizei und Geheimdiensten.<\/p>\n<p>Was der Ex-Minister, der heute auch als Berater einer Biometriefirma t\u00e4tig ist, in etwas feiner ziselierten Worten ausdr\u00fcckte, ist nichts anderes als das alte Stammtisch-Motto vom Datenschutz als &#8222;T\u00e4terschutz&#8220;. Es durchzieht die Diskussion um polizeiliche und geheimdienstliche Methoden und Instrumente seit den 70er Jahren. Und es erweist sich in seiner ganzen Banalit\u00e4t als \u00e4u\u00dferst wirksam.<!--more--><\/p>\n<p>Der Datenschutz scheint die letzte Verteidigungslinie der B\u00fcrgerrechte gegen die Angriffe der Kriminalit\u00e4ts- und Unsicherheitsbek\u00e4mpferInnen zu sein. Der Hoffnungstr\u00e4ger steht jedoch auf einem hoffnungslosen Posten, bei dem er durch die permanent ratternde Gesetzgebungsmaschinerie regelm\u00e4\u00dfig \u00fcbert\u00f6nt wird. Fortsetzungen zu diesem Thema sind deshalb auch in der Zukunft sicher.<\/p>\n<p>***<\/p>\n<p>B\u00fcrgerrechte &amp; Polizei\/CILIP wird sich im Schwerpunkt der n\u00e4chsten Ausgabe mit dem Thema &#8222;Polizei und Pr\u00e4vention&#8220; befassen.<\/p>\n","protected":false},"excerpt":{"rendered":"<p>Im September 2001, kurz nach den Anschl\u00e4gen in den USA, r\u00e4sonierte der damalige Bundesinnenminister Otto<\/p>\n","protected":false},"author":2,"featured_media":0,"comment_status":"open","ping_status":"open","sticky":false,"template":"","format":"standard","meta":{"footnotes":""},"categories":[91,141],"tags":[],"class_list":["post-1310","post","type-post","status-publish","format-standard","hentry","category-cilip-085","category-editorials"],"_links":{"self":[{"href":"https:\/\/wp-dev.daten.cool\/index.php?rest_route=\/wp\/v2\/posts\/1310","targetHints":{"allow":["GET"]}}],"collection":[{"href":"https:\/\/wp-dev.daten.cool\/index.php?rest_route=\/wp\/v2\/posts"}],"about":[{"href":"https:\/\/wp-dev.daten.cool\/index.php?rest_route=\/wp\/v2\/types\/post"}],"author":[{"embeddable":true,"href":"https:\/\/wp-dev.daten.cool\/index.php?rest_route=\/wp\/v2\/users\/2"}],"replies":[{"embeddable":true,"href":"https:\/\/wp-dev.daten.cool\/index.php?rest_route=%2Fwp%2Fv2%2Fcomments&post=1310"}],"version-history":[{"count":0,"href":"https:\/\/wp-dev.daten.cool\/index.php?rest_route=\/wp\/v2\/posts\/1310\/revisions"}],"wp:attachment":[{"href":"https:\/\/wp-dev.daten.cool\/index.php?rest_route=%2Fwp%2Fv2%2Fmedia&parent=1310"}],"wp:term":[{"taxonomy":"category","embeddable":true,"href":"https:\/\/wp-dev.daten.cool\/index.php?rest_route=%2Fwp%2Fv2%2Fcategories&post=1310"},{"taxonomy":"post_tag","embeddable":true,"href":"https:\/\/wp-dev.daten.cool\/index.php?rest_route=%2Fwp%2Fv2%2Ftags&post=1310"}],"curies":[{"name":"wp","href":"https:\/\/api.w.org\/{rel}","templated":true}]}}