{"id":13339,"date":"2017-10-03T16:03:24","date_gmt":"2017-10-03T16:03:24","guid":{"rendered":"https:\/\/www.cilip.de\/?p=13339"},"modified":"2017-10-03T16:03:24","modified_gmt":"2017-10-03T16:03:24","slug":"chronologie-september-2017","status":"publish","type":"post","link":"https:\/\/wp-dev.daten.cool\/?p=13339","title":{"rendered":"Chronologie\u00a0September 2017"},"content":{"rendered":"<h3>zusammengestellt von Otto Diederichs<\/h3>\n<p>1. September: <strong>Rechtsradikale Straftaten:<\/strong> Das Landgericht (LG) Dresden (Sachsen) <a href=\"http:\/\/www.spiegel.de\/panorama\/justiz\/angriff-auf-auslaender-in-sachsen-rechtsradikaler-zu-knapp-zehn-jahren-haft-verurteilt-a-1165773.html\">verurteilt drei Rechtsradikale<\/a> wegen brutaler Angriffe auf Ausl\u00e4nder zu hohen Haftstrafen. Der Hauptangeklagte erh\u00e4lt 10 Jahre Freiheitsstrafe wegen versuchten Mordes, gef\u00e4hrlicher K\u00f6rperverletzung und Zeigen des Hitlergru\u00dfes. Ein Mitangeklagter wird zu knapp drei Jahren verurteilt; der Dritte zu einer neunmonatigen Bew\u00e4hrungsstrafe. Die M\u00e4nner hatten auf einem Volksfest im Juni 2016 drei Bulgaren angegriffen und schwer verletzt. Am 2. September schmiert in Berlin ein Betrunkener ein Hakenkreuz auf den Gehweg vor einem Einkaufszentrum und bep\u00f6belt Passanten fremdenfeindlich. Gegen ihn wird <a href=\"http:\/\/www.berliner-zeitung.de\/berlin\/polizei\/polizeibericht-betrunkener-schmiert-kreide-hakenkreuz-auf-den-alexanderplatz-28268586\">wegen Volksverhetzung ermittelt<\/a>. Am 17. September zeigt in Berlin ein Mann Polizeibeamten den Hitlergru\u00df und bespuckt sie; er <a href=\"http:\/\/www.berliner-zeitung.de\/berlin\/polizei\/polizeibericht-28-jaehriger-zeigt-polizisten-den-hitlergruss--28428104\">wird festgenommen<\/a>. Das Amtsgericht (AG) M\u00fcnchen <a href=\"http:\/\/www.sueddeutsche.de\/muenchen\/prozess-jaehriger-wegen-sieg-heil-rufs-und-schwarzfahrens-verurteilt-1.3672332\">verurteilt<\/a> am 18. September einen Mann, der auf einem U-Bahnhof \u201eSieg Heil\u201c gerufen hat, zu einem viert\u00e4gigen Arrest. <!--more-->An einem Berliner Imbiss zeigt an diesem Tag ein Betrunkener den Hitlergru\u00df. Er wird zur Personalienfeststellung kurzfristig <a href=\"http:\/\/www.berliner-kurier.de\/berlin\/polizei-und-justiz\/---berlin-polizei-ticker----motorradfahrer-nach-unfall-verstorben-22954006\">festgenommen<\/a>.\u00a0Ein AG in Dresden (Sachsen) <a href=\"http:\/\/www.spiegel.de\/politik\/deutschland\/dresden-akif-pirincci-wegen-volksverhetzung-zu-geldstrafe-verurteilt-a-1169719.html\">verurteilt<\/a> am 25. September einen deutsch-t\u00fcrkischen Buchautor wegen Volksverhetzung w\u00e4hrend einer Pegida-Demonstration im Oktober 2015 zu einer Geldstrafe von 2.700 EUR. Auf einem Berliner S-Bahnhof wird am 26. September ein Mann, der einen P\u00f6bler wegen dessen rechtsradikaler Parolen zur Rede stellt, von diesem zusammengeschlagen und muss ins Krankenhaus gebracht werden. Der T\u00e4ter <a href=\"http:\/\/www.berliner-zeitung.de\/berlin\/polizei\/s-bahnhof-bornholmer-strasse-41-jaehriger-von-rechtem-poebler-zusammengeschlagen-28499200\">kann entkommen<\/a>. Auf einem Kruzifix in einer Kirche in K\u00f6ln (NRW) werden <a href=\"http:\/\/www.spiegel.de\/panorama\/gesellschaft\/koeln-unbekannte-schmieren-hakenkreuze-auf-kruzifixe-a-1170999\">am 30. September<\/a> aufgemalte Hakenkreuze entdeckt.<!--more--><\/p>\n<p><strong>Fremdenfeindliche Handlungen:<\/strong> In einem Berliner S-Bahn-Zug wird ein Mann aus Guinea-Bissau fremdenfeindlich beleidigt und mit einem Messer bedroht. Der T\u00e4ter kann <a href=\"http:\/\/www.berliner-zeitung.de\/berlin\/polizei\/polizeibericht-21-jaehriger-fremdenfeindlich-beleidigt-und-mit-messer-attackiert-28266370\">festgenommen werden<\/a>. Ebenfalls in Berlin wird am 8. September ein Nigerianer von einem Mann fremdenfeindlich <a href=\"http:\/\/www.tagesspiegel.de\/berlin\/polizei-justiz\/berlin-mitte-nigerianer-wird-fremdenfeindlich-bedroht\/20304308.html\">beschimpft und bedroht<\/a> sowie ein Syrer <a href=\"http:\/\/www.berliner-zeitung.de\/berlin\/polizei\/polizeibericht-herzkranker-syrer-in-lichtenberg-verpruegelt---zwei-festnahmen-28382538\">geschlagen und getreten<\/a>. In diesem Fall k\u00f6nnen die T\u00e4ter kurz darauf festgenommen werden. Am 16. September greift wiederum in Berlin ein Mann zwei syrische Kinder an und verletzt sie leicht; er kann <a href=\"http:\/\/www.tagesspiegel.de\/berlin\/polizei-justiz\/berlin-hohenschoenhausen-rassistische-attacke-angezeigthohenschoenhausen\/20338720.html\">unerkannt fl\u00fcchten<\/a>. In T\u00f6ging (Bayern) <a href=\"https:\/\/www.morgenpost.de\/vermischtes\/article211984109\/Ladeninhaberin-verweigert-Asylanten-mit-Zettel-den-Zutritt.html\">h\u00e4ngt eine Ladenbesitzerin<\/a> einen Aushang mit der Aufschrift \u201eWir w\u00fcnschen keine Asylanten in unserem Ladenlokal\u201c an die Eingangst\u00fcr. Gegen sie wird wegen Volksverhetzung ermittelt.<\/p>\n<p><strong>Rechtsextremistische Terrorgruppe NSU:<\/strong> Im Prozess vor dem Oberlandesgericht (OLG) in M\u00fcnchen (Bayern) setzt die Staatsanwaltschaft (StA) ihr Pl\u00e4doyer fort und <a href=\"http:\/\/www.sueddeutsche.de\/politik\/nsu-prozess-beate-tschaepe-hatte-den-willen-zur-tatherrschaft-1.3649908\">erkl\u00e4rt die Hauptangeklagte<\/a> Beate Zsch\u00e4pe zum vollwertigen Mitglied des \u201eterroristischen Triumvirats\u201c NSU. Den Mitangeklagten wird Beihilfe bei neun Morden vorgeworfen. Am 12. September <a href=\"http:\/\/www.spiegel.de\/panorama\/justiz\/nsu-prozess-staatsanwaltschaft-fordert-lebenslange-haft-fuer-beate-zschaepe-a-1167213.html\">beantragt<\/a> die Bundesanwaltschaft (BAW) wegen Mitt\u00e4terschaft bei 10 Morden f\u00fcr Beate Zsch\u00e4pe eine lebenslange Haftstrafe und Sicherungsverwahrung; f\u00fcr den Mitangeklagten Ralf Wohlleben <a href=\"http:\/\/www.spiegel.de\/panorama\/justiz\/nsu-prozess-anklage-fordert-zwoelf-jahre-haft-fuer-wohlleben-a-1167259.html\">fordert sie 12 Jahre<\/a>, f\u00fcr Carsten S. eine dreij\u00e4hrige Jugendstrafe und f\u00fcr Andr\u00e9 E. <a href=\"http:\/\/www.spiegel.de\/panorama\/justiz\/nsu-prozess-zschaepe-beate-zschaepe-eiskalt-kalkulierender-mensch-a-1167298.html\">ebenfalls eine 12-J\u00e4hrige Haftstrafe<\/a>. Er wird daraufhin am 13. September <a href=\"http:\/\/www.spiegel.de\/panorama\/justiz\/nsu-prozess-warum-andre-e-jetzt-in-u-haft-sitzt-a-1167483.html\">in Haft genommen<\/a>. In der Folge stellen seine Verteidiger am n\u00e4chsten Tag einen <a href=\"http:\/\/www.sueddeutsche.de\/politik\/nsu-prozess-befangenheitsantrag-verzoegert-plaedoyers-der-nebenklaeger-im-nus-prozess-1.3667495\">Befangenheitsantrag<\/a> an das Gericht. Der Prozess wird unterbrochen.<\/p>\n<p><strong>Terroranschlag auf Berliner Weihnachtsmarkt:<\/strong> Ein ehemaliger hoher Berliner Polizeif\u00fchrer wird <a href=\"http:\/\/www.spiegel.de\/panorama\/justiz\/michael-knape-geschasster-polizeilehrer-arbeitet-nun-fuer-amri-untersuchungsausschuss-a-1163556.html\">Mitarbeiter der FDP-Fraktion<\/a> im Untersuchungsausschuss zum Weihnachtsmarkt-Attentat des Abgeordnetenhauses. Zuvor hatte er sich \u00f6ffentlich gegen den Taser-Einsatz der Berliner Polizei ausgesprochen und daraufhin seinen Lehrauftrag an der Polizei-Hochschule verloren. Durch Presseberichte wird am 15. September ein interner Bericht der Berliner Polizei <a href=\"https:\/\/www.morgenpost.de\/bezirke\/charlottenburg-wilmersdorf\/article211933963\/Berliner-Polizei-fahndete-viel-zu-spaet-nach-Anis-Amri.html\">bekannt<\/a>, wonach erst mehr als drei Stunden nach dem Anschlag von einem Terrorakt ausgegangen wurde und entsprechende bundesweite Fahndungsma\u00dfnahmen eingeleitet wurden. F\u00fcr die Sitzung des Berliner Untersuchungsausschusses am 22. September sagt der fr\u00fchere Innenstaatssekret\u00e4r <a href=\"http:\/\/www.berliner-zeitung.de\/berlin\/u-ausschuss-wie-schwer-waren-die-pannen-bei-attentaeter-amri---28458972\">seine Aussage ab<\/a>; der zweite Zeuge, ein Kriminalbeamter erscheint mit einer nur <a href=\"http:\/\/www.tagesspiegel.de\/berlin\/terroranschlag-am-breitscheidplatz-amri-ausschuss-zeuge-bekommt-maulkorb\/20366388.html\">beschr\u00e4nkten Aussagegenehmigung<\/a>. Ebenfalls am 22. September <a href=\"http:\/\/www.spiegel.de\/spiegel\/anis-amri-wie-die-polizei-die-ueberwachung-des-spaeteren-attentaeters-verpatzte-a-1169379.html\">wird bekannt<\/a>, dass die Berliner Polizei den sp\u00e4teren Attent\u00e4ter Anis Amri durch eine \u00fcbereilte kurzfristige Festnahme gewarnt hatte; dieser <a href=\"https:\/\/www.morgenpost.de\/berlin\/article212033381\/Berliner-Polizei-kontrollierte-Amri-ohne-Absprache.html\">informierte daraufhin<\/a> Mitglieder einer Dschihadistenzelle in Nordrhein-Westfalen. Am 25. September r\u00e4umt Berlins Polizeipr\u00e4sident im Innenausschuss des Abgeordnetenhauses <a href=\"http:\/\/www.berliner-zeitung.de\/berlin\/polizei\/interner-polizeibericht-zu-anis-amri\u2014wann-wollten-sie-uns-informieren---28486804\">erstmals Fehler<\/a> und Schw\u00e4chen nach dem Anschlag ein und best\u00e4tigt damit die vorherigen Presseberichte.<\/p>\n<p>2. September: <strong>Bundeswehrsoldat unter Terrorverdacht:<\/strong> Der mutma\u00dfliche Komplize des rechtsextremen Bundeswehrleutnants, der unter dem Verdacht steht, rechtsradikale Anschl\u00e4ge geplant zu haben, ist Mitglied der rechtspopulistischen Partei \u201eAlternative f\u00fcr Deutschland\u201c (AfD). Das wird unter Berufung auf polizeiliche Ermittlungen durch <a href=\"http:\/\/www.spiegel.de\/politik\/deutschland\/bundeswehr-komplize-von-franco-a-ist-afd-mitglied-a-1165675.html\">Presseberichte<\/a> bekannt.<\/p>\n<p><strong>Rechte und fremdenfeindliche Angriffe auf Fl\u00fcchtlingsheime:<\/strong> Aus einem fahrenden Auto heraus werden aus einer Schreckschusswaffe <a href=\"http:\/\/www.tagesspiegel.de\/berlin\/polizei-justiz\/steglitz-zehlendorf-schuesse-vor-fluechtlingsunterkunft-in-dahlem\/20275472.html\">mehrere Sch\u00fcsse<\/a> auf eine Berliner Fl\u00fcchtlingsunterkunft abgegeben. Die T\u00e4ter k\u00f6nnen fl\u00fcchten. Am 24. September <a href=\"https:\/\/www.morgenpost.de\/berlin\/polizeibericht\/article212024127\/Unbekannter-randaliert-an-Fluechtlingsheim-in-Marzahn.html\">randaliert ein Mann<\/a> vor einem Berliner Fl\u00fcchtlingsheim, klebt antiislamische Aufkleber der rechtsextremen \u201eIdentit\u00e4ren Bewegung\u201c und besch\u00e4digt die Eingangst\u00fcr. Er entkommt unerkannt.<\/p>\n<p>3. September: <strong>Ermittlungen gegen Polizeibeamte:<\/strong> In einer Berliner Polizeischule werden auf der Herrentoilette der Kantine rassistische Parolen <a href=\"http:\/\/www.tagesspiegel.de\/berlin\/polizei-justiz\/berlin-spandau-rassistische-schmierereien-in-polizeischule-entdeckt\/20275954.html\">entdeckt<\/a>. Dies teilt die Polizei mit; da jedoch auch andere Personen dort Zugang h\u00e4tten, sei es derzeit unklar ob die Schmierereien von Polizeisch\u00fclern stammten. Durch <a href=\"https:\/\/www.morgenpost.de\/vermischtes\/article212095635\/Alkoholexzess-in-Polizeischule-Ermittlungen-gegen-Beamte.html\">Presseberichte<\/a> wird am 30. September bekannt, dass die Polizei in Eutin (Schleswig-Holstein) gegen zwei Polizeibeamte ermittelt, die mehrere Auszubildende bedr\u00e4ngt und bel\u00e4stigt haben sollen.<\/p>\n<p><strong>Homophobe Angriffe:<\/strong> In einem Berliner Park <a href=\"https:\/\/www.morgenpost.de\/berlin\/polizeibericht\/article211810563\/Homophober-Ueberfall-Unbekannte-fesseln-und-knebeln-Mann.html\">greifen Unbekannte einen schwulen Mann an<\/a>, beleidigen, knebeln und fesseln ihn an einen Baum. <a href=\"http:\/\/www.berliner-zeitung.de\/berlin\/polizei\/neukoelln-zwei-maenner-greifen-transfrau-an-28365290\">Ebenfalls in Berlin<\/a> beleidigen am 5. September zwei M\u00e4nner eine Transsexuelle und versuchen sie schlagen, was jedoch durch einen Passanten verhindert wird. Die M\u00e4nner k\u00f6nnen fl\u00fcchten. Wiederum in Berlin wird <a href=\"http:\/\/www.berliner-zeitung.de\/berlin\/polizei\/polizeibericht-radfahrer-nach-unfall-mit-taxi-auf-unter-den-linden-schwer-verletzt-27994308\">am 8. September<\/a> eine Frau von zwei M\u00e4nnern verfolgt, verspottet und transphob beleidigt sowie ein Mann vor einem Club <a href=\"https:\/\/www.morgenpost.de\/berlin\/polizeibericht\/article211869209\/Mann-homophob-beleidigt-und-geschlagen.html\">homophob beschimpft und geschlagen<\/a>. Er muss mit Kopf- und Rumpfverletzungen ins Krankenhaus gebracht werden. Am 9. September wird wiederum in Berlin ein Mann von einer mehrk\u00f6pfigen Gruppe <a href=\"https:\/\/www.morgenpost.de\/berlin\/polizeibericht\/article211867689\/Das-geschah-in-der-Nacht-zu-Sonnabend-in-Berlin.html\">schwulenfeindlich beleidigt und bespuckt<\/a>. Zwei Tatverd\u00e4chtige k\u00f6nnen kurz darauf festgenommen werden. <a href=\"http:\/\/www.berliner-zeitung.de\/berlin\/polizei\/wegen-israel-flagge-randalierer-in-moabit-bruellt-antisemitische-parolen-28385516\">Zudem randaliert<\/a> ebenfalls in Berlin ein Mann in einem Haus und ruft dabei homophobe Parolen; gegen ihn wird wegen Volksverhetzung ermittelt. Erneut werden in Berlin <a href=\"http:\/\/www.queer.de\/detail.php?article_id=29710\">am 17. September<\/a> zwei M\u00e4nner von einem Dritten homophob beleidigt und mit Pfefferspray attackiert. Am 22. September wird in Berlin ein Mann von drei anderen <a href=\"http:\/\/www.tagesspiegel.de\/berlin\/polizei-justiz\/berlin-kreuzberg-radfahrer-homophob-beleidigt-und-attackiert\/20367348.html\">homophob beleidigt<\/a>, geschlagen und getreten. Er muss im Krankenhaus behandelt werden, die T\u00e4ter sind fl\u00fcchtig.<\/p>\n<p>4. September: \u201e<strong>Patriotische Europ\u00e4er gegen die Islamisierung des Abendlandes\u201c (Pegida):<\/strong> Das bayerische Innenministerium <a href=\"http:\/\/www.sueddeutsche.de\/muechen\/muenchen-wie-sich-pegida-anhaenger-bewaffnen-1.3650970\">verd\u00e4chtigt<\/a> die 2012 gegr\u00fcndete \u201eBayerische Schie\u00dfsportgruppe M\u00fcnchen\u201c eine B\u00fcrgerwehr aufzubauen. Neben personellen Verflechtungen mit Pegida gibt es gegenw\u00e4rtig jedoch keine belastbaren Anhaltspunkte. Am 13. September erkl\u00e4rt das Bundesverwaltungsgericht (BVerwG) eine Protestaktion des Oberb\u00fcrgermeisters von D\u00fcsseldorf (NRW) gegen eine Kundgebung des Pegida-Ablegers \u201eD\u00fcgida\u201c <a href=\"http:\/\/www.berliner-zeitung.de\/politik\/urteil-duesseldorfer-ob-darf-gebaeude-nicht-aus-protest-gegen-duegida-verdunkeln-28406990\">f\u00fcr unzul\u00e4ssig<\/a>. Er hatte im Januar 2015 die Lichter \u00f6ffentlicher Geb\u00e4ude ausschalten lassen und zu einer Gegendemonstration aufgerufen. Nach mehreren Monaten Pause demonstrieren in Leipzig (Sachsen) <a href=\"http:\/\/www.faz.net\/aktuell\/politik\/inland\/demonstration-in-leipzig-legida-macht-wieder-mobil-15210701.html\">am 21. September<\/a> wieder rund 200 Anh\u00e4nger des Ablegers \u201eLegida\u201c. Sie werden von etwa 3.000 GegendemonstrantInnen blockiert. In Dresden (Sachsen) versammeln sich <a href=\"http:\/\/www.faz.net\/aktuell\/politik\/inland\/pegida-feiert-in-dresden-afd-wahlerfolg-15217824.html\">am 25. September<\/a> etwa 1.500 Pegida-Anh\u00e4ngerInnen und feiern das Wahlergebnis der rechtspopulistischen AfD bei der Bundestagswahl. Am 27. September <a href=\"http:\/\/www.berliner-zeitung.de\/berlin\/brandenburg\/ausgeliefert-pogida-organisator-mueller-sitzt-in-der-jva-duben-28501918\">liefern die spanischen Beh\u00f6rden<\/a> den Gr\u00fcnder der Potsdamer \u201ePogida\u201c an die deutschen Beh\u00f6rden aus. Der Mann war im Februar zu einer einj\u00e4hrigen Haftstrafe wegen K\u00f6rperverletzung verurteilt worden, jedoch vor Haftantritt geflohen.<\/p>\n<p><strong>Behinderung von Rettungskr\u00e4ften:<\/strong> In Frankfurt\/M. (Hessen) <a href=\"http:\/\/www.faz.net\/aktuell\/gesellschaft\/aufregung-bei-grosseinsatz-an-der-konstablerwache-15185251.html\">behindern sogenannte Gaffer<\/a> die Rettungskr\u00e4fte massiv bei der Reanimation eines Mannes. Die Polizei muss sie mit einem Gro\u00dfaufgebot zur\u00fcckdr\u00e4ngen. Auf der Autobahn bei Burgau (Bayern) kommt es am 5. September zu einem t\u00f6dlichen Unfall. Ein LKW-Fahrer <a href=\"http:\/\/www.berliner-zeitung.de\/panorama\/motorradunfall-auf-der-a8-gaffer-filmt-vergeblichen-rettungsversuch-28363404\">filmt die Szene<\/a> und behindert die Rettungskr\u00e4fte. Die Polizei beschlagnahmt sein Handy und erstattet Anzeige wegen unterlassener Hilfeleistung. In Heidenheim (Baden-W\u00fcrttemberg) filmt am 17. September ein Schaulustiger einen t\u00f6dlichen Verkehrsunfall und <a href=\"https:\/\/www.morgenpost.de\/vermischtes\/article211962433\/Gaffer-filmt-sterbenden-Motorradfahrer-statt-zu-helfen.html\">behindert dabei<\/a> auch die Rettungskr\u00e4fte; gegen ihn wird ermittelt. Am 20. September <a href=\"http:\/\/www.spiegel.de\/panorama\/justiz\/ulm-gaffer-stellt-sich-heidenheimer-polizei-a-1168943.html\">stellt sich der Mann der Polizei<\/a>. Auf einer Autobahn bei Mainz (Rheinland-Pfalz) behindern <a href=\"http:\/\/www.berliner-zeitung.de\/panorama\/autobahn-63-bei-mainz-gaffer-behindern-erneut-rettungskraefte-28502362\">am 28. September<\/a> Personen die Rettungskr\u00e4fte nach einem t\u00f6dlichen Unfall.<\/p>\n<p>5. September: <strong>Rechtsradikalismus:<\/strong> Deutsche Ermittlungsbeh\u00f6rden hatten bereits seit Juni Hinweise auf eine rechtsradikale Gruppierung um einen Polizisten und einen Rechtsanwalt in Mecklenburg-Vorpommern, bevor Ende August Wohnr\u00e4ume und B\u00fcros der Verd\u00e4chtigen durchsucht wurden. Dies wird unter Berufung auf eine parlamentarische Anfrage der Links-Fraktion <a href=\"http:\/\/www.tagesspiegel.de\/politik\/mecklenburg-vorpommern-schon-ende-juni-hinweise-auf-rechtes-terrornetzwerk\/20284788.html\">bekannt<\/a>. In Berlin demonstrieren am 9. September rund 250 RechtspopulistInnen und RechtsextremistInnen unter dem Motto \u201eMerkel muss weg\u201c <a href=\"http:\/\/www.berliner-zeitung.de\/berlin\/regierungsviertel-protest-gegen-rechten-aufmarsch-in-berlin-28384716\">durch das Regierungsviertel<\/a>. Vor dem OLG Stuttgart (Baden-W\u00fcrttemberg) <a href=\"http:\/\/www.spiegel.de\/politik\/deutschland\/altermedia-betreiber-des-rechtsextremer-portals-vor-gericht-a-1167699.html\">beginnt am 14. September<\/a> der Prozess gegen f\u00fcnf mutma\u00dfliche Betreiber der 2016 verbotenen rechtsextremistischen Internet-Plattform \u201eAltermedia\u201c. Ihnen wird Volksverhetzung vorgeworfen.<\/p>\n<p><strong>Prozess gegen ehemaligen Undercover-Agenten:<\/strong> Im Prozess wegen Steuerhinterziehung gegen den ehemaligen privaten Geheimagenten Werner Mauss vor einer Wirtschaftsstrafkammer in Bochum (NRW) <a href=\"http:\/\/www.sueddeutsche.de\/politik\/ex-agent-vor-gericht-staatsanwaltschaft-fordert-mehr-als-sechs-jahre-haft-fuer-werner-mauss-1.3654133\">fordert die StA<\/a> eine Haftstrafe von sechs Jahren und drei Monaten.<\/p>\n<p><strong>D\u00fcsseldorfer Amoklauf:<\/strong> Vor dem LG D\u00fcsseldorf (NRW) <a href=\"http:\/\/www.spiegel.de\/panorama\/justiz\/axt-angriff-in-duesseldorf-prozessauftakt-um-amoklauf-am-hauptbahnhof-a-1166240.html\">beginnt der Prozess<\/a> gegen einen Kosovaren, der im M\u00e4rz auf dem D\u00fcsseldorfer Hauptbahnhof Menschen mit einer Axt angegriffen hatte. Dabei waren neun Menschen verletzt worden, vier von ihnen schwer.<\/p>\n<p><strong>Schleuserkriminalit\u00e4t: <\/strong>Bei Waidhaus (Bayern) <a href=\"http:\/\/www.spiegel.de\/panorama\/gesellschaft\/bayern-fluechtlinge-ueberstehen-1000-kilometer-in-lkw-hohlraum-a-1166264.html\">nimmt die Polizei<\/a> bei einer Verkehrskontrolle zwei Schleuser fest. Sie hatten in einem 30 Zentimeter hohen Hohlraum unter der Ladefl\u00e4che eines Kleinlasters acht Gefl\u00fcchtete aus dem Irak und der T\u00fcrkei transportiert. Mit Schwerpunkt in Berlin durchsucht die Polizei am 12. September in drei Bundesl\u00e4ndern Wohnungen und Gesch\u00e4ftsr\u00e4ume einer mutma\u00dflichen Schleuserbande. Ein Mann und vier Frauen <a href=\"http:\/\/www.spiegel.de\/panorama\/justiz\/schleuser-kriminalitaet-dutzende-razzien-gegen-scheinehen-a-1167212.html\">werden festgenommen<\/a>. Auf der Autobahn bei M\u00fcllrose (Brandenburg) <a href=\"http:\/\/www.berliner-zeitung.de\/berlin\/polizei\/a12-in-brandenburg-schleuser-lastwagen-mit-51-menschen-gestoppt\u201428422304\">stoppt die Bundespolizei<\/a> (BPol) am 16. September einen Schleuser-LKW mit 51 Personen auf der Ladefl\u00e4che, der Fahrer und ein weiterer Mann <a href=\"http:\/\/www.tagesspiegel.de\/berlin\/a12-in-brandenburg-haftbefehle-fuer-die-lkw-schleuser\/20339802.html\">werden festgenommen<\/a>.<\/p>\n<p><strong>Islamist beim Verfassungsschutz:<\/strong> Vor dem LG D\u00fcsseldorf (NRW) <a href=\"http:\/\/www.berliner-zeitung.de\/politik\/aus-purer-langeweile-verfassungsschuetzer-gab-sich-als-islamist-aus-28363770\">beginnt der Prozess<\/a> gegen einen des Islamismus verd\u00e4chtigen fr\u00fcheren Mitarbeiter des Bundesamtes f\u00fcr Verfassungsschutz (BfV). Dem im November 2016 festgenommenen Mann wird Verrat von Dienstgeheimnissen vorgeworfen. Am 19. September <a href=\"http:\/\/www.spiegel.de\/politik\/deutschland\/verfassungsschutz-ein-jahr-auf-bewaehrung-fuer-mutmasslichen-a-1168706.html\">verurteilt ihn das LG<\/a> zu einer einj\u00e4hrigen Bew\u00e4hrungsstrafe.<\/p>\n<p>6. September: <strong>Islamismus:<\/strong> Bundesweit sitzen <a href=\"https:\/\/www.morgenpost.de\/politik\/article211829905\/Fast-300-Islamisten-sitzen-in-deutschen-Gefaengnissen.html\">laut Presseberichten<\/a> rund 300 Islamisten in Haft oder Untersuchungshaft.<\/p>\n<p><strong>Gewalt gegen Obdachlose:<\/strong> In Berlin wird ein Obdachloser beim Flaschensammeln <a href=\"https:\/\/www.berlin.de\/polizei\/polizeimeldungen\/pressemitteilung.628064.php\">von einer Gruppe Jugendlicher<\/a> mit einem Messer attackiert und bestohlen. Die T\u00e4ter k\u00f6nnen fl\u00fcchten. <a href=\"http:\/\/www.tagesspiegel.de\/berlin\/polizei-justiz\/berlin-steglitz-getoeteter-obdachloser-hatte-tuberkulose\/20301376.html\">Am 8. September<\/a> wird in Berlin ein Obdachloser get\u00f6tet. Der T\u00e4ter ist unbekannt.<\/p>\n<p>7. September: <strong>Rechtsradikale Polizisten:<\/strong> Bei einer antifaschistischen Demonstration in Wurzen (Sachsen) tr\u00e4gt ein eingesetzter Polizeibeamter <a href=\"http:\/\/www.spiegel.de\/panorama\/gesellschaft\/wurzen-saechsischer-sek-beamter-traegt-rechtes-symbol-auf-demo-a-1166585.html\">einen Aufn\u00e4her mit einem der Raben Odins<\/a> auf der Uniform. Das nicht verbotene Symbol ist in der rechten Szene beliebt; der Fall wird gepr\u00fcft.<\/p>\n<p><strong>Sicherungsverwahrung:<\/strong> Ein psychiatrisches Gutachten, auf dessen Grundlage ein verurteilter Straft\u00e4ter in Sicherungsverwahrung ist, kann auch mehrere Jahre alt sein. Entscheidend ist, ob es bedeutsame Ver\u00e4nderungen seit der letzten Untersuchung gegeben habe. <a href=\"http:\/\/www.spiegel.de\/panorama\/justiz\/egmr-urteil-sicherungsverwahrung-trotz-alten-gutachten-moeglich-a-1166602.html\">Dies entscheidet der Europ\u00e4ische Gerichtshof f\u00fcr Menschenrechte<\/a> (EGMR) und weist damit die Beschwerde eines Mannes zur\u00fcck, der Ende 1990er Jahre seiner Ex-Freundin in den Hals gestochen hatte.<\/p>\n<p><strong>Spionageprozess:<\/strong> Vor dem OLG Hamburg beginnt der Prozess gegen einen t\u00fcrkischen Mann, der im Auftrag des t\u00fcrkischen Geheimdienstes seit 2015 die kurdische Szene in Deutschland ausgeforscht hatte. Der Mann <a href=\"http:\/\/www.tagesspiegel.de\/politik\/prozess-in-hamburg-mutmasslicher-spion-kooperierte-mit-tuerkischer-polizei\/20298718.html)\">ist gest\u00e4ndig<\/a>, liefert dabei jedoch immer wieder <a href=\"http:\/\/www.spiegel.de\/politik\/deutschland\/tuerkei-mit-spion-in-deutschland-der-vogel-ohne-kopf-a-1166899.html\">neue Versionen<\/a>.<\/p>\n<p><strong>G20-Gipfel:<\/strong> Beim Hamburger G20-Gipfel Anfang Juli waren mehr als 31.000 Sicherheitskr\u00e4fte <a href=\"http:\/\/www.spiegel.de\/politik\/deutschland\/g20-gipfel-50-prozent-mehr-polizisten-im-einsatz-als-bisher-bekannt-a-1166651.html\">im Einsatz<\/a>. Dies geht aus der Antwort auf eine parlamentarische Anfrage der GR\u00dcNEN-Bundestagsfraktion hervor. Im dritten G20-Prozess vor dem AG Hamburg wird der Angeklagte am 8. September zu einer knapp anderthalbj\u00e4hrigen Bew\u00e4hrungsstrafe sowie zur Zahlung von 500 EUR an die Witwen- und Waisenkasse der Polizei <a href=\"http:\/\/www.spiegel.de\/panorama\/justiz\/g20-gipfel-in-hamburg-randalierer-zu-bewaehrungsstrafe-verurteilt-a-1166792.html\">verurteilt<\/a>. In einem dritten Verfahren wird der Angeklagte am 12. September zu einer Jugendstrafe von einem Jahr und drei Monaten <a href=\"http:\/\/www.spiegel.de\/panorama\/justiz\/g20-gipfel-in-hamburg-19-jaehriger-zu-jugenstrafe-verurteilt-a-1156315.html\">verurteilt<\/a>. \u00dcber eine Aussetzung zur Bew\u00e4hrung soll sp\u00e4ter entschieden werden. Im n\u00e4chsten Prozess am 14. September wird ein 29-J\u00e4hriger wegen versuchter schwerer K\u00f6rperverletzung und t\u00e4tlichen Angriff auf Vollstreckungsbeamte zu einer einj\u00e4hrigen Bew\u00e4hrungsstrafe <a href=\"http:\/\/www.spiegel.de\/panorama\/justiz\/g20-krawalle-randalierer-erhaelt-bewaehrungsstrafe-a-1167724.html\">verurteilt<\/a>. Er hatte ein Gest\u00e4ndnis abgelegt. Am 18. September wird der n\u00e4chste Angeklagte zu 16 Monaten Haft <a href=\"http:\/\/www.tagesspiegel.de\/weltspiegel\/g20-flaschenwerfer-zu-16-monaten-gefaengnis-verurteilt\/20344312.html\">verurteilt<\/a>. Auch gegen die Anmelder von zwei G20-Demonstrationen <a href=\"http:\/\/www.taz.de\/Nach-den-G20-Krawallen\/!5448078\/\">wird ermittelt<\/a>. Am 21. September nimmt ein Sonderausschuss der Hamburger B\u00fcrgerschaft <a href=\"http:\/\/www.sueddeutsche.de\/politik\/g-gipfel-hamburg-sucht-nach-den-schuldigen-fuer-das-g-chaos-1.3678139\">seine Arbeit<\/a> zur Aufkl\u00e4rung des Polizeieinsatzes auf. Das Hamburger Verwaltungsgericht (VerwG) erkl\u00e4rt die Ingewahrsamnahme von zwei Jugendliche bei der Anfahrt zur G20-Demonstration <a href=\"https:\/\/www.juris.de\/jportal\/portal\/page\/homerl.psml?nid=jnachr-JUNA170905292&amp;cmsuri=%2Fjuris%2Fde%2Fnachrichten%2Fzeigenachricht.jsp\">f\u00fcr rechtswidrig<\/a>. Die Innenbeh\u00f6rde hatte die Rechtswidrigkeit zuvor <a href=\"http:\/\/www.spiegel.de\/panorama\/justiz\/g20-gericht-stellt-rechtswidriges-verhalten-der-polizei-fest-a-1169834.html\">einger\u00e4umt<\/a>. (Az: 17 K 7105\/17, 17 K 6865\/17). Nach diesen Urteilen fordern die damals festgesetzte Gruppe der Jugendorganisation \u201eDie Falken\u201c von der Stadt Hamburg nun <a href=\"http:\/\/www.spiegel.de\/panorama\/justiz\/g20-polizeiopfer-verlangen-schadenersatz-von-hamburg-a-1170147.html\">Schadensersatz in H\u00f6he von 15.000 EUR<\/a>. Insgesamt f\u00fchrt die Hamburger Polizei in Zusammenhang mit den seinerzeitigen Ausschreitungen \u00fcber <a href=\"https:\/\/netzpolitik.org\/2017\/g20-gipfel-polizei-durchsucht-zehntausende-dateien-mit-software-zur-gesichtserkennung\/\">2.000 Ermittlungsverfahren gegen m\u00f6gliche Beteiligte<\/a>. Zudem f\u00fchrt die Polizei an diesem Tag in Hamburg und Schleswig-Holstein insgesamt <a href=\"http:\/\/www.spiegel.de\/panorama\/justiz\/g20-krawalle-ermittlungen-gegen-rote-flora-aktivisten-a-1170148.html\">14 Hausdurchsuchungen<\/a> bei mutma\u00dflichen Pl\u00fcnderern durch.<\/p>\n<p>8. September: <strong>Antisemitische Straftaten: <\/strong>Im ersten Halbjahr wurden in Deutschland insgesamt <a href=\"http:\/\/www.taz.de\/Antisemitismus-in-Deutschland\/!5446070\/\">681 antisemitische und antiisraelische Delikte<\/a> registriert (1. Halbjahr 2016: 654). In Berlin wird am 8. September ein Mann von einem Jugendlichen <a href=\"http:\/\/www.berliner-zeitung.de\/berlin\/polizei\/polizeibericht-zwei-19-jaehrige-sollen-briefkasten-gesprengt-haben-28434882\">antisemitisch beleidigt<\/a>; dieser wird nach der Personalienfeststellung an seine Eltern \u00fcbergeben. Wiederum in Berlin randaliert am 9. September in einem Haus ein Mann und ruft dabei antisemitische Parolen; gegen ihn wird <a href=\"http:\/\/www.berliner-zeitung.de\/berlin\/polizei\/wegen-israel-flagge-randalierer-in-moabit-bruellt-antisemitische-parolen-28385516\">wegen Volksverhetzung ermittelt<\/a>.<\/p>\n<p><strong>Rockerkriminalit\u00e4t:<\/strong> Vor dem LG Leipzig (Sachsen) <a href=\"http:\/\/www.spiegel.de\/panorama\/justiz\/leipzig-angeklagte-verweigern-aussage-zu-mord-in-rockermilieu-a-1166865.html\">beginnt der Prozess<\/a> gegen vier Mitglieder der \u201eHells Angels\u201c wegen gemeinschaftlichen Mordes. Sie sollen im Sommer 2016 ein Mitglied eines rivalisierenden Rockerclubs erschossen haben. Rund 460 Rocker <a href=\"https:\/\/www.morgenpost.de\/berlin\/article211870635\/Hells-Angels-Demo-verursacht-Verkehrschaos.html\">demonstrieren am 9. September<\/a> mit einem Motorradkorso in Berlin gegen das so genannte Kutten-Verbot; durch das im M\u00e4rz versch\u00e4rfte Vereinsgesetz ist es den \u201eHells Angels\u201c verboten, ihr Abzeichen \u00f6ffentlich tragen. An der Demonstration nehmen <a href=\"http:\/\/www.berliner-zeitung.de\/berlin\/-freedom-is-our-religion\u2014hells-angels-rollen-durch-berlin-28384410\">Rocker verschiedener Gruppen teil<\/a>. Am 17. September <a href=\"http:\/\/www.berliner-zeitung.de\/berlin\/polizei\/sek-fasst-drogendealer-rocker-soll-1-5-tonnen-marihuana-verkauft-haben-28433052\">nimmt die Polizei in Berlin<\/a> einen Rocker der \u201eHells Angels\u201c fest. Ihm wird vorgeworfen, mit Marihuana in der Gr\u00f6\u00dfenordnung von 1,5 Tonnen gehandelt zu haben. Vor dem LG M\u00fcnchen (Bayern) <a href=\"http:\/\/www.sueddeutsche.de\/muenchen\/prozess-in-muenchen-ex-mitglied-der-hells-angels-wegen-versuchten-totschlags-vor-gericht-1.3689898\">beginnt an diesem Tag<\/a> der Prozess gegen ein Ex-Mitglied der \u201eHells Angels\u201c wegen versuchten Totschlags und vors\u00e4tzlicher K\u00f6rperverletzung. Er soll 2016 in zwei F\u00e4llen Betrunkene angegriffen und schwer verletzt haben.<\/p>\n<p>9. September: <strong>\u201eReichsb\u00fcrger\u201c:<\/strong> Zwischen Oktober 2016 und Juni 2017 wurde mindestens 220 \u201eReichsb\u00fcrgern\u201c die Waffenerlaubnis entzogen, den meisten davon in Bayern (138). In weiteren 176 F\u00e4llen wird ein Entzug gepr\u00fcft. In Deutschland leben rund 12.000 \u201eReichsb\u00fcrger\u201c, dies geht aus einer <a href=\"https:\/\/www.morgenpost.de\/politik\/article211864551\/850-Reichsbuerger-duerfen-eine-eigene-Waffen-besitzen.html\">Antwort der Innenministerien auf eine Presseanfrage<\/a> hervor. In Berlin und Brandenburg werden <a href=\"http:\/\/www.tagesspiegel.de\/berlin\/razzia-in-schoeneberg-und-wandlitz-illegale-waffen-bei-reichsbuerger-sichergestellt\/20332500.html\">am 13. September<\/a> die R\u00e4ume eines mutma\u00dflichen \u201eReichsb\u00fcrgers\u201c durchsucht, der im Verdacht steht, Dekorationswaffen in echte Schusswaffen umgebaut zu haben. Entsprechendes Werkzeug und illegale Waffen werden sichergestellt; auch gegen drei weitere M\u00e4nner wird ermittelt. Durch Presseberichte wird am 15. September bekannt, dass eine Supermarktkette in mindestens einer Berliner Filiale ein rechtsgerichtetes Magazin der \u201eReichsb\u00fcrger\u201c <a href=\"https:\/\/www.morgenpost.de\/politik\/article211937329\/Rewe-verkauft-Reichsbuerger-Propaganda-in-der-Auslage.html\">zum Verkauf anbietet<\/a>. Im Prozess gegen den \u201eReichsb\u00fcrger\u201c, der im Oktober 2016 in Georgensm\u00fcnd (Bayern) einen Polizeibeamten erschossen hatte, <a href=\"http:\/\/www.sueddeutsche.de\/bayern\/prozess-reichsbuerger-von-georgensgmuend-rechnete-offenbar-mit-polizeieinsatz-1.3676993\">belastet ein Zeuge den Angeklagten schwer<\/a>. Er habe mit Vorsatz gehandelt und dies wenige Tage zuvor auch angek\u00fcndigt. Am 22. September <a href=\"http:\/\/www.berliner-zeitung.de\/politik\/sicherheitsrisiko-fast-13-000-reichsbuerger---nur-fuenf-als-gefaehrlich-eingestuft-28458920\">wird bekannt<\/a>, dass lediglich f\u00fcnf der den Sicherheitsbeh\u00f6rden bekannten \u201eReichsb\u00fcrger\u201c als gef\u00e4hrlich eingestuft werden; alle haben keinen Waffenschein. Wie viele Waffen in der Szene vorhanden sind, ist unbekannt. In Bayern, Rheinland-Pfalz und Baden-W\u00fcrttemberg durchsuchen Polizeibeamte <a href=\"http:\/\/www.spiegel.de\/panorama\/justiz\/reichsbueger-razzien-in-drei-bundeslaendern-a-1170442.html\">am 28. September<\/a> sieben Objekte von \u201eReichsb\u00fcrgern\u201c und beschlagnahmen Datentr\u00e4ger und gef\u00e4lschte Urkunden; Waffen werden nicht gefunden. In Hamburg beschlagnahmt die Polizei <a href=\"https:\/\/www.morgenpost.de\/politik\/article212083391\/Polizei-stellt-Waffen-von-Hamburger-Reichsbuerger-sicher.html\">am gleichen Tag<\/a> bei einem \u201eReichsb\u00fcrger\u201c Waffen und Munition.<\/p>\n<p>10. September: <strong>Dschihadismus:<\/strong> Unter Berufung auf vertrauliche Unterlagen deutscher Sicherheitsbeh\u00f6rden <a href=\"https:\/\/www.welt.de\/politik\/deutschland\/article168491911\/11-100-syrische-Blanko-Paesse-in-den-Haenden-des-IS.html\">wird bekannt<\/a>, dass nach rund 11.100 syrischen P\u00e4ssen gefahndet wird, die die Terrormilz IS in den Wirren des syrischen B\u00fcrgerkrieges erbeutet hatte. Die Seriennummern seien bekannt und mehrere 1.000 bereits als F\u00e4lschungen erkannt worden.<\/p>\n<p><strong>Fu\u00dfball-Hooligans:<\/strong> Bei einem Fu\u00dfballspiel zwischen Hertha BSC und Werder Bremen <a href=\"http:\/\/www.berliner-zeitung.de\/berlin\/polizei\/26-festnahmen-bei-hertha-spiel-bremen-fans-randalieren-im-olympiastadion-28390580\">z\u00fcnden Bremer Hooligans<\/a> kurz nach Spielbeginn Feuerwerksk\u00f6rper. Anschlie\u00dfend kommt es zu Auseinandersetzungen mit Ordnern und PolizeibeamtInnen. 26 Personen werden festgenommen. Nach einem Europa-League-Spiel kommt es in der K\u00f6lner Innenstadt am 28. September zu einer <a href=\"http:\/\/www.ksta.de\/koeln\/nach-fc-spiel-massenschlaegerei-in-koelner-innenstadt---70-hooligans-festgesetzt-28507746\">Massenschl\u00e4gerei der beiden Fangruppen<\/a>; 70 Personen werden festgesetzt und in Gewahrsam genommen.<\/p>\n<p>11. September: <strong>Schmerzensgeld nach Polizeigewalt:<\/strong> <a href=\"http:\/\/www.spiegel.de\/panorama\/justiz\/bgh-juenftig-schmerzensgeld-nach-polizeirrtum-moeglich-a-1167109.html\">Der Bundesgerichtshof (BGH) entscheidet<\/a>, dass der Anspruch auf Entsch\u00e4digung f\u00fcr \u201ehoheitliche Eingriffe\u201c in k\u00f6rperliche Unversehrtheit auch einen Schmerzensgeldanspruch umfasst. Hintergrund ist die Klage eines Mannes, der im Oktober 2010 f\u00e4lschlicherweise f\u00fcr einen Straft\u00e4ter gehalten und bei der Festnahme verletzt worden war (Az: III ZR 71\/17).<\/p>\n<p>12. September: <strong>Abschiebungen:<\/strong> Vom Flughafen D\u00fcsseldorf (NRW) werden mehrere Afghanen nach Kabul <a href=\"http:\/\/www.spiegel.de\/politik\/deutschland\/abschiebung-nach-afghanistan-flugzeug-mit-asylbewerbern-in-duesseldorf-gestartet-a-1167368.html\">abgeschoben<\/a>. Dagegen demonstrieren 180 MenschenrechtsaktivistInnen; zu Zwischenf\u00e4llen kommt es nicht. Am 19. September <a href=\"https:\/\/www.juris.de\/jportal\/portal\/t\/1a51\/page\/homerl.psml?nid=jnachr-JUNA170905246&amp;cmsuri=%2Fjuris%2Fde%2Fnachrichten%2Fzeigenachricht.jsp\">entscheidet das BVerwG<\/a>, dass zwei im Fr\u00fchjahr als Gef\u00e4hrder festgenommene M\u00e4nner wegen Terrorgefahr in ihre Heimatl\u00e4nder T\u00fcrkei und Tunesien abgeschoben werden k\u00f6nnen (1 VR 7.17, 1 VR 8.17). 2017 wurden bislang <a href=\"http:\/\/www.sueddeutsche.de\/politik\/innere-sicherheit-deutsche-behoerden-schon-schon-gefaehrder-und-andere-islamisten-ab-1.3678709\">36 als \u201eGef\u00e4hrder\u201c eingestufte Personen abgeschoben<\/a>. Am 28. September verh\u00e4ngt das Bundesverfassungsgericht (BVerfG) gegen einen Anwalt, der eine unmittelbar bevorstehende Abschiebung eines Afghanen vorget\u00e4uscht hatte, <a href=\"http:\/\/www.taz.de\/Gebuehr-des-Bundesverfassungsgerichts\/!5450592\/\">eine Missbrauchsgeb\u00fchr von 2.600 EUR<\/a> (Az: 2 BvQ 56\/17).<\/p>\n<p>13. September: <strong>Polizeischuss:<\/strong> In Stuttgart (Baden-W\u00fcrttemberg) wird die Polizei auf einen Randalierer aufmerksam gemacht, der Autos besch\u00e4digt. Als ein Beamter ihn anspricht, wird der angegriffen. Daraufhin <a href=\"http:\/\/www.stuttgarter-nachrichten.de\/inhalt.schuesse-in-stuttgart-polizeibeamter-schiesst-auf-randalierer.6242de1d-f360-465f-a17b-c12e89e6895a.html\">schie\u00dft der Beamte<\/a> und trifft ihn in die Hand und ins Bein.<\/p>\n<p><strong>Festnahmen von mutma\u00dflichen Dschihadisten:<\/strong> In Bremen wird ein Tschetschene <a href=\"https:\/\/www.weser-kurier.de\/bremen\/bremen-stadt_artikel,-bremer-polizei-nimmt-erneut-islamisten-fest-_arid,1648915.html\">festgenommen<\/a>, der im Verdacht steht, f\u00fcr eine syrische Miliz gek\u00e4mpft zu haben. In Berlin sollen am 18. September auf Antrag der BAW zwei Iraker unter dem Verdacht der IS-Mitgliedschaft und der Beteiligung an Kriegsverbrechen <a href=\"http:\/\/www.berliner-zeitung.de\/berlin\/polizei\/kriegsverbrechen-im-irak-polizei-verhaftet-zwei-is-terroristen-in-berlin-28440420\">festgenommen werden<\/a>. Einer der M\u00e4nner ist jedoch bereits wegen anderer Straftaten in Haft. In B\u00fcchen (Schleswig-Holstein) wird <a href=\"https:\/\/www.morgenpost.de\/politik\/inland\/article211983339\/Terrorverdaechtiger-in-Schleswig-Holstein-festgenommen.html\">am gleichen Tag<\/a> ein Syrer unter dem Verdacht der IS-Mitgliedschaft festgenommen. Am 22. September <a href=\"https:\/\/www.morgenpost.de\/berlin\/article212012457\/Haftbefehle-gegen-IS-Mitglieder-Maenner-sassen-schon-im-Knast.html\">wird bekannt<\/a>, dass auch der zweite Mann, der am 18. September in Berlin festgenommen werden sollte, bereits seit l\u00e4ngerem in Untersuchungshaft sitzt.<\/p>\n<p>14. September: <strong>Neue Bundesbeh\u00f6rde \u201eZITiS\u201c:<\/strong> In M\u00fcnchen (Bayern) <a href=\"http:\/\/www.berliner-zeitung.de\/politik\/umstrittene-sicherheitsbehoerde-datenschutzbeauftragte-will-bei-zitis-mitreden-28412702\">er\u00f6ffnet Bundesinnenminister de Maizi\u00e9re<\/a> (CDU) die neue \u201eZentralstelle f\u00fcr Informationstechnik im Sicherheitsbereich\u201c (ZITiS). Sie soll f\u00fcr die Sicherheitsbeh\u00f6rden Software entwickeln um Festplatten auszuwerten, Zugang zu Smartphones zu bekommen und Nachrichten zu entschl\u00fcsseln. Datensch\u00fctzerInnen melden Bedenken an.<\/p>\n<p>15. September: <strong>Polizeischuss: <\/strong>In Steinheim a.d. Murr (Baden-W\u00fcrttemberg) <a href=\"https:\/\/www.pz-news.de\/baden-wuerttemberg_artikel,-Mann-schiesst-auf-Pizzaboten-und-wird-spaeter-von-Kugel-aus-Polizeiwaffe-getroffen-_arid,1186607.html\">schie\u00dft ein Mann auf einen Pizzaboten<\/a> und verletzt ihn; bei der sp\u00e4teren Festnahme des T\u00e4ters l\u00f6st sich ein Schuss aus der Waffe eines Polizeibeamten und <a href=\"http:\/\/www.stuttgarter-nachrichten.de\/inhalt.print.5cab1944-22ce-4b7d-bd7a-6d69a53881ae.presentation.print.v2.html\">trifft den Mann<\/a> lebensgef\u00e4hrlich ins Gesicht.<\/p>\n<p><strong>Angriffe auf Polizisten:<\/strong> Aus einem fahrenden Auto heraus werden in Duisburg (NRW) <a href=\"http:\/\/www.berliner-zeitung.de\/panorama\/duisburg-maenner-schiessen-aus-fahrenden-auto-auf-polizist-und-diensthund\u201428421206\">mehrere Sch\u00fcsse auf einen Polizisten<\/a> abgegeben. Der Beamte bleibt unverletzt, die T\u00e4ter k\u00f6nnen wenig sp\u00e4ter festgenommen werden. In Berlin werden am 16. September Polizeibeamte bei einer Anzeigenaufnahme von einem Betrunkenen angep\u00f6belt; auf einen Platzverweis reagiert dieser nicht, sondern wirft eine Flasche auf die Beamten. Gegen seine Festnahme leistet er heftigen Widerstand; <a href=\"http:\/\/www.tagesspiegel.de\/berlin\/polizei-justiz\/berlin-tiergarten-polizeibeamter-von-betrunkenem-schwer-verletzt\/20338718.html\">dabei erleidet ein Beamter einen Beinbruch<\/a>. Ein Hamburger AG <a href=\"http:\/\/www.spiegel.de\/panorama\/gesellschaft\/hamburg-afd-politikerin-delphine-thiermann-verletzte-polizisten-a-1169345.html\">verurteilt<\/a> eine Politikerin der rechtspopulistischen \u201eAlternative f\u00fcr Deutschland\u201c (AfD) nach einem Angriff auf einen Polizisten wegen verminderter Schuldf\u00e4higkeit zu einer Geldstrafe. Die betrunkene Frau hatte im April den Beamten so heftig getreten, dass er tagelang krankgeschrieben war. In Berlin greift am 30. September ein Mann Polizisten mit einem Messer an und <a href=\"https:\/\/www.morgenpost.de\/berlin\/polizeibericht\/article212109975\/Polizisten-wollen-Mann-festnehmen-Der-beisst-zu.html\">verletzt vier von ihnen<\/a>.<\/p>\n<p>16. September: <strong>Polizeischuss:<\/strong> In Krefeld (NRW) wollen Polizisten einen wegen Drogendelikten bekannten Mann \u00fcberpr\u00fcfen. Daraufhin bringt er eine Frau in seine Gewalt und bedroht sie stundenlang mit einem Messer. Bei der Befreiungsaktion <a href=\"http:\/\/www.spiegel.de\/panorama\/justiz\/krefeld-mann-bedroht-68-jaehrige-stundenlang-mit-messer-a-168079.html\">schie\u00dft ihm ein Beamter ins Bein<\/a>.<\/p>\n<p><strong>Post- und Telefon\u00fcberwachung:<\/strong> Rund 1.500 PostmitarbeiterInnen suchen im Auftrag der Sicherheitsbeh\u00f6rden Briefe und Pakete an mutma\u00dfliche Terroristen und Schwerkriminelle heraus und <a href=\"http:\/\/www.tagesspiegel.de\/politik\/anfrage-der-linkspartei-1500-post-mitarbeiter-helfen-bei-ueberwachung-von-verdaechtigen\/20337660.html\">\u00fcbergeben diese an die Polizei<\/a>. Davon sind rund 450 Personen <a href=\"http:\/\/www.tagesspiegel.de\/politik\/terrorgefahr-in-deutschland-450-gefaehrder-werden-abgehoert\/20344404.html\">betroffen<\/a>.<\/p>\n<p><strong>Demonstration f\u00fcr Asylrecht:<\/strong> In Berlin beteiligen sich <a href=\"http:\/\/www.tagesspiegel.de\/berlin\/demos-in-berlin-tausende-gingen-am-samstag-auf-die-strasse\/20338116.html\">rund 5.500 Menschen<\/a> \u2013 darunter auch viele Gefl\u00fcchtete \u2013 an einer Demonstration eines B\u00fcndnisses gegen ein sch\u00e4rferes Asylrecht.<\/p>\n<p>22. September: <strong>Verfassungsschutz:<\/strong> JobCenter haben in den vergangenen zwei Jahren einen eventuellen Extremismusverdacht bei Arbeitslosen <a href=\"https:\/\/www.morgenpost.de\/politik\/inland\/article212009221\/Agenturen-fuer-Arbeit-gaben-Hinweise-an-Verfassungsschutz.html\">an den Verfassungsschutz weitergegeben<\/a>. In vier F\u00e4llen handelte es sich dabei um Verdacht auf Islamismus, in je einem um Terror und Gef\u00e4hrdung sowie in drei F\u00e4llen um Mitgliedschaft in der \u201eReichsb\u00fcrger\u201c-Szene.<\/p>\n<p><strong>Unangemessene Besoldung:<\/strong> Das BVerwG in Leipzig (Sachsen) <a href=\"http:\/\/www.berliner-zeitung.de\/berlin\/gerichtsentscheidung-berlin-bezahlt-beamte-zu-niedrig-28457084\">entscheidet<\/a>, dass das Land Berlin seine BeamtInnen bis 2015 nicht amtsangemessen bezahlt hat. Geklagt hatten mehrere Richter, Polizisten und ein Feuerwehrmann. Die Angelegenheit wurde zur endg\u00fcltigen Entscheidung dem BVerfG vorgelegt (Az: BVerwG 2 C 56 \u2013 2 C 58.16, 2 C 4.17 \u2013 2 C 8.17).<\/p>\n<p>24. September: <strong>Alternative f\u00fcr Deutschland (AfD):<\/strong> Nach der Bundestagswahl kommt es in Berlin zu einer <a href=\"http:\/\/www.berliner-zeitung.de\/berlin\/landfriedensbruch-zehn-anzeigen-nach-anti-afd-demo-am-alexanderplatz-28485814\">Spontan-Demonstration mit etwa 1.000 TeilnehmerInnen<\/a> vor dem Geb\u00e4ude in dem die rechtspopulistische AfD ihre Wahlparty feiert. Nachdem PolizeibeamtInnen AfD-Funktion\u00e4re zu einem Taxi gebracht hatten, f\u00e4hrt dieses mit hoher Geschwindigkeit los und <a href=\"http:\/\/www.tagesspiegel.de\/berlin\/polizei-justiz\/berlin-augenzeuge-anti-afd-demonstranten-angefahren\/20371916.html\">f\u00e4hrt dabei ohne anzuhalten drei Personen an<\/a>. Im Innenausschuss des Abgeordnetenhauses <a href=\"http:\/\/www.tagesspiegel.de\/politik\/proteste-am-wahlabend-afd-wahlparty-was-geschah-am-alexanderplatz\/20376700.html\">best\u00e4tigt die Polizei<\/a> den Vorgang am 25. September zwar nur teilweise; gegen den Taxifahrer werde aber wegen gef\u00e4hrlicher K\u00f6rperverletzung ermittelt sowie <a href=\"http:\/\/www.berliner-zeitung.de\/berlin\/landfriedensbruch-zehn-anzeigen-nach-anti-afd-demo-am-alexanderplatz-28485814\">gegen 10 Personen wegen Landfriedensbruch<\/a>. In Elmshorn (Schleswig-Holstein) fahren am 25. September zwei Autos vor einer Fl\u00fcchtlingsunterkunft vor, aus denen heraus <a href=\"https:\/\/www.morgenpost.de\/vermischtes\/article212072281\/Drohbesuch-mit-AfD-Fahnen-Polizei-schuetzt-Asylunterkunft.html\">AfD-Fahnen geschwenkt werden<\/a>; die Bewohner werden zudem beleidigt und mit \u201eAbfackeln\u201c bedroht. Die T\u00e4ter k\u00f6nnen unerkannt fl\u00fcchten.<\/p>\n<p>25. September: <strong>Ermittlungen gegen mutma\u00dfliche Dschihadisten:<\/strong> Durch <a href=\"http:\/\/www.spiegel.de\/politik\/deutschland\/mutlu-guenal-bundesanwaltschaft-ermittelt-gegen-terroristen-anwalt-a-1169712.html\">Presseberichte<\/a> wird bekannt, dass die BAW gegen einen Rechtsanwalt wegen Unterst\u00fctzung einer terroristischen Vereinigung im Ausland ermittelt. Der Mann gilt als bekanntester Anwalt der islamistischen Szene und vertritt seit Jahren Angeklagte in Terrorverfahren.<\/p>\n<p>26. September: <strong>Prozesse gegen mutma\u00dfliche Dschihadisten:<\/strong> Vor dem OLG Celle (Niedersachsen) <a href=\"http:\/\/www.berliner-zeitung.de\/politik\/-direkte-kontakte\u2014zur-is-fuehrung--vor-dem-prozess-gegen-hass-prediger-abu-walaa--28482600\">beginnt der Prozess gegen den Prediger \u201eAbu Walaa\u201c<\/a>. Er gilt der BAW als zentrale F\u00fchrungsfigur des IS in Deutschland. Mitangeklagt sind vier weitere M\u00e4nner die Freiwillige f\u00fcr den Kampf des IS rekrutiert haben sollen. Alle f\u00fcnf waren im November 2016 festgenommen worden. Vor dem OLG Stuttgart (Baden-W\u00fcrttemberg) <a href=\"http:\/\/www.spiegel.de\/deutschland\/stuttgart-vier-syrer-stehen-wegen-36-morden-vor-gericht-massaker-auf-muellkippe-a-1169828.html\">beginnt der Prozess<\/a> gegen vier Syrer denen vorgeworfen wird, Mitglieder der Terrormiliz Dschabat al-Nusra gewesen zu sein und mindestens 36 syrische Regierungsmitglieder ermordet zu haben.<\/p>\n<p>27. September: <strong>Illegale Stra\u00dfenrennen:<\/strong> Die StA M\u00f6nchengladbach (NRW) <a href=\"http:\/\/www.spiegel.de\/panorama\/justiz\/moenchengladbach-mordanklage-gegen-raser-a-1170168.html\">erhebt Mordanklage<\/a> gegen einen Autofahrer, der bei einem illegalen Stra\u00dfenrennen im Juni einen Fu\u00dfg\u00e4nger t\u00f6dlich \u00fcberfahren hatte. Den gegen zweiten Teilnehmer wird Anklage wegen Gef\u00e4hrdung des Stra\u00dfenverkehrs und Unfallflucht erhoben.<\/p>\n<p>29. September: <strong>Milit\u00e4rischer Abschirmdienst (MAD):<\/strong> Der Geheimdienst der Bundeswehr pr\u00fcft aktuell 391 rechtsextreme Verdachtsf\u00e4lle in der Truppe. Dies geht aus einer <a href=\"https:\/\/www.wp.de\/politik\/391-rechtsextreme-verdachtsfaelle-bei-der-bundeswehr-id212079859.html\">parlamentarischen Anfrage der Linksfraktion<\/a> hervor.<\/p>\n<h3>Beitragsbild: Werbematerial der <span class=\"st\">Zentralen Stelle f\u00fcr Informationstechnik im Sicherheitsbereich. (Matthias Monroy)<\/span><\/h3>\n","protected":false},"excerpt":{"rendered":"<p>zusammengestellt von Otto Diederichs 1. September: Rechtsradikale Straftaten: Das Landgericht (LG) Dresden (Sachsen) verurteilt drei<\/p>\n","protected":false},"author":2,"featured_media":13069,"comment_status":"open","ping_status":"open","sticky":false,"template":"","format":"standard","meta":{"footnotes":""},"categories":[6],"tags":[667,820,1094,1186,1195,1216],"class_list":["post-13339","post","type-post","status-publish","format-standard","has-post-thumbnail","hentry","category-chronologien","tag-geheimdienste","tag-justiz","tag-polizei","tag-rassismus","tag-rechtsextremismus","tag-repression"],"_links":{"self":[{"href":"https:\/\/wp-dev.daten.cool\/index.php?rest_route=\/wp\/v2\/posts\/13339","targetHints":{"allow":["GET"]}}],"collection":[{"href":"https:\/\/wp-dev.daten.cool\/index.php?rest_route=\/wp\/v2\/posts"}],"about":[{"href":"https:\/\/wp-dev.daten.cool\/index.php?rest_route=\/wp\/v2\/types\/post"}],"author":[{"embeddable":true,"href":"https:\/\/wp-dev.daten.cool\/index.php?rest_route=\/wp\/v2\/users\/2"}],"replies":[{"embeddable":true,"href":"https:\/\/wp-dev.daten.cool\/index.php?rest_route=%2Fwp%2Fv2%2Fcomments&post=13339"}],"version-history":[{"count":0,"href":"https:\/\/wp-dev.daten.cool\/index.php?rest_route=\/wp\/v2\/posts\/13339\/revisions"}],"wp:featuredmedia":[{"embeddable":true,"href":"https:\/\/wp-dev.daten.cool\/index.php?rest_route=\/wp\/v2\/media\/13069"}],"wp:attachment":[{"href":"https:\/\/wp-dev.daten.cool\/index.php?rest_route=%2Fwp%2Fv2%2Fmedia&parent=13339"}],"wp:term":[{"taxonomy":"category","embeddable":true,"href":"https:\/\/wp-dev.daten.cool\/index.php?rest_route=%2Fwp%2Fv2%2Fcategories&post=13339"},{"taxonomy":"post_tag","embeddable":true,"href":"https:\/\/wp-dev.daten.cool\/index.php?rest_route=%2Fwp%2Fv2%2Ftags&post=13339"}],"curies":[{"name":"wp","href":"https:\/\/api.w.org\/{rel}","templated":true}]}}