{"id":13410,"date":"2017-11-01T12:43:13","date_gmt":"2017-11-01T12:43:13","guid":{"rendered":"https:\/\/www.cilip.de\/?p=13410"},"modified":"2017-11-01T12:43:13","modified_gmt":"2017-11-01T12:43:13","slug":"eu-staerkt-netzwerk-von-spezialeinheiten","status":"publish","type":"post","link":"https:\/\/wp-dev.daten.cool\/?p=13410","title":{"rendered":"EU st\u00e4rkt Netzwerk von Spezialeinheiten"},"content":{"rendered":"<p>Die EU will den sogenannten ATLAS-Verbund neu organisieren.<a href=\"#_ftn1\" name=\"_ftnref1\">[1]<\/a> Der Zusammenschluss polizeilicher Spezialeinheiten soll ein dauerhaftes Sekretariat erhalten, das beim Anti-Terrorzentrum der Polizeiagentur Europol in Den Haag angesiedelt werden k\u00f6nnte. Auch das Verfahren f\u00fcr gegenseitige Hilfeersuchen soll angepasst werden. Schlie\u00dflich werden auch L\u00f6sungen gesucht, um den grenz\u00fcberschreitenden Transport von Waffen und Einsatzausr\u00fcstung zu erleichtern. Der ATLAS-Verbund richtet allein in diesem Jahr 65 \u00dcbungen oder Treffen aus, zu denen die Spezialeinheiten aus verschiedenen L\u00e4ndern anreisen. Vor dem Grenz\u00fcbertritt m\u00fcssen oft zeitraubende Genehmigungen beantragt werden. Dies betrifft insbesondere \u00dcbungen mit Gefahrenstoffen.<!--more--><\/p>\n<p>Im ATLAS-Verbund koordinieren sich 38 Spezialeinsatzkommandos aus 28 EU-Mitgliedstaaten sowie aus Norwegen, der Schweiz und Island. Das nach den Anschl\u00e4gen des 11. September 2001 gegr\u00fcndete Netzwerk geh\u00f6rt seit 2008 zu den Strukturen der EU.<a href=\"#_ftn2\" name=\"_ftnref2\">[2]<\/a> Offiziell bei der Kommission angesiedelt, wird es als eine der 18 \u201eExpertengruppen\u201c der Ratsarbeitsgruppe Strafverfolgung gef\u00fchrt. Die EU will sich damit auf polizeiliche Gro\u00dflagen vorbereiten, die eine Unterst\u00fctzung anderer Mitgliedstaaten erfordern. Grundlage f\u00fcr solche Eins\u00e4tze w\u00e4re die sogenannte Solidarit\u00e4tsklausel, die als Artikel 222 im Vertrag von Lissabon festgeschrieben ist. Aus Deutschland beteiligt sich die GSG 9 am ATLAS-Verbund. Entscheidungen werden dort im \u201eCommanders-Forum\u201c getroffen, das derzeit vom Leiter der Cobra aus \u00d6sterreich geleitet wird.<\/p>\n<p>Gew\u00f6hnlich werden Aktivit\u00e4ten von ATLAS durch die jeweilige Ratspr\u00e4sidentschaft koordiniert. Das feste B\u00fcro bei Europol soll nun daf\u00fcr sorgen, dass langfristige Projekte bei dem halbj\u00e4hrlichen Wechsel der Verantwortung nicht aus den Augen verloren werden. Geplant ist unter anderem der Umstieg auf das gesicherte SIENA-Netzwerk bei Europol, \u00fcber das auch als geheim eingestufte Nachrichten verschickt werden k\u00f6nnen. Nicht alle Spezialeinheiten von ATLAS sind jedoch auch an Europol beteiligt. Das k\u00f6nnte unter anderem bedeuten, dass sie von der gemeinsamen Kommunikation mit Europol ausgeschlossen bleiben. \u00c4hnliche Stolpersteine w\u00fcrden sich bei der Finanzierung des neuen Sekretariates ergeben. Der ATLAS-Verbund k\u00f6nnte \u00fcber den EU-Fonds f\u00fcr die Innere Sicherheit Teil des Europol-Budgets werden. Allerdings ist unklar, wie dann mit den Einheiten der Nicht-EU-Mitglieder Norwegen, Schweiz und Island verfahren w\u00fcrde. Wom\u00f6glich m\u00fcsste deshalb der ATLAS-Ratsbeschluss von 2008 ge\u00e4ndert werden.<\/p>\n<h6><a href=\"#_ftnref1\" name=\"_ftn1\">[1]<\/a>\u00a0\u00a0 <a href=\"http:\/\/www.statewatch.org\/news\/2017\/sep\/eu-council-atlas-network-11828-17.pdf\">www.statewatch.org\/news\/2017\/sep\/eu-council-atlas-network-11828-17.pdf<\/a><\/h6>\n<h6><a href=\"#_ftnref2\" name=\"_ftn2\">[2]<\/a>\u00a0\u00a0 Amtsblatt der EU L 210\/73 v. 6.8.2008<\/h6>\n<h3><\/h3>\n","protected":false},"excerpt":{"rendered":"<p>Die EU will den sogenannten ATLAS-Verbund neu organisieren.[1] Der Zusammenschluss polizeilicher Spezialeinheiten soll ein dauerhaftes<\/p>\n","protected":false},"author":3,"featured_media":0,"comment_status":"open","ping_status":"open","sticky":false,"template":"","format":"standard","meta":{"footnotes":""},"categories":[119,145],"tags":[],"class_list":["post-13410","post","type-post","status-publish","format-standard","hentry","category-cilip-114","category-meldungen-europa"],"_links":{"self":[{"href":"https:\/\/wp-dev.daten.cool\/index.php?rest_route=\/wp\/v2\/posts\/13410","targetHints":{"allow":["GET"]}}],"collection":[{"href":"https:\/\/wp-dev.daten.cool\/index.php?rest_route=\/wp\/v2\/posts"}],"about":[{"href":"https:\/\/wp-dev.daten.cool\/index.php?rest_route=\/wp\/v2\/types\/post"}],"author":[{"embeddable":true,"href":"https:\/\/wp-dev.daten.cool\/index.php?rest_route=\/wp\/v2\/users\/3"}],"replies":[{"embeddable":true,"href":"https:\/\/wp-dev.daten.cool\/index.php?rest_route=%2Fwp%2Fv2%2Fcomments&post=13410"}],"version-history":[{"count":0,"href":"https:\/\/wp-dev.daten.cool\/index.php?rest_route=\/wp\/v2\/posts\/13410\/revisions"}],"wp:attachment":[{"href":"https:\/\/wp-dev.daten.cool\/index.php?rest_route=%2Fwp%2Fv2%2Fmedia&parent=13410"}],"wp:term":[{"taxonomy":"category","embeddable":true,"href":"https:\/\/wp-dev.daten.cool\/index.php?rest_route=%2Fwp%2Fv2%2Fcategories&post=13410"},{"taxonomy":"post_tag","embeddable":true,"href":"https:\/\/wp-dev.daten.cool\/index.php?rest_route=%2Fwp%2Fv2%2Ftags&post=13410"}],"curies":[{"name":"wp","href":"https:\/\/api.w.org\/{rel}","templated":true}]}}