{"id":13505,"date":"2017-11-18T19:51:49","date_gmt":"2017-11-18T19:51:49","guid":{"rendered":"https:\/\/www.cilip.de\/?p=13505"},"modified":"2017-11-18T19:51:49","modified_gmt":"2017-11-18T19:51:49","slug":"redaktionsmitteilung-30","status":"publish","type":"post","link":"https:\/\/wp-dev.daten.cool\/?p=13505","title":{"rendered":"Redaktionsmitteilung"},"content":{"rendered":"<p>\u201eEs w\u00e4re doch keinem zu erkl\u00e4ren, wenn wir zum Beispiel die Polizei bei Nachrichten \u00fcber Messengerdienste blind und taub lassen w\u00fcrden\u201c, erkl\u00e4rte der baden-w\u00fcrttembergische Innenminister Thomas Strobl am 13. November 2017 \u2013 zwei Tage bevor eine ganz gro\u00dfe Koalition aus Gr\u00fcnen, CDU und SPD im Landtag die Polizei zur pr\u00e4ventiven \u00dcberwachung der Telekommunikation und zur Nutzung von Trojanern erm\u00e4chtigte.\u00a0Mit dem Verweis auf die Messengerdienste bewegt sich der Minister zwar auf dem neuesten Stand der Technik, die Kernaussage seines Statements ist jedoch von vorgestern. Sie besagt, dass es erstens keine \u00fcberwachungsfreie Kommunikation geben d\u00fcrfe und dass zweitens die Polizei stets rechtlich in die Lage versetzt werden m\u00fcsse, alle vorhandenen \u00dcberwachungstechniken auch nutzen zu d\u00fcrfen. <!--more--><\/p>\n<p>Die 1968 in der BRD erstmals legalisierte Telefon\u00fcberwachung ist rasch von der Ausnahme zur Normalit\u00e4t geworden. Daf\u00fcr sorgten sowohl die wachsende Telefondichte als auch die st\u00e4ndige Ausweitung des entsprechenden Deliktkatalogs. Noch in den fr\u00fchen 1990er Jahren jammerte die Polizei, die neue Mobiltelefonie sei nicht zu knacken. Das Gegenteil war der Fall. Die \u00dcberwachung mobiler Kommunikation hat nicht nur enorme quantitative Ausma\u00dfe erreicht, sondern der Polizei zudem eine Vielfalt neuer Methoden beschert \u2013 von der Standort\u00fcberwachung \u00fcber die Funkzellenabfrage bis hin zur Stillen SMS. Ende 2008 legalisierte der Bundestag den Einsatz von Trojanern bei der pr\u00e4ventiven Terrorbek\u00e4mpfung des BKA, im Sommer 2017 folgten die Rechtsgrundlagen f\u00fcr die Nutzung solcher Schadsoftware zur Strafverfolgung. Die Bundesl\u00e4nder ziehen nun sukzessive in ihren Polizeigesetzen nach. Darf\u2019s noch etwas mehr sein?<\/p>\n<p>***<\/p>\n<p>\u201ePolizei und Stadt\u201c ist der Arbeitstitel f\u00fcr den Schwerpunkt der n\u00e4chsten Ausgabe von B\u00fcrgerrechte &amp; Polizei\/CILIP.<\/p>\n<h3>Beitragsbild: Polizei bei der Demonstration \u201eFreiheit statt Angst\u201c am 9. September 2017 in Berlin (Foto: Frank Herrmann)<\/h3>\n","protected":false},"excerpt":{"rendered":"<p>\u201eEs w\u00e4re doch keinem zu erkl\u00e4ren, wenn wir zum Beispiel die Polizei bei Nachrichten \u00fcber<\/p>\n","protected":false},"author":9,"featured_media":13507,"comment_status":"open","ping_status":"open","sticky":false,"template":"","format":"standard","meta":{"footnotes":""},"categories":[119,141],"tags":[],"class_list":["post-13505","post","type-post","status-publish","format-standard","has-post-thumbnail","hentry","category-cilip-114","category-editorials"],"_links":{"self":[{"href":"https:\/\/wp-dev.daten.cool\/index.php?rest_route=\/wp\/v2\/posts\/13505","targetHints":{"allow":["GET"]}}],"collection":[{"href":"https:\/\/wp-dev.daten.cool\/index.php?rest_route=\/wp\/v2\/posts"}],"about":[{"href":"https:\/\/wp-dev.daten.cool\/index.php?rest_route=\/wp\/v2\/types\/post"}],"author":[{"embeddable":true,"href":"https:\/\/wp-dev.daten.cool\/index.php?rest_route=\/wp\/v2\/users\/9"}],"replies":[{"embeddable":true,"href":"https:\/\/wp-dev.daten.cool\/index.php?rest_route=%2Fwp%2Fv2%2Fcomments&post=13505"}],"version-history":[{"count":0,"href":"https:\/\/wp-dev.daten.cool\/index.php?rest_route=\/wp\/v2\/posts\/13505\/revisions"}],"wp:featuredmedia":[{"embeddable":true,"href":"https:\/\/wp-dev.daten.cool\/index.php?rest_route=\/wp\/v2\/media\/13507"}],"wp:attachment":[{"href":"https:\/\/wp-dev.daten.cool\/index.php?rest_route=%2Fwp%2Fv2%2Fmedia&parent=13505"}],"wp:term":[{"taxonomy":"category","embeddable":true,"href":"https:\/\/wp-dev.daten.cool\/index.php?rest_route=%2Fwp%2Fv2%2Fcategories&post=13505"},{"taxonomy":"post_tag","embeddable":true,"href":"https:\/\/wp-dev.daten.cool\/index.php?rest_route=%2Fwp%2Fv2%2Ftags&post=13505"}],"curies":[{"name":"wp","href":"https:\/\/api.w.org\/{rel}","templated":true}]}}