{"id":13584,"date":"2017-12-25T10:50:10","date_gmt":"2017-12-25T10:50:10","guid":{"rendered":"https:\/\/www.cilip.de\/?p=13584"},"modified":"2017-12-25T10:50:10","modified_gmt":"2017-12-25T10:50:10","slug":"digitale-migrationskontrolle-gefluechtete-als-versuchskaninchen-neuer-ermittlungsmethoden","status":"publish","type":"post","link":"https:\/\/wp-dev.daten.cool\/?p=13584","title":{"rendered":"Digitale Migrationskontrolle: Gefl\u00fcchtete als Versuchskaninchen neuer Ermittlungsmethoden"},"content":{"rendered":"<p><b>Veranstaltung mit Anna Biselli von Netzpolitik.org und Britta Rabe vom WatchTheMed-Alarmphone <\/b><\/p>\n<p><img loading=\"lazy\" decoding=\"async\" class=\"alignright size-full wp-image-22001\" src=\"https:\/\/www.cilip.de\/wp-content\/uploads\/2024\/05\/CILIP_114_medium.png\" alt=\"\" width=\"211\" height=\"300\" \/>Sprachanalyse-Software, \u00dcberwachung von Finanztransaktionen, Satellitenaufkl\u00e4rung &#8211; das sind nur einige der digitalen Ma\u00dfnahmen, mit denen Beh\u00f6rden MigrantInnen auf die Pelle r\u00fccken. Hinzu kommen die massenhafte Handydatenauswertung und die Nutzung von Geodaten in Asylverfahren. In Europa angekommen, landen Asylsuchende in riesigen Fingerabdruckdatenbanken, die jetzt mit Gesichtserkennung aufger\u00fcstet werden. L\u00e4ngst wird die Migrationskontrolle auch auf das Internet ausgeweitet. Facebook, WhatsApp und Google Maps spielen auf der Flucht eine besondere Rolle, was die Ausforschung der Sozialen Netzwerke auch f\u00fcr Polizei und Geheimdienste interessant macht. Doch auch antirassistische Initiativen nutzen digitale Medien zur Verbreitung unabh\u00e4ngiger Informationen.<\/p>\n<blockquote class=\"alignright\"><p>Freitag, 26. Januar 2018, 19.30 Uhr in der <a href=\"https:\/\/c-base.org\/\">c-base<\/a>, Rungestra\u00dfe 20, Berlin-Mitte (S- und U-Bhf Jannowitzbr\u00fccke, <a href=\"https:\/\/www.openstreetmap.de\/karte.html?zoom=17&amp;lat=52.51298&amp;lon=13.42012&amp;layers=B0\">Zugang auch entlang der Spree<\/a> )<\/p><\/blockquote>\n<p>Die Zeitschrift B\u00fcrgerrechte &amp; Polizei\/CILIP widmet ihre Ausgaben immer wieder der Migrationskontrolle. Im aktuellen Heft res\u00fcmiert <a href=\"https:\/\/netzpolitik.org\/author\/anna\/\">Anna Biselli von Netzpolitik.org<\/a> neue technischen Ma\u00dfnahmen des Bundesamtes f\u00fcr Migration und Fl\u00fcchtlinge in Asylverfahren. <a href=\"https:\/\/alarmphone.org\/de\/\">Britta Rabe vom WatchTheMed-Alarmphone<\/a> erl\u00e4utert in der Veranstaltung die Bedeutung von Mobiltelefon und Internet auf der Flucht und die Begehrlichkeiten zu ihrer \u00dcberwachung.<\/p>\n<h4>Britta Rabe:<\/h4>\n<audio class=\"wp-audio-shortcode\" id=\"audio-13584-1\" preload=\"none\" style=\"width: 100%;\" controls=\"controls\"><source type=\"audio\/mpeg\" src=\"http:\/\/archiv.cilip.de\/Audio\/20180126_Digitale_VA_Migrationskontrolle_Britta_Rabe.mp3?_=1\" \/><a href=\"http:\/\/archiv.cilip.de\/Audio\/20180126_Digitale_VA_Migrationskontrolle_Britta_Rabe.mp3\">http:\/\/archiv.cilip.de\/Audio\/20180126_Digitale_VA_Migrationskontrolle_Britta_Rabe.mp3<\/a><\/audio>\n<h4>Anna Biselli:<\/h4>\n<audio class=\"wp-audio-shortcode\" id=\"audio-13584-2\" preload=\"none\" style=\"width: 100%;\" controls=\"controls\"><source type=\"audio\/mpeg\" src=\"http:\/\/archiv.cilip.de\/Audio\/20180126_Digitale_VA_Migrationskontrolle_Anna_Biselli.mp3?_=2\" \/><a href=\"http:\/\/archiv.cilip.de\/Audio\/20180126_Digitale_VA_Migrationskontrolle_Anna_Biselli.mp3\">http:\/\/archiv.cilip.de\/Audio\/20180126_Digitale_VA_Migrationskontrolle_Anna_Biselli.mp3<\/a><\/audio>\n<h4>Diskussion:<\/h4>\n<audio class=\"wp-audio-shortcode\" id=\"audio-13584-3\" preload=\"none\" style=\"width: 100%;\" controls=\"controls\"><source type=\"audio\/mpeg\" src=\"http:\/\/archiv.cilip.de\/Audio\/20180126_Digitale_VA_Migrationskontrolle_Diskussion.mp3?_=3\" \/><a href=\"http:\/\/archiv.cilip.de\/Audio\/20180126_Digitale_VA_Migrationskontrolle_Diskussion.mp3\">http:\/\/archiv.cilip.de\/Audio\/20180126_Digitale_VA_Migrationskontrolle_Diskussion.mp3<\/a><\/audio>\n<p><em>Veranstaltet vom Institut f\u00fcr B\u00fcrgerrechte &amp; \u00f6ffentliche Sicherheit e.V.<\/em><\/p>\n","protected":false},"excerpt":{"rendered":"<p>Veranstaltung mit Anna Biselli von Netzpolitik.org und Britta Rabe vom WatchTheMed-Alarmphone Sprachanalyse-Software, \u00dcberwachung von Finanztransaktionen,<\/p>\n","protected":false},"author":2,"featured_media":0,"comment_status":"open","ping_status":"open","sticky":false,"template":"","format":"standard","meta":{"footnotes":""},"categories":[119,150],"tags":[],"class_list":["post-13584","post","type-post","status-publish","format-standard","hentry","category-cilip-114","category-veranstaltungen"],"_links":{"self":[{"href":"https:\/\/wp-dev.daten.cool\/index.php?rest_route=\/wp\/v2\/posts\/13584","targetHints":{"allow":["GET"]}}],"collection":[{"href":"https:\/\/wp-dev.daten.cool\/index.php?rest_route=\/wp\/v2\/posts"}],"about":[{"href":"https:\/\/wp-dev.daten.cool\/index.php?rest_route=\/wp\/v2\/types\/post"}],"author":[{"embeddable":true,"href":"https:\/\/wp-dev.daten.cool\/index.php?rest_route=\/wp\/v2\/users\/2"}],"replies":[{"embeddable":true,"href":"https:\/\/wp-dev.daten.cool\/index.php?rest_route=%2Fwp%2Fv2%2Fcomments&post=13584"}],"version-history":[{"count":0,"href":"https:\/\/wp-dev.daten.cool\/index.php?rest_route=\/wp\/v2\/posts\/13584\/revisions"}],"wp:attachment":[{"href":"https:\/\/wp-dev.daten.cool\/index.php?rest_route=%2Fwp%2Fv2%2Fmedia&parent=13584"}],"wp:term":[{"taxonomy":"category","embeddable":true,"href":"https:\/\/wp-dev.daten.cool\/index.php?rest_route=%2Fwp%2Fv2%2Fcategories&post=13584"},{"taxonomy":"post_tag","embeddable":true,"href":"https:\/\/wp-dev.daten.cool\/index.php?rest_route=%2Fwp%2Fv2%2Ftags&post=13584"}],"curies":[{"name":"wp","href":"https:\/\/api.w.org\/{rel}","templated":true}]}}