{"id":13617,"date":"2018-01-03T16:52:26","date_gmt":"2018-01-03T16:52:26","guid":{"rendered":"https:\/\/www.cilip.de\/?p=13617"},"modified":"2018-01-03T16:52:26","modified_gmt":"2018-01-03T16:52:26","slug":"chronologie-dezember-2017","status":"publish","type":"post","link":"https:\/\/wp-dev.daten.cool\/?p=13617","title":{"rendered":"Chronologie Dezember 2017"},"content":{"rendered":"<h3>zusammengestellt von Otto Diederichs<\/h3>\n<p><b>Rechtsradikalismus:<\/b> Ende September <a href=\"http:\/\/www.tagesspiegel.de\/politik\/rechtsextremismus-in-deutschland-gut-500-neonazis-leben-im-untergrund\/20661716.html\">registrierte die Polizei<\/a> bundesweit offene Haftbefehle gegen insgesamt 501 untergetauchte Rechtsextremisten (2016: 161). Dies geht aus einer parlamentarischen Anfrage der Linksfraktion im Bundestag hervor. 42 dieser Neo-Nazis werden dabei von der Berliner Justiz gesucht, wie am 5. Dezember eine Anfrage der Gr\u00fcnen im Berliner Abgeordnetenhaus <a href=\"http:\/\/www.tagesspiegel.de\/berlin\/politisch-motivierte-kriminalitaet-berlin-sucht-42-neonazis-mit-offenem-haftbefehl\/20678198.html\">ergibt<\/a>. Das Oberlandesgericht (OLG) Koblenz (Rheinland-Pfalz) <a href=\"http:\/\/www.spiegel.de\/panorama\/justiz\/koblenz-neonazi-prozess-wird-neu-aufgerollt-a-1182040.html\">entscheidet am 6. Dezember<\/a>, dass ein Verfahren gegen 26 Mitglieder des rechtsradikalen \u201eAktionsb\u00fcro Mittelrhein\u201c wegen Bildung einer kriminellen Vereinigung, K\u00f6rperverletzung und Sachbesch\u00e4digung wieder aufgerollt werden muss. Ein erster Prozess war im Mai des Jahres geplatzt. <a href=\"http:\/\/www.spiegel.de\/politik\/deutschland\/bundeswehr-neuer-skandal-in-pfullendorf-moegliche-volksverhetzung-a-1182379.html\">Durch Presseberichte<\/a> wird am 8. Dezember bekannt, dass gegen mindestens einen Bundeswehrsoldaten der Kaserne Pfullendorf (Baden-W\u00fcrttemberg) wegen Volksverhetzung ermittelt wird. Hintergrund ist eine per E-Mail versandte Fotomontage auf der Fl\u00fcchtlinge vor dem KZ Auschwitz stehen, das den Schriftzug tr\u00e4gt: \u201eHier ist f\u00fcr jeden von euch Platz\u201c. <!--more-->Seit Anfang 2016 wurden von der Polizei <a href=\"http:\/\/www.tagesspiegel.de\/politik\/rechtsextremismus-20-rechte-toetungsdelikte-seit-anfang-2016\/20712344.html\">insgesamt 20 rechte T\u00f6tungsdelikte registriert<\/a>. Dies geht am 14. Dezember aus einer parlamentarischen Anfrage der Linksfraktion im Bundestag hervor. Der wegen der Z\u00fcndung eines hochexplosiven \u201ePolenb\u00f6llers\u201c auf einem Hamburger S-Bahnhof am 17. Dezember festgenommene Mann <a href=\"http:\/\/www.spiegel.de\/panorama\/justiz\/hamburg-explosion-am-s-bahnhof-veddel-tatverdaechtiger-ist-ex-neonazi-a-1184301.html\">hat eine rechtsextremistische Vita<\/a> und ist bereits wegen der T\u00f6tung eines Mannes, der Hitler als Verbrecher bezeichnet hatte, vorbestraft. Gegen ihn wird am 19. Dezember Haftbefehl erlassen. Durch Presseberichte wird am 21. Dezember bekannt, dass an der KZ-Gedenkst\u00e4tte und in der Innenstadt von Dachau (Bayern) rassistische Plakate und Flugbl\u00e4tter einer bis dato unbekannten Gruppe \u201ePatriotische Christen Deutschlands\u201c <a href=\"http:\/\/www.sueddeutsche.de\/muenchen\/dachau\/polizei-ermittelt-rassistische-flugblaetter-an-kz-gedenkstaette-dachau-verteilt-1.37996579\">verteilt wurden<\/a>. Laut <a href=\"http:\/\/www.faz.net\/aktuell\/politik\/inland\/sprunghafter-anstieg-mehr-urteile-gegen-volksverhetzer-15366529.html\">Presseberichten<\/a> vom 30. Dezember wurden in Berlin 2016 insgesamt 68 Personen wegen Volksverhetzung verurteilt (2015: 41; 2014: 12).<\/p>\n<p><b>Vorget\u00e4uschtes Bombenattentat:<\/b> Am Weihnachtsmarkt in Potsdam (Brandenburg) wird ein <a href=\"https:\/\/www.berliner-zeitung.de\/politik\/paket-mit-naegeln\u2014entschaerfung-bei-potsdamer-weihnachtsmarkt-28986826\">verd\u00e4chtiges Paket entdeckt<\/a> und die Polizei alarmiert. Es enth\u00e4lt u.a. Hunderte von N\u00e4geln und einen so genannten Polenb\u00f6ller jedoch keinen Z\u00fcnder. <a href=\"http:\/\/www.sueddeutsche.de\/panorama\/potsdam-hinter-potsdamer-paketbombe-steckt-millionenerpressung-gegen-dhl-1.3776620\">Am 3. Dezember<\/a> entpuppt sich der mutma\u00dfliche Anschlagsversuch als Erpressung des Paketdienstes DHL.<\/p>\n<p><b>Abschiebungen:<\/b> <a href=\"https:\/\/www.morgenpost.de\/politik\/inland\/article212706473\/Deutschland-holt-abgeschobenen-Afghanen-zurueck.html\">Durch Presseberichte<\/a> wird bekannt, dass die Bundesrepublik einen bereits abgeschobenen Afghanen wieder zur\u00fcckholen muss. Grund sind Fehler im Asylverfahren. Mehr als 20 Afghanen werden <a href=\"http:\/\/www.faz.net\/aktuell\/politik\/hunderte-protestieren-gegen-abschiebung-nach-afghanistan-15328461.html\">am 6. Dezember<\/a> abgeschoben, <a href=\"http:\/\/www.spiegel.de\/politik\/deutschland\/abschiebung-nach-kabul-vom-ausbildungsplatz-in-den-abschiebeflieger-a-1181980.html\">darunter auch ein junger Mann<\/a> aus seiner Ausbildung zum Ern\u00e4hrungs- und Versorgungsassistenten. Rund 560 Personen <a href=\"http:\/\/www.faz.net\/aktuell\/politik\/hunderte-protestieren-gegen-abschiebung-nach-afghanistan-15328461.html\">protestieren gegen die Abschiebung<\/a>. Im ersten Vierteljahr scheiterten bundesweit 222 Abschiebungen an der Weigerung der Piloten. Dies geht am 7. Dezember <a href=\"https:\/\/www.berliner-zeitung.de\/politik\/versuche-abgebrochen-222-abschiebungen-scheitern-an-weigerung-der-piloten-29257166\">aus einer parlamentarischen Anfrage<\/a> der Linksfraktion im Bundestag hervor. <a href=\"https:\/\/www.morgenpost.de\/politik\/inland\/article212921135\/Weniger-freiwillige-Rueckkehrer-und-Abschiebungen-2017.html\">Unter Berufung auf das Bundesinnenministerium<\/a> (BMI) wird am 21. Dezember bekannt, dass in diesem Jahr knapp 22.200 Personen in ihre Heimatl\u00e4nder abgeschoben wurden (2016: ca. 25.400).<\/p>\n<p><b>Rassistische Handlungen:<\/b> In Bergkamen (NRW) wird ein <a href=\"https:\/\/www.morgenpost.de\/vermischtes\/article212714339\/Brandanschlag-auf-Bauarbeiter-Unterkunft.html\">Brandanschlag auf eine Unterkunft rum\u00e4nischer und moldawischer Bauarbeiter<\/a> ver\u00fcbt. 31 von ihnen werden verletzt, sieben lebensgef\u00e4hrlich. Durch eine <a href=\"http:\/\/www.faz.net\/aktuell\/politik\/ausland\/fremdenfeindlichkeit-wieder-mehr-angriffe-auf-fluechtlinge-15320723.html\">parlamentarische Anfrage<\/a> der Linksfraktion wird am 2. Dezember bekannt, dass es bis Ende September bundesweit zu insgesamt 1.067 Angriffe auf Fl\u00fcchtlinge gekommen ist (2016: \u00fcber 2.500). <a href=\"http:\/\/www.spiegel.de\/panorama\/justiz\/arnstadt-in-thueringen-syrer-auf-weihnachtsmarkt-angegriffen-a-1182529.html\">Am 7.Dezember<\/a> greift in Arnstadt (Th\u00fcringen) eine Gruppe von acht bis zehn M\u00e4nnern auf den Weihnachtsmarkt einen Standbetreiber und dessen syrischen Angestellten an. In einem Berliner Sp\u00e4tkauf p\u00f6beln am 8. Dezember zwei M\u00e4nner \u00fcber die Getr\u00e4nkepreise. Als der Inhaber sie des Ladens verweist, <a href=\"http:\/\/www.tagesspiegel.de\/berlin\/berlin-kreuzberg-getraenkedose-zu-teuer-maenner-wueten-im-spaetkauf\/20691474.html\">beschimpfen sie ihn rassistisch<\/a> und bespucken und schlagen seine Kollegin. Sie werden festgenommen. In einem Berliner Bus verweigert <a href=\"https:\/\/www.morgenpost.de\/berlin\/article212929103\/Fahrer-soll-rassistische-Frau-aus-dem-Bus-geschmissen-haben.html\">am 22. Dezember<\/a> eine Frau einem dunkelh\u00e4utigen Mann den freien Sitzplatz neben sich. Der Busfahrer verweist sie des Busses. Wiederum in Berlin bep\u00f6belt <a href=\"https:\/\/www.berliner-zeitung.de\/berlin\/polizei\/polizeibericht-betrunkener-mann-poebelt-familie-fremdenfeindlich-an-29389932\">am 23. Dezember<\/a> ein betrunkener Mann eine deutsch-t\u00fcrkische Familie rassistisch. Er wird kurzfristig festgenommen. <a href=\"https:\/\/www.morgenpost.de\/berlin\/article212964695\/27-jaehriger-Mann-attackiert-und-beleidigt-syrische-Familie.html\">Am 27. Dezember<\/a> beleidigt und schubst in Berlin erneut ein Betrunkener eine syrische Frau mit ihren S\u00f6hnen.<\/p>\n<p>2. Dezember: <b>Alternative f\u00fcr Deutschland (AfD):<\/b> In Hannover (Niedersachsen) <a href=\"http:\/\/www.spiegel.de\/politik\/deutschland\/afd-parteitag-in-hannover-polizei-setzt-wasserwerfer-ein-a-1181410.html\">blockieren mehrere hundert DemonstrantInnen<\/a> die Zufahrtswege zum Bundesparteitag der rechtspopulistischen AfD; es kommt zu Wasserwerfereins\u00e4tzen. <a href=\"https:\/\/www.ndr.de\/nachrichten\/niedersachsen\/hannover_weser-leinegebiet\/Protest-gegen-AfD-Parteitag-mehrere-Verletzte,afd1380.html\">Insgesamt<\/a> protestieren an diesem Tag etwa 6.500 Menschen. Bei einer Diskussionsveranstaltung \u201eWie gehen wir mit der AfD um?\u201c in Berlin kommt es <a href=\"http:\/\/www.tagesspiegel.de\/medien\/veranstaltung-zur-afd-gesprengt-einer-provoziert-einer-filmt-alle-anderen-machtlos\/20700662.html\">am 11. Dezember<\/a> zun\u00e4chst zu Provokationen durch einen AfD-Anh\u00e4nger und anschlie\u00dfend zu einem Tumult. <a href=\"http:\/\/www.spiegel.de\/politik\/deutschland\/afd-bundestag-hebt-immunitaet-von-abgeordneten-auf-a-1183182.html\">Am 13. Dezember<\/a> hebt der Bundestag auf Antrag der Staatsanwaltschaft (StA) die Immunit\u00e4t von zwei AfD-Abgeordneten auf. Der Grund der Ermittlungen bleibt unklar. <a href=\"http:\/\/www.faz.net\/aktuell\/politik\/inland\/rechtsextremismus-mutmasslicher-helfer-von-franco-a-will-fuer-afd-arbeiten-15343674.html\">Am 16. Dezember<\/a> wird durch Presseberichte bekannt, dass ein m\u00f6glicher Mitt\u00e4ter des unter Terrorverdacht angeklagten, rechtsextremen Bundeswehroffizier Franco A., bei seinem Vorgesetzten einen Antrag auf eine Nebent\u00e4tigkeit bei der AfD-Bundestagsfraktion gestellt hat. Der Mann war im Sommer aus der Untersuchungshaft entlassen; es wird jedoch weiter gegen ihn ermittelt.<\/p>\n<p>3. Dezember: <b>Angriffe auf Polizisten:<\/b> Die StA M\u00fcnchen (Bayern) <a href=\"http:\/\/www.abendzeitung-muenchen.de\/inhalt.bayern-schuesse-auf-polizistin-schuetze-bei-tat-nicht-schuldfaehig.38d129dd-ec6a-41cd-806a-73ee04b853d2.html\">gibt bekannt<\/a>, dass gegen den Mann, der im Juni eine Polizistin in den Kopf geschossen hatte, vermutlich keine Anklage erhoben werde, da er als geistig verwirrt und somit zur Tatzeit als schuldunf\u00e4hig gelte. Die verletzte Beamtin liegt in einer Spezialklinik, ihr Zustand ist unver\u00e4ndert. Auf dem Bahnhof J\u00fcterbog (Brandenburg) wollen Polizeibeamte <a href=\"https:\/\/www.morgenpost.de\/berlin\/polizeibericht\/article212774739\/30-Jaehrige-bespritzt-Polizisten-mit-Muttermilch.html\">am 8. Dezember<\/a> die Identit\u00e4t von zwei Schwarzfahrern feststellen; daraufhin schl\u00e4gt ein junger Mann nach den Beamten und seine Begleiterin bespritzt sie mit Muttermilch. In Berlin wird ein Mann <a href=\"https:\/\/www.morgenpost.de\/berlin\/polizeibericht\/article212792243\/Betrunkener-geht-auf-Polizisten-los-drei-Beamte-verletzt.html\">von einem anderen geschlagen und ruft die Polizei<\/a>. Als die Beamten die Personalien des Angreifers aufnehmen wollen, werden sie von ihm und seinen Begleitern ebenfalls angegriffen. Ein Beamter muss im Krankenhaus behandelt werden, zwei weitere werden leicht verletzt. Ebenfalls in Berlin nehmen <a href=\"https:\/\/www.morgenpost.de\/berlin\/article212788493\/Mob-geht-auf-Polizisten-los.html\">am 10. Dezember<\/a> Polizisten in einer Stra\u00dfenbahn einen mutma\u00dflichen Drogendealer fest. Beim Aussteigen werden sie von etwa 30 Personen bedr\u00e4ngt und angegriffen. Es muss Verst\u00e4rkung angefordert werden; drei Beamte werden leicht verletzt. Erneut greifen in Berlin <a href=\"https:\/\/www.morgenpost.de\/berlin\/polizeibericht\/article212887693\/Schoenhauser-Allee-Randalierer-tritt-Polizist-ins-Gesicht.html\">am 17. Dezember<\/a> drei M\u00e4nner nach ihrer Festnahme die Beamten an, dabei tritt einer von ihnen einem Polizisten ins Gesicht. Bei einer Verkehrskontrolle in N\u00f6rdlingen (Bayern) <a href=\"http:\/\/www.sueddeutsche.de\/bayern\/noerdlingen-autofahrerin-gibt-bei-kontrolle-ploetzlich-gas-und-schleift-polizisten-mit-1.3802773\">am 21. Dezember<\/a> gibt eine Frau pl\u00f6tzlich Gas und schleift einen Polizisten mehrere Meter weit mit und verletzt ihn dabei schwer. Sie wird sp\u00e4ter festgenommen. In M\u00f6nchengladbach (NRW) werden <a href=\"https:\/\/www.nrz.de\/region\/niederrhein\/streitende-gruppe-attackiert-polizisten-in-moenchengladbach-id212940663.html\">am 27.Dezember<\/a> zwei zu einer Streitschlichtung eintreffende Polizisten von den Streitenden mit Tritten, Schl\u00e4gen und Pfefferspray angegriffen. Durch weitere Einsatzkr\u00e4fte k\u00f6nnen vier Personen festgenommen werden. Als Polizeibeamte in Berlin <a href=\"https:\/\/www.morgenpost.de\/berlin\/polizeibericht\/article212948215\/Mutmasslicher-Betrueger-faehrt-Beamte-an-Polizisten-verletzt.html\">am 26. Dezember<\/a> den Wagen eines mutma\u00dflichen Betr\u00fcgers stoppen wollen, f\u00e4hrt die Beamten an. <a href=\"https:\/\/www.morgenpost.de\/berlin\/polizeibericht\/article212979449\/Mann-schiesst-Boeller-auf-Polizisten-Menge-feuert-ihn-an.html\">Am 30. Dezember<\/a> wird in Berlin ein Polizist mit Silvesterb\u00f6llern beschossen, er bleibt unverletzt. Der Mann wird festgenommen. In mehreren St\u00e4dten werden <a href=\"http:\/\/www.spiegel.de\/politik\/deutschland\/silvester-politiker-verurteilen-angriffe-auf-einsatzkraefte-a-1185784.html\">in der Silvesternacht<\/a> PolizeibeamtInnen und Feuerwehrleute teilweise massiv angegriffen.<\/p>\n<p><b>Leichenschau:<\/b> Bei einer dreij\u00e4hrigen Studie zur Leichenschau entdeckte das Institut f\u00fcr Rechtsmedizin der Universit\u00e4t Rostock (Mecklenburg-Vorpommern) bei der \u00dcberpr\u00fcfung von Totenscheinen lediglich 223 ohne Fehler. In 44 F\u00e4llen sp\u00fcrten sie dabei sogar unentdeckte Morde auf. Dies wird durch <a href=\"http:\/\/www.spiegel.de\/panorama\/justiz\/rechtsmediziner-warnen-vor-schlampiger-leichenschau-a-1181505.html\">Presseberichte<\/a> bekannt.<\/p>\n<p>4. Dezember: <b>Asyl:<\/b> Durch <a href=\"http:\/\/www.faz.net\/aktuell\/politik\/inland\/erfolgreiche-klagen-gegen-asylbescheid-nehmen-zu-15323364.html\">Presseberichte<\/a> wird bekannt, dass das Bundesamt f\u00fcr Migration und Fl\u00fcchtlinge (BAMF) im ersten Halbjahr knapp 220.000 Asylentscheidungen gef\u00e4llt hat. Fast jedeR zweite AsylbewerberIn hat anschlie\u00dfend gegen die Ablehnung geklagt; mehr als jedeR vierte erfolgreich. Von Mai bis September kam es <a href=\"https:\/\/www.morgenpost.de\/politik\/inland\/article212735157\/Mehr-Faelle-von-Kirchenasyl.html\">nach Z\u00e4hlung des BAMF<\/a> zu 679 F\u00e4llen von Kirchen-Asyl (gleicher Zeitraum 2016: 389). <a href=\"https:\/\/www.berliner-zeitung.de\/politik\/verfahren-nach-ablehnung\u2014zahl-der-asylklagen-auf-200-000-verdoppelt-29413422\">Laut Presseberichten<\/a> vom 31. Dezember liegt die Zahl der Asylklagen 2017 bei rund 320.000 (2016: ca. 70.000.<\/p>\n<p><b>Rockerkriminalit\u00e4t:<\/b> Einem beisitzenden Richter in einem Rockerprozess, in dem es um einen Mord geht, werden die Aktentasche und der Laptop mit einem Gro\u00dfteil der Akten <a href=\"https:\/\/www.morgenpost.de\/berlin\/article212771543\/Rocker-Prozess-Richter-Laptop-aus-dem-Auto-gestohlen.html\">aus dem Auto gestohlen<\/a>. Unter Berufung auf Abh\u00f6r- und Observationsprotokolle deutscher Sicherheitsbeh\u00f6rden, berichten Medien <a href=\"http:\/\/www.spiegel.de\/politik\/deutschland\/osmanen-germania-erdogan-vertrauter-soll-rocker-mit-geld-versorgt-haben-a-1183006.html\">am 12. Dezember<\/a> \u00fcber mehrfache Geld\u00fcbergaben eines t\u00fcrkischen Abgeordneten an die Rockergruppe \u201eOsmanen Germania\u201c. Durch weitere Presseberichte wird <a href=\"http:\/\/www.faz.net\/aktuell\/politik\/inland\/arbeiten-die-osmanen-germania-fuer-erdogan-und-die-akp-15339437.html\">am 13. Dezember<\/a> bekannt, dass die StA Stuttgart (Baden-W\u00fcrttemberg) gegen acht \u201eOsmanen\u201c-Mitglieder Anklage wegen versuchtem Totschlag, gef\u00e4hrlicher K\u00f6rperverletzung und Zuh\u00e4lterei erhoben hat.<\/p>\n<p><b>Fu\u00dfball-Hooligans:<\/b> Vor dem Champions-League-Spiel FC des Bayern gegen Paris Saint-Germain gehen am Hauptbahnhof M\u00fcnchen (Bayern) 60 Anh\u00e4nger der beiden Clubs <a href=\"http:\/\/www.sueddeutsche.de\/muenchen\/polizei-in-muenchen-fussballfans-gehen-am-hauptbahnhof-aufeinander-los-1.3779173\">aufeinander los<\/a>. Die Polizei \u00fcberpr\u00fcft die Personalien und nimmt drei Bayern-Fans vor\u00fcbergehend fest. In Bremen werden vor einer Bundesligapartie zwischen Werder Bremen und Mainz 05 Hooligan-Gruppen beider Vereine vor einer verabredeten Schl\u00e4gerei von der Polizei <a href=\"http:\/\/www.faz.net\/aktuell\/gesellschaft\/kriminalitaet\/fsv-mainz-werder-bremen-busfahrer-verhindert-ultra-pruegelei-15345513.html\">aufgebracht und in Gewahrsam genommen<\/a>; nach dem Spiel randalieren etwa 80 Bremer Ultras in einer Kneipe. In M\u00fcnchen (Bayern) greifen <a href=\"http:\/\/www.sueddeutsche.de\/muenchen\/massenschlaegerei-bayern-ultras-attackieren-loewen-fans-1.3807958\">am 24. Dezember<\/a> etwa 30-40 Fans des FC Bayern in einer Bar eine rivalisierende Gruppe an; es kommt zu mehreren Verletzten und massiven Sachsch\u00e4den. 12 Hooligans k\u00f6nnen festgenommen werden.<\/p>\n<p>5. Dezember: <b>G20-Gipfel: <\/b>Ein Hamburger Amtsgericht (AG) verurteilt einen Mann wegen Beteiligung an den Ausschreitungen vom Juli <a href=\"http:\/\/www.spiegel.de\/panorama\/justiz\/hamburg-g20-randalierer-zu-gut-drei-jahren-haft-verurteilt-a-1181842.html\">zu einer Haftstrafe von drei Jahren und drei Monaten<\/a>. Es ist das bislang h\u00e4rteste Urteil, allerdings noch nicht rechtskr\u00e4ftig. Am gleichen Tag <a href=\"http:\/\/www.spiegel.de\/panorama\/justiz\/g20-gipfel-in-hamburg-polizei-startet-razzia-in-sechs-bundeslaendern-a-1181686.html\">durchsucht die Polizei<\/a> in einer gro\u00dfangelegten Razzia in acht Bundesl\u00e4ndern mehr als 20 linke Objekte. Um weitere Beweise f\u00fcr die Ausschreitungen beim G20-Gipfel zu finden, werden Datentr\u00e4ger und Kommunikationsmittel sichergestellt. <a href=\"https:\/\/www.berliner-zeitung.de\/berlin\/polizei\/g20-razzia-linke-szene-wurde-vor-bundesweiter-durchsuchung-gewarnt-29020646\">Presseberichten zufolge<\/a> wussten AktivistInnen jedoch bereits seit dem Vortag von dem bevorstehenden Einsatz und verschickten SMS-Warnungen. Nach dem G20-Gipfel laufen derzeit \u00fcber 3.000 Ermittlungsverfahren. Dies erkl\u00e4rt Hamburgs Polizeipr\u00e4sident am 8. Dezember <a href=\"http:\/\/www.spiegel.de\/panorama\/justiz\/g20-gipfel-in-hamburg-polizeipr\u00e4sident-entlastet-rote-flora-a-1182394.html\">in einem Presseinterview<\/a>. F\u00fcr die Ausschreitungen macht er einen \u201einternationalen Mob\u201c verantwortlich, das autonome Zentrum Rote Flora habe eher keine aktive Rolle gespielt. Insgesamt wirft die Hamburger StA 75 TeilnehmerInnen der G20-Demonstration schweren Landfriedensbruch vor. Dies geht <a href=\"http:\/\/www.spiegel.de\/panorama\/justiz\/g20-gerhard-strate-haelt-vorgehen-von-polizei-am-rondenbarg-fuer-nicht-rechtens-a-1183340.html\">am 15. Dezember<\/a> aus Presseberichten hervor. In einer gro\u00dfangelegten \u00d6ffentlichkeitsfahndung ver\u00f6ffentlicht die Hamburger Polizei <a href=\"http:\/\/www.spiegel.de\/panorama\/justiz\/g20-oeffentlichkeitsfahndung-nach-104-mutmasslichen-randalierrn-gestartet-a-1183952.html\">am 18. Dezember<\/a> 104 Fotos von gesuchten G20-AktivistInnen. <a href=\"http:\/\/www.spiegel.de\/panorama\/justiz\/g20-in-hamburg-mutmasslicher-randalierer-meldet-sich-bei-der-polizei-a-1184077.html\">Noch am gleichen Tag<\/a> meldet sich einer der Gesuchten und gibt an, an Pl\u00fcnderungen beteiligt gewesen zu sein. <a href=\"https:\/\/www.berliner-zeitung.de\/berlin\/polizei\/54-portraits-linksextreme-veroeffentlichen-polizistenfotos-im-internet-29315228\">Im Gegenzug<\/a> zeigen Linksradikale auf der Internet-Plattform de.indymedia.org die Fotos von 54 PolizistInnen. Durch Presseberichte wird <a href=\"http:\/\/www.spiegel.de\/panorama\/justiz\/g20-gipfel-in-hamburg-polizisten-erhielten-einblick-in-zeugenaussagen-a-1184189.html\">am 19. Dezember<\/a> bekannt, dass Polizeibeamte in mindestens einem Fall vor einem G20-Prozess die Aussageprotokolle von Kollegen einsehen konnten. <a href=\"http:\/\/www.faz.net\/aktuell\/politik\/inland\/hamburgs-justizsenator-verteidigt-oeffentlichkeitsfahndung-nach-g-20-15351701.html\">Am 20. Dezember<\/a> teilt die Hamburger Polizei mit, dass durch die \u00d6ffentlichkeitsfahndung bereits sechs Personen identifiziert werden konnten. Zur Sitzung des Hamburger Sonderausschusses zu den G20-Ausschreitungen am 21. Dezember erscheinen die als Zeugen geladenen Vertreter des Bundesamtes f\u00fcr Verfassungsschutz (BfV), des Bundeskriminalamtes (BKA) und der Bundespolizei (BPol) nicht, sondern sagen\u00a0<a href=\"http:\/\/www.faz.net\/aktuell\/politik\/inland\/sonderausschuss-zu-g-20-krawallen-kommt-kaum-voran-15355425.html\"> kurzfristig ab<\/a>.<\/p>\n<figure id=\"attachment_13620\" aria-describedby=\"caption-attachment-13620\" style=\"width: 210px\" class=\"wp-caption alignright\"><a href=\"http:\/\/www.cilip.de\/wp-content\/uploads\/2018\/01\/Rigaer94_Drohbrief.jpeg\"><img loading=\"lazy\" decoding=\"async\" class=\"size-medium wp-image-13620\" src=\"https:\/\/www.cilip.de\/wp-content\/uploads\/2018\/01\/Rigaer94_Drohbrief-210x300.jpeg\" alt=\"\" width=\"210\" height=\"300\" srcset=\"https:\/\/wp-dev.daten.cool\/wp-content\/uploads\/2018\/01\/Rigaer94_Drohbrief-210x300.jpeg 210w, https:\/\/wp-dev.daten.cool\/wp-content\/uploads\/2018\/01\/Rigaer94_Drohbrief-716x1024.jpeg 716w, https:\/\/wp-dev.daten.cool\/wp-content\/uploads\/2018\/01\/Rigaer94_Drohbrief-768x1098.jpeg 768w, https:\/\/wp-dev.daten.cool\/wp-content\/uploads\/2018\/01\/Rigaer94_Drohbrief.jpeg 800w\" sizes=\"auto, (max-width: 210px) 100vw, 210px\" \/><\/a><figcaption id=\"caption-attachment-13620\" class=\"wp-caption-text\">Drohbrief, den Berliner AktivistInnen erhielten und <a href=\"https:\/\/de.indymedia.org\/node\/16467\">im Internet ver\u00f6ffentlichten<\/a>.<\/figcaption><\/figure>\n<p>Durch ein <a href=\"https:\/\/de.indymedia.org\/node\/16467\">Posting auf de.indymedia.org<\/a> und anschlie\u00dfende <a href=\"http:\/\/www.spiegel.de\/panorama\/justiz\/g20-autonome-erhalten-hochbrisante-drohbriefe-a-1185445.html\">Presseberichte<\/a> wird am 30. Dezember bekannt, dass in linken Berliner Szene-Treffpunkten anonyme Briefe eingegangen sind, in denen gedroht wird, 42 angebliche AktivistInnen der autonomen Szene an die Polizei oder rechtsradikale Gruppen zu melden.<\/p>\n<p><b>Fall Oury Jalloh:<\/b> Der Landtag Sachsen-Anhalt <a href=\"http:\/\/www.spiegel.de\/panorama\/justiz\/oury-jalloh-landtag-von-sachsen-anhalt-erhaelt-einsicht-in-ermittlungsakten-a-1181894.html\">erh\u00e4lt Einsicht in die Ermittlungsakten<\/a> zum Fall des 2005 in einer Dessauer Polizeizelle verbrannten Asylbewerbers Oury Jalloh. Dies teilt Landesjustizministerin Keding (CDU) mit. Durch Presseberichte wird <a href=\"https:\/\/www.berliner-zeitung.de\/politik\/drei-tote-in-dessau-ein-eigentlich-unvorstellbares-szenario\u201429256548\">am 7. Dezember<\/a> bekannt, dass der ermittelnde Staatsanwalt in einem Vermerk vom April des Jahres den Feuertod Jallohs mit drei anderen, \u00e4lteren mysteri\u00f6sen Todesf\u00e4llen in der Zust\u00e4ndigkeit des Dessauer Reviers nicht mehr ausschlie\u00dft. Der ermittelnde Oberstaatsanwalt <a href=\"https:\/\/www.morgenpost.de\/vermischtes\/article212762341\/Fall-Oury-Jalloh-Staatsanwalt-wirft-Polizei-Vertuschung-vor.html\">h\u00e4lt es demnach f\u00fcr m\u00f6glich<\/a>, dass Jalloh schwer misshandelt wurde und \u201edas Versterben eines weiteren H\u00e4ftlings neuerliche Untersuchungen ausl\u00f6sen w\u00fcrde\u201c.<\/p>\n<p><b>Missst\u00e4nde an Berliner Polizeischulen:<\/b> In Berlin zieht des Nachts <a href=\"http:\/\/www.tagesspiegel.de\/berlin\/polizei-justiz\/berlin-spandau-polizei-auszubildende-randalieren-in-haselhorst\/20675146.html\">eine Gruppe von Polizeisch\u00fclern randalierend<\/a> durch den Stadtteil Haselhorst. Am 7. Dezember <a href=\"https:\/\/www.morgenpost.de\/berlin\/article212764311\/Nach-Kritik-Polizei-ueberarbeitet-Einstellungsverfahren.html\">wird bekannt<\/a>, dass die Einstellungsverfahren bei der Polizei laut einem internen Bericht \u00fcberarbeitet werden sollen.<\/p>\n<p align=\"left\">\u201e<b>Reichsb\u00fcrger\u201c:<\/b> In Wusterhausen (Brandenburg) <a href=\"https:\/\/www.morgenpost.de\/berlin\/article212761285\/Reichsbuerger-muss-wegen-Volksverhetzung-ins-Gefaengnis.html\">nimmt die Polizei einen \u201eReichsb\u00fcrger\u201c fest<\/a>, der eine Zahlung von 18.000 EUR wegen Volksverhetzung verweigert hatte. Er muss nun eine Ersatzfreiheitsstrafe von 180 Tagen absitzen. <a href=\"http:\/\/www.spiegel.de\/panorama\/justiz\/dietmannsried-reichsbuerger-schiesst-um-sich-sek-nimmt-ihn-fest-a-1182206.html\">Am 6. Dezember<\/a> schie\u00dft in Dietmannsried (Bayern) ein \u201eReichsb\u00fcrger\u201c mehrfach um sich. Daraufhin umstellt die Polizei sein Haus und nimmt ihn am n\u00e4chsten Morgen fest. Nach Angaben des Bayerischen Landesamtes f\u00fcr Verfassungsschutz <a href=\"http:\/\/www.abendzeitung-muenchen.de\/inhalt.1200-verdachtsfaelle-verfassungsschutz-mehr-als-3500-reichsbuerger-in-bayern.9137bbfc-53e2-4a68-9f44-3f5889b72c8b.html\">vom 23. Dezember<\/a> gibt es in Bayern aktuell mehr als 3.500 \u201eReichsb\u00fcrger\u201c; weitere 1.200 Verdachtsf\u00e4lle w\u00fcrden noch gepr\u00fcft (2016: 1.700).<\/p>\n<p align=\"left\">\u201e<b>Patriotische Europ\u00e4er gegen die Islamisierung des Abendlandes\u201c (Pegida):<\/b> Durch <a href=\"http:\/\/www.sueddeutsche.de\/politik\/pegida-saechsische-justiz-erlaubt-den-verkauf-von-galgen-fuer-merkel-und-gabriel-1.3779461\">Presseberichte<\/a> wird bekannt, dass die StA Chemnitz (Sachsen) die Ermittlungen gegen einen Mann wegen Volksverhetzung eingestellt hat. Der Mann verkauft kleine Nachbildungen eines Pegida-Galgens f\u00fcr Bundeskanzlerin Angela \u201eMutti\u201c Merkel (CDU) und Bundesau\u00dfenminister Sigmar \u201eDas Pack\u201c Gabriel (SPD). Bei den Galgen handele es sich um Kunst, so die StA (Az: 250 Js 28707\/17).<\/p>\n<p><b>\u201eGaffer\u201c:<\/b> Nach einem Hochhausbrand in Saarbr\u00fccken (Saarland) mit vier Toten und \u00fcber 20 Verletzten <a href=\"http:\/\/www.spiegel.de\/panorama\/justiz\/saarbruecken-polizei-ermittelt-nach-hochhausbrand-gegen-gaffer-a-1181862.html\">ermittelt die Polizei<\/a> gegen drei sogenannte Gaffer. Nach einem schweren Verkehrsunfall auf der Autobahn bei Greifswald (Mecklenburg-Vorpommern) mit sechs Verletzten behindern Personen <a href=\"https:\/\/www.berliner-zeitung.de\/panorama\/schwerer-unfall-gaffer-behindern-rettungskraefte-auf-ostsee-autobahn-a20-29254952\">am 6. Dezember<\/a> die Rettungsarbeiten, so dass zus\u00e4tzliche Sicherheitskr\u00e4fte eingesetzt werden m\u00fcssen. Das AG in G\u00fcnzburg (Bayern) verurteilt <a href=\"http:\/\/www.spiegel.de\/panorama\/justiz\/guenzburg-gaffer-zu-geldstrafe-und-fahrverbot-verurteilt-a-1182972.html\">am 12. Dezember<\/a> eine Person, die im September nach einem Autobahnunfall einen sterbenden Motorradfahrer gefilmt hatte, zu einer Geldstrafe von 2.700 EUR und einmonatigem Fahrverbot. In Gelsenkirchen (NRW) behindern nach einem schweren Verkehrsunfall <a href=\"https:\/\/www.berliner-zeitung.de\/panorama\/unfall\u2014gaffer-stoeren-versorgung-von-zwei-schwerverletzten-29307762\">am 16. Dezember<\/a> vier M\u00e4nner die Rettungsarbeiten derart, dass die Polizei schlie\u00dflich einen Mann vorl\u00e4ufig festnimmt. In Stadtbergen (Bayern) verursacht eine Person am Rande eines Feuerwehreinsatzes <a href=\"http:\/\/www.sueddeutsche.de\/bayern\/augsburg-gaffer-verursacht-unfall-mit-euro-schaden-1.3802192\">einen Verkehrsunfall<\/a>. <a href=\"https:\/\/www.berliner-zeitung.de\/panorama\/fahrer-eingeklemmt-gaffer-behindern-rettungseinsatz-nach-autounfall-29413268\">Am 30. Dezember<\/a> behindern Personen in Oberursel (Hessen) nach einem Verkehrsunfall einen Rettungseinsatz so massiv, dass die Polizei einschreiten muss.<\/p>\n<p>6. Dezember: <b>Spionageermittlungen:<\/b> Die Bundesanwaltschaft (BAW) stellt ihre Ermittlungen gegen 19 Geistliche des Dachverbandes der t\u00fcrkischen Moscheegemeinden (Ditib) <a href=\"http:\/\/www.spiegel.de\/politik\/deutschland\/ditib-bundesanwalrschaft-stoppt-ermittlungen-a-1181993.html\">aus Mangel an Beweisen ein<\/a>. Sie standen unter dem Verdacht, im Auftrag der t\u00fcrkischen Religionsbeh\u00f6rde Anh\u00e4nger des islamischen Predigers Fethullah G\u00fclen ausgesp\u00e4ht zu haben.<\/p>\n<p><b>Gewalt gegen Obdachlose:<\/b> Die Polizei in Bochum (NRW) l\u00f6st eine <a href=\"http:\/\/www.faz.net\/aktuell\/gesellschaft\/kriminalitaet\/bochum-obdachloser-fast-zu-tode-gepruegelt-und-unter-steinen-versteckt-15328032.html\">\u00d6ffentlichkeitsfahndung nach einem Mann<\/a> aus, der im November einen Obdachlosen brutal zusammengeschlagen und anschlie\u00dfend unter Paletten mit Steinen und Splitts\u00e4cken versteckt hatte. Nach Stunden wurde der Mann entdeckt und kam schwerverletzt ins Krankenhaus.<\/p>\n<p>7. Dezember: <b>Bundesnachrichtendienst:<\/b> In einem geheimen Bericht kommt das im Fr\u00fchjahr neu geschaffene \u201eUnabh\u00e4ngige Gremium\u201c zur Kontrolle des Bundesnachrichtendienstes (BND) <a href=\"http:\/\/www.sueddeutsche.de\/politik\/exklusiv-bnd-behindert-kontrollgremium-bei-der-arbeit-1.3782566\">zu dem Ergebnis<\/a>, es k\u00f6nne seine Aufgabe nur eingeschr\u00e4nkt aus\u00fcben, da der BND Einsicht in wichtige Unterlagen verweigert. <a href=\"http:\/\/www.taz.de\/BND-speichert-ohne-Rechtsgrundlage\/!5467835\/\">Am 14. Dezember<\/a> erkl\u00e4rt das Bundesverwaltungsgericht (BVerwG) die Speicherung und Auswertung von Telefon-Verkehrsdaten durch den BND f\u00fcr rechtswidrig. Soweit sich die Klage auf Email- und Internet-Verkehrsdaten bezog, wurde sie abgewiesen. Geklagt hatten Mitglieder der Organisation \u201eReporter ohne Grenzen\u201c und ein Rechtsanwalt; das Urteil bezieht sich sich nur auf die klagenden Personen (Az: 6 A 6.16).<\/p>\n<p><b>Fremdenfeindliche Angriffe:<\/b> In Jena (Th\u00fcringen) greift ein Mann einen syrisches Kind auf dem Schulweg <a href=\"https:\/\/www.morgenpost.de\/vermischtes\/article212816679\/Mann-greift-syrischen-Jungen-13-in-Jena-mit-Messer-an.html\">mit einem Messer an<\/a> und verletzt es am Hals.<\/p>\n<p>8. Dezember: <b>Terroranschlag auf Berliner Weihnachtsmarkt:<\/b> Durch <a href=\"https:\/\/www.morgenpost.de\/berlin\/article212769281\/Weitere-Panne-des-Berliner-LKA-im-Fall-Amri.html\">Presseberichte<\/a> wird bekannt, dass die Berliner Polizei im Oktober 2016 eine Nachfrage des Landeskriminalamtes (LKA) NRW nach Informationen zum sp\u00e4teren Attent\u00e4ter Anis Amri unbeantwortet gelassen hatte. In NRW war zuvor eine Warnung des marokkanischen Geheimdienstes eingegangen. Unter Berufung auf Ermittlungsakten der BAW und des BKA <a href=\"http:\/\/www.tagesspiegel.de\/berlin\/medienberichte-anis-amri-hatte-womoeglich-noch-andere-anschlagsziele-im-visier\/20716760.html\">hei\u00dft es am 15. Dezember<\/a>, dass Amri vor seinem Anschlag am Breitscheidplatz auch andere Weihnachtsm\u00e4rkte auskundschaftete. <a href=\"https:\/\/www.welt.de\/politik\/deutschland\/article171657711\/Anis-Amri-wurde-schon-2015-gezielt-ueberwacht.html\">Auch berichten Medien<\/a>, dass Amri sp\u00e4testens seit November 2015 von mehreren Sicherheitsbeh\u00f6rden \u00fcberwacht wurde und das BfV eine eigene Sachbearbeiterin f\u00fcr ihn eingesetzt hatte. Am 18. Dezember <a href=\"https:\/\/www.berliner-zeitung.de\/berlin\/anschlag-am-breitscheidplatz-verfassungsschutz-wehrt-sich-gegen-vorwuerfe-im-fall-amri-29315496\">bestreitet das BfV diese Meldung<\/a>. Zum Jahrestag des Anschlags <a href=\"http:\/\/www.tagesspiegel.de\/politik\/der-anschlag-vom-breitscheidplatz-gedenken-und-gedanken-ein-jahr-spaeter\/20759116.html\">am 19. Dezember<\/a> wird am Berliner Breitscheidplatz ein Mahnmal eingeweiht.<\/p>\n<p><b>Love-Parade-Katastrophe:<\/b> <a href=\"https:\/\/www.berliner-zeitung.de\/politik\/mammutprozess-zum-loveparade-unglueck-beginnt-29260498\">In einer eigens f\u00fcr den Prozess angemieteten D\u00fcsseldorfer Kongresshalle<\/a> er\u00f6ffnet das Landgericht (LG) Duisburg (NRW) die Verhandlung gegen sechs Mitarbeiter der Stadt und vier der Veranstalter wegen fahrl\u00e4ssiger T\u00f6tung und fahrl\u00e4ssiger K\u00f6rperverletzung. Bei der Love-Parade in Duisburg 2010 waren bei einer Massenpanik 21 Menschen zu Tode gekommen und mindestens 652 verletzt worden. <a href=\"http:\/\/www.spiegel.de\/panorama\/justiz\/love-parade-prozess-vorwurf-der-koerperverletzung-ausgeweitet-a-1183207.html\">Am 13. Dezember<\/a> weitet das LG die K\u00f6rperverletzungsvorw\u00fcrfe von urspr\u00fcnglich 18 auf bis zu 50 F\u00e4lle aus, zudem <a href=\"http:\/\/www.sueddeutsche.de\/panorama\/duesseldorf-gericht-lehnt-befangenheitsantraege-im-loveparade-prozess-ab-1.3790424\">weist es Befangenheitsantr\u00e4ge gegen zwei Ersatzsch\u00f6ffen ab<\/a>. Am 20. Dezember <a href=\"http:\/\/www.spiegel.de\/panorama\/justiz\/love-parade-prozess-verteidiger-beantragen-einstellung-des-verfahrens-a-1184364.html\">beantragen einige Verteidiger<\/a> den Prozess einzustellen, da die Anklage zu ungenau sei.<\/p>\n<p><b>Pal\u00e4stinenser-Demonstration:<\/b> Vor der US-Botschaft in Berlin demonstrieren etwa 1.200 Pal\u00e4stinenserInnen gegen die Entscheidung des amerikanischen Pr\u00e4sidenten, Jerusalem als israelische Hauptstadt anzuerkennen. Es kommt zu vereinzelten St\u00f6rungen; <a href=\"https:\/\/www.morgenpost.de\/berlin\/polizeibericht\/article212778153\/Polizei-loest-Palaestinenser-Demo-vor-US-Botschaft-auf.html\">mehrere Personen werden vorl\u00e4ufig festgenommen<\/a>.<\/p>\n<p><b>Ermittlungen gegen Polizeibeamte:<\/b> Die Berliner StA hat in der Aff\u00e4re um marode Schie\u00dfst\u00e4nde <a href=\"https:\/\/www.berliner-zeitung.de\/berlin\/polizei\/marode-schiessstaende-ermittlungen-gegen-polizeipraesident-klaus-kandt\u201429260918\">ein Ermittlungsverfahren gegen Polizeipr\u00e4sident Klaus Kandt<\/a> wegen K\u00f6rperverletzung im Amt und Versto\u00df gegen die Chemikalienverordnung eingeleitet hat. Durch <a href=\"https:\/\/www.morgenpost.de\/politik\/article212962743\/Immer-mehr-Polizisten-muessen-gegen-Polizisten-ermitteln.html\">Presseberichte<\/a> wird am 29. Dezember bekannt, dass es in den vergangenen 10 Jahren bundesweit rund 4.000 Ermittlungsverfahren gegen Polizisten und Zollbeamte gab. Hauptgr\u00fcnde sind dabei K\u00f6rperverletzung, Rechtsextremismus und Drogenmissbrauch.<\/p>\n<p><b>Tod bei Festnahme:<\/b> In Burgwald (Hessen) wird die Polizei zu einem Bauarbeiterstreit gerufen. Als einer der M\u00e4nner festgenommen werden soll, leistet er massiven Widerstand und <a href=\"http:\/\/www.faz.net\/aktuell\/gesellschaft\/kriminalitaet\/mann-stirbt-bei-festnahme-staatsanwaltschaft-marburg-sowie-das-lka-ermitteln-15334193.html\">stirbt pl\u00f6tzlich aus \u201ebisher noch ungekl\u00e4rten Gr\u00fcnden\u201c<\/a>.<\/p>\n<p>9. Dezember: <b>Dschihadismus:<\/b> Mit Stand von November sitzen in Berliner Gef\u00e4ngnissen 23 als Gef\u00e4hrder eingestufte Islamisten ein (2016: 11). Dies geht aus einer <a href=\"https:\/\/www.berliner-zeitung.de\/berlin\/polizei\/berliner-justiz-immer-mehr-gefaehrder-kommen-ins-gefaengnis-29266100\">parlamentarischen Anfrage<\/a> der Berliner Linksfraktion hervor. Aus den nah\u00f6stlichen Kampfgebieten sind bisher rund 50 deutsche Islamistinnen zur\u00fcckgekehrt. So steht es <a href=\"https:\/\/www.berliner-zeitung.de\/politik\/extremistinnen-aus-deutschland-50-dschihadistinnen-aus-syrien-und-irak-zurueckgekehrt-29306660\">in der Antwort auf eine Anfrage<\/a> der Linksfraktion im Bundestag. Am <a href=\"http:\/\/www.spiegel.de\/politik\/deutschland\/viele-gefaehrder-in-deutschland-wohl-nicht-so-gefaehrlich-wie-gedacht-a-1183829.html\">18. Dezember<\/a> wird bekannt, dass BKA und L\u00e4nderpolizeien potentielle islamistische Gef\u00e4hrder mit einem neuen Analyse-System \u00fcberpr\u00fcfen. <a href=\"http:\/\/www.spiegel.de\/politik\/deutschland\/salafisten-verfassungsschutz-in-nrw-nimmt-islamistische-frauen-ins-visier-a-1185053.html\">Nach Angaben<\/a> des Pr\u00e4sidenten des nordrhein-westf\u00e4lischen Verfassungsschutzes <a href=\"https:\/\/www.berliner-zeitung.de\/politik\/sauerland-gruppe-frau-von-terrorzellen-chef-agitiert-als-salafistin-29401530\">vom 26. Dezember<\/a> hat sein Landesamt \u201eein so genanntes Schwestern-Netzwerk mit 40 Frauen\u201c als m\u00f6gliche Gef\u00e4hrder \u201eim Blick\u201c. Hierzu geh\u00f6re auch die Frau des Chefs der 2007 enttarnten \u201eSauerland-Gruppe\u201c.<\/p>\n<p><b>Polizeischuss:<\/b> Als Polizeibeamte in Berlin nach einem Supermarkt\u00fcberfall den Fluchtwagen auf einem Parkplatz entdecken, <a href=\"https:\/\/www.berliner-zeitung.de\/berlin\/polizei\/polizist-gibt-schuss-ab-raeuber-wollen-auf-der-flucht-beamte-ueberfahren-29268698\">versuchen die T\u00e4ter die Polizisten zu \u00fcberfahren<\/a>. Daraufhin gibt ein Beamter einen Schuss auf die Reifen ab; die T\u00e4ter k\u00f6nnen entkommen.<\/p>\n<p>11. Dezember: <b>Salafismus:<\/b> <a href=\"http:\/\/www.tagesspiegel.de\/politik\/salafisten-szene-waechst-fragmentierung-und-privatisierung-des-salafismus\/20692688.html\">Nach Erkenntnissen des BfV<\/a> ist die Zahl der Salafisten in Deutschland auf 10.800 gestiegen (2016: 9.700).<\/p>\n<p><b>Polizeisch\u00fcsse: <\/b>In Bornheim-Roisdorf (NRW) wird die Polizei alarmiert, weil ein Mann versucht Sperrm\u00fcll anzuz\u00fcnden. Als die Beamten ihn \u00fcberpr\u00fcfen wollen, greift er einen von ihnen mit einer Axt an. Der Beamte gibt daraufhin <a href=\"http:\/\/www.spiegel.de\/panorama\/justiz\/bonn-polizist-mit-axt-bedroht-angreifer-angeschossen-a-1182706.html\">mehrere Sch\u00fcsse auf seine Beine ab<\/a>. Am Rande eines Weihnachtsmarktes in Hannover (Niedersachsen) l\u00f6st sich ein Schuss aus einer polizeilichen Maschinenpistole; am 13. Dezember kommt es zu einem \u00e4hnlichen Zwischenfall auf einem Polizeigel\u00e4nde. Verletzt wird in beiden F\u00e4llen niemand; <a href=\"http:\/\/www.faz.net\/aktuell\/gesellschaft\/ungluecke\/polizist-schiesst-versehentlich-nahe-weihnachtsmarkt-15344137.html\">die Waffen werden eingezogen<\/a>. In Heiligenhafen (Schleswig-Holstein) wird die Polizei zu einem Einsatz <a href=\"http:\/\/www.spiegel.de\/panorama\/justiz\/heiligenhafen-mann-schiesst-mit-luftgewehr-auf-polizisten-a-1184713.html\">wegen h\u00e4uslicher Gewalt gerufen<\/a>. Dabei werden sie von dem Mann mit einem S\u00e4bel und einem Luftgewehr bedroht, aus dem er auch einzelne Sch\u00fcsse abgibt. Als er nach einem polizeilichen Warnschuss die Waffen nicht niederlegt, schie\u00dfen die Beamten auf seine Beine ohne ihn jedoch zu treffen. Schlie\u00dflich kann der Mann festgenommen werden.<\/p>\n<p><b>Prozesse gegen mutma\u00dfliche Dschihadisten:<\/b> Die BAW <a href=\"http:\/\/www.spiegel.de\/politik\/deutschland\/bundesanwaltschaft-erhebt-anklage-gegen-dschihadisten-anfuehrer-a-1182769.html\">erhebt Anklage<\/a> gegen zwei im Mai festgenommene M\u00e4nner. Sie wirft ihnen vor, ab 2012 hochrangige Mitglieder der syrischen Al-Nusra-Front und sp\u00e4ter des \u201eIslamischen Staat\u201c (IS) gewesen zu sein.<\/p>\n<p>12. Dezember: <b>Rechtsextremistische Terrorgruppe NSU:<\/b> Im M\u00fcnchner NSU-Prozess <a href=\"http:\/\/www.sueddeutsche.de\/politik\/terrorismus-opferanwaeltin-verteidigt-angeklagten-im-nsu-prozess-1.3789631\">erkl\u00e4rt eine Opferanw\u00e4ltin in ihrem Pl\u00e4doyer<\/a>, sie sehe keine Grundlage f\u00fcr eine Verurteilung des Mitangeklagten Ralf Wohlleben wegen Beihilfe zum Mord. Zudem kritisiert sie andere Opferanw\u00e4lte zum Teil scharf. Durch <a href=\"http:\/\/www.sueddeutsche.de\/politik\/nsu-schwester-eines-nsu-mordopfers-fuehlt-sich-von-anwaeltin-getaeuscht-1.3797710\">Presseberichte<\/a> wird am 18. Dezember bekannt, dass ihre Mandantin daraufhin beim Gericht die Entpflichtung ihrer Anw\u00e4ltin beantragt hat.<\/p>\n<p><b>Bundeswehrsoldat unter Terrorverdacht:<\/b> Die BAW erhebt vor dem OLG Frankfurt\/M. (Hessen) Anklage gegen den rechtsextremen Bundeswehroffizier Franco A. <a href=\"http:\/\/www.spiegel.de\/politik\/deutschland\/bundeswehr-generalbundesanwalt-klagt-franco-a-an-a-1182957.html\">wegen Vorbereitung eines Terroraktes<\/a>. Erst Ende November war der Haftbefehl gegen A. vom Bundesgerichtshof (BGH) aufgehoben worden.<\/p>\n<p>14. Dezember: <b>Festnahmen von mutma\u00dflichen Dschihadisten:<\/b> In Berlin durchsucht die Polizei mehrere Objekte von mutma\u00dflichen Gef\u00e4hrdern und <a href=\"https:\/\/www.morgenpost.de\/berlin\/article212850043\/Razzia-gegen-Islamisten-in-Berlin.html\">nimmt mehrere Personen fest<\/a>. Sie sollen aus dem Umfeld des Weihnachtsmarkt-Attent\u00e4ters Anis Amri stammen. Ein Berliner Kammergericht (KG) hebt <a href=\"https:\/\/www.berliner-zeitung.de\/berlin\/polizei\/berliner-kammergericht-islamistischer-gefaehrder-kommt-per-gerichtsbeschluss-frei-29316354\">am 18. Dezember<\/a> die Haftbefehle von drei mutma\u00dflichen Islamisten wegen zu langer Untersuchungshaft auf. In Karlsruhe (Baden-W\u00fcrttemberg) l\u00e4sst die BAW <a href=\"http:\/\/www.spiegel.de\/politik\/deutschland\/karlsruhe-islamist-soll-anschlag-auf-christkindlesmarkt-geplant-haben-a-1184402.html\">am 20. Dezember<\/a> einen Mann unter dem Verdacht festnehmen, Kontakte zum IS und einen Anschlag in der N\u00e4he des Karlsruher Christkindlesmarkt geplant zu haben. <a href=\"http:\/\/www.spiegel.de\/politik\/deutschland\/karlsruhe-terrorverdaechtiger-dasbar-w-muss-in-untersuchungshaft-a-1184525.html\">Am 21. Dezember<\/a> wird er in Untersuchungshaft genommen.<\/p>\n<p align=\"left\">\u201e<b>Scharia-Polizei\u201c:<\/b> Vor dem BGH beginnt der <a href=\"https:\/\/www.berliner-zeitung.de\/politik\/nach-freispruechen-bgh-beschaeftigt-sich-mit-wuppertaler\u2014scharia-polizei--29292872\">Revisionsprozess gegen sieben Angeklagte<\/a>, die im September 2014 in orangefarbenen Warnwesten als selbsternannte Sittenw\u00e4chter durch die Innenstadt von Wuppertal (NRW) patroullierten um junge Muslime vom Besuch von Gastst\u00e4tten und Discotheken abzuhalten.<\/p>\n<p>15. Dezember: <b>Automatische Gesichtserkennung:<\/b> Bundesinnenminister Thomas de Maizi\u00e8re (CDU) <a href=\"https:\/\/www.morgenpost.de\/berlin\/article212862057\/Umstrittene-Gesichtserkennung-am-Suedkreuz-wird-verlaengert.html\">verl\u00e4ngert das im August gestartete Gesichtserkennungsprogramm<\/a> an einem Berliner S-Bahnhof um weitere sechs Monate. Urspr\u00fcnglich hatte es Ende Januar 2018 enden sollen.<\/p>\n<p>16. Dezember: \u201e<b>Identit\u00e4re Bewegung\u201c:<\/b> In Halle (Sachsen-Anhalt) beginnt die rechtsextreme \u201eIdentit\u00e4re Bewegung\u201c damit, <a href=\"http:\/\/www.spiegel.de\/politik\/deutschland\/identitaere-bewegung-will-in-halle-zentrum-aufbauen-anwohner-wehren-sich-a-1182062.html\">ein Haus als \u201estrategisches Zentrum\u201c aufzubauen<\/a>. Am Jahrestag des Berliner Weihnachtsmarktanschlages stellen AktivistInnen der \u201eIdentit\u00e4ren Bewegung\u201c <a href=\"https:\/\/www.morgenpost.de\/vermischtes\/article212899243\/Identitaere-stellen-Gedenksteine-am-Brandenburger-Tor-auf.html\">am 19. Dezember<\/a> vor dem Brandenburger Tor \u201eGedenksteine\u201c f\u00fcr die \u201eOpfer des islamistischen Terrors\u201c auf. Die Polizei entfernt die Steine und pr\u00fcft einen Versto\u00df gegen das Versammlungsrecht.<\/p>\n<p>17. Dezember: <b>Rechte und fremdenfeindliche Angriffe auf Fl\u00fcchtlingsheime:<\/b> Vor einem Asylbewerberheim in Rangsdorf (Brandenburg) <a href=\"https:\/\/www.morgenpost.de\/berlin\/article212893335\/31-jaehriger-Mann-schiesst-vor-Fluechtlingsheim.html\">\u00e4u\u00dfert sich ein Betrunkener rassistisch<\/a> und schie\u00dft mit einer Schreckschusswaffe in Richtung des Wachschutzes. Er wird festgenommen. Unter Berufung auf das BKA kam es laut <a href=\"http:\/\/www.spiegel.de\/politik\/deutschland\/fluechtlingsheime-in-deutschland-weniger-angriffe-in-2017-a-1184645.html\">Presseberichten<\/a> in diesem Jahr bundesweit zu insgesamt 264 Angriffen auf Fl\u00fcchtlingsheime (2016: 995 \/ 2015: 1.031 \/ 2014: 199).<\/p>\n<p>19. Dezember: <b>Kinderpornografie:<\/b> Bundesweit ermitteln Polizei und StA in L\u00f6rrach (Baden-W\u00fcrttemberg) <a href=\"http:\/\/www.faz.net\/aktuell\/gesellschaft\/kriminalitaet\/loerrach-mehr-als-60-verdaechtige-bei-ermittlungen-wegen-kinderpornos-15349755.html\">in einer gro\u00dfangelegten Aktion<\/a> gegen \u00fcber 60 Verd\u00e4chtige im Zusammenhang mit Kinderpornografie. Auf die Spur gekommen waren sie ihnen bei der Hausdurchsuchung eines Hauptverd\u00e4chtigen im Landkreis L\u00f6rrach.<\/p>\n<p><b>Antisemitische Beleidigungen:<\/b> Vor seinem Restaurant in Berlin wird der israelische Besitzer von einem Mann <a href=\"http:\/\/www.spiegel.de\/politik\/deutschland\/berlin-antisemit-beschimpft-juden-vor-israelischem-restaurant-a-1184377.html\">antisemitisch angep\u00f6belt<\/a>. Eine zuf\u00e4llig vorbeifahrende Polizeistreife nimmt den Mann fest. Gegen ihn werden Ermittlungen wegen Volksverhetzung und Widerstand gegen Polizeibeamte eingeleitet. Ein Berliner AG verurteilt am 20. Dezember einen Musiker einer rechtsgerichteten HipHop-Band <a href=\"https:\/\/www.morgenpost.de\/berlin\/article212907233\/Gegen-Juden-und-Auslaender-gehetzt-Nazirapper-verurteilt.html\">wegen Volksverhetzung zu einer einj\u00e4hrigen Bew\u00e4hrungsstrafe<\/a>. Die Band hatte in einem Song gegen Juden und Ausl\u00e4nderInnen gehetzt. Von Januar bis Mitte Dezember kam es <a href=\"http:\/\/www.tagesspiegel.de\/berlin\/antisemitismus-statistik-228-judenfeindliche-straftaten-seit-januar-in-berlin\/20767836.html\">nach Polizeiangaben<\/a> in Berlin zu 228 antisemitischen Vorf\u00e4llen (2016: 231).<\/p>\n<p>20. Dezember: <b>Polizistinnen get\u00f6tet:<\/b> Bei der Aufnahme eines Wildunfalls wird bei Gro\u00df-Gerau (Hessen) eine Polizistin <a href=\"https:\/\/www.morgenpost.de\/vermischtes\/article212903573\/Polizistin-wird-bei-Einsatz-angefahren-und-stirbt.html\">angefahren und get\u00f6tet<\/a>. Auf der Autobahn bei Viersen (NRW) f\u00e4hrt <a href=\"https:\/\/www.berliner-zeitung.de\/panorama\/toedlicher-unfall-lkw-kracht-auf-a61-bei-viersen-in-streifenwagen---polizistin-stirbt-29401396\">am 27. Dezember<\/a> ein LKW in einen, auf dem Seitenstreifen stehenden Polizeiwagen. Eine Beamtin stirbt noch am Unfallort, eine weitere ger\u00e4t in Lebensgefahr.<\/p>\n<p>21. Dezember: <b>Anschlag auf Fu\u00dfballmannschaft:<\/b> Vor dem LG Dortmund (NRW) <a href=\"http:\/\/www.sueddeutsche.de\/panorama\/prozessauftakt-spekulation-mit-dem-tod-1.3799588\">beginnt der Prozess<\/a> gegen einen Mann, der im April drei Bomben neben dem Mannschaftsbus des Fu\u00dfballvereins Borussia Dortmund gez\u00fcndet haben soll. Ihm wird 28-facher Mordversuch und Herbeif\u00fchren einer Sprengstoffexplosion vorgeworfen.<\/p>\n<p>22. Dezember: <b>Rechtsradikale und fremdenfeindliche Angriffe auf Fl\u00fcchtlinge:<\/b> Laut <a href=\"http:\/\/www.spiegel.de\/politik\/deutschland\/fluechtlingsheime-in-deutschland-weniger-angriffe-in-2017-a-1184645.html\">Presseberichten<\/a> unter Berufung auf das BKA kam es in diesem Jahr bundesweit zu insgesamt 743 Angriffen auf Fl\u00fcchtlinge.<\/p>\n<p><b>Homophobe Angriffe:<\/b> In Berlin werden zwei M\u00e4nner von einer sechsk\u00f6pfigen Gruppe <a href=\"https:\/\/www.morgenpost.de\/berlin\/polizeibericht\/article212935119\/Schwules-Paar-in-Neukoelln-von-homophobem-Mob-angegriffen.html\">homophob beleidigt<\/a>, angegriffen und leicht verletzt. Die T\u00e4ter k\u00f6nnen unerkannt entkommen.<\/p>\n<p>23. Dezember: <b>Ermittlungen gegen mutma\u00dfliche Dschihadisten:<\/b> In diesem Jahr wurden etwa 1.000 Verfahren wegen Terrorismusverdacht mit islamistischem Hintergrund eingeleitet (2016: ca. 200). Dies <a href=\"http:\/\/www.spiegel.de\/politik\/deutschland\/karlsruhe-terrorverfahren-bei-bundesanwaltschaft-fast-verfuenffacht-a-1184803.html\">gibt die BAW bekannt<\/a>.<\/p>\n<p>27. Dezember: <b>Stasi-Akteneinsicht:<\/b> Bei der Stasi-Unterlagenbeh\u00f6rde wurden bisher <a href=\"https:\/\/www.morgenpost.de\/politik\/inland\/article212946977\/Mehr-als-3-2-Millionen-Antraege-auf-Einsicht-in-Stasi-Akten.html\">mehr als 3,2 Millionen Antr\u00e4ge auf Akteneinsicht<\/a> gestellt.<\/p>\n<h3>Beitragsbild: Bericht der BILD-Zeitung zur G20-Fotofahndung vom 19. Dezember 2017.<\/h3>\n","protected":false},"excerpt":{"rendered":"<p>zusammengestellt von Otto Diederichs Rechtsradikalismus: Ende September registrierte die Polizei bundesweit offene Haftbefehle gegen insgesamt<\/p>\n","protected":false},"author":2,"featured_media":13622,"comment_status":"open","ping_status":"open","sticky":false,"template":"","format":"standard","meta":{"footnotes":""},"categories":[6],"tags":[667,820,1094,1186,1195,1216],"class_list":["post-13617","post","type-post","status-publish","format-standard","has-post-thumbnail","hentry","category-chronologien","tag-geheimdienste","tag-justiz","tag-polizei","tag-rassismus","tag-rechtsextremismus","tag-repression"],"_links":{"self":[{"href":"https:\/\/wp-dev.daten.cool\/index.php?rest_route=\/wp\/v2\/posts\/13617","targetHints":{"allow":["GET"]}}],"collection":[{"href":"https:\/\/wp-dev.daten.cool\/index.php?rest_route=\/wp\/v2\/posts"}],"about":[{"href":"https:\/\/wp-dev.daten.cool\/index.php?rest_route=\/wp\/v2\/types\/post"}],"author":[{"embeddable":true,"href":"https:\/\/wp-dev.daten.cool\/index.php?rest_route=\/wp\/v2\/users\/2"}],"replies":[{"embeddable":true,"href":"https:\/\/wp-dev.daten.cool\/index.php?rest_route=%2Fwp%2Fv2%2Fcomments&post=13617"}],"version-history":[{"count":0,"href":"https:\/\/wp-dev.daten.cool\/index.php?rest_route=\/wp\/v2\/posts\/13617\/revisions"}],"wp:featuredmedia":[{"embeddable":true,"href":"https:\/\/wp-dev.daten.cool\/index.php?rest_route=\/wp\/v2\/media\/13622"}],"wp:attachment":[{"href":"https:\/\/wp-dev.daten.cool\/index.php?rest_route=%2Fwp%2Fv2%2Fmedia&parent=13617"}],"wp:term":[{"taxonomy":"category","embeddable":true,"href":"https:\/\/wp-dev.daten.cool\/index.php?rest_route=%2Fwp%2Fv2%2Fcategories&post=13617"},{"taxonomy":"post_tag","embeddable":true,"href":"https:\/\/wp-dev.daten.cool\/index.php?rest_route=%2Fwp%2Fv2%2Ftags&post=13617"}],"curies":[{"name":"wp","href":"https:\/\/api.w.org\/{rel}","templated":true}]}}