{"id":13790,"date":"2018-02-04T13:13:44","date_gmt":"2018-02-04T13:13:44","guid":{"rendered":"https:\/\/www.cilip.de\/?p=13790"},"modified":"2018-02-04T13:13:44","modified_gmt":"2018-02-04T13:13:44","slug":"chronologie-januar-2018","status":"publish","type":"post","link":"https:\/\/wp-dev.daten.cool\/?p=13790","title":{"rendered":"Chronologie Januar 2018"},"content":{"rendered":"<h3>zusammengestellt von Otto Diederichs<\/h3>\n<p><b>Rechte und fremdenfeindliche Angriffe auf Fl\u00fcchtlingsheime:<\/b> In Cottbus (Brandenburg) st\u00fcrmen vier M\u00e4nner und zwei Frauen in der Neujahrsnacht eine Fl\u00fcchtlingsunterkunft und schlagen auf BewohnerInnen ein. Zu einem \u00e4hnlichen Vorfall soll es <a href=\"http:\/\/www.spiegel.de\/politik\/deutschland\/cottbus-staatsschutz-ermittelt-zu-angriff-auf-heim-fuer-fluechtlinge-a-1186814.html\">auch in Brandenbauch in Brandenburgurg<\/a> (Brandenburg) gekommen sein. Die Stadtverwaltung Cottbus <a href=\"https:\/\/www.berliner-zeitung.de\/berlin\/brandenburg\/cottbus-brutaler-vorfall-in-fluechtlingsheim-wird-genauer-untersucht-29467040\">\u00fcberpr\u00fcft<\/a> nach dem Vorfall an Neujahr nun den Sicherheitsdienst auf eventuelle Fehler. Vor dem Landgericht ( LG) Braunschweig (Niedersachsen) gesteht <a href=\"http:\/\/www.spiegel.de\/panorama\/justiz\/braunschweig-angeklagter-gesteht-brandstiftung-in-fluechtlingsheim-a-1189133.html\">am 22. Januar<\/a> ein Mitarbeiter einer Sicherheitsfirma die Brandanstiftung in einem Fl\u00fcchtlingsheim im Sommer 2016 aus pers\u00f6nlichem Frust; fremdenfeindliche Motive bestreitet er jedoch. Bei einer Fl\u00fcchtlingsunterkunft in Berlin werden <a href=\"http:\/\/www.tagesspiegel.de\/berlin\/polizei-justiz\/berlin-spandau-scheiben-von-fluechtlingsunterkunft-beschaedigt\/20901870.html\">am 28. Januar<\/a> mehrere Scheiben eingeschlagen.<!--more--><\/p>\n<p><b>Angriffe auf Polizisten:<\/b> In Berlin schie\u00dfen Jugendliche <a href=\"https:\/\/www.morgenpost.de\/berlin\/polizeibericht\/article212990833\/Jugendliche-schiessen-mit-Schreckschusswaffe-auf-Polizeiwagen.html\">am Neujahrsabend<\/a> mit Schreckschusswaffen Pyrotechnik auf einen Streifenwagen. Bis Verst\u00e4rkung eintrifft, sind sie bereits verschwunden. Im Rahmen einer Verkehrskontrolle wird <a href=\"https:\/\/www.morgenpost.de\/berlin\/polizeibericht\/article213077875\/Kleinwagen-flieht-vor-Polizei-und-verletzt-Polizisten.html\">am 10. Januar<\/a> in Berlin ein Polizist beim \u00d6ffnen der Fahrert\u00fcr verletzt, als der Fahrer pl\u00f6tzlich flieht. Er wird sp\u00e4ter festgenommen. In Pasing (Bayern) versucht ein ertappter Ladendieb einem Polizisten <a href=\"http:\/\/www.suedddeutsche.de\/muenchen\/kriminalitaet-ladendieb-versucht-polizist-dienstwaffe-zu-entreissen-1.3821711\">die Pistole zu entrei\u00dfen<\/a>. Dem Beamten gelingt es, dem Mann rechtzeitig den Finger zu verbiegen. Unabh\u00e4ngig voneinander werden <a href=\"http:\/\/www.sueddeutsche.de\/bayern\/regensburg-vier-angriffe-auf-polizisten-1.3824859\">am 13.\/14. Januar<\/a> in Regensburg (Bayern) bei Festnahmen vier Polizisten angegriffen. Drei von ihnen werden dabei schwerer verletzt. W\u00e4hrend eines Stromausfalls bei der Berliner S-Bahn \u00f6ffnet ein Fahrgast <a href=\"http:\/\/www.tagesspiegel.de\/berlin\/polizei-justiz\/chaos-und-gewalt-im-berufsverkehr-raucher-in-der-s-bahn-schlaegt-polizisten\/20855428.html\">am 17. Januar<\/a> die T\u00fcr um zu rauchen. Als ihn ein Bundespolizist in Zivil daraufhin anspricht, schl\u00e4gt ihm der Raucher heftig ins Gesicht. Er wird festgenommen. In der Antwort auf eine parlamentarische Anfrage der FDP-Fraktion <a href=\"https:\/\/www.morgenpost.de\/berlin\/polizeibericht\/article213180123\/Zahl-der-Angriffe-auf-Polizeiautos-verdoppelt.html\">hei\u00dft es<\/a>, dass es in Berlin 2017 zu insgesamt 87 Angriffen mit Steinen auf Polizeifahrzeuge kam (2016: 48 \/ 2015:54). <a href=\"http:\/\/www.sueddeutsche.de\/muenchen\/2.220\/gefaehrliche-einsaetze-mann-greift-nach-polizeiwaffe-beamte-koennen-ihn-baendigen-1.3837628\">Am 22. Januar<\/a> wird in M\u00fcnchen (Bayern) die Polizei zu einer mutma\u00dflichen Misshandlung einer Frau gerufen. Als die Beamten eintreffen, greift der Mann sie an versucht einem Polizisten die Waffe zu entrei\u00dfen. In einer Berliner S-Bahn randaliert <a href=\"https:\/\/www.morgenpost.de\/berlin\/polizeibericht\/article213212251\/Randalierer-in-S-Bahn-greift-Bundespolizisten-an.html\">am 24. Januar<\/a> ein betrunkener Mann. Als Beamte der Bundespolizei (BPol) ihn aus dem Zug holen, greift er sie an; er wird festgenommen.<\/p>\n<p><b>Alternative f\u00fcr Deutschland (AfD):<\/b> Nach einem Silvester-Tweet der Polizei in K\u00f6ln (NRW) in arabischer Sprache <a href=\"http:\/\/www.spiegel.de\/politik\/deutschland\/koelner-polizei-stellt-strafanzeige-gegen-beatrix-von-storch-a-1185793.html\">erregt sich<\/a> die AfD-Bundestagsabgeordnete Beatrix von Storch auf Twitter und spricht von \u201emuslimischen, gruppenvergewaltigenden M\u00e4nnerhorden\u201c. Daraufhin erstattet die Polizei Anzeige gegen die Politikerin; Twitter verh\u00e4ngt eine zeitweise Schreibsperre. Bundesweit erfolgen weitere <a href=\"https:\/\/www.berliner-zeitung.de\/politik\/tweet-ueber-muslimische-maenner-mehrere-hundert-strafanzeigen-gegen-beatrix-von-storch-29422176\">mehrere hundert Strafanzeigen<\/a> wegen Volksverhetzung. <a href=\"https:\/\/www.morgenpost.de\/politik\/article213002887\/AfD-Politiker-nennt-Boris-Beckers-Sohn-Noah-Halbneger.html\">Am 2. Januar<\/a> bezeichnet ein anderer AfD-Bundestagsabgeordneter den Sohn des Ex-Tennisstars Boris Becker auf Twitter als \u201ekleinen Halbneger\u201c. Daraufhin erkl\u00e4rt Beckers Anwalt <a href=\"http:\/\/www.faz.net\/aktuell\/politik\/inland\/jens-maier-sorgt-mit-rassistischem-tweet-fuer-empoerung-15373228.html\">am 4. Januar<\/a>, er sei beauftragt worden, rechtliche Schritte einzuleiten. <a href=\"https:\/\/www.morgenpost.de\/berlin\/article213048835\/AFD-Politikerin-veroeffentlicht-Plakate-aus-der-NS-Zeit.html\">Am 6. Januar<\/a> postet eine Berliner AFD-Politikerin NS-Plakate auf ihrer Facebook-Seite. Unter Androhung eines Ordnungsgeldes bis zu 250.000 EUR untersagt das Berliner LG dem AfD-Abgeordneten <a href=\"http:\/\/www.spiegel.de\/politik\/deutschland\/noah-becker-afd-politiker-jens-maier-darf-rassistischen-tweet-nicht-wiederholen-a-1187162.html\">am 10. Januar<\/a>, seine rassistischen \u00c4u\u00dferungen \u00fcber Noah Becker zu wiederholen. Vor einem Amtsgericht (AG) in Berlin beginnt <a href=\"https:\/\/www.berliner-zeitung.de\/berlin\/polizei\/kay-nerstheimer-afd-politiker-kommt-wegen-volksverhetzung-vor-gericht-29560188\">am 26. Januar<\/a> der Prozess gegen einen AfD-Politiker wegen Volksverhetzung. Er hatte Dezember 2014 Schwule und Lesben als k\u00f6rperlich und sozial minderwertig bezeichnet.<\/p>\n<p>2. Januar: <b>Stasi-Akten: <\/b>Durch Presseberichte wird bekannt, dass mangels entsprechender Technik bisher <a href=\"http:\/\/www.faz.net\/aktuell\/politik\/inland\/zerrissene-stasi-akten-behoerde-stoppt-rekonstruktion-15369823.html\">lediglich 23 von insgesamt rund 15.500 S\u00e4cken<\/a> mit zerrissenen Stasi-Akten rekonstruiert werden konnten.<\/p>\n<p>3. Januar: <b>Love-Parade-Katastrophe:<\/b> Im Prozess um die Love-Parade-Katastrophe vom Juli 2010 mit 21 Toten und rund 652 Verletzten weist das LG Duisburg (NRW) eine weitere Besetzungsr\u00fcge der Verteidigung <a href=\"http:\/\/www.spiegel.de\/panorama\/justiz\/love-parade-prozess-gericht-weist-besetzungsruege-zurueck-a-1186000.html\">zur\u00fcck<\/a>. Am <a href=\"http:\/\/www.spiegel.de\/panorama\/justiz\/love-parade-prozess-in-nrw-land-will-offenbar-mehr-geld-bereitstellen-a-1187229.html\">11. Dezember<\/a> gab der NRW-Sozialminister bekannt, das Land NRW werde zun\u00e4chst 300.000 EUR bereitstellen um Opfer und Hinterbliebene der Love-Parade-Katastrophe w\u00e4hrend des Prozesses zu unterst\u00fctzen. Weitere Gelder sollen folgen. Trotz des Protestes eines Verteidigers sagt <a href=\"https:\/\/www.berliner-zeitung.de\/panorama\/-wie-sardinen-in-der-buechse--erste-zeugin-sagt-im-loveparade-prozess-aus-29468486\">am 11. Januar<\/a> im Prozess die erste Zeugin aus.<\/p>\n<p><b>Polizeisch<\/b><b>\u00fc<\/b><b>ss<\/b><b>e<\/b><b>:<\/b> Als Polizeibeamte in Velbert (NRW) eine Massenschl\u00e4gerei aufl\u00f6sen wollen, werden sie selbst massiv bedr\u00e4ngt, was erst durch einen Warnschuss <a href=\"http:\/\/www.faz.net\/aktuell\/gesellschaft\/kriminalitaet\/velbert-polizei-gibt-warnschuss-ab-bei-massenschlaegerei-15373339.html\">beendet werden kann<\/a>. In Oberursel (Hessen) wird <a href=\"https:\/\/www.morgenpost.de\/vermischtes\/article213077887\/Hund-faellt-84-Jaehrige-an-und-wird-von-Polizisten-erschossen.html\">am 11. Januar<\/a> eine Frau von einem Hund angefallen. Als er von den alarmierten Polizisten mit Schlagst\u00f6cken nicht zu stoppen ist, wird er erschossen. Die Frau muss ins Krankenhaus gebracht werden.<\/p>\n<p>5. Januar: <b>F<\/b><b>all Oury Jalloh:<\/b><b> <\/b>Anl\u00e4sslich des 13. Todestages von Oury Jalloh in einer Polizeizelle in Dessau (Th\u00fcringen) demonstrieren in der Stadt <a href=\"http:\/\/www.spiegel.de\/panorama\/justiz\/oury-jalloh-zum-13-todestag-demonstrieren-tausende-in-dessau-a-1186648.html\">zwischen 3.000 und 4.000 Menschen<\/a> und fordern weitere Ermittlungen zu seinem Feuertod. Durch <a href=\"https:\/\/www.berliner-zeitung.de\/politik\/fall-oury-jalloh-justiz-tadelt-hinweisgeber-nach-feuerdrama-29437758\">Presseberichte<\/a> wird zudem bekannt, dass ein Mitarbeiter des LG Dessau (Sachsen-Anhalt) in den Jahren 2013 und 2014 vergeblich versucht hatte, Strafanzeige gegen einen Polizisten zu erstatten. Auf Druck von Vorgesetzten hatte er jedoch schlie\u00dflich darauf verzichtet. Ein CDU-Abgeordneter des Landtages <a href=\"https:\/\/www.berliner-zeitung.de\/politik\/die-linke-reagiert-empoert-cdu-abgeordneter-nennt-oury-jalloh---aggressiven-kokser--29455254\">nennt den Gedenkmarsch abwertend<\/a> einen \u201epolitischen Aufguss\u201c und Jalloh auf Facebook einen \u201eaggressiven Kokser\u201c.<\/p>\n<p><b>Terroranschlag auf Berliner Weihnachtsmarkt:<\/b> Vor dem Berliner Untersuchungsausschuss zum Weihnachtsmarktanschlag von 2017 <a href=\"https:\/\/www.berliner-zeitung.de\/politik\/attentaeter-abschiebung-von-anis-amri-scheiterte-an-rechtlichen-huerden-29436920\">erkl\u00e4rt ein Mitarbeiter des Innenministeriums NRW<\/a>, eine Abschiebung des Attent\u00e4ters Anis Amri sei 2016 vor allem am Widerstand Tunesiens gescheitert. F\u00fchrungsbeamte der f\u00fcr die Attentatsermittlungen zust\u00e4ndigen Polizeiabteilung wurden trotz der noch weitgehend offenen Aktenmanipulationsvorw\u00fcrfe <a href=\"https:\/\/www.berliner-zeitung.de\/berlin\/polizei\/fall-amri-lka-beamte-befoerdert---trotz-manipulierter-akten-29481898\">zwischenzeitlich bef\u00f6rdert<\/a>. Bisher sind von den Berliner Sicherheitsbeh\u00f6rden 61 Ordner mit Untersuchungsunterlagen an den Berliner Untersuchungsausschuss geliefert worden. Innensenator Andreas Geisel <a href=\"https:\/\/www.berliner-zeitung.de\/berlin\/terror-akten-geisel-verteidigt-sich-gegen-vorwurf\u2014u-ausschuss-zu-behindern-29520738\">weist Vorw\u00fcrfe zur\u00fcck<\/a>, seine Beh\u00f6rde w\u00fcrde die Arbeit des Ausschusses behindern. Durch Presseberichte unter Berufung auf ein beh\u00f6rdeninternes Dokument der Berliner Polizei wird <a href=\"https:\/\/www.morgenpost.de\/berlin\/article213215939\/Anti-Terror-Kommissariat-schon-vor-Amri-Anschlag-ueberlastet.html\">am 25. Januar<\/a> bekannt, dass das zust\u00e4ndige Anti-Terrorismus-Kommissariat des Berliner Landeskriminalamtes (LKA) bereits im Oktober 2015 die Beh\u00f6rdenleitung auf eine personelle Unterbesetzung hingewiesen hatte. <a href=\"https:\/\/www.berliner-zeitung.de\/berlin\/staatsschutz-leiterin-jutta-porzucek\u2014amri-spielte-fuer-uns-keine-besondere-rolle--29564130\">Am 26. Januar<\/a> sagt im Berliner Untersuchungsausschuss die Leiterin des Staatsschutzes aus und erkl\u00e4rt, der sp\u00e4tere Attent\u00e4ter Anis Amri habe trotz Observierung und Abh\u00f6raktionen keine besonderen Erkenntnisse erbracht. Als weiterer Zeuge sagt an diesem Tag der fr\u00fchere Leiter des Staatsschutzes NRW aus <a href=\"https:\/\/www.morgenpost.de\/berlin\/article213230887\/NRW-Polizeiexperte-Anis-Amri-galt-nicht-als-hochgefaehrlich.html\">und erkl\u00e4rt<\/a>, Amri sei in Besprechungen nicht als hochgef\u00e4hrlich eingestuft und ein Anschlag f\u00fcr \u201eeher unwahrscheinlich\u201c gehalten worden.<\/p>\n<p><b>Bodycams:<\/b> Der Hauptpersonalrat der BPol hat seine Zustimmung zum Einsatz von Bodycams <a href=\"https:\/\/www.morgenpost.de\/berlin\/article213017635\/Stopp-fuer-Bodycams-bei-der-Bundespolizei.html\">verweigert<\/a>, weil wesentliche Datenschutzfragen ungekl\u00e4rt seien. Die Ausr\u00fcstung ist damit vorerst gestoppt. Die Testphase am Berliner Hauptbahnhof <a href=\"https:\/\/www.morgenpost.de\/berlin\/article213053099\/Polizisten-wehren-sich-gegen-Bodycams-bei-der-Bundespolizei.html\">wird dennoch verl\u00e4ngert<\/a>. Rheinland-Pfalz hat <a href=\"http:\/\/www.behoerden-spiegel.de\/icc\/Internet\/sub\/f7e\/f7e4039a-3159-0161-f170-b5a401fa2e0c,,,aaaaaaaa-aaaa-aaaa-bbbb-000000000003&amp;uMen=2b620c03-4c4e-5411-c9b9-a612700266cb.htm\">seine gesamte Landespolizei<\/a> unterdessen mit Bodycams ausgestattet.<\/p>\n<p>8. Januar: <b>Fl\u00fcchtlingsmanagement:<\/b> Die Berliner Staatsanwaltschaft (StA) hat bereits <a href=\"http:\/\/(https:\/\/www.morgenpost.de\/berlin\/article213037321\/Staatsanwaelte-ermitteln-weiter-gegen-Chef-der-Senatskanzlei.html\">seit \u00fcber einem Jahr<\/a> gegen den Chef der Senatskanzlei und Mitarbeiter einer Unternehmensberatung wegen des Vorwurfs der Vorteilsnahme und Vorteilsgew\u00e4hrung ermittelt.<\/p>\n<p><b>Anschlag auf Fu\u00dfballmannschaft: <\/b>Im Prozess vor dem Schwurgericht Dortmund (NRW) um den Bombenanschlag auf den Mannschaftsbus des Vereins Borussia Dortmund <a href=\"http:\/\/www.spiegel.de\/panorama\/justiz\/borussia-dortmund-angeklagter-gesteht-anschlag-auf-bvb-bus-a-1186699.html\">gesteht der Angeklagte<\/a> zwar den Anschlag vom April 2017, bestreitet jedoch eine T\u00f6tungsabsicht. Er habe einen Anschlag nur wegen einer Aktienspekulation vort\u00e4uschen wollen. <a href=\"http:\/\/www.spiegel.de\/panorama\/justiz\/borussia-dortmund-prozess-marc-bartra-als-zeuge-ich-hatte-todesangest-a-1190346.html\">Am 29. Januar<\/a> sagt im Prozess der erste Fu\u00dfballspieler als Zeuge aus.<\/p>\n<p><b>Anschlag auf Fu\u00dfball<\/b><b>spieler: <\/b>Auf einer Autobahn in NRW wird bei D\u00fcren <a href=\"https:\/\/www.morgenpost.de\/vermischtes\/article213045077\/Schuesse-auf-Autobahn-Anschlag-auf-kurdischen-Fussballer.html\">auf das Fahrzeug eines deutsch-t\u00fcrkischen Fu\u00dfballspielers geschossen<\/a>. Der fr\u00fchere Spieler des FC St. Pauli bleibt unverletzt. Da er als Kritiker der t\u00fcrkischen Regierung gilt, wird ein politischer Hintergrund nicht ausgeschlossen und der Spieler am 9. Dezember <a href=\"http:\/\/www.spiegel.de\/panorama\/justiz\/deniz-naki-fussballprofi-steht-unter-polizeischutz-a-1186922.html\">unter Polizeischutz gestellt<\/a>.<\/p>\n<p><b>Missst\u00e4nde an Berliner Polizeischulen<\/b><b>:<\/b> Das Berliner Abgeordnetenhaus <a href=\"https:\/\/www.morgenpost.de\/berlin\/polizeibericht\/article213048079\/Unabhaengiger-Experte-soll-Polizeischule-begutachten.html\">verst\u00e4ndigt sich einvernehmlich darauf<\/a>, die Vorw\u00fcrfe \u00fcber Missst\u00e4nde an den Polizeischulen von einem unabh\u00e4ngigen Experten untersuchen zu lassen. <a href=\"https:\/\/www.berliner-zeitung.de\/berlin\/polizei\/falkensee-polizeischueler-nach-mutmasslicher-bedrohung-mit-waffe-ausgeschlossen-29517142\">Am 17. Januar<\/a> bedroht ein Berliner Polizeisch\u00fcler einen anderen jungen Mann mit einer pistolen\u00e4hnlichen Waffe. Er wird von der weiteren Ausbildung ausgeschlossen.<\/p>\n<p>9. Januar: <b>Rechtsextremistische Terrorgruppe NSU:<\/b> In ihrem Pl\u00e4doyer im M\u00fcnchner NSU-Prozess schildert die Anw\u00e4ltin der Nebenkl\u00e4gerin, Adile Simsek, <a href=\"http:\/\/www.tagesspiegel.de\/politik\/nsu-prozess-simsek-anwaeltin-vorurteile-beherrschten-die-polizeiapparate\/20828536.html\">die fragw\u00fcrdige Vernehmung der Frau von Enver Simsek<\/a>, dem ersten NSU-Opfer vom September 2000, durch die Polizei. Trotz abgeschlossener Beweisaufnahme stellen die Verteidiger des Mitangeklagten Ralf Wohlleben <a href=\"http:\/\/www.tagesspiegel.de\/politik\/nsu-prozess-verteidiger-thueringer-skinheads-sollen-mordwaffe-besorgt-haben\/20877716.html\">einen neuen Beweisantrag<\/a> vor dem Oberlandesgericht (OLG) M\u00fcnchen (Bayern), wonach nicht ihr Mandant, sondern zwei Th\u00fcringer Skinheads die Mordwaffe des NSU geliefert haben. <a href=\"http:\/\/www.sueddeutsche.de\/politik\/plaedoyers-nebenklaegerin-im-nsu-prozess-bricht-mit-anwaeltin-1.3838163\">Am gleichen Tag<\/a> zieht sich die Schwester des Mordopfers S\u00fcleyman Task\u00f6pr\u00fc nach einem Bruch mit ihrer Anw\u00e4ltin aus dem Prozess zur\u00fcck. Th\u00fcringen richtet <a href=\"http:\/\/www.spiegel.de\/panorama\/justiz\/nsu-thueringen-legt-fonds-fuer-opfer-der-terrorzelle-auf-a-1189835.html\">am 25. Januar<\/a> einen Fonds in H\u00f6he von 1,5 Mio. EUR f\u00fcr NSU-Opfer ein. <a href=\"http:\/\/www.sueddeutsche.de\/politik\/nsu-prozess-zeugenbefragung-mordwaffe-1.3847231\">Am 30. Januar<\/a> lehnt das OLG M\u00fcnchen den Antrag der Wohlleben-Verteidiger zu neuerlichen Ermittlungen \u00fcber die Herkunft der NSU-Mordwaffe ab.<\/p>\n<p><b>G20-Gipfel:<\/b> Die kurz vor Weihnachten 2017 an linke Berliner Aktivisten verschickten Drohbriefe enthalten Angaben und Fotos, die nach Ansicht der Betroffenen <a href=\"https:\/\/www.morgenpost.de\/berlin\/article213048459\/Linksautonome-erhalten-Drohbriefe.html\">nur aus Polizeiakten stammen k\u00f6nnen<\/a>. Die Polizei <a href=\"https:\/\/www.berliner-zeitung.de\/berlin\/g20-protest-staatsanwaltschaft-ermittelt-wegen-drohbriefen-gegen-linksautonome-29452066\">erkl\u00e4rt<\/a>, den Fall zu untersuchen. Das AG Hamburg <a href=\"http:\/\/www.spiegel.de\/panorama\/justiz\/hamburg-g20-randalierer-zu-dreieinhalb-jahren-haft-verurteilt-a-1186961.html\">verurteilt einen 28-J\u00e4hrigen<\/a> f\u00fcr einen Flaschenwurf w\u00e4hrend der Auseinandersetzungen im Juli 2017 zu einer dreieinhalbj\u00e4hrigen Haftstrafe. Es ist die 27. Verurteilung in einem G20-Verfahren. <a href=\"https:\/\/www.berliner-zeitung.de\/politik\/-verfassungsbruch\u2014g-20-demonstranten-verklagen-stadt-hamburg-29462874\">Am 10. Januar<\/a> reichen mehrere DemonstrantInnen Klage gegen die Stadt Hamburg wegen Einschr\u00e4nkung der Versammlungsfreiheit ein. Auch gegen einen bayerischen Bundespolizisten, der an den Ausschreitungen teilgenommen hatte und mindestens eine Bierdose auf Polizeibeamte geworfen hatte, <a href=\"http:\/\/www.morgenpost.de\/politik\/article213100307\/Muenchner-Polizist-soll-sich-an-G20-Krawallen-beteiligt-haben.html\">wird ermittelt<\/a>; er ist vom Dienst suspendiert. Kollegen hatten ihn auf Videomaterial erkannt. Nach ihrer heftig kritisierten \u00d6ffentlichkeitsfahndung vom Dezember 2017 nach Beteiligten an den Ausschreitungen vom Juli 2017 hat die Hamburger Polizei <a href=\"http:\/\/www.sueddeutsche.de\/politik\/g-gipfel-polizei-identifiziert-mutmassliche-g-gewalttaeter-1.3833839\">\u00fcber 250 Hinweise erhalten<\/a> und 20 der \u00fcber 100 gesuchten Verd\u00e4chtigen identifiziert. <a href=\"http:\/\/www.spiegel.de\/panorama\/justiz\/g20-ausschreitungen-polizei-ermittelt-gegen-600-verdaechtige-a-1189594.html\">Am 24. Januar<\/a> best\u00e4tigt die Hamburger Polizei einen Medienbericht, wonach bisher gegen 600 namentlich bekannte Personen wegen Landfriedensbruch oder K\u00f6rperverletzung ermittelt wird. <a href=\"http:\/\/www.spiegel.de\/panorama\/justiz\/g20-prozess-haftbefehl-gegen-fabio-v-aufgehoben-a-1190348-druck.html\">Am 29. Januar<\/a> hebt ein Hamburger AG den seit November 2017 ausgesetzten Haftbefehl gegen einen Angeklagten endg\u00fcltig auf.<\/p>\n<p><b>O<\/b><b>rganisierte Kriminalit\u00e4t:<\/b> Bei einer Gro\u00dfrazzia in Italien und Deutschland werden <a href=\"http:\/\/www.spiegel.de\/panorama\/justiz\/italienische-mafia-169-festnahmen-bei-grossrazzia-in-italien-und-deutschland-a-1186868.html\">knapp 170 Mitglieder der kalabrischen Mafia `Ndrangheta festgenommen<\/a>, davon 13 in Deutschland. Mit Schwerpunkt in Erkrath (NRW) durchsuchen Zoll und Polizei <a href=\"http:\/\/www.tagesspiegel.de\/politik\/nordrhein-westfalen-grosse-razzia-gegen-organisierte-schwarzarbeit\/20905654.html\">am 30. Januar<\/a> in mehreren Bundesl\u00e4ndern Wohnungen und Gesch\u00e4ftsr\u00e4ume einer organisierten Schwarzarbeiterbande und beschlagnahmen Bargeld und Waffen. Acht Personen <a href=\"http:\/\/www.spiegel.de\/panorama\/justiz\/nrw-schwarzarbeit-am-bau-acht-festnahmen-a-1190631.html\">werden festgenommen<\/a>. Am <a href=\"http:\/\/www.spiegel.de\/panorama\/justiz\/aurich-79-jaehrige-wegen-verdacht-auf-zwangsprostitution-gefasst-a-1190915.html\">31. Januar<\/a> nimmt die Polizei in den Landkreisen Aurich und Leer (Niedersachsen) zwei Personen unter dem Verdacht auf Zwangsprostitution, Zuh\u00e4lterei und Menschenhandel fest.<\/p>\n<p><b>Rassistische Angriff<\/b><b>e<\/b><b>:<\/b> In einem Berliner Bus wird eine Frau von zwei anderen, unbekannten Frauen zun\u00e4chst <a href=\"https:\/\/www.berliner-zeitung.de\/berlin\/polizei\/wedding-frau-rassistisch-beleidigt-und-geschlagen-29458976\">rassistisch beleidigt und danach geschlagen<\/a>. In Dresden (Sachsen) wird am gleichen Tag eine junge Asylbewerberin zun\u00e4chst aus einer Gruppe heraus beschimpft und dann <a href=\"https:\/\/www.berliner-zeitung.de\/politik\/rassistischer-angriff-in-dresden-unbekannte-hetzen-hund-auf-aethiopierin-29464584\">ein Hund auf sie gehetzt<\/a>. Die Frau wird durch Bisse verletzt. In Berlin randaliert <a href=\"https:\/\/www.morgenpost.de\/berlin\/polizeibericht\/article213186787\/Taxi-Fahrgast-randaliert-und-verletzt-Polizisten.html\">am 21. Januar<\/a> ein Mann in einem Taxi, beschimpft den Fahrer rassistisch und greift ihn an. Auch eintreffende Polizisten werden angegriffen und verletzt bevor der Mann festgenommen werden kann. <a href=\"https:\/\/www.berliner-zeitung.de\/politik\/festnahme-hundehalterin-nach-attacke-auf-asylbewerberin-in-dresden-ermittelt-29550600\">Am 22. Januar<\/a> wird de Frau, die am 9. Januar in Dresden ihren Hund auf eine \u00c4thiopierin gehetzt hatte, festgenommen. Gegen sie wird wegen gef\u00e4hrlicher K\u00f6rperverletzung ermittelt, der Hund wird beschlagnahmt. Vor dem LG Dresden (Sachsen) beginnt <a href=\"http:\/\/www.sueddeutsche.de\/politik\/prozessauftakt-in-dresden-pegida-anhaenger-wegen-anschlag-auf-moschee-vor-gericht-1.3846906\">am 31. Januar<\/a> der Prozess gegen einen Pegida-Anh\u00e4nger wegen versuchtem Mord und schwerer Brandstiftung. Der Mann soll im September 2016 einen Sprengstoffanschlag auf eine Moschee in Dresden ver\u00fcbt haben.<\/p>\n<p><b>Abschiebung<\/b><b>en<\/b><b>:<\/b> Das Bundesverfassungsgericht (BVerfG) in Karlsruhe (Baden-W\u00fcrttemberg) <a href=\"http:\/\/www.sueddeutsche.de\/politik\/tuerkei-verfassungsrichter-warnen-vor-abschiebungen-in-die-tuerkei-1.3818786\">entscheidet<\/a>, dass ein wegen Unterst\u00fctzung einer Terrororganisation verurteilter Deutsch-T\u00fcrke nicht in die T\u00fcrkei abgeschoben werden darf. Vorher sei genau zu pr\u00fcfen, ob dem Betroffenen dort Folter oder unmenschliche Haftbedingungen drohen. Aus Berlin wurden in 2017 insgesamt 1.638 Menschen <a href=\"https:\/\/www.berliner-zeitung.de\/berlin\/innenverwaltung-1638-menschen-wurden-2017-abgeschoben-29458350\">abgeschoben<\/a>, darunter 156 verurteilte Straft\u00e4ter. Dies gibt Berlins Innensenator bekannt. Durch Presseberichte wird am 18. Januar bekannt, dass die Bundesregierung in Verhandlungen mit der libanesischen Regierung in der Frage der Abschiebung von Straft\u00e4tern, Clan-Mitgliedern und islamistischen Gef\u00e4hrdern einen Durchbruch erzielt hat. 2017 wurden daraufhin <a href=\"http:\/\/www.tagesspiegel.de\/berlin\/polizei-justiz\/gefaehrder-und-clan-mitglieder-in-berlin-abschiebung-in-den-libanon-ist-nun-moeglich\/20865018.html\">27 Personen in den Libanon abgeschoben<\/a>. Am 23. Januar startet in D\u00fcsseldorf (NRW) mit 19 Afghanen die neunte Sammelabschiebung. Mehrere 100 Menschen <a href=\"http:\/\/www.spiegel.de\/politik\/deutschland\/abschiebung-nach-afghanistan-flugzeug-in-duesseldorf-gestartet-a-1189509.html\">protestieren dagegen<\/a>. 2017 wurden <a href=\"http:\/\/www.faz.net\/aktuell\/politik\/inland\/asylbewerber-zahl-der-abschiebungen-sinkt-15420875.html\">insgesamt 23.966 Menschen<\/a> aus Deutschland abgeschoben (2016: 24.375).<\/p>\n<p><b>P<\/b><b>rozesse gegen mutma\u00dfliche Dschihadisten:<\/b> Die Generalstaatsanwaltschaft (GStA) Frankfurt\/M. (Hessen) <a href=\"http:\/\/www.faz.net\/aktuell\/gesellschaft\/kriminalitaet\/ehemaliger-student-wegen-terrorverdachts-angeklagt-15382213.html\">klagt einen Syrer<\/a> wegen Werbung f\u00fcr eine ausl\u00e4ndische terroristische Vereinigung und weiterer Straftaten an. Der Mann ist bereits seit Februar 2017 in Untersuchungshaft. Am 11. Januar verurteilt das OLG Stuttgart (Baden-W\u00fcrttemberg) einen Iraker, der mit den abgeschlagenen K\u00f6pfen von Terroristen des \u201eIslamischen Staat\u201c (IS) posiert hatte, wegen Kriegsverbrechen in sechs F\u00e4llen <a href=\"https:\/\/www.berliner-zeitung.de\/politik\/fluechtling-aus-dem-irak-bewaehrungsstrafe-nach-pose-mit-koepfen-enthaupteter-terroristen-29467148\">zu einer anderthalbj\u00e4hrigen Bew\u00e4hrungsstrafe<\/a> (Az: 32 OJs 9\/17). Im Prozess gegen f\u00fcnf Islamisten, darunter der in der Szene bekannte Hass-Prediger \u201eAbu Walaa\u201c, vor dem OLG Celle (Niedersachsen) tritt am 18.Januar ein unter Polizeischutz stehender ehemaliger IS-K\u00e4mpfer als Kronzeuge auf. An seiner Glaubw\u00fcrdigkeit <a href=\"http:\/\/www.spiegel.de\/politik\/deutschland\/islamischer-staat-terror-prozess-gegen-abu-walaa-zweifelhafter-zeuge-a-1188436.html\">bestehen erhebliche Zweifel<\/a>.<\/p>\n<p><b>N<\/b><b>euer Verfassungsschutzpr\u00e4sident:<\/b> Die Brandenburger Landesregierung bestellt den bisherigen Leiter der Zentralen Ausl\u00e4nderbeh\u00f6rde, <a href=\"https:\/\/www.berliner-zeitung.de\/berlin\/brandenburg\/pragmatiker-frank-nuernberger-ist-neuer-chef-des-verfassungsschutzes-29457908\">Frank N\u00fcrnberger, zum neuen Verfassungsschutzchef<\/a>. Er tritt sein Amt zum 1. Februar an.<\/p>\n<p>11. Januar: \u201e<b>Patriotische Europ\u00e4er gegen die Islamisierung des Abendlandes\u201c (Peg<\/b><b>ida):<\/b> Die StA Leipzig (Sachsen) erhebt gegen 100 Beschuldigte, die im Rahmen einer Demonstration des rechtsextremen Pegida-Ablegers \u201eLegida\u201c im Januar 2016 in Leipzig randaliert hatten, wegen besonders schwerem Landfriedensbruch. <a href=\"http:\/\/www.taz.de\/Nach-Neonazi-Randale-in-Leipzig\/!5476602\/\">Insgesamt<\/a> werden 216 Ermittlungsverfahren gef\u00fchrt. <a href=\"http:\/\/www.sueddeutsche.de\/politik\/prozessauftakt-in-dresden-pegida-anhaenger-wegen-anschlag-auf-moschee-vor-gericht-1.3846906\">Am 31. Januar<\/a> beginnt vor dem LG Dresden (Sachsen) der Prozess gegen einen Pegida-Anh\u00e4nger wegen versuchtem Mord und schwerer Brandstiftung. Er soll im September 2016 einen Sprengstoffanschlag auf eine Moschee in Dresden ver\u00fcbt haben.<\/p>\n<p><b>Rechtsradikal<\/b><b>ismus<\/b><b>:<\/b> Laut Presseberichten will die s\u00e4chsische Polizei aufkl\u00e4ren, ob Streifenbeamte rechtsradikale Schmierereien an einer kurdischen B\u00e4ckerei in Chemnitz h\u00e4tten verhindern k\u00f6nnen und <a href=\"http:\/\/www.spiegel.de\/panorama\/justiz\/sachsen-rechtes-graffiti-polizei-befragt-beamte-zu-einsatz-a-1187321.html\">warum dies dann nicht geschehen sei<\/a>. Am 12. Januar <a href=\"http:\/\/www.spiegel.de\/panorama\/justiz\/chemnitz-polizei-war-bei-rechter-schmiererei-offenbar-nicht-vor-ort-a-1187545.html\">gibt die Polizei bekannt<\/a>, die Auswertung von \u00dcberwachungskameras habe ergeben, dass die Beamten etwa ein Viertelstunde vor der Tatzeit die B\u00e4ckerei passiert h\u00e4tten. Bei einer Demonstration des rechtsgerichteten Vereins \u201eZukunft Heimat\u201c in Cottbus (Brandenburg) werden <a href=\"https:\/\/www.berliner-zeitung.de\/berlin\/brandenburg\/cottbus-rechte-demonstranten-greifen-journalisten-an-29527340\">am 20. Januar<\/a> zwei Journalisten angegriffen. Die T\u00e4ter werden festgenommen. In Berlin p\u00f6belt ebenfalls <a href=\"https:\/\/www.morgenpost.de\/berlin\/polizeibericht\/article213175667\/Neonazi-poebelt-in-Rettungsstelle-und-laeuft-vor-Polizei-davon.html\">am 20. Januar<\/a> ein betrunkener Mann auf einer Rettungsstelle herum und spielt Neonazi-Lieder ab. Er wird festgenommen. Am 24. Januar entscheidet das Verwaltungsgericht (VG) Aachen, dass ein im April 2017 untersagtes Konzert der rechtsextremistischen Band \u201eKategorie C \u2013 Hungrige W\u00f6lfe\u201c in einem Rockerclub in H\u00fcckelhoven (NRW) wegen Verfahrensm\u00e4ngeln rechtswidrig war (<a href=\"https:\/\/www.juris.de\/jportal\/portal\/t\/9jc\/page\/homerl.psml?nid=jnachr-JUNA180100201&amp;cmsuri=%2Fjuris%2Fde%2Fnachrichten%2Fzeigenachricht.jsp\">Az: 6 K 2293\/17<\/a>). Die Zahl rechtsextremer Verdachtsf\u00e4lle bei der Bundeswehr ist stark angestiegen. Allein 2017 seien <a href=\"https:\/\/www.berliner-zeitung.de\/politik\/bundeswehr-zahl-rechtsextremer-verdachtsfaelle-deutlich-gestiegen-29569314\">rund 400 neue Pr\u00fcff\u00e4lle hinzugekommen<\/a>; sechs Personen stufte der Milit\u00e4rische Abschirmdienst (MAD) als rechtsextrem ein. Von 2008 bis 2011 seien es im Schnitt knapp 600 Verdachtsf\u00e4lle j\u00e4hrlich gewesen, <a href=\"https:\/\/www.berliner-zeitung.de\/politik\/bundeswehr-zahl-rechtsextremer-verdachtsfaelle-deutlich-gestiegen-29569314\">von denen sich jeweils etwa 40 best\u00e4tigten<\/a>. <a href=\"https:\/\/www.berliner-zeitung.de\/berlin\/brandenburg\/gegen-zuwanderung-rechte-verteilen-reizgas-und-npd-flyer-in-cottbuser-innenstadt-29594296\">Am 31. Januar<\/a> verteilen in Cottbus (Brandenburg) sechs Rechtsradikale NPD-Flugbl\u00e4tter gegen Zuwanderung und verteilen Reizgas. Sie werden von der Polizei gestoppt und Ermittlungen wegen Versto\u00df gegen das Versammlungsgesetz eingeleitet.<\/p>\n<p><b>Dschihadismus:<\/b> Ein in Berlin in Untersuchungshaft sitzender libanesischer Dschihadist hatte im Herbst per Handy im Internet-Chat einen minderj\u00e4hrigen Jungen in Ludwigsburg (Rheinland-Pfalz) dazu motiviert, im Dezember 2016 einen (misslungenen) Anschlag auf den dortigen Weihnachtsmarkt zu ver\u00fcben. Dies wird durch Presseberichte unter Berufung auf \u00f6sterreichische Prozessakten bekannt. Der Mann wurde bereits am 8. Januar <a href=\"https:\/\/www.morgenpost.de\/berlin\/article213075099\/Aus-der-Zelle-zum-Anschlag-angestiftet.html\">in den Libanon abgeschoben<\/a>. Vor dem OLG Hamburg <a href=\"http:\/\/www.spiegel.de\/panorama\/justiz\/hamburg-barmbek-mordprozess-nach-messerattacke-ahmad-a-gesteht-a-1187447.html\">beginnt der Prozess<\/a> gegen einen Mann, der im Juli 2017 in einem Supermarkt einen Mann erstochen und sechs weitere verletzt hatte. Der Angeklagte ist gest\u00e4ndig und beruft sich auf religi\u00f6se Gr\u00fcnde. Laut Presseberichten vom 12. Januar sind <a href=\"http:\/\/www.spiegel.de\/politik\/deutschland\/islamischer-staat-die-meisten-syrien-rueckkehrer-sind-auf-freiem-fuss-a-1187460.html\">nach Angaben<\/a> des Bundeskriminalamtes (BKA) seit 2012 \u00fcber 960 M\u00e4nner und Frauen aus Deutschland ausgereist, um f\u00fcr den IS zu k\u00e4mpfen. Etwa ein Drittel von ihnen sei inzwischen wieder eingereist; 150 sollen im Kampf get\u00f6tet worden sein. <a href=\"http:\/\/www.faz.net\/aktuell\/gesellschaft\/kriminalitaet\/frueherer-terrorverdaechtiger-halil-d-auf-freiem-fuss-15399841.html\">Am 12. Januar<\/a> wird ein Deutsch-T\u00fcrke nach Verb\u00fc\u00dfung seiner Haftstrafe aus dem Gef\u00e4ngnis entlassen. In seinem Keller war 2015 eine Rohrbombe gefunden worden, mit der er einen Anschlag auf das Radrennen in Frankfurt\/M. (Hessen) geplant haben soll. Der Mann gilt weiterhin als Gef\u00e4hrder und steht unter Beobachtung. In der irakischen Hauptstadt Bagdad wird <a href=\"https:\/\/www.berliner-zeitung.de\/politik\/is-mitgliedschaft-deutsche-im-irak\u2014zum-tod-verurteilt-29528412\">am 21. Januar<\/a> eine Deutsch-Marokkanerin wegen IS-Mitgliedschaft zum Tode verurteilt. Die deutschen Sicherheitsbeh\u00f6rden k\u00f6nnten auf die Flucht eines mit einer elektronischen Fu\u00dffessel ausgestatteten Gef\u00e4hrders <a href=\"http:\/\/www.spiegel.de\/politik\/deutschland\/mit-fussfessel-getuermter-islamist-waren-behoerden-informiert-a-1189558.html\">spekuliert haben<\/a>. Der Mann war im Oktober 2017 mit einem Linienflug nach Griechenland entkommen. Seine Ausreiseverhinderung sei, laut Innenministerium, nicht geboten gewesen.<\/p>\n<p align=\"left\">\u201e<b>Scharia-Polizei\u201c:<\/b> Der Bundesgerichtshof (BGH) <a href=\"http:\/\/www.spiegel.de\/politik\/deutschland\/bundesgerichtshof-hebt-freisprueche-im-scharia-polizei-prozess-auf-a-1187355.html\">hebt das Urteil<\/a> des LG Wuppertal (NRW) auf, das sieben M\u00e4nner einer selbsternannten \u201eScharia-Polizei\u201c wegen des Tragens von Warnwesten mit entsprechendem Aufdruck im September 2014 vom Vorwurf des Uniformverbotes freigesprochen hatte (<a href=\"https:\/\/www.juris.de\/jportal\/portal\/t\/1o8\/page\/homerl.psml?nid=jnachr-JUNA180100082&amp;cmsuri=%2Fjuris%2Fde%2Fnachrichten%2Fzeigenachricht.jsp\">Az: 3 Str 427\/17<\/a>). Das LG muss nun neu verhandeln.<\/p>\n<p>12. Januar: <b>Leichenschau:<\/b> Nach der im Dezember 2017 ver\u00f6ffentlichten Studie \u00fcber die M\u00e4ngel bei Leichenschauen stellen in Frankfurt\/M. (Hessen), Stadt, Universit\u00e4ts-Klinik und Polizei ein <a href=\"https:\/\/www.berliner-zeitung.de\/politik\/unentdeckte-verbrechen\u2014frankfurt-regelt-leichenschau-neu-29471214\">Pilotprojekt zur Verbesserung<\/a> vor.<\/p>\n<p><b>Schleuser<\/b><b>kriminalit\u00e4t<\/b><b>:<\/b> Die StA Frankfurt\/O. (Brandenburg) <a href=\"https:\/\/www.berliner-zeitung.de\/berlin\/polizei\/51-fluechtlinge-auf-ladeflaeche-fahrer-von-schleuser-lastwagen-angeklagt-29471286\">erhebt Anklage<\/a> wegen Einschleusens von Ausl\u00e4ndern gegen den Fahrer eines LKW, der im September 2017 mit 51 Gefl\u00fcchteten gestoppt worden war. Der Mann soll bereits mehrfach als Schleuser t\u00e4tig gewesen sein. Mit Schwerpunkt Berlin durchsucht die Polizei <a href=\"https:\/\/www.morgenpost.de\/berlin\/polizeibericht\/article213136505\/Razzien-in-Berlin-gegen-Schleuserbanden-und-Schwarzarbeit.html\">am 17. Januar<\/a> in mehreren Bundesl\u00e4ndern acht Objekte einer syrisch-polnischen Schleuserbande. Sie soll Menschen aus den Golfstaaten mittels fingierter polnischer Touristenvisa eingeschleust haben. Mehrere Personen werden festgenomme). In Berlin, Sachsen, Bremen und NRW durchsuchen Polizeibeamte <a href=\"http:\/\/www.spiegel.de\/politik\/deutschland\/berlin-und-sachsen-bundespolizei-nimmt-mutmassliche-schleuser-fest-a-1190671.html\">am 31. Januar<\/a> Wohnungen und Gesch\u00e4ftsr\u00e4ume einer mutma\u00dflichen Schleuserbande. Drei Personen werden festgenommen.<\/p>\n<p align=\"left\">\u201e<b>Reichsb\u00fcrger\u201c:<\/b> Nach Informationen des Verfassungsschutzes gibt es in Deutschland <a href=\"http:\/\/www.sueddeutsche.de\/politik\/rechtsextreme-zahl-der-reichsbuerger-in-deutschland-steigt-1.3822573\">rund 15.600 rechtsextreme \u201eReichsb\u00fcrger\u201c<\/a>. Am 18. Januar durchsucht die Polizei in Freimann (Bayern) die Wohnung eines \u201eReichsb\u00fcrgers\u201c und beschlagnahmt ein umfangreiches Waffenlager. <a href=\"http:\/\/www.sueddeutsche.de\/muenchen\/freimann-polizei-findet-waffenarsenal-bei-reichsbuerger-1.3832944\">Nach Polizeiangaben<\/a> leben im Raum M\u00fcnchen 322 \u201eReichsb\u00fcrger\u201c. Im Lahn-Dill-Kreis (Hessen) durchsucht die Polizei <a href=\"http:\/\/www.faz.net\/aktuell\/gesellschaft\/kriminalitaet\/rechte-gruppe-gegruendet-durchsuchungen-im-lahn-dill-kreis-15413343.html\">am 23. Januar<\/a> die Wohnungen von vier M\u00e4nnern, die im Verdacht stehen, eine rechtsnationale, bewaffnete Gruppe gegr\u00fcndet zu haben. Sie werden kurzfristig festgenommen. Durch eine parlamentarische Anfrage der Gr\u00fcnen-Bundestagsfraktion <a href=\"http:\/\/www.spiegel.de\/panorama\/justiz\/deutschland-771-straftaten-durch-reichsbuerger-registriert-a-1190223.html\">wird bekannt<\/a>, dass das BKA der \u201eReichsb\u00fcrger\u201c-Szene im vergangenen Jahr insgesamt 711 politisch motivierte Straftaten zuordnet. Nachdem zwei \u201eReichsb\u00fcrger\u201c <a href=\"http:\/\/www.tagesspiegel.de\/berlin\/prozess-wegen-staatsverunglimpfung-reichsbuerger-bricht-im-gerichtsgebaeude-zusammen\/20903884.html\">am 29. Januar<\/a> nicht zu ihrem Prozess erscheinen, wird f\u00fcr einen von ihnen vom LG Berlin ein Haftbefehl erlassen.<\/p>\n<p><b>Rechtsradikale <\/b><b>und fremdenfeindliche <\/b><b>Angriffe auf Gefl\u00fcchtete:<\/b> In Wurzen (Sachsen) ger\u00e4t eine Gruppe von rund 30 jugendlichen Deutschen mit einer etwa zw\u00f6lfk\u00f6pfigen MigrantenGruppe aneinander. Diese ziehen sich daraufhin in eine Asylunterkunft zur\u00fcck. Als die Deutschen das Haus angreifen, <a href=\"http:\/\/www.spiegel.de\/panorama\/justiz\/wurzen-sechs-verletzte-nach-massenschlaegerei-staatsschutz-ermittelt-a-1187730.html\">kommt es zu einer Massenschl\u00e4gerei und Messerstecherei<\/a> mit mehreren z.T. Schwerverletzten. In Berlin beleidigt <a href=\"https:\/\/www.berliner-zeitung.de\/berlin\/polizei\/polizeibericht-reinickendorf\u2014schlaegerei-nach-rassistischer-beleidigung-29483098\">am 15. Januar<\/a> eine Frau einen Jugendlichen rassistisch. In der Folge kommt es zu wechselseitigen Angriffen. Auf einer Geburtstagsfeier geraten am 20. Januar in Cottbus (Brandenburg) eine junge Frau und ein junger Syrer in Streit. Als die Polizei eintrifft, wird sie mit \u201eAusl\u00e4nder raus\u201c-Rufen empfangen und von der Frau angegriffen. <a href=\"https:\/\/www.berliner-zeitung.de\/berlin\/brandenburg\/cottbus-erneut-streit-zwischen-deutschen-und-auslaendern-eskaliert-29528812\">Wenige Stunden sp\u00e4ter<\/a> kommt es in der Cottbuser Innenstadt zu einer weiteren Auseinandersetzung zwischen Deutschen und Migranten.<\/p>\n<p>14. Januar: <b>F<\/b><b>u\u00dfball-Hooligans:<\/b> Die Berliner Justiz <a href=\"https:\/\/www.morgenpost.de\/berlin\/article213103313\/Ermittlungen-gegen-90-Verdaechtige-nach-Fussball-Krawallen.html\">gibt bekannt<\/a>, dass sie gegen mehr als 90 Hooligans der Vereine Hertha BSC und Eintracht Frankfurt ermittelt, die sich im Februar 2017 in Berlin eine Stra\u00dfenschlacht geliefert hatten. Nach einem Eishockeyspiel kommt es in Deggendorf (Bayern) zu einer <a href=\"http:\/\/www.sueddeutsche.de\/bayern\/polizei-ausschreitungen-nach-eishockeyspiel-in-deggendorf-ein-schwerverletzter-1.3833880\">Schl\u00e4gerei zwischen Hooligans der zwei Mannschaften<\/a> mit mehreren Verletzten. Sieben Personen werden festgenommen.<\/p>\n<p><b>Asyl:<\/b> 44 Prozent der Klagen gegen abgelehnte Asylantr\u00e4ge <a href=\"http:\/\/www.sueddeutsche.de\/politik\/fluechtlinge-gerichte-kassieren-fast-die-haelfte-der-abgelehnten-asylbescheide-1.3824578\">enden vor den VGs zugunsten der Fl\u00fcchtlinge<\/a>. Dies geht aus einer parlamentarischen Anfrage der Linken-Bundestagsfraktion hervor. Aus dem Jahresbericht des Berliner VG geht <a href=\"https:\/\/www.morgenpost.de\/berlin\/article213220059\/13-600-unerledigte-Asylverfahren-Richter-ueberlastet.html\">am 25 Januar<\/a> hervor, dass dort 2017 insgesamt 14.512 Klagen gegen Asylentscheidungen und Eilantr\u00e4ge vorlagen, rund 13.600 von ihnen waren zum Jahresende noch unbearbeitet.<\/p>\n<p><b>A<\/b><b>ntisemitische Beleidigung<\/b><b>en<\/b><b>:<\/b> In einem Berliner Park werden an einer Aussichtsplattform <a href=\"http:\/\/www.tagesspiegel.de\/berlin\/berlin-friedrichshain-antisemitische-schmierereien-im-volkspark-friedrichshain\/20847720.html\">antisemitische Schmierereien entdeckt<\/a>. Am 21. Januar werden auf einem Kinderspielplatz in Berlin Bildmappen mit antisemitischen Bildern und volksverhetzenden CDs <a href=\"http:\/\/www.tagesspiegel.de\/berlin\/polizei-justiz\/berlin-dahlem-verdacht-der-volksverhetzung-auf-einem-spielplatz\/20871694.html\">gefunden<\/a>.<\/p>\n<p><b>Homophobe <\/b><b>Angriffe<\/b><b>:<\/b> In einer Berliner S-Bahn wird eine transsexuelle Frau von einem unbekannten Mann zun\u00e4chst <a href=\"https:\/\/www.morgenpost.de\/berlin\/polizeibericht\/article213119697\/Transsexuelle-geschlagen-Polizei-fahndet-mit-Foto.html\">begrapscht und dann mehrfach geschlagen<\/a>. In Berlin wird <a href=\"http:\/\/www.tagesspiegel.de\/berlin\/polizei-justiz\/berlin-mitte-homophob-beleidigt-und-geschlagen\/20861484.html\">am 17. Januar<\/a> ein Mann von einer mehrk\u00f6pfigen Gruppe von Jugendlichen, homophob beleidigt, geschlagen und bestohlen. Die T\u00e4ter k\u00f6nnen entkommen.<\/p>\n<p>15. Januar: <b>\u201e<\/b><b>Identit\u00e4re Bewegung\u201c:<\/b> <a href=\"http:\/\/www.spiegel.de\/politik\/deutschland\/hamburg-identitaere-bewegung-will-vormundschaft-fuer-fluechtlinge-a-1188035.html\">Laut Presseberichten<\/a> hat der Kinderschutzbund die Beh\u00f6rden darauf aufmerksam gemacht, dass die rechtsextreme \u201eIdentit\u00e4re Bewegung\u201c im Internet dazu aufruft, die Vormundschaft von minderj\u00e4hrigen Fl\u00fcchtlingen zu \u00fcbernehmen, um sie \u201e\u00fcber vorhandene falsche Erwartungen an ihr Gastland\u201c zu \u00fcberzeugen und mit ihnen \u00fcber eine freiwillige R\u00fcckkehr zu reden.<\/p>\n<p><b>Kriminelle PolizistInnen:<\/b> Durch Presseberichte bekannt, dass das VG Trier (Rheinland-Pfalz) einen Polizeibeamten, der gef\u00e4lschte Geb\u00fchrenquittungen eingesetzt und abkassiert hat, aus dem Dienst entfernt hat. Der Mann habe im Kernbereich der ihm \u00fcbertragenen Aufgaben als Polizeibeamter versagt, so das Gericht (<a href=\"https:\/\/www.juris.de\/jportal\/portal\/t\/1w3\/page\/homerl.psml?nid=jnachr-JUNA180100101&amp;cmsuri=%2Fjuris%2Fde%2Fnachrichten%2Fzeigenachricht.jsp\">Az: 3 K 5232\/17.TR<\/a>). <a href=\"http:\/\/www.sueddeutsche.de\/muenchen\/kriminalitaet-interne-ermittlungen-gegen-muenchner-polizisten-1.3841229\">Am 25. Januar<\/a> teilt das Polizeipr\u00e4sidium M\u00fcnchen (Bayern) mit, dass gegen einen Beamten der Verkehrspolizei ermittelt wird, der im Verdacht steht, Bu\u00dfgelder unterschlagen zu haben.<\/p>\n<p><b>Gewalt gegen<\/b><b> Obdachlose:<\/b> In einem Berliner U-Bahnhof wird ein Obdachloser von einem Unbekannten <a href=\"https:\/\/www.berliner-zeitung.de\/berlin\/polizei\/u-bahnhof-yorckstrasse-unbekannter-schlaegt\u2014tritt-und-sticht-auf-drei-obdachlose-ein-29490204\">ins Gesicht getreten<\/a> sowie zwei weitere geschlagen und auf sie eingestochen. 2017 <a href=\"http:\/\/www.spiegel.de\/panorama\/gesellschaft\/obdachlosigkeit-2017-mindestens-17-toedliche-angriffe-auf-wohnungslose-a-1189129.html\">starben bundesweit insgesamt 17 Obdachlose<\/a> in Folge von Angriffen; dies geht am 24. Januar aus Presseberichten hervor.<\/p>\n<p>16. Januar: <b>Spionage<\/b><b>ermittlungen<\/b><b>:<\/b> In Baden-W\u00fcrttemberg, Bayern, Berlin und Nordrhein-Westfalen werden Wohnungen und Gesch\u00e4ftsr\u00e4ume von 10 Iranern <a href=\"http:\/\/www.spiegel.de\/politik\/deutschland\/bundesanwaltschaft-wohnungen-mutmasslicher-iranischer-agenten-durchsucht-a-1188140.html\">wegen des Verdachts der \u201egeheimdienstlichen Agentent\u00e4tigkeit\u201c durchsucht<\/a>. Zu Festnahmen kommt es nicht. Am 20. Januar wird bekannt, dass die M\u00e4nner im Verdacht stehen, f\u00fcr einen Konfliktfall mit Israel j\u00fcdische Anschlagsziele ausgesp\u00e4ht zu haben. <a href=\"http:\/\/www.spiegel.de\/politik\/deutschland\/deutschland-mutmassliche-iran-agenten-spaehten-womoeglich-juedische-anschlagsziele-aus-a-1188768.html\">Die Beweislage sei indes eher d\u00fcnn<\/a>.<\/p>\n<p><b>Festnahmen von mutma\u00dflichen Dschihadisten:<\/b> In Leipzig (Sachsen) wird ein junger Syrer <a href=\"http:\/\/www.spiegel.de\/politik\/deutschland\/syrer-in-leipzig-wegen-terrorverdachts-festgenommen-a-1188240.html\">wegen Terrorverdacht festgenommen<\/a>. Insgesamt durchsucht die Polizei vier Wohnungen. Wiederum in Sachsen werden am 25. Januar mehrere Objekte durchsucht und f\u00fcnf Personen unter dem Verdacht der IS-Mitgliedschaft <a href=\"https:\/\/www.morgenpost.de\/politik\/inland\/article213234595\/Fuenf-Festnahmen-bei-Aktion-gegen-mutmassliche-Islamisten.html\">festgenommen<\/a>. Zwei M\u00e4nner werden wegen jedoch wieder freigelassen.<\/p>\n<p><b>Rockerkriminalit\u00e4t:<\/b> Vor dem LG Berlin <a href=\"https:\/\/www.berliner-zeitung.de\/berlin\/polizei\/schiesserei-vor-caf%C3%A9-in-wedding-guerilla-nation-rocker-schweigen-vor-gericht\u201429495956\">beginnt der Prozess<\/a> gegen sechs Rocker der \u201eGuerilla Nation\u201c wegen versuchtem Mord und Versto\u00df gegen das Waffengesetz. Die Angeklagten sollen im Mai 2017 mehrere Sch\u00fcsse auf das Caf\u00e9 eines Kontrahenten abgegeben haben.<\/p>\n<p>17. Januar: <b>Salafismus:<\/b> <a href=\"http:\/\/www.tagesspiegel.de\/berlin\/studie-des-verfassungsschutzes-wie-sich-die-berliner-salafistenszene-zusammensetzt\/20853832.html\">Laut einer Lageanalyse<\/a> des Berliner Verfassungsschutzes leben in der Hauptstadt rund 950 SalafistInnen. 420 von ihnen werden <a href=\"http:\/\/www.faz.net\/aktuell\/politik\/inland\/islamistische-gefahr-in-berlin-immer-mehr-salafisten-15403828.html\">als gewaltbereit eingestuft<\/a>.<\/p>\n<p><b>Rechtsextreme \u201e<\/b><b>G<\/b><b>ruppe Freital\u201c:<\/b> Im Prozess gegen die rechte \u201eGruppe Freital\u201c vor dem OLG Dresden (Sachsen) wegen f\u00fcnf Anschl\u00e4gen auf Fl\u00fcchtlingsunterk\u00fcnfte und politische Gegner im Jahr 2015 <a href=\"http:\/\/www.spiegel.de\/panorama\/justiz\/dresden-bundesanwaltschaft-sieht-gruppe-freital-als-terroristische-vereinigung-a-1188380.html\">pl\u00e4diert die Bundesanwaltschaft<\/a> (BAW) darauf, die acht Angeklagten wegen Bildung einer terroristischen Vereinigung zu verurteilen. In ihren Pl\u00e4doyers weisen die Anw\u00e4lte der Angeklagten <a href=\"http:\/\/www.sueddeutsche.de\/politik\/freital-prozess-verteidiger-bestreiten-terrorvorwuerfe-im-freital-prozess-1.3839188\">am 24. Januar<\/a> die Argumentation der BAW zur\u00fcck und erkl\u00e4ren, die Taten seien spontan geschehen; eine ideologische Grundhaltung liege nicht vor.<\/p>\n<p><b>Rechtswidrige Daten\u00fcbermittlung:<\/b> Das VG L\u00fcneburg (Niedersachsen) entscheidet, dass die Weitergabe von personenbezogenen Daten eines Gewerkschaftssekret\u00e4rs der IG Metall, der Demonstrationen angemeldet und geleitet hatte, an Verfassungsschutz und Landeskriminalamt rechtswidrig war (<a href=\"https:\/\/www.juris.de\/jportal\/portal\/t\/15u5\/page\/homerl.psml?nid=jnachr-JUNA180100154&amp;cmsuri=%2Fjuris%2Fde%2Fnachrichten%2Fzeigenachricht.jsp\">Az: 1 A 334\/15<\/a>).<\/p>\n<p><b>Aff\u00e4re um<\/b><b> ehemaligen Undercover-Agenten <\/b><b>Mauss<\/b><b>:<\/b> In der Aff\u00e4re um Steuerhinterziehung und Untreue des ehemaligen Agenten Werner Mauss <a href=\"http:\/\/www.spiegel.de\/politik\/deutschland\/werner-mauss-nutzt-noch-immer-tarnnamen-a-1188452.html\">gibt das BKA bekannt<\/a>, dass Mauss sich gegen die Aufhebung seiner zahlreichen Tarnidentit\u00e4ten gerichtlich wehrt.<\/p>\n<p>18. Januar: <b>Polizeisch<\/b><b>uss<\/b><b>:<\/b> In Ludwigshafen (Rheinland-Pfalz) hantiert ein Mann mit einer Messer. Als er auf Aufforderungen der Polizei, die Waffe wegzulegen, nicht reagiert, <a href=\"https:\/\/www.berliner-zeitung.de\/panorama\/grosseinsatz-polizisten-schiessen-messer-mann-in-bankfiliale-an-29515336\">schie\u00dft ihm ein Beamter ins Bein<\/a>.<\/p>\n<p><b>Geheimdienstkontrolle:<\/b> Bei der Wahl der Mitglieder des Parlamentarischen Kontrollgremiums der Geheimdienste (PKGr) des Bundestages, <a href=\"http:\/\/www.spiegel.de\/politik\/deutschland\/afd-kandidat-roman-reusch-zieht-nicht-ins-geheimdienst-gremium-a-1188600.html\">f\u00e4llt der Kandidat der rechtspopulistischen AfD<\/a>, ein ehemaliger Leitender Oberstaatsanwalt, durch.<\/p>\n<p><b>D<\/b><b>rogenfahndung:<\/b> In Dresden (Sachsen) heben Zollfahnder ein professionelles Crystal-Meth-Labor aus. Bei der weiteren Durchsuchung von sechs Wohnungen werden gr\u00f6\u00dfere Mengen von Ecstasy-Tabletten und Bargeld sowie eine Schusswaffe sichergestellt. Zwei M\u00e4nner werden <a href=\"http:\/\/www.spiegel.de\/panorama\/justiz\/crystal-meth-zollfahnder-finden-drogenlabor-in-dresden-a-1188515.html\">festgenommen<\/a>.<\/p>\n<p>19. Januar: <b>Gaffer<\/b><b>problematik<\/b><b>:<\/b> Ein Strafbefehl f\u00fcr einen sogenannten Gaffer in H\u00f6he von 900 EUR ist <a href=\"http:\/\/www.spiegel.de\/panorama\/justiz\/ellwangen-gaffer-muss-geldstrafe-zahlen-a-1188834.html\">rechtskr\u00e4ftig geworden<\/a>. Der Mann hatte nach einem Unfall bei Ellwangen (Baden-W\u00fcrttemberg) einen sterbenden Motorradfahrer gefilmt, statt ihm zu helfen und sp\u00e4ter zudem auch die Rettungskr\u00e4fte behindert.<\/p>\n<p><b>M\u00fcnchner Amoklauf:<\/b> Das LG M\u00fcnchen (Bayern) <a href=\"http:\/\/www.spiegel.de\/panorama\/justiz\/muenchen-nach-amoklauf-urteil-gegen-waffenhaendler-rassist-ja-mordhelfer-nein-a-1188801.html\">verurteilt den Waffenh\u00e4ndler<\/a>, der dem Amokl\u00e4ufer, der im Juli 2016 in einem Einkaufszentrum neun Menschen und sich selbst erschoss, im Darknet die Waffe verkaufte zu einer siebenj\u00e4hrigen Haftstrafe.<\/p>\n<p>20. Januar: <b>Rassistische Handlungen:<\/b> Auf einem Berliner U-Bahnhof wird eine Frau wegen ihrer Hautfarbe vom Fahrer einer Bahn per Lautsprecherdurchsage <a href=\"http:\/\/www.tagesspiegel.de\/berlin\/mitte-polizei-ermittelt-wegen-rassistischer-durchsage-in-der-u-bahn\/20875342.html\">rassistisch beleidigt<\/a>. <a href=\"https:\/\/www.berliner-zeitung.de\/berlin\/polizei\/polizeibericht-menschengruppen-provozieren-massenschlaegerei-am-alexanderplatz-29560322\">Am 25. Januar<\/a> kommt es in Berlin zu einer Massenschl\u00e4gerei nachdem aus einer M\u00e4nnergruppe heraus ein Mann einer anderen Gruppe rassistisch beleidigt worden war.<\/p>\n<p>22. Januar: <b>Polizeilicher Todesschuss<\/b><b>:<\/b> In Darmstadt (Hessen) wird die Polizei zu einem Familienstreit gerufen. Als die Beamten eintreffen, werden sie von dem Mann direkt an der Wohnungst\u00fcr mit Messern angegriffen. Zwei Beamte <a href=\"http:\/\/www.faz.net\/aktuell\/gesellschaft\/kriminalitaet\/darmstadt-polizisten-erschiessen-bewaffneten-familienvater-15411004.html\">schie\u00dfen auf ihn und treffen ihn t\u00f6dlich<\/a>. Die Obduktion ergibt, dass er <a href=\"https:\/\/www.ffh.de\/nachrichten\/hessen\/suedhessen\/toController\/Topic\/toAction\/show\/toId\/143057\/toTopic\/polizisten-erschiessen-mit-messern-bewaffneten-mann.html\">einen Treffer in den Hals erhielt<\/a>.<\/p>\n<p>23. Januar: <b>Verfassungsschutzbericht Bremen:<\/b> Das Oberverwaltungsgericht (OVG) Bremen entscheidet, dass die \u201eRote Hilfe\u201c im Verfassungsschutzbericht 2016 nicht kommentarlos als \u201egewaltorientiert\u201c bezeichnet werden darf (<a href=\"https:\/\/www.juris.de\/jportal\/portal\/t\/9jc\/page\/homerl.psml?nid=jnachr-JUNA180100199&amp;cmsuri=%2Fjuris%2Fde%2Fnachrichten%2Fzeigenachricht.jsp\">Az: 1 B 238\/17<\/a>).<\/p>\n<p>24. Januar: <b>Ds<\/b><b>chihadisten-Prozesse:<\/b> In Berlin beginnt der Prozess gegen vier M\u00e4nner, die 2017 wegen Drogenhandels in gr\u00f6\u00dferem Stil <a href=\"http:\/\/www.tagesspiegel.de\/berlin\/landgericht-berlin-mutmassliche-islamistische-gefaehrder-vor-gericht\/20883308.html\">festgenommen wurden<\/a>. Sie gelten zudem als islamistische Gef\u00e4hrder; zwei von ihnen stehen zudem im Verdacht der IS-Mitgliedschaft.<\/p>\n<p><b>Terrorismus:<\/b> In Bayern nehmen Polizeibeamte ein mutma\u00dfliches Mitglied der nigerianischen Terrormiliz Boko-Haram fest. Gegen den Mann wird <a href=\"http:\/\/www.spiegel.de\/politik\/deutschland\/mutmasslicher-boko-haram-kaempfer-aus-nigeria-in-bayern-verhaftet-a-1190008.html\">Haftbefehl erlassen<\/a>.<\/p>\n<p>25. Januar: <b>Anschlag auf D\u00fcsseldorfer S-Bahn:<\/b> Vor einem Schwurgericht in D\u00fcsseldorf (NRW) <a href=\"http:\/\/www.faz.net\/aktuell\/politik\/inland\/mutmasslicher-wehrhahn-bomber-mit-sprengstoff-die-kanaken-weggesprengt-15414505.html\">beginnt der Prozess<\/a> gegen einen rechtsradikalen Mann, der 2000 einen Sprengstoffanschlag auf einen S-Bahnhof mit 10 zum Teil Schwerverletzten, ver\u00fcbt hatte. Der Mann hatte sich 2014 prahlerisch selbst verraten. Vor Gericht <a href=\"http:\/\/www.spiegel.de\/panorama\/justiz\/duesseldorf-mutmasslicher-wehrhahn-bomber-bestreitet-anschlag-a-1189774.html\">bestreitet er die Tat<\/a>.<\/p>\n<p><b>Ermittlungen gegen mutma\u00dfliche DschihadistInnen:<\/b> Die BAW <a href=\"https:\/\/www.berliner-zeitung.de\/politik\/1000-ermittlungsverfahren-zahl-der-prozesse-gegen-islamisten-steigt-29557804\">f\u00fchrt rund 1.000 Ermittlungsverfahren<\/a> gegen mutma\u00dfliche islamistische TerroristInnen und Gef\u00e4hrder. Gegen 564 Personen wurden die Ermittlungen trotz bestehendem Tatverdacht 2017 <a href=\"http:\/\/www.sueddeutsche.de\/politik\/innere-sicherheit-bundesanwaltschaft-stellte-hunderte-ermittlungsverfahren-gegen-islamisten-ein-1.3842431\">eingestellt<\/a>, da es sich um reine Auslandstaten handele und \u201edeutsche Staatsschutzinteressen nicht beeintr\u00e4chtigt\u201c gewesen seinen.<\/p>\n<p>26. Januar: <b>Bundesanwaltschaft:<\/b> Die BAW in Karlsruhe (Baden-W\u00fcrttemberg) teilt mit, dass sie Wissenschaftler damit beauftragt hat, die NS-Vergangenheit der Beh\u00f6rde zu untersuchen. Das Projekt soll bis 2020 laufen (<a href=\"http:\/\/www.spiegel.de\/panorama\/justiz\/bundesanwaltschaft-laesst-eigene-geschichte-auf-ns-belastungen-ueberpruefen-a-1190003.html\">http:\/\/www.spiegel.de\/panorama\/justiz\/bundesanwaltschaft-laesst-eigene-geschichte-auf-ns-belastungen-ueberpruefen-a-1190003.html<\/a>).<\/p>\n<p><b>Staatstrojaner:<\/b> Durch <a href=\"http:\/\/www.sueddeutsche.de\/digital\/ueberwachung-polizei-spioniert-handynutzer-mit-trojaner-aus-1.3842439\">Presseberichte<\/a> wird bekannt, dass das BKA in laufenden Ermittlungsverfahren auch Staatstrojaner f\u00fcr Smartphones einsetzt. \u00dcber die H\u00e4ufigkeit erteilt das BKA aus \u201eeinsatztaktischen Gr\u00fcnden\u201c keine Auskunft.<\/p>\n<p>27. Januar: <b>Kurdistan-Demonstration:<\/b> In K\u00f6ln (NRW) <a href=\"http:\/\/www.spiegel.de\/politik\/deutschland\/koeln-kurden-demo-gegen-tuerkische-syrien-offensive-gestoppt-a-1190134.html\">beendet die Polizei eine Demonstration<\/a> von rund 14.000 Kurden, die gegen die t\u00fcrkische Milit\u00e4roffensive in Syrien protestieren. Als Grund werden zahlreiche Fahnen mit verbotenen Symbolen genannt, zwei Personen werden in Gewahrsam genommen.<\/p>\n<p>29. Januar: <b>Verrat von Staatsgeheimnissen:<\/b> In NRW und Rheinland-Pfalz werden zwei Mitarbeiter von R\u00fcstungsfirmen wegen Verrats von Staatsgeheimnissen <a href=\"http:\/\/www.spiegel.de\/politik\/deutschland\/festnahmen-wegen-verdachts-des-offenbarens-von-staatsgeheimnissen-a-1190420.html\">festgenommen<\/a>.<\/p>\n<p><b>Polizeisch<\/b><b>\u00fc<\/b><b>ss<\/b><b>e<\/b><b>: <\/b>In Heiligenhaus (NRW) greifen zwei Kampfhunde ihren Besitzer an und <a href=\"http:\/\/www.spiegel.de\/panorama\/gesellschaft\/kampfhunde-greifen-besitzer-an-polizei-schiesst-a-1190472.html\">verletzen ihn schwer<\/a>. Alarmierte Polizisten schie\u00dfen auf die Hunde und verletzen sie gezielt. Sie werden anschlie\u00dfend von einem Diensthundef\u00fchrer eingefangen. Gegen den Mann wird ermittelt weil er nicht die n\u00f6tige Genehmigung zur Haltung von Kampfhunden besitzt.<\/p>\n<h3>Beitragsbild: Oury Jalloh-Gedenken am 7. Januar in Dessau (<a href=\"https:\/\/christian-ditsch.photoshelter.com\/gallery-image\/2018-01-07-Dessau-Oury-Jalloh-Gedenken\/G0000qpPIQ6dqFEs\/I0000Tgedx66j.FE\/C0000MqDcgFJcFCY\">Christian DItsch<\/a>)<\/h3>\n","protected":false},"excerpt":{"rendered":"<p>zusammengestellt von Otto Diederichs Rechte und fremdenfeindliche Angriffe auf Fl\u00fcchtlingsheime: In Cottbus (Brandenburg) st\u00fcrmen vier<\/p>\n","protected":false},"author":2,"featured_media":13795,"comment_status":"open","ping_status":"open","sticky":false,"template":"","format":"standard","meta":{"footnotes":""},"categories":[6],"tags":[667,820,1094,1186,1216],"class_list":["post-13790","post","type-post","status-publish","format-standard","has-post-thumbnail","hentry","category-chronologien","tag-geheimdienste","tag-justiz","tag-polizei","tag-rassismus","tag-repression"],"_links":{"self":[{"href":"https:\/\/wp-dev.daten.cool\/index.php?rest_route=\/wp\/v2\/posts\/13790","targetHints":{"allow":["GET"]}}],"collection":[{"href":"https:\/\/wp-dev.daten.cool\/index.php?rest_route=\/wp\/v2\/posts"}],"about":[{"href":"https:\/\/wp-dev.daten.cool\/index.php?rest_route=\/wp\/v2\/types\/post"}],"author":[{"embeddable":true,"href":"https:\/\/wp-dev.daten.cool\/index.php?rest_route=\/wp\/v2\/users\/2"}],"replies":[{"embeddable":true,"href":"https:\/\/wp-dev.daten.cool\/index.php?rest_route=%2Fwp%2Fv2%2Fcomments&post=13790"}],"version-history":[{"count":0,"href":"https:\/\/wp-dev.daten.cool\/index.php?rest_route=\/wp\/v2\/posts\/13790\/revisions"}],"wp:featuredmedia":[{"embeddable":true,"href":"https:\/\/wp-dev.daten.cool\/index.php?rest_route=\/wp\/v2\/media\/13795"}],"wp:attachment":[{"href":"https:\/\/wp-dev.daten.cool\/index.php?rest_route=%2Fwp%2Fv2%2Fmedia&parent=13790"}],"wp:term":[{"taxonomy":"category","embeddable":true,"href":"https:\/\/wp-dev.daten.cool\/index.php?rest_route=%2Fwp%2Fv2%2Fcategories&post=13790"},{"taxonomy":"post_tag","embeddable":true,"href":"https:\/\/wp-dev.daten.cool\/index.php?rest_route=%2Fwp%2Fv2%2Ftags&post=13790"}],"curies":[{"name":"wp","href":"https:\/\/api.w.org\/{rel}","templated":true}]}}