{"id":13813,"date":"2018-03-03T18:01:23","date_gmt":"2018-03-03T18:01:23","guid":{"rendered":"https:\/\/www.cilip.de\/?p=13813"},"modified":"2018-03-03T18:01:23","modified_gmt":"2018-03-03T18:01:23","slug":"chronologie-februar-2018","status":"publish","type":"post","link":"https:\/\/wp-dev.daten.cool\/?p=13813","title":{"rendered":"Chronologie Februar 2018"},"content":{"rendered":"<h3>zusammengestellt von Otto Diederichs<\/h3>\n<p>1. Februar:\u00a0<b>Rechtsextremistische Terrorgruppe NSU:<\/b> Nachdem sie im Januar mit ihrem Beweisantrag, die Herkunft der NSU-Mordwaffe neu zu kl\u00e4ren, gescheitert waren, stellen die Verteidiger des mitangeklagten Rechtsradikalen Ralf Wohlleben im M\u00fcnchner NSU-Prozess <a href=\"http:\/\/www.sueddeutsche.de\/politik\/nsu-mutmasslicher-nsu-helfer-lehnt-richter-als-befangen-ab-1.3850781\">erneut einen Befangenheitsantrag<\/a> gegen die Richter, der am 7. Februar abgelehnt wird. Die Pl\u00e4doyers der Nebenkl\u00e4ger <a href=\"http:\/\/www.spiegel.de\/panorama\/justiz\/nsu-prozess-nebenklageanwaeltin-schildert-folgen-der-tat-a-1192288.html\">werden fortgesetzt<\/a>. Am 8. Februar halten die letzten Nebenkl\u00e4ger-Anw\u00e4lte <a href=\"http:\/\/www.sueddeutsche.de\/politik\/nsu-prozess-zwischen-menschlicher-groesse-und-menschlichem-abgrund-1.3859514\">ihre Pl\u00e4doyers<\/a>. Am 9. Februar legt die Nebenklage-Anw\u00e4ltin, die im Dezember 2017 noch im Gericht von ihrer Mandantin entpflichtet worden war, ein Buch \u00fcber den Prozess vor in dem sie <a href=\"http:\/\/www.taz.de\/Anwaeltin-schreibt-Buch-ueber-NSU-Prozess\/!5480954\/\">rechtspopulistische Thesen vertritt<\/a>. Nachdem vorherige Antr\u00e4ge mehrfach gescheitert waren, wollen die Altverteidiger von Beate Zsch\u00e4pe <a href=\"http:\/\/www.spiegel.de\/panorama\/justiz\/nsu-prozess-beate-zschaepes-altverteidiger-starten-erneuten-entlassungsversuch-a-1195634.html\">am 27. Februar<\/a> erneut von ihrem Mandat entbunden werden.<!--more--><\/p>\n<p align=\"left\"><b>Alternative f\u00fcr Deutschland (AfD):<\/b> Der AfD-Politiker Roman Reusch wird in das Parlamentarische Kontrollgremium (PKGg) des Bundestages <a href=\"http:\/\/www.spiegel.de\/politik\/deutschland\/afd-kandidat-roman-reusch-ins-geheimdienstgremium-gewaehlt-a-1190903.html\">gew\u00e4hlt<\/a>. Bei der ersten Wahl im Januar war der fr\u00fchere Berliner Oberstaatsanwalt noch gescheitert. Vor dem Landgericht (LG) Neuruppin (Brandenburg) beginnt <a href=\"https:\/\/www.berliner-zeitung.de\/berlin\/polizei\/zigarettenschmuggel-mitangeklagter-von-afd-mann-weiss-legt-gestaendnis-ab-29675818\">am 12. Februar<\/a> der Prozess wegen Zigarettenschmuggels in gro\u00dfem Stil gegen einen AfD-Landtagsabgeordneten. Sein Mitangeklagter legt gleich zu Beginn <a href=\"https:\/\/www.berliner-zeitung.de\/berlin\/polizei\/zigarettenschmuggel\u2014afd-mann-weiss-streitet-alles-ab---mitangeklagter-gesteht-29675818\">ein Gest\u00e4ndnis ab<\/a>. Der AfD-Mann bestreitet, davon Kenntnis gehabt zu haben. Am 13. Februar verurteilt ein Berliner Amtsgericht (AG) einen AfD-Abgeordneten wegen Volksverhetzung zu einer Geldstrafe von 100 EUR. Er hatte Homosexuelle auf Facebook u.a. als \u201edegenerierte Spezies\u201c bezeichnet. Die Staatsanwaltschaft (StA) Dresden (Sachsen) er\u00f6ffnet <a href=\"http:\/\/www.faz.net\/aktuell\/politik\/inland\/staatsanwaltschaft-ermittelt-gegen-afd-abgeordneten-15447845.html\">am 14. Februar<\/a> das Ermittlungsverfahren wegen Verdachts der Beleidigung gegen einen AfD-Bundestagsabgeordneten, der im Januar den Sohn von Boris Becker als \u201ekleinen Halbneger\u201c bezeichnet hatte. <a href=\"http:\/\/www.spiegel.de\/panorama\/justiz\/jan-ulrich-weiss-bewaehrungsstrafe-fuer-afd-politiker-wegen-zigarettenschmuggels-a-1193973.html\">Am 16. Februar<\/a> verurteilt das LG Neuruppin (Brandenburg) den wegen Zigarettenschmuggels und Steuerhinterziehung angeklagten AfD-Politiker zu einer Bew\u00e4hrungsstrafe von einem Jahr und 10 Monaten sowie f\u00fcr drei Jahre zur Aberkennung des Rechts \u00f6ffentliche \u00c4mter zu bekleiden. Damit verliert der Mann mit Inkrafttreten des Urteils auch sein Landtagsmandat. Rund 900 Menschen stoppen <a href=\"https:\/\/www.berliner-zeitung.de\/berlin\/friedrichstrasse-afd-naher\u2014frauenmarsch--nach-massiven-gegenprotesten-abgebrochen-29719804\">am 17. Februar<\/a> einen AfD-\u201eFrauenmarsch\u201c mit etwa 500 TeilnehmerInnen. Es kommt zu verschiedenen Rangeleien. Die Polizei ermittelt <a href=\"https:\/\/www.berliner-zeitung.de\/berlin\/polizei\/-frauenmarsch\u201473-ermittlungsverfahren-gegen-demonstranten-29723222\">in 73 F\u00e4llen<\/a> wegen Versto\u00dfes gegen das Versammlungsgesetz, Widerstand gegen Vollstreckungsbeamte, Landfriedensbruch und K\u00f6rperverletzung. Die StA NRW <a href=\"http:\/\/www.taz.de\/Proteste-gegen-die-AfD-in-Duesseldorf\/!5482933\">ermittelt gegen drei AktivistInnen<\/a> des B\u00fcndnisses \u201eD\u00fcsseldorf stellt sich quer\u201c, die in den Jahren 2016\/2017 gegen AfD-Veranstaltungen demonstriert hatten. Die AfD hat durch Internet-Trolle versucht, zugunsten ihrer Partei <a href=\"http:\/\/www.sueddeutsche.de\/politik\/manipulation-im-netz-wie-rechte-internet-trolle-vesuchen-die-bundestagswahl-zu-beeinflussen-1.3875073\">Einfluss auf die Bundestagswahl 2017<\/a> zu nehmen. Ob dies Auswirkungen erfolgreich war, l\u00e4sst sich nicht nachweisen. <a href=\"http:\/\/www.faz.net\/aktuell\/politik\/bundesverfassungsgericht-johanna-wanka-unterliegt-afd-15469908.html\">Am 27. Februar<\/a> entscheidet das Bundesverfassungsgericht (BVerfG) dass Bundesbildungsministerin Johanna Wanka (CDU) gegen die Neutralit\u00e4tspflicht und das Recht der AfD auf Chancengleichheit versto\u00dfen hatte, als sie im November 2015 einen Boykottaufruf zu einer AfD-Demonstration in Berlin auf der Regierungs-Homepage ver\u00f6ffentlichen lie\u00df.<\/p>\n<p align=\"left\"><b>F<\/b><b>u\u00dfball-Hooligans:<\/b> Das Oberverwaltungsgericht (OVG) Bremen erkl\u00e4rt Geb\u00fchrenforderungen des Landes an die Deutsche Fu\u00dfball Liga (DFL) bei Hochrisikospielen grunds\u00e4tzlich f\u00fcr rechtens. Hintergrund ist eine Partie vom April 2015. Gegen das Urteil ist Revision zugelassen (<a href=\"https:\/\/www.juris.de\/jportal\/portal\/t\/tmm\/page\/homerl.psml?nid=jnachr-JUNA180200454&amp;cmsuri=%2Fjuris%2Fde%2Fnachrichten%2Fzeigenachricht.jsp\">Az: 2 LC 139\/17<\/a>). Das LG Marburg (Hessen) verurteilt <a href=\"https:\/\/www.morgenpost.de\/vermischtes\/article213532499\/Schalke-Anhaenger-erhalten-Haftstrafe-fuer-Attacke-auf-BVB-Fan.html\">am 16. Februar<\/a> zwei Hooligans des FC Schalke 04 wegen versuchtem Mord, gef\u00e4hrlicher und schwerer K\u00f6rperverletzung zu viereinhalb Jahren Jugendstrafe. Sie hatten im Juli 2017 einen Mann, den sie f\u00fcr einen Fan von Borussia Dortmund gehalten hatten, so schwer zusammengeschlagen, dass er bleibende Sch\u00e4den zur\u00fcckbehielt.<\/p>\n<p align=\"left\">2. Februar: <b>Rechtsradikal<\/b><b>ismus<\/b><b>:<\/b> In Chemnitz (Sachsen) <a href=\"http:\/\/www.spiegel.de\/panorama\/justiz\/chemnitz-baeckerei-mit-ns-symbolen-beschmiert-verdaechtige-gefasst-a-1191053.html\">durchsucht die Polizei mehrere Wohnungen<\/a> wegen rechtsradikaler Schmierereien an einer kurdischen B\u00e4ckerei vom Januar. Einer der mutma\u00dflichen T\u00e4ter ist gest\u00e4ndig. Nach mehreren Brandanschl\u00e4gen auf Autos <a href=\"https:\/\/www.morgenpost.de\/berlin\/article213312111\/Razzia-nach-Brandanschlaegen-auf-Autos-in-Neukoelln.html\">durchsucht die Polizei in Berlin vier Wohnungen<\/a> von Rechtsradikalen und beschlagnahmt Laptops, Speicherkarten, Handys und weitere Unterlagen. Zwei M\u00e4nner gelten als Verd\u00e4chtige. <a href=\"https:\/\/www.berliner-zeitung.de\/berlin\/polizei\/polizeibericht-betrunkener-tourist-provoziert-mit-hitlergruss-und-nazi-parolen-29614094\">Am 4. Februar<\/a> nehmen Polizeibeamte auf einem Berliner S-Bahnhof einen betrunkenen Mann fest, der den Hitlergru\u00df zeigt und dabei Nazi-Parolen ruft. Im Prozess um den Sprengstoffanschlag auf eine Moschee in Dresden (Sachsen) legt der Angeklagte <a href=\"http:\/\/www.tagesspiegel.de\/politik\/dresden-prozess-um-moschee-attentat-angeklagter-legt-gestaendnis-ab\/20928194.html\">am 5. Februar<\/a> ein Gest\u00e4ndnis ab; bestreitet jedoch eine T\u00f6tungsabsicht. Er habe lediglich \u201eein Zeichen setzen\u201c wollen. In Cottbus (Brandenburg) kam es im vergangenen Jahr zu insgesamt 28 rechtsgerichteten Demonstrationen und Kundgebungen (2016: 9). Dies geht <a href=\"https:\/\/www.berliner-zeitung.de\/berlin\/brandenburg\/fremdenfeindliche-demos-cottbus-entwickelt-sich-zum-rechtsextremen-hotspot-29622182\">am 6. Februar<\/a> aus einer parlamentarischen Anfrage der Links-Fraktion im Landtag hervor . Das Oberlandesgericht (OLG) Stuttgart (Baden-W\u00fcrttemberg) <a href=\"http:\/\/www.spiegel.de\/politik\/deutschland\/altermedia-haftstrafe-fuer-betreiber-von-rechtsextremen-hetzerportal-a-1192467.html\">verurteilt den Betreiber<\/a> des rechtsextremen Internetportals \u201eAltermedia\u201c wegen R\u00e4delsf\u00fchrerschaft in einer kriminellen Vereinigung und Volksverhetzung zu einer zweieinhalbj\u00e4hrigen Haftstrafe. Drei mitangeklagte Frauen erhalten Bew\u00e4hrungsstrafen. Mit einem Sternmarsch demonstrieren <a href=\"https:\/\/www.berliner-zeitung.de\/berlin\/brandenburg\/sternmarsch-fuer-cottbus-kundgebung-fuer-fluechtlinge-und-gegen-gewalt\u201429710938\">am 15. Februar<\/a> mehrere hundert Menschen in Cottbus (Brandenburg) gegen die rechtsradikalen Ausschreitungen der letzten Zeit. Im vergangenen Jahr kam es bundesweit <a href=\"https:\/\/www.morgenpost.de\/politik\/article213458569\/2500-politisch-motivierte-Straftaten-gegen-Juden-und-Muslime.html\">zu \u00fcber 1.000 Straftaten gegen muslimische Einrichtungen<\/a>. <a href=\"http:\/\/www.spiegel.de\/politik\/deutschland\/dresden-polizei-loest-neonazi-kundgebung-auf-a-1194086.html\">Am 17. Februar<\/a> l\u00f6st die Polizei in Dresden (Sachsen) eine neonazistische Kundgebung mit rund 200 Teilnehmern wegen des Verdachts der Volksverhetzung auf. Ein Berufsschullehrer in Hannover (Niedersachsen), der seine Sch\u00fcler aufgefordert haben soll, sich mit dem Hitlergru\u00df zu melden und Migranten wiederholt beleidigt haben soll, darf nach einer Abmahnung <a href=\"https:\/\/www.morgenpost.de\/vermischtes\/article213484637\/Schueler-zum-Hitlergruss-aufgefordert-Lehrer-abgemahnt.html\">weiter unterrichten<\/a>.<\/p>\n<p align=\"left\"><b>Rechtsradikale <\/b><b>und fremdenfeindliche <\/b><b>Angriffe auf Fl\u00fcchtlinge:<\/b> Mit Bildern einer \u00dcberwachungskamera <a href=\"http:\/\/www.spiegel.de\/politik\/deutschland\/cottbus-angriff-auf-fl\u00fcchtlinge-an-silvester-polizei-fahndet-oeffentlich-a-1191168.html\">fahndet die Polizei \u00f6ffentlich<\/a> nach sechs Personen, die in der Neujahrsnacht in Cottbus (Brandenburg) ein Fl\u00fcchtlingsheim gest\u00fcrmt und drei Personen verletzt haben. <a href=\"https:\/\/www.morgenpost.de\/politik\/inland\/article213312155\/Hunderte-demonstrieren-in-Cottbus-fuer-Weltoffenheit.html\">Am 3. Januar<\/a> demonstrieren in der Stadt rund 2.000 Anh\u00e4nger des rechten Vereins \u201eZukunft Heimat\u201c; in sechs F\u00e4llen stellt die Polizei die Identit\u00e4t von Teilnehmern fest, ein Mann der den Hitlergru\u00df zeigt, wird in Gewahrsam genommen. Zuvor hatten <a href=\"http:\/\/www.tagesspiegel.de\/politik\/brandenburg-demonstrationen-in-cottbus-enden-stoerungsfrei\/20924286.html\">\u00fcber 1.000 Personen<\/a> an einer Demonstration des B\u00fcndnisses \u201eCottbus Nazifrei\u201c teilgenommen. In Heilbronn (Baden-W\u00fcrttemberg) greift <a href=\"http:\/\/www.spiegel.de\/panorama\/justiz\/heilbronn-senior-sticht-auf-fluechtlinge-ein-drei-verletzte-a-1194211.html\">am 17. Februar<\/a> ein betrunkener Mann junge Fl\u00fcchtlinge mit einem Messer an und verletzt drei von ihnen. Er wird von Passanten \u00fcberw\u00e4ltigt und der Polizei \u00fcbergeben. <a href=\"https:\/\/www.berliner-zeitung.de\/berlin\/polizei\/angriff-im-discounter-28-jaehrige-reisst-frau-burka-vom-kopf-und-verletzt-sie-dabei-29733108\">Am 20. Februar<\/a> beschimpft in Berlin eine Frau eine Burka-Tr\u00e4gerin in einem Discount-Gesch\u00e4ft zun\u00e4chst fremdenfeindlich und rei\u00dft ihr dann die Burka vom Kopf. Sie wird festgenommen. <a href=\"http:\/\/www.spiegel.de\/panorama\/justiz\/heilbronn-mordermittlungen-gegen-mutmasslichen-messerstecher-a-1194762.html\">Am 21. Februar<\/a> wird gegen den T\u00e4ter von Heilbronn (Baden-W\u00fcrttemberg) Haftbefehl wegen Mordversuchs erlassen.<\/p>\n<p align=\"left\"><b>Anschlag auf Fu\u00dfballmannschaft:<\/b> Im Prozess um den Anschlag auf den Bus der Mannschaft von Borussia Dortmund im April 2017 <a href=\"http:\/\/www.spiegel.de\/panorama\/justiz\/bvb-attentat-angeklagter-bietet-marc-barta-schmerzensgeld-an-a-1191139.html\">bietet der Angeklagte<\/a> den beiden Verletzten ein Schmerzensgeld an.<\/p>\n<p align=\"left\">3. Februar: <b>Bundesnachrichtendienst:<\/b> Durch Presseberichte unter Berufung auf eine Verschlusssachen-Antwort auf eine parlamentarische Antwort der Linken-Bundestagsfraktion <a href=\"http:\/\/www.faz.net\/aktuell\/politik\/inland\/bnd-angeblich-an-amerikanischer-geheimaktion-beteiligt-15430810.html\">wird bekannt<\/a>, dass sich der Bundesnachrichtendienst (BND) seit Oktober 2017 an der geheimen US-Operation \u201eGallant Phoenix\u201c zur Aufdeckung der Identit\u00e4t von K\u00e4mpfern des \u201eIslamischen Staat\u201c (IS), beteiligt.<\/p>\n<p align=\"left\">4. Februar: <b>G20-Gipfel:<\/b> Durch Presseberichte <a href=\"http:\/\/www.spiegel.de\/politik\/deutschland\/g20-gipfel-in-hamburg-kostet-bundesregierung-mehr-als-72-millionen-euro-a-1191317.html\">wird bekannt<\/a>, dass sich die Gesamtkosten f\u00fcr den G20-Gipfel in Hamburg im Juli 2017 auf insgesamt 72,2 Mio. EUR belaufen. Am 12. Februar stellt die StA Hamburg die Ermittlungen gegen vier f\u00fchrende Mitglieder der linken Szene wegen Anstiftung zu schwerem Landfriedensbruch <a href=\"http:\/\/www.spiegel.de\/panorama\/justiz\/hamburg-g20-krawalle-verfahren-gegen-rote-flora-sprecher-eingestellt-a-1193145.html\">ein<\/a>.<\/p>\n<p align=\"left\"><b>Homophobe <\/b><b>Angriffe<\/b><b>:<\/b> Auf einem Berliner U-Bahnhof wird ein homosexueller Mann <a href=\"https:\/\/www.morgenpost.de\/berlin\/polizeibericht\/article213316363\/Junge-Maenner-beleidigen-verfolgen-und-schlagen-Schwulen.html\">von einer Gruppe Jugendlicher zun\u00e4chst beleidigt und dann geschlagen<\/a>. Ein T\u00e4ter kann festgenommen werden. <a href=\"https:\/\/www.morgenpost.de\/berlin\/polizeibericht\/article213390931\/Schwulenfeindlicher-Angriff-Paerchen-verletzt.html\">Am 9. Februar<\/a> werden in Berlin wiederum zwei schwule M\u00e4nner von drei Unbekannten angegriffen und verletzt. In Deutschland wurden 2017 mindestens 300 homophobe oder transphobe Straftaten ver\u00fcbt (2016: 316); 161 Tatverd\u00e4chtige konnten ermittelt werden. Dies geht <a href=\"http:\/\/www.spiegel.de\/panorama\/justiz\/hasskriminalitaet-gegen-lesben-schwule-und-transgender-300-faelle-im-jahr-2017-a-1193096.html\">am 12. Februar<\/a> aus Presseberichten unter Berufung auf eine parlamentarische Anfrage der Gr\u00fcnen-Bundestagsfraktion hervor.<\/p>\n<p align=\"left\">5. Februar: <b>I<\/b><b>slamismus:<\/b> In Nordrhein-Westfalen werden aktuell 253 Personen als islamistische Gef\u00e4hrder \u00fcberwacht; darunter 11 Frauen. Dies geht aus einer Anfrage der Gr\u00fcnen-Landtagsfraktion <a href=\"http:\/\/www.spiegel.de\/politik\/deutschland\/nordrhein-westfalen-polizei-ueberwacht-elf-islamistische-gefaehrderinnen-a-1191464.html\">hervor<\/a>.<\/p>\n<p align=\"left\"><b>P<\/b><b>rozesse gegen mutma\u00dfliche Dschihadisten:<\/b> In Bayreuth (Bayern) <a href=\"http:\/\/www.sueddeutsche.de\/bayern\/bayreuth-jaehriger-syrer-wegen-is-videos-unter-terrorverdacht-1.3854416\">beginnt der Prozess<\/a> gegen einen jungen Syrer. Er war im Juni 2017 unter dem Verdacht festgenommen worden, einen Terroranschlag zu planen. <a href=\"http:\/\/www.sueddeutsche.de\/bayern\/is-prozess-in-bayreuth-terrorverdaechtiger-jaehriger-wollte-als-maertyrer-sterben-1.3857783\">Am 7. Februar<\/a> werden im Gerichtssaal Videos abgespielt, die in der Wohnung des Mannes gefunden wurden, darunter Anleitungen zum Bombenbau und von der T\u00f6tung von Gefangenen. Im Prozess gegen drei mutma\u00dfliche Dschihadisten vor dem OLG Hamburg erkl\u00e4rt einer der Angeklagten <a href=\"http:\/\/www.sueddeutsche.de\/politik\/gestaendnis-im-prozess-mutmasslicher-is-schlaefer-reiste-als-fluechtling-in-deutschland-ein-1.3868816\">am 13. Februar<\/a>, er sei im Herbst 2015 vom \u201eIslamischen Staat\u201c (IS) nach Deutschland geschickt worden um Anschl\u00e4ge zu begehen. Die M\u00e4nner waren im September 2016 in Fl\u00fcchtlingsheimen festgenommen worden. <a href=\"https:\/\/www.morgenpost.de\/berlin\/polizeibericht\/article213448245\/Mutmassliche-IS-Unterstuetzer-schweigen-vor-Berliner-Gericht.html\">Am 15. Februar<\/a> beginnt vor einem Berliner Kammergericht (KG) der Prozess gegen vier mutma\u00dfliche IS-Unterst\u00fctzer. Vor dem OLG D\u00fcsseldorf (NRW) beginnt <a href=\"http:\/\/www.faz.net\/aktuell\/politik\/inland\/dschihadisten-im-jugendalter-stehen-in-duesseldorf-vor-gericht-15462990.html\">am 22. Februar<\/a> der Prozess gegen zwei junge Syrer, die 2016 einem anderen Mann bei den Vorbereitungen f\u00fcr einen Bombenanschlag geholfen und einen Sprengsatz zu Testzwecken gez\u00fcndet haben.<\/p>\n<p align=\"left\"><b>Angriffe auf Polizisten:<\/b> In Glash\u00fctten (Hessen) <a href=\"http:\/\/www.spiegel.de\/panorama\/justiz\/hessen-rentner-schiesst-auf-polizisten-weil-er-sie-fuer-betrueger-haelt-a-1191378.html\">schie\u00dft ein Rentner auf Polizeibeamte<\/a>, die er f\u00fcr die Betr\u00fcger h\u00e4lt, auf die er am Vortag hereingefallen ist. Eine Beamtin erleidet ein Knalltrauma. <a href=\"https:\/\/www.morgenpost.de\/berlin\/polizeibericht\/article213352927\/Friedrichshain-Ruhestoerer-schlaegt-auf-Polizisten-ein.html\">Am 7. Februar<\/a> werden in Berlin Polizeibeamte zu einer Ruhest\u00f6rung gerufen. Als die Beamten eintreffen greift der Ruhest\u00f6rer sie an und verletzt mehrere von ihnen. <a href=\"https:\/\/www.morgenpost.de\/berlin\/polizeibericht\/article213385215\/Betrunkener-Mann-verletzt-Polizisten-schwer.html\">Am 9. Februar<\/a> randaliert ein Betrunkener in einem Berliner Internetcaf\u00e9. Als er schlie\u00dflich festgenommen wird, setzt er sich zur Wehr und verletzt einen Polizisten schwer. In K\u00f6ln (NRW) wird <a href=\"http:\/\/www.faz.net\/aktuell\/gesellschaft\/kriminalitaet\/polizist-vor-koelner-strassenbahn-geschubst-und-getoetet-15442136.html\">am 9. Februar<\/a> in Polizist in Zivil vor eine Stra\u00dfenbahn geschubst und get\u00f6tet. Ein Verd\u00e4chtiger <a href=\"https:\/\/www.morgenpost.de\/vermischtes\/article213390679\/Festnahme-nach-Toetung-eines-Polizisten-in-Koeln.html\">wird sp\u00e4ter festgenommen<\/a>. Durch Presseberichte wird am 11. Februar bekannt, dass 2011 ein bundesweiter Verein \u201eKeine Gewalt gegen Polizisten\u201c derzeit 138 Mitgliedern hat (<a href=\"http:\/\/www.kggp.de\/\">www.kggp.de<\/a>). Der Verein nimmt Kontakt zu im Dienst verletzten Beamten auf und <a href=\"https:\/\/www.morgenpost.de\/berlin\/article213387855\/Keine-Gewalt-gegen-Polizisten-macht-Vorfaelle-oeffentlich.html\">betreibt \u00d6ffentlichkeitsarbeit<\/a>. Gegen den Mann, der im Verdacht steht, einen Polizisten vor eine K\u00f6lner Stra\u00dfenbahn geschubst zu haben, <a href=\"http:\/\/www.spiegel.de\/panorama\/justiz\/koeln-polizist-stirbt-an-strassenbahngleis-tatverdaechtiger-in-u-haft-a-1193062.html\">wird Haftbefehl wegen fahrl\u00e4ssiger T\u00f6tung erlassen<\/a>. In D\u00fcsseldorf (NRW) greift ein betrunkener Mann zwei Polizisten an, die seinen aggressiven Hund anbinden. Ein Beamter wird von ihm so schwer im Gesicht verletzt, dass er ins Krankenhaus <a href=\"https:\/\/www.berliner-zeitung.de\/panorama\/polizist-schwer-verletzt-alkoholisierte-karnevalisten-hetzen-hund-auf-passanten-29693534\">eingeliefert werden muss<\/a>. Bei der Durchsetzung eines Platzverweises greift <a href=\"https:\/\/www.morgenpost.de\/berlin\/article213451245\/Betrunkener-attackiert-Bundespolizisten-mit-Nagelfeile.html\">am 14. Februar<\/a> ein Betrunkener sowohl auf einem Berliner Bahnhof wie auch sp\u00e4ter auf dem Revier die Polizisten an. <a href=\"http:\/\/www.faz.net\/aktuell\/gesellschaft\/kriminalitaet\/koeln-verdaechtiger-nach-tod-eines-polizisten-entlassen-15460342.html\">Am 21. Februar<\/a> wird der Mann, der im K\u00f6lner Karneval einen Polizisten unter eine Stra\u00dfenbahn geschubst haben sollte, aus der Untersuchungshaft entlassen, da kein dringender Tatverdacht mehr besteht; es k\u00f6nne auch ein Ungl\u00fccksfall gewesen sein. Vor dem Bundesgerichtshof (BGH) beginnt <a href=\"https:\/\/www.berliner-zeitung.de\/politik\/bgh-prueft-is-attacke-einer-schuelerin-auf-polizisten-29741864\">am 22. Februar<\/a> der Revisionsprozess gegen eine junge Frau, die im Februar 2016 in Hannover (Niedersachsen) einen Polizisten niedergestochen hatte. Ebenfalls <a href=\"https:\/\/www.morgenpost.de\/berlin\/article213527279\/Paar-Streit-Frau-pruegelt-und-zieht-Polizistin-an-den-Haaren.html\">am 22. Februar<\/a> greift in Berlin eine Frau eine Polizistin an, die einen Streit schlicht will und schl\u00e4gt ihr mehrfach ins Gesicht. In Oldenburg (Niedersachsen) st\u00f6\u00dft <a href=\"https:\/\/www.morgenpost.de\/vermischtes\/article213554261\/Reichsbuerger-brach-Polizisten-bei-Kontrolle-die-Hand.html\">am gleichen Tag<\/a> ein \u201eReichsb\u00fcrger\u201c zwei Polizisten, die einen Gerichtsvollzieher begleiten, die Treppe herunter.<\/p>\n<p align=\"left\">6. Februar: <b>Gewalt gegen<\/b><b> Obdachlose:<\/b> Auf einem Berliner S-Bahnhof fordert ein Mann zwei Obdachlose aggressiv auf, den Bahnhof zu verlassen. Als sie dem nicht folgen, <a href=\"https:\/\/www.berliner-zeitung.de\/berlin\/polizei\/s-bahnhof-neukoelln-unbekannter-zuendet-schlafsack-von-obdachlosen-an-29622090\">z\u00fcndet er ihre Habseligkeiten an<\/a>. Er kann entkommen.<\/p>\n<p align=\"left\"><b>Ermittlungen gegen <\/b><b>Polizeibeamte<\/b><b>:<\/b> Die StA Aachen (NRW) <a href=\"http:\/\/www.tagesspiegel.de\/politik\/jahreswechsel-2015-2016-ermittlungen-gegen-beamte-wegen-koelner-silvesternacht-eingestellt\/20931748.html\">stellt die Ermittlungen<\/a> gegen die Polizeibeamten ein, die an der Planung des Sylvester-Einsatzes 2015\/2016 in K\u00f6ln beteiligt waren. Damals war es zu gr\u00f6\u00dferen sexuellen \u00dcbergriffen auf Frauen gekommen. Dies h\u00e4tten die Beamten jedoch nicht vorhersehen k\u00f6nnen.<\/p>\n<p align=\"left\"><b>Dschihadismus:<\/b> Presseberichten zufolge hat die Berliner Polizei im Dezember 2017 einen festgenommenen tunesischen Drogenh\u00e4ndler und islamistischen Gef\u00e4hrder mit \u201ezahllosen Scheinidentit\u00e4ten\u201c <a href=\"https:\/\/www.berliner-zeitung.de\/berlin\/polizei\/abgelehnter-asylbewerber-polizei-laesst-mit-drogen-handelnden-gefaehrder-frei---29628472\">wieder freigelassen<\/a>, obwohl er ihnen bekannt war; <a href=\"https:\/\/www.morgenpost.de\/berlin\/polizeibericht\/article213346573\/Bericht-Polizei-liess-islamistischen-Gefaehrder-laufen.html\">er sei daraufhin abgetaucht<\/a>. Am 7. Februar weist die Polizei die Vorw\u00fcrfe zur\u00fcck. Der Mann sei \u201eweder in Berlin noch in einem anderen Bundesland als Gef\u00e4hrder eingestuft\u201c gewesen. Daher seien auch <a href=\"http:\/\/www.tagesspiegel.de\/berlin\/freigelassener-drogenhaendler-berliner-polizei-fathi-ben-m-war-kein-gefaehrder\/20939528.html\">keine Sofortma\u00dfnahmen ergriffen worden<\/a>. Am 9. Februar k\u00f6nnen Polizeifahnder den untergetauchten Mann in Berlin <a href=\"http:\/\/www.tagesspiegel.de\/berlin\/polizei-justiz\/berliner-polizei-gesuchter-tunesier-fathi-ben-m-gefasst\/20948476.html\">erneut festnehmen<\/a>. Laut Presseberichten <a href=\"https:\/\/www.morgenpost.de\/politik\/article213385099\/15-deutsche-IS-Frauen-sind-im-Norden-Syriens-inhaftiert.html\">vom 10. Februar<\/a> sind in Syrien mindestens 15 deutsche IS-K\u00e4mpferinnen mit ihren Kindern inhaftiert. Eine junge deutsche Islamistin wurdeim Irak <a href=\"https:\/\/www.berliner-zeitung.de\/politik\/deutsche-is-kaempferin-linda-w\u2014im-irak-zu-sechs-jahren-haft-verurteilt-29722106\">zu sechs Jahren Haft verurteilt<\/a>. Die Frau war im Sommer 2017 dort festgenommen wurde.<\/p>\n<p align=\"left\"><b>Love-Parade-Katastrophe:<\/b> Im Duisburger (NRW) Love-Parade-Prozess <a href=\"http:\/\/www.spiegel.de\/panorama\/justiz\/love-parade-prozess-in-duesseldorf-nebenklaeger-schildert-geschehnisse-a-1192058.html\">sagt ein \u00fcberlebender Nebenkl\u00e4ger als Zeuge aus<\/a>. Dabei kritisiert er das Verhalten der Polizei, die eingeklemmten Menschen Hilfe verweigert h\u00e4tten.<\/p>\n<p align=\"left\"><b>Polizeisch<\/b><b>uss<\/b><b>:<\/b> Das AG Ludwigslust (Mecklenburg-Vorpommern) <a href=\"http:\/\/www.sueddeutsche.de\/panorama\/verwechslung-bei-festnahme-angeschossener-jaehriger-freigesprochen-1.3856224\">spricht einen Angeklagten frei<\/a>, der im Februar 2016 von der Polizei irrt\u00fcmlich f\u00fcr einen gesuchten Straft\u00e4ter gehalten und bei der Festnahme durch einen Schuss schwer verletzt wurde. Der Polizeieinsatz sei in Vorbereitung und Durchf\u00fchrung desolat gewesen, so der Richter.<\/p>\n<p align=\"left\">7. Februar: <b>Asyl:<\/b> Der Bund Deutscher Verwaltungsrichter (BDVR) <a href=\"http:\/\/www.faz.net\/aktuell\/politik\/inland\/verwaltungsrichter-bewaeltigung-der-asylklagen-wird-noch-jahre-dauern-15436434.html\">erkl\u00e4rt<\/a>, die Aufarbeitung der bei deutschen Gerichte aufgelaufenen Asylklagen werde noch einige Jahre in Anspruch nehmen. Die Probleme beg\u00e4nnen bereits bei der Lagerung der Dokumente. <a href=\"https:\/\/www.morgenpost.de\/berlin\/article213539255\/Der-Klageberg-von-Moabit.html\">Am 25. Februar<\/a> wird bekannt, das es sich dabei um etwa 320.000 unerledigte Verfahren handelt; allein beim Berliner Verwaltungsgericht (VG) sind es fast 14.000 F\u00e4lle.<\/p>\n<p align=\"left\">8. Februar: <b>\u201eReichsb\u00fcrger\u201c:<\/b> In M\u00fcnster (NRW) stellt die Polizei bei einem \u201eReichsb\u00fcrger\u201c ein umfangreiches Waffenlager und <a href=\"https:\/\/www.morgenpost.de\/vermischtes\/article213365261\/Polizei-stellt-bei-Reichsbuerger-93-Waffen-sicher.html\">rund 200 kg Munition sicher<\/a>. Das VG M\u00fcnchen (Bayern) <a href=\"http:\/\/www.sueddeutsche.de\/muenchen\/prozess-professor-der-hochschule-muenchen-wegen-naehe-zu-reichsbuerger-szene-entlassen-1.3859692\">weist die Klage<\/a> eines Hochschulprofessors aus der \u201eReichsb\u00fcrger-Szene\u201c gegen seine Entlassung zur\u00fcck. In Oldenburg (Niedersachsen) st\u00f6\u00dft <a href=\"https:\/\/www.morgenpost.de\/vermischtes\/article213554261\/Reichsbuerger-brach-Polizisten-bei-Kontrolle-die-Hand.html\">am 22. Februar<\/a> ein \u201eReichsb\u00fcrger\u201c zwei Polizisten, die einen Gerichtsvollzieher begleiten, die Treppe herunter. In Hof (Bayern) nimmt die Polizei am 28. Februar einen \u201eReichsb\u00fcrger\u201c unter dem Verdacht fest, im Oktober 2017 einen Brandanschlag ver\u00fcbt zu haben. Bei ihm wird zudem <a href=\"http:\/\/www.spiegel.de\/panorama\/justiz\/hof-polizei-nimmt-schwerbewaffneten-reichbuerger-fest-a-1195823.html\">ein umfangreiches Waffenlager sichergestellt<\/a>.<\/p>\n<p align=\"left\"><b>Fremdenfeindliche Handlungen:<\/b> In Berlin wird eine Peruanerin von einem Mann fremdenfeindlich beleidigt und geschlagen. <a href=\"https:\/\/www.berliner-zeitung.de\/berlin\/polizei\/polizeibericht-unbekannter-schlaegt-und-beschimpft-peruanerin-fremdendfeindlich-29644476\">Der Mann kann entkommen<\/a>. Durch Presseberichte wird bekannt, dass die Bezirksregierung von Oberbayern unabh\u00e4ngigen Rechtsberatern den Zutritt zu Erstaufnahmeeinrichtungen untersagt hat. Die Stadt Pirmasens (Rheinland-Pfalz) <a href=\"http:\/\/www.sueddeutsche.de\/bayern\/asylpolitik-bayern-verschaerft-massnahmen-gegen-neu-angekommene-fluechtlinge-1.3859512\">stoppt den Zuzug von anerkannten Fl\u00fcchtlingen<\/a> ohne Arbeits- oder Ausbildungsplatz. In Pirmasens leben aktuell 1.309 Fl\u00fcchtlinge, darunter 235 zugewiesene Asylsuchende. <a href=\"http:\/\/www.spiegel.de\/politik\/deutschland\/fluechtlinge-oirmasens-stoppt-zuzug-anerkannter-asylbewerber-a-1195841.html\">Auch Cottbus<\/a> (Brandenburg) hat den Zuzug von Fl\u00fcchtlingen bereits gestoppt).<\/p>\n<p align=\"left\"><b>Menschenhandel:<\/b> Der BGH <a href=\"http:\/\/www.spiegel.de\/panorama\/justiz\/bundesgerichtshof-menschenhandell-bgh-hebt-urteil-teilweise-auf-a-1192475.html\">hebt das Urteil<\/a> des LG D\u00fcsseldorf (NRW) gegen zwei Menschenh\u00e4ndler teilweise auf, weil vom Gericht keine Sicherungsverwahrung gepr\u00fcft wurde. Das LG hatte die M\u00e4nner im November 2016 zu 10 und acht Jahren Haft verurteilt und muss nun neu verhandeln.<\/p>\n<p align=\"left\"><b>Rockerkriminalit\u00e4t:<\/b> In D\u00fcsseldorf (NRW) kommt es in einer Pizzeria <a href=\"http:\/\/www.faz.net\/aktuell\/gesellschaft\/kriminalitaet\/duesseldorf-rocker-sollen-pizzeria-attackiert-haben-15441969.html\">zu einer Schl\u00e4gerei mit \u00fcber 40 Verletzten<\/a>. Ausgangspunkt waren nach Angaben des Betreibers Rocker der \u201eHells Angels\u201c, die Schutzgeld verlangt hatten. In Wuppertal (NRW) wird <a href=\"http:\/\/www.wuppertaler-rundschau.de\/lokales\/update-2-mann-in-elberfeld-erschossen-aid-1.7382056\">am 9. Februar<\/a> ein Rocker der \u201eOsmanen Germania\u201c bei seiner Festnahme erschossen. Die Hintergr\u00fcnde sind derzeit noch unklar. Am 13. Februar weist das VG Osnabr\u00fcck (Niedersachsen) die Klage eines Rockers des \u201eGremium MC\u201c gegen den Entzug seiner waffenrechtlichen Erlaubnisse zur\u00fcck (<a href=\"https:\/\/www.juris.de\/jportal\/portal\/t\/fl9\/page\/homerl.psml?nid=jnachr-JUNA180200380&amp;cmsuri=%2Fjuris%2Fde%2Fnachrichten%2Fzeigenachricht.jsp\">6 A 262\/15, 6 A 264\/15<\/a>).<\/p>\n<p align=\"left\"><b>Kriminelle Polizisten:<\/b> In Hamburg <a href=\"http:\/\/www.sueddeutsche.de\/news\/panorama\/prozesse---hamburg-illegales-waffenlager-ex-polizist-vor-gericht-dpa.urn-newsml-dpa-com-20090101-180207-99-975463\">beginnt der Prozess<\/a> gegen einen Ex-Polizisten wegen eines illegal angelegten Waffenlagers. Durch Presseberichte wird <a href=\"https:\/\/www.berliner-zeitung.de\/berlin\/brandenburg\/nach-datenverrat-polizei-kappt-5000-beamten-internen-zugang-29717298\">am 16. Februar<\/a> bekannt, dass die Brandenburger Polizei ihren Beamten f\u00fcr 48 Stunden den Zugang zu internen Informationssystemen gesperrt hat. Grund hierf\u00fcr sind interne Details zu Straftaten, die in Medien und auf Facebook erschienen waren. Der BGH verurteilt <a href=\"http:\/\/www.spiegel.de\/panorama\/justiz\/leipzig-mann-zerstueckelt-lebenslange-haft-fuer-ex-polizisten-a-1194710.html\">am 21. Februar<\/a> einen fr\u00fcheren Polizisten wegen Mordes und St\u00f6rung der Totenruhe zu lebenslanger Haft. Er hatte Ende 2013 in Glimmnitztal (Sachsen) einen Mann auf dessen Wunsch get\u00f6tet und die Leiche anschlie\u00dfend zerst\u00fcckelt.<\/p>\n<p align=\"left\">9. Februar: <b>Polizeilicher Todesschuss<\/b><b>:<\/b> In Wuppertal (NRW) wird ein Rocker der \u201eOsmanen Germania\u201c <a href=\"http:\/\/www.wuppertaler-rundschau.de\/lokales\/update-2-mann-in-elberfeld-erschossen-aid-1.7382056\">bei seiner Festnahme erschossen<\/a>. <a href=\"https:\/\/www.morgenpost.de\/vermischtes\/article213450385\/Rocker-Boss-erschossen-Vorermittlungen-gegen-SEK-Beamten.html\">Am 15. Februar<\/a> erkl\u00e4rt der Sprecher der Wuppertaler StA, gegen den Beamten seien Vorermittlungen eingeleitet worden. Die StA Wuppertal <a href=\"http:\/\/www.spiegel.de\/panorama\/justiz\/wuppertal-ex-osmanen-anfuehrer-hamit-p-war-unbewaffnet-a-1195112.html\">f\u00fchrt gegen den Beamten unterdessen<\/a> Ermittlungen wegen fahrl\u00e4ssiger T\u00f6tung, da der Get\u00f6tete \u201eim Zeitpunkt des Zugriffs nach derzeitigem Kenntnisstand nicht bewaffnet\u201c gewesen sei.<\/p>\n<p align=\"left\">10. Februar: <b>\u201e<\/b><b>Identit\u00e4re Bewegung\u201c:<\/b> Auf dem Baugel\u00e4nde f\u00fcr eine Moschee in Regensburg (Bayern) werden 26 Kreuze mit den Namen von Terroropfern entdeckt. Die rechtsextreme \u201eIdentit\u00e4re Bewegung\u201c <a href=\"http:\/\/www.spiegel.de\/panorama\/gesellschaft\/regensburg-26-kreuze-auf-baugelaende-von-moschee-platziert-a-1193466.html\">bekennt sich hierzu<\/a>. In Berlin <a href=\"http:\/\/www.tagesspiegel.de\/berlin\/rechte-aktion-am-rande-der-berlinale-metoo-von-rechts-stoeraktion-bei-filmbranche-podium\/20980590.html\">st\u00fcrmen Angeh\u00f6rige<\/a> der \u201eIdentit\u00e4ren Bewegung\u201c eine Diskussionsveranstaltung zum Thema sexuelle Bel\u00e4stigung und Gewalt in der Filmbranche. Sie machen die Fl\u00fcchtlingspolitik f\u00fcr Sexualstraftaten verantwortlich. <a href=\"http:\/\/www.fr.de\/politik\/hasskommentare-afd-und-identitaere-manipulieren-internetdebatten-a-1452903\">Am 21. Februar<\/a> wird durch Presseberichte bekannt, dass die\u201c Identit\u00e4re Bewegung\u201c durch Internet-Trolle versucht hatte, zugunsten der AfD Einfluss auf die Bundestagswahl 2017 zu nehmen. Ob dies Auswirkungen auf den Wahlausgang hatte, l\u00e4sst sich nicht nachweisen .<\/p>\n<p align=\"left\">11. Februar: <b>A<\/b><b>ntisemitische <\/b><b>Straftaten<\/b><b>: <\/b>Im Jahr 2017 kam es nach Polizeiz\u00e4hlungen bundesweit zu 1.453 antisemitischen Delikten, darunter 32 Gewalttaten (2016: 1.468\/34 \/ 2015: 1.368\/38). Dies geht aus <a href=\"http:\/\/www.tagesspiegel.de\/politik\/rechtsextremismus-in-deutschland-pro-tag-im-schnitt-vier-antisemitische-straftaten\/20949750.html\">Presseberichten<\/a> unter Berufung auf eine parlamentarische Anfrage der Links-Fraktion im Bundestag hervor.<\/p>\n<p align=\"left\">13. Februar: <b>Festnahmen von mutma\u00dflichen Dschihadisten:<\/b> In Eschwege (Hessen) wird ein jugendlicher Iraker <a href=\"http:\/\/www.faz.net\/aktuell\/politik\/inland\/terrorgefahr-17-jahre-alter-iraker-in-hessen-festgenommen-15452214.html\">unter Terrorverdacht festgenommen<\/a>.<\/p>\n<p align=\"left\">15. Februar: <b>Gladbecker Geiselnahme:<\/b> Dieter Degowski, einer der Gladbecker Geiselnehmer von 1988 wird nach 30 Jahren <a href=\"http:\/\/www.spiegel.de\/panorama\/justiz\/gladbeck-geiselnehmer-dieter-degowski-aus-gefaengnis-entlassen-a-1193946.html\">aus der Haft entlassen<\/a>. Er hatte seinerzeit eine Geisel erschossen und war 1991 zu lebenslanger Haft verurteilt worden. Sein Komplize Hans-J\u00fcrgen R\u00f6sner bleibt weiterhin inhaftiert.<\/p>\n<p align=\"left\">16. Februar: <b>Terroranschlag auf Berliner Weihnachtsmarkt:<\/b> Vor dem Berliner Untersuchungsausschuss <a href=\"https:\/\/www.berliner-zeitung.de\/berlin\/polizei\/u-ausschuss-zum-terroranschlag-kripo-in-nrw-hielt-amri-fuer-sehr-gefaehrlich-29713778\">sagt ein Zeuge<\/a> des Landeskriminalamtes (LKA) NRW aus, der Attent\u00e4ter Anis Amri sei von seiner Beh\u00f6rde als sehr gef\u00e4hrlich angesehen worden. Dieser Einsch\u00e4tzung sei Berlin jedoch nicht gefolgt. Durch Presseberichte wird <a href=\"http:\/\/www.spiegel.de\/politik\/deutschland\/berlin-chefermittler-im-fall-anis-amri-hatte-offenbar-zeit-fuer-nebenjobs-a-1194591.html\">am 21. Februar<\/a> bekannt, dass der Leiter des Islamismus-Dezernates beim Berliner LKA trotz der st\u00e4ndig erkl\u00e4rten \u00dcberlastung eine Nebent\u00e4tigkeit an einer privaten Sicherheitsakademie aus\u00fcbte.<\/p>\n<p align=\"left\">20. Februar: <b>Ds<\/b><b>chihadisten-Prozesse:<\/b> Vor dem OLG M\u00fcnchen (Bayern) <a href=\"https:\/\/www.berliner-zeitung.de\/berlin\/polizei\/islamist-vor-gericht-wollte-er-einen-siebenjaehrigen-zum-kindersoldaten-ausbilden\u201429730354\">beginnt der Prozess<\/a> gegen einen Syrer, dem vorgeworfen wird, ein Kind zum Kindersoldaten trainiert zu haben, weitere Personen f\u00fcr IS-Anschl\u00e4ge gesucht und einen Anschlag auf eine Berliner Synagoge geplant zu haben. <a href=\"http:\/\/www.spiegel.de\/politik\/deutschland\/bayreuth-syrer-muss-wegen-terror-anschlagsplaenen-in-haft-a-1194726.html\">Am 21. Februar<\/a> verurteilt das LG Bayreuth (Bayern) einen jungen Syrer wegen Planung eines Terroranschlags zu einer Jugendstrafe von eineinhalb Jahren. Bei ihm waren bei seiner Festnahme im Sommer 2016 IS-Propagandamaterial und Anleitungen zum Bombenbau gefunden worden.<\/p>\n<p align=\"left\"><b>Schleuser<\/b><b>kriminalit\u00e4t<\/b><b>:<\/b> Vor einem AG in Frankfurt\/O. (Brandenburg) <a href=\"https:\/\/www.berliner-zeitung.de\/berlin\/brandenburg\/schleuser-prozess-zwei-tage-auf-der-ladeflaeche---angeklagter-schweigt-29733982\">beginnt der Prozess<\/a> gegen den Fahrer eines LKWs, der im September 2017 versucht hatte, rund 50 Iraker nach Deutschland einzuschleusen.<\/p>\n<p align=\"left\"><b>Rechtsradikale Polizisten:<\/b> Durch Presseberichte <a href=\"http:\/\/www.spiegel.de\/panorama\/gesellschaft\/wurzen-in-sachsen-sek-polizist-wegen-oden-symbol-bestraft-a-1194449.html\">wird bekannt<\/a>, dass das LKA Sachsen einen Polizeibeamten, der bei einer rechten Rassismus-Demonstration in Wurzen (Sachsen) im September 2017 einen Aufn\u00e4her mit Odinssymbol an der Uniform getragen hatte, eine Disziplinarstrafe verh\u00e4ngt hat.<\/p>\n<p align=\"left\">21. Februar: <b>Abschiebung<\/b><b>en<\/b><b>:<\/b> Vom Flughafen M\u00fcnchen (Bayern) werden 14 abgelehnte Asylbewerber nach Afghanistan <a href=\"http:\/\/www.spiegel.de\/politik\/deutschland\/fluechtlinge-14-abgelehnte-asylbewerber-nach-afghanistan-abgeschoben-a-1194559.html\">abgeschoben<\/a>; urspr\u00fcnglich sollten es 58 Asylbewerber sein. Es ist der 10. Abschiebeflug seit Dezember 2016; insgesamt wurden damit seither 174 Personen abgeschoben. Aus einer parlamentarischen Anfrage der Links-Fraktion im Bundestag <a href=\"http:\/\/www.sueddeutsche.de\/politik\/fluechtlinge-abschiebungen-abgebrochen-1.3874809\">geht zudem hervor<\/a>, dass im vergangenen Jahr die Abschiebung von 981 Fl\u00fcchtlingen an ihrem Widerstand im letzten Moment gescheitert ist (2016: 502).<\/p>\n<p align=\"left\">24. Februar: <b>Rechtsradikale Demonstrationen und Kundgebungen:<\/b> In Cottbus (Brandenburg) <a href=\"https:\/\/www.berliner-zeitung.de\/berlin\/brandenburg\/-zukunft-heimat\u2014nach-gewalt-in-cottbus-erneut-demo-gegen-fluechtlinge-29776546\">demonstrieren \u00fcber 2.000 Menschen<\/a> gegen Zuwanderung. Zu Zwischenf\u00e4llen kommt es nicht.<\/p>\n<p align=\"left\">26. Februar: <b>Mordversuch an Polizeibeamten:<\/b> Vor dem LG Berlin <a href=\"https:\/\/www.berliner-zeitung.de\/berlin\/polizei\/prozess-der-woche-der-autodieb\u2014der-einen-polizisten-mitschleifte-29779504\">beginnt der Prozess<\/a> wegen Mordversuchs gegen einen Mann, der im Jahr 2013 einen Polizeibeamten an einem gestohlenen Auto mitschleifte und dabei zudem andere Fahrzeuge streifte.<\/p>\n<p align=\"left\"><b>Polizeipr\u00e4sident entlassen:<\/b> Mit sofortiger Wirkung <a href=\"https:\/\/www.berliner-zeitung.de\/berlin\/polizei\/polizeipraesident-klaus-kandt-muss-gehen---nachfolger-kommt-mitte-april-29782454\">entl\u00e4sst Berlins Innensenator Andreas Geisel (SPD) Polizeipr\u00e4sident Klaus Kandt<\/a> und versetzt ihn in den einstweiligen Ruhestand. Hintergrund sind die Ermittlungspannen beim Weihnachtsmarktattentat, Missst\u00e4nde an der Berliner Polizeischule und marode Schie\u00dfst\u00e4nde.<\/p>\n<p align=\"left\">27. Februar: <b>Fremdenfeindliche Angriff<\/b><b>e<\/b><b>:<\/b> In Wurzen (Sachsen) <a href=\"https:\/\/www.berliner-zeitung.de\/panorama\/rassistische-attacke-vermummte-rechtsextreme-schlagen-auf-schwangere-afrikanerin-ein-29790834\">greifen zwei Unbekannte eine schwangere Afrikanerin an<\/a>, schlagen und beschimpfen sie rassistisch. Unter Berufung auf eine parlamentarische Anfrage der Linksfraktion <a href=\"http:\/\/www.spiegel.de\/politik\/deutschland\/fluechtlinge-2219-angriffe-auf-asylbewerber-und-ihre-unterk\u00fcnfte-in-2017-a-1195738.html\">hei\u00dft es<\/a>, dass es 2017 bundesweit zu 1906 Angriffen auf Fl\u00fcchtlinge gekommen ist.<\/p>\n<p align=\"left\">28. Februar: <b>Rechte und fremdenfeindliche Angriffe auf Fl\u00fcchtlingsheime:<\/b> Durch parlamentarische Anfrage der Linksfraktion <a href=\"http:\/\/www.spiegel.de\/politik\/deutschland\/fluechtlinge-2219-angriffe-auf-asylbewerber-und-ihre-unterk\u00fcnfte-in-2017-a-1195738.html\">wird bekannt<\/a>, dass 2017 bundesweit in 313 F\u00e4llen Fl\u00fcchtlingsunterk\u00fcnfte angegriffen wurden.<\/p>\n<p align=\"left\"><b>Akteneinsicht:<\/b> Vor dem BVerfG in Leipzig (Sachsen) <a href=\"http:\/\/www.spiegel.de\/politik\/deutschland\/hans-modrow-frueher-ddr-minister-praesident-will-geheimdienstakten-einsehen-a-1195855.html\">beginnt der Prozess<\/a> des fr\u00fcheren Vorsitzenden des DDR-Ministerrats Hans Modrow, gegen den BND um Einsicht in seine BND-Akten. Der BND verweigert diese und beruft sich auf Quellenschutz.<\/p>\n<p align=\"left\"><b>Private Sicherheits<\/b><b>dienst<\/b><b>e:<\/b> Durch Presseberichte unter Berufung auf eine parlamentarische Anfrage der Linken-Landtagsfraktion <a href=\"https:\/\/www.berliner-zeitung.de\/berlin\/brandenburg\/parlamentsanfrage\u2014wachschutzfirmen-haben-verbindungen-in-rechte-szene-29796346\">wird bekannt<\/a>, dass in Brandenburg 13 von 20 privaten Sicherheitsfirmen Kontakte in die Rocker- und Rechtsradikalen-Szene des Landes haben.<\/p>\n<p align=\"left\"><b>Spionage<\/b><b>ermittlungen<\/b><b>:<\/b> Das Bundesministerium des Innern (BMI) <a href=\"http:\/\/www.spiegel.de\/netzwelt\/netzpolitik\/bundesregierung-hacker-sind-angeblich-in-regierungsnetz-eingedrungen-a-1195890.html\">best\u00e4tigt Presseberichte<\/a>, wonach die Datennetzwerke des Bundes und der Sicherheitsbeh\u00f6rden von ausl\u00e4ndischen Hackern infiltriert und auch Daten abgezogen wurden. Vermutet werden russische Dienste. Das Bundesamt f\u00fcr Sicherheit in der Informationstechnik (BSI) und die Geheimdienste untersuchen den Vorfall.<\/p>\n<p align=\"left\"><b>Bandenkriminalit\u00e4t:<\/b> In Berlin <a href=\"https:\/\/www.berliner-zeitung.de\/berlin\/durchsuchungen-polizei-geht-mit-grossaufgebot-gegen-arabischen-clan-vor-29797444\">durchsucht die Polizei<\/a> die Wohnungen einer arabischen Gro\u00dffamilie wegen des Verdachts auf schweren Bandendiebstahl und Hehlerei; drei Personen werden festgenommen.<\/p>\n<h3 align=\"left\">Beitragsbild: Fahndungsplakat des LKA Th\u00fcringen von 1998<\/h3>\n","protected":false},"excerpt":{"rendered":"<p>zusammengestellt von Otto Diederichs 1. Februar:\u00a0Rechtsextremistische Terrorgruppe NSU: Nachdem sie im Januar mit ihrem Beweisantrag,<\/p>\n","protected":false},"author":2,"featured_media":13821,"comment_status":"open","ping_status":"open","sticky":false,"template":"","format":"standard","meta":{"footnotes":""},"categories":[6],"tags":[667,820,1094,1186,1195,1216],"class_list":["post-13813","post","type-post","status-publish","format-standard","has-post-thumbnail","hentry","category-chronologien","tag-geheimdienste","tag-justiz","tag-polizei","tag-rassismus","tag-rechtsextremismus","tag-repression"],"_links":{"self":[{"href":"https:\/\/wp-dev.daten.cool\/index.php?rest_route=\/wp\/v2\/posts\/13813","targetHints":{"allow":["GET"]}}],"collection":[{"href":"https:\/\/wp-dev.daten.cool\/index.php?rest_route=\/wp\/v2\/posts"}],"about":[{"href":"https:\/\/wp-dev.daten.cool\/index.php?rest_route=\/wp\/v2\/types\/post"}],"author":[{"embeddable":true,"href":"https:\/\/wp-dev.daten.cool\/index.php?rest_route=\/wp\/v2\/users\/2"}],"replies":[{"embeddable":true,"href":"https:\/\/wp-dev.daten.cool\/index.php?rest_route=%2Fwp%2Fv2%2Fcomments&post=13813"}],"version-history":[{"count":0,"href":"https:\/\/wp-dev.daten.cool\/index.php?rest_route=\/wp\/v2\/posts\/13813\/revisions"}],"wp:featuredmedia":[{"embeddable":true,"href":"https:\/\/wp-dev.daten.cool\/index.php?rest_route=\/wp\/v2\/media\/13821"}],"wp:attachment":[{"href":"https:\/\/wp-dev.daten.cool\/index.php?rest_route=%2Fwp%2Fv2%2Fmedia&parent=13813"}],"wp:term":[{"taxonomy":"category","embeddable":true,"href":"https:\/\/wp-dev.daten.cool\/index.php?rest_route=%2Fwp%2Fv2%2Fcategories&post=13813"},{"taxonomy":"post_tag","embeddable":true,"href":"https:\/\/wp-dev.daten.cool\/index.php?rest_route=%2Fwp%2Fv2%2Ftags&post=13813"}],"curies":[{"name":"wp","href":"https:\/\/api.w.org\/{rel}","templated":true}]}}