{"id":13983,"date":"2018-05-03T15:54:31","date_gmt":"2018-05-03T15:54:31","guid":{"rendered":"https:\/\/www.cilip.de\/?p=13983"},"modified":"2018-05-03T15:54:31","modified_gmt":"2018-05-03T15:54:31","slug":"chronologie-april-2018","status":"publish","type":"post","link":"https:\/\/wp-dev.daten.cool\/?p=13983","title":{"rendered":"Chronologie April 2018"},"content":{"rendered":"<h3>zusammengestellt von Otto Diederichs<\/h3>\n<p>1. April: <b>Terroranschlag auf Berliner Weihnachtsmarkt:<\/b> In Berlin nimmt eine Anlaufstelle f\u00fcr Terroropfer <a href=\"https:\/\/www.morgenpost.de\/berlin\/article213889293\/Berlin-hat-jetzt-Anlaufstelle-fuer-Terroropfer.html\">offiziell die Arbeit auf<\/a>. Nach dem Ende M\u00e4rz bekannt gewordenen Umgang des Berliner Untersuchungsausschusses mit den zur Verf\u00fcgung gestellten Ermittlungsakten <a href=\"https:\/\/www.berliner-zeitung.de\/berlin\/polizei\/amri-untersuchungsausschuss-wer-hat-bei-den-terror-akten-am-meisten-geschlampt--29961334\">entwickelt sich ein Streit<\/a> zwischen dem Ausschuss und der Justizverwaltung. <a href=\"https:\/\/www.berliner-zeitung.de\/berlin\/abgeordnetenhaus-bestaetigt-amri-akten-sind-vollstaendig-29972784\">Am 5. April<\/a> erkl\u00e4rt der Pr\u00e4sident des Abgeordnetenhauses, der Umgang mit den Akten sei teilweise zwar \u201enicht sachgerecht\u201c gewesen, es sei jedoch kein Material verschwunden. Durch Presseberichte wird <a href=\"http:\/\/www.sueddeutsche.de\/politik\/fall-anis-amri-die-verschwundenen-tage-1.3938409\">am 10. April<\/a> bekannt, dass dem Berliner Untersuchungsausschuss immer noch 13 Observationsberichte des sp\u00e4teren Attent\u00e4ters Amri fehlen. Sie liegen im B\u00fcro des vom Senat eingesetzten Sonderermittlers, der seinen Bericht jedoch bereits im Oktober 2017 abgeschlossen hatte. <a href=\"https:\/\/www.berliner-zeitung.de\/berlin\/polizei\/fall-anis-amri-verfahren-gegen-polizisten-wegen-aktenmanipulation-eingestellt-29998640\">Am 11. April<\/a> stellt die Berliner Staatsanwaltschaft (StA) die Ermittlungen gegen zwei Beamte des Landeskriminalamtes (LKA) wegen Aktenmanipulation ein. Die polizeiinternen Disziplinarverfahren <a href=\"https:\/\/www.morgenpost.de\/berlin\/article214000133\/Fall-Amri-Polizei-ermittelt-intern-gegen-LKA-Beamte.html\">laufen weiter<\/a>. Interne ErmittlerInnen der Berliner Polizei werfen ihren KollegInnen in ihrem Bericht insgesamt 254 zum Teil <a href=\"https:\/\/www.berliner-zeitung.de\/politik\/fall-anis-amri-interne-ermittler-werfen-berliner-polizei-254-fehler-vor-30015960\">gravierende Fehler<\/a> bei der \u00dcberwachung des Attent\u00e4ters Amri vor, darunter <a href=\"https:\/\/www.tagesspiegel.de\/berlin\/bericht-zu-breitscheidplatz-attentaeter-32-schwere-maengel-im-umgang-mit-anis-amri\/21176246.html\">32 schwere<\/a>, die sich letztlich auf das Ermittlungsergebnis ausgewirkt haben. <!--more--><a href=\"https:\/\/www.berliner-zeitung.de\/berlin\/polizei\/fdp-erstattet-anzeige--kripo-bericht-zu-amri-durchgesickert-30030194\">Am 17. April<\/a> erstattet ein Berliner FDP-Abgeordneter aufgrund des durchgesickerten internen Berichtes wegen des Verdachts der Verletzung von Dienstgeheimnissen und besonderer Geheimhaltungspflicht Strafanzeige gegen Unbekannt. Im Berliner Untersuchungsausschuss r\u00e4umt <a href=\"https:\/\/www.berliner-zeitung.de\/politik\/fall-anis-amri-berliner-kriminalpolizist-raeumt-fehler-bei-der-beobachtung-ein-30047030\">am 20. April<\/a> ein Kriminalbeamter Fehler bei der Observierung des sp\u00e4teren Attent\u00e4ters Anis Amri ein. <a href=\"https:\/\/www.tagesspiegel.de\/berlin\/attentat-vom-breitscheidplatz-amri-abschlussbericht-listet-32-schwere-polizei-fehler-auf\/21220058.html\">Am 26. April<\/a> ver\u00f6ffentlicht die Berliner Innenverwaltung eine Kurzfassung des polizeiinternen Untersuchungsberichtes. <a href=\"https:\/\/www.morgenpost.de\/berlin\/article214132475\/Dem-Amri-Ausschuss-im-Bundestag-fehlen-Akten.html\">Am gleichen Tag<\/a> beklagt der Untersuchungsausschuss des Bundestages eine unvollst\u00e4ndige Zulieferung von Polizeiakten durch die Berliner Innenverwaltung.<\/p>\n<p><b>Fremdenfeindliche Handlungen:<\/b> In Berlin <a href=\"https:\/\/www.tagesspiegel.de\/berlin\/polizei-justiz\/berlin-marienfelde-betrunkener-beleidigt-und-bespuckt-polizisten\/21133840.html\">beschimpft und bedroht<\/a> ein betrunkener Mann ein Paar rassistisch. Am 3. April wird in Berlin ein Afghane von einen Unbekannten fremdenfeindlich <a href=\"https:\/\/www.tagesspiegel.de\/berlin\/berlin-lichtenberg-fremdenfeindliche-attacke-auf-afghanen\/21140064.html\">beschimpft und getreten<\/a>. Wiederum in Berlin beleidigt <a href=\"https:\/\/www.berliner-zeitung.de\/berlin\/polizei\/polizeibericht-mann-beleidigt-busfahrer-und-passanten-rassistisch-29992096\">am 9. April<\/a> ein Mann mehrere Personen rassistisch und fremdenfeindlich. Er kann festgenommen werden. <a href=\"https:\/\/www.morgenpost.de\/berlin\/polizeibericht\/article214003283\/Frau-in-Spandau-beschimpft-Staatsschutz-ermittelt.html\">Am 12. April<\/a> wird in Berlin erneut eine Frau fremdenfeindlich beleidigt.<\/p>\n<p><b>Angriffe auf Polizisten:<\/b> In Berlin <a href=\"https:\/\/www.tagesspiegel.de\/berlin\/polizei-justiz\/berlin-marienfelde-betrunkener-beleidigt-und-bespuckt-polizisten\/21133840.html\">beleidigt und bespuckt<\/a> ein Betrunkener herbeigerufene Polizeibeamte, nachdem er zuvor ein Paar rassistisch beleidigt hatte. Er wird festgenommen. <a href=\"https:\/\/www.tagesspiegel.de\/berlin\/polizei-justiz\/berlin-reinickendorf-polizist-bei-festnahme-verletzt\/21153964.html\">Am 8. April<\/a> greift in Berlin ein Zechpreller die alarmierten Polizeibeamten an und verletzt einen von ihnen leicht.<\/p>\n<p>Nach seiner Festnahme versucht <a href=\"https:\/\/www.morgenpost.de\/berlin\/polizeibericht\/article213963845\/Mann-verletzt-nach-Festnahme-drei-Polizisten-in-Dienststelle.html\">am 9. April<\/a> ein Mann auf einer Berliner Polizeidienststelle zu fl\u00fcchten und verletzt dabei drei Beamte. Als Polizisten <a href=\"https:\/\/www.tagesspiegel.de\/berlin\/falschparker-attackiert-polizisten-knoellchen-fuehrt-zu-grosseinsatz-in-der-hermannstrasse\/21176318.html\">am 14. April<\/a> in Berlin eine Anzeige wegen Falschparkens schreiben, erscheint der Fahrer. Er weigert sich jedoch den Wagen wegzufahren und greift schlie\u00dflich eine Polizistin an. Als er festgenommen wird, erscheinen weitere Personen und versuchen ihn zu befreien. In Lebach (Saarland) randaliert <a href=\"https:\/\/www.morgenpost.de\/vermischtes\/article214148447\/Mann-randaliert-mit-Axt-und-greift-Polizei-an.html\">am 29. April<\/a> ein Mann mit einer Axt in einem Wohnhaus und schie\u00dft mit einer Luftpistole auf die herbeigerufenen Polizizei: er wird unverletzt \u00fcberw\u00e4ltigt.<\/p>\n<p>2. April: <b>Osterm\u00e4rsche:<\/b> An den bundesweit rund 100 Osterm\u00e4rschen nahmen nach Angaben der Organisatoren <a href=\"https:\/\/www.berliner-zeitung.de\/politik\/tausende-fordern-bei-ostermaerschen-frieden-und-abruestung-29955874\">mehrere tausend Menschen teil<\/a>; die meisten mit rund 4.000 in Frankfurt\/M. (Hessen).<\/p>\n<p><b>G20-Gipfel:<\/b> Die Senatsinnenverwaltung gibt bekannt, <a href=\"https:\/\/www.morgenpost.de\/berlin\/article213896033\/G20-Gipfel-Berlin-stellt-Hamburg-2-1-Mio-Euro-in-Rechnung.html\">dass Berlin der Stadt Hamburg<\/a> voraussichtlich knapp 2,1 Mio. EUR f\u00fcr den Einsatz beim G20-Gipfel im Juli 2017 in Rechnung stellen werde. Eine genaue Abrechnung liege noch nicht vor. Auf einer Sonder-Ausschusssitzung zum G20-Gipfel der Hamburger B\u00fcrgerschaft <a href=\"http:\/\/www.sueddeutsche.de\/politik\/sonderausschuss-zu-g-gipfel-polizei-verteidigt-vorgehen-bei-hamburger-krawallen-1.3934477\">am 5. April<\/a> r\u00e4umt die Polizei zwar einzelne Fehler ein, verteidigt ihren Einsatz jedoch insgesamt; er sei \u201ealternativlos\u201c gewesen<\/p>\n<p>3. April: <b>Europ\u00e4ischer Haftbefehl:<\/b> Die Generalstaatsanwaltschaft (GStA) Schleswig-Holstein beantragt beim Oberlandesgericht (OLG) Schleswig f\u00fcr den fr\u00fcheren katalanischen Regierungschef Carles Puigdemont <a href=\"http:\/\/www.sueddeutsche.de\/politik\/katalonien-konflikt-deutsche-staatsanwaltschaft-will-puigdemont-ausliefern-1.3929347\">einen Auslieferungshaftbefehl<\/a>. Puigdemont war Ende M\u00e4rz aufgrund eines von Spanien beantragten Europ\u00e4ischen Haftbefehls festgenommen worden. <a href=\"http:\/\/www.spiegel.de\/politik\/deutschland\/carles-puigdemont-kommt-unter-auflagen-frei-a-1201457.html\">Am 5. April<\/a> entl\u00e4sst das OLG Puigdemont unter Auflagen und einer Kaution von 75.000 EUR vorerst aus der Abschiebehaft.<\/p>\n<p>4. April: <b>Salafismus:<\/b> Die salafistische Szene in Deutschland wird in \u201eTendenzmeldungen\u201c der Verfassungsschutz\u00e4mter <a href=\"http:\/\/www.faz.net\/aktuell\/gesellschaft\/islamisten-szene-inzwischen-11-000-salafisten-in-deutschland-15525464.html\">auf rund 11.000 Personen<\/a> beziffert. <a href=\"http:\/\/www.sueddeutsche.de\/bayern\/innere-sicherheit-gefahr-von-allen-seiten-1.3932287\">Laut bayerischem Verfassungsschutz<\/a> leben dort 730 Salafisten, von denen ein Viertel gewaltbereit sei.<\/p>\n<p>5. April: <b>\u201e<\/b><b>Reichsb\u00fcrger\u201c bei der Polizei:<\/b> Die Hamburger Polizei <a href=\"http:\/\/www.spiegel.de\/panorama\/justiz\/hamburg-polizei-feuert-mutmasslichen-reichsbuerger-a-1201561.html\">entl\u00e4sst einen ihrer Angestellten<\/a> fristlos und entzieht ihm die Waffengenehmigung. Der Mann war bei einer \u201eMerkel-muss-weg\u201c-Demonstration als Redner aufgetreten und hatte \u201eReichsb\u00fcrger\u201c-Thesen vertreten. In Berlin, Brandenburg und Th\u00fcringen durchsucht die Polizei <a href=\"http:\/\/www.spiegel.de\/panorama\/justiz\/reichsbuerger-razzia-polizei-durchsucht-wohnungen-in-mehreren-bundeslaendern-a-1201817.html\">am 8. April<\/a> die Wohnungen von mehreren \u201eReichsb\u00fcrgern\u201c. Acht von ihnen stehen im Verdacht, eine rechtsterroristische Vereinigung gegr\u00fcndet zu haben. Zu Festnahmen kommt es nicht.<\/p>\n<p><b>A<\/b><b>ntisemitische <\/b><b>Straftaten<\/b><b>:<\/b> Bei der Fahrscheinkontrolle in einer Berliner Stra\u00dfenbahn <a href=\"https:\/\/www.morgenpost.de\/berlin\/polizeibericht\/article213935773\/Schwarzfahrer-beschimpft-Kontrolleure-in-Tram-antisemitisch.html\">beleidigt ein Fahrgast<\/a> die Kontrolleure antisemitisch. Das Amtsgericht (AG) Ebersberg (Bayern) verurteilt <a href=\"http:\/\/www.sueddeutsche.de\/muenchen\/ebersberg\/prozess.in-ebersberg-hohe-geldstrafe-wegen-antisemitischen-facebook-kommentars-1.3947920\">am 17. April<\/a> einen Mann aufgrund eines antisemitischen facebook-Kommentars wegen Volksverhetzung zu einer hohen Geldstrafe. Ebenfalls <a href=\"https:\/\/www.berliner-zeitung.de\/berlin\/polizei\/weil-er-eine-kippa-trug-jude-am-helmholtzplatz-mit-guertel-verpruegelt-30033876\">am 17. April<\/a> werden in Berlin zwei M\u00e4nner von drei Unbekannten zun\u00e4chst antisemitisch beschimpft und danach angegriffen. Die T\u00e4ter k\u00f6nnen fl\u00fcchten. <a href=\"https:\/\/www.morgenpost.de\/berlin\/article214050765\/947-antisemitische-Vorfaelle-in-Berlin-im-vergangenen-Jahr.html\">Nach Kenntnis<\/a> der unabh\u00e4ngigen \u201eRecherche- und Informationsstelle Antisemitismus Berlin\u201c (RIAS) kam es in der Stadt 2017 zu 947 Vorf\u00e4llen (2016: 590). Eine von zwei Personen abgehaltene \u201eBerlin tr\u00e4gt Kippa\u201c-Aktion wird am 25. April von Passanten gest\u00f6rt; TeilnehmerInnen werden beschimpft und eine Fahne gestohlen. <a href=\"https:\/\/www.tagesspiegel.de\/berlin\/polizei-justiz\/berlin-schoeneberg-antisemitische-beleidigung-nach-streit\/21217330.html\">Einen Tag sp\u00e4ter<\/a> wird in Berlin erneut ein junger Mann mit Kippa beschimpft.<\/p>\n<p><b>L<\/b><b>inksextremismus:<\/b> <a href=\"http:\/\/www.sueddeutsche.de\/bayern\/innere-sicherheit-gefahr-von-allen-seiten-1.3932287\">Laut bayerischem Verfassungsschutz<\/a> wurden dort 2017 insgesamt 54 linke Gewalttaten ver\u00fcbt. Das erkl\u00e4rt Innenminister Herrmann (CSU).<\/p>\n<p><b>Dschihadismus:<\/b> <a href=\"http:\/\/www.sueddeutsche.de\/bayern\/innere-sicherheit-gefahr-von-allen-seiten-1.3932287\">Laut bayerischem Verfassungsschutz<\/a> reisten 2017 insgesamt f\u00fcnf Personen aus Bayern in den Irak oder Syrien aus, um sich der Terrororganisation \u201eIslamischer Staat\u201c (IS) anzuschlie\u00dfen (2015: 19). Das erkl\u00e4rt Innenminister Herrmann (CSU). Rund 1.560 M\u00e4nner und Frauen werden von den Landeskriminal\u00e4mtern (LK\u00c4) als islamistische Gef\u00e4hrder oder \u201erelevante Personen\u201c eingestuft, wie <a href=\"http:\/\/www.spiegel.de\/politik\/deutschland\/deutschland-hunderte-extremisten-beantragten-asyl-a-1201565.html\">aus einer parlamentarischen Anfrage der FDP-Fraktion hervorgeht<\/a>. Seit Anfang 2017 wurden 10 als Gef\u00e4hrder eingestufte Personen <a href=\"https:\/\/www.morgenpost.de\/politik\/article213997429\/Zehn-islamistische-Gefaehrder-seit-Anfang-2017-abgeschoben.html\">abgeschoben<\/a>. Am <a href=\"http:\/\/www.spiegel.de\/politik\/deutschland\/nordrhein-westfalen-schiebt-top-gefaehrder-nach-algerien-ab-a-1203182.html\">13. April<\/a> schiebt das Land NRW einen islamistischen Gef\u00e4hrder nach Algerien ab. Die Sicherheitsbeh\u00f6rden sollen rund <a href=\"https:\/\/www.morgenpost.de\/politik\/article214010169\/Ein-Blick-in-das-geheime-Terror-Netzwerk-der-Tschetschenen.html\">500 Tschetschenen<\/a> in Deutschland als m\u00f6gliche islamistische Gef\u00e4hrder im Visier haben. Am <a href=\"http:\/\/www.spiegel.de\/panorama\/justiz\/bundesgerichtshof-bestaetigt-urteil-gegen-is-sympathisantin-safia-s-a-1203782.html\">19. April<\/a> best\u00e4tigt der Bundesgerichtshof (BGH) das Urteil des OLG Celle (Niedersachsen) gegen eine Jugendliche, die im Februar 2016 auf dem Hauptbahnhof in Hannover einem Beamten der Bundespolizei (BPol) ein Messer in den Hals gestochen hatte. Sie war daf\u00fcr wegen versuchten Mordes und Unterst\u00fctzung des IS zu sechs Jahren Jugendstrafe verurteilt worden (Az: 3 StR 286\/17). Ein im Februar in Afghanistan festgenommener deutscher Taliban-Unterst\u00fctzer wird <a href=\"http:\/\/www.spiegel.de\/politik\/deutschland\/afghanistan-deutscher-taliban-unterstuetzer-in-untersuchungshaft-a-1204951.html\">an Deutschland \u00fcberstellt<\/a> und in Untersuchungshaft genommen. Zwei deutsche IS-Frauen, die am gleichen Tag mit ihren Kindern zur\u00fcckkehren, bleiben hingegen <a href=\"https:\/\/www.berliner-zeitung.de\/politik\/haftbefehle-nicht-genehmigt-is-rueckkehrerinnen-in-deutschland-auf-freiem-fuss-30086554\">auf freiem Fu\u00df<\/a>, da hier kein deutscher Haftbefehl vorliegt. Die Bundesanwaltschaft (BAW) beantragt ihn umgehend.<\/p>\n<p><b>Frontex:<\/b> Die BPol teilt mit, dass Beamte von BPol, L\u00e4nderpolizeien und Zoll im Jahr 2017 an insgesamt 41.582 Einsatztagen an den EU-Au\u00dfengrenzen ihren Dienst versehen haben. Damit seien im Durchschnitt <a href=\"http:\/\/www.spiegel.de\/politik\/deutschland\/deutschland-stellt-groesstes-kontingent-fuer-frontex-a-1201351.html\">t\u00e4glich 114 deutsche Beamte<\/a> im Frontex-Einsatz gewesen).<\/p>\n<p><b>Kriminelle Polizisten:<\/b> Presseberichten zufolge hat die Polizei in Sachsen-Anhalt vier <a href=\"http:\/\/www.faz.net\/aktuell\/gesellschaft\/kriminalitaet\/vier-polizeianwaerter-wegen-drogenmissbrauch-entlassen-15528445.html\">Auszubildende wegen Drogendelikten<\/a> entlassen hat. Am <a href=\"https:\/\/www.juris.de\/jportal\/portal\/t\/17ru\/page\/homerl.psml?nid=jnachr-JUNA180400929&amp;cmsuri=%2Fjuris%2Fde%2Fnachrichten%2Fzeigenachricht.jsp\">5. April<\/a> wird eine Entscheidung des Oberverwaltungsgerichts (OVG) Koblenz (Rheinland-Pfalz) ver\u00f6ffentlicht, wonach ein Polizeibeamter wegen schuldhaftem R\u00fcckfall in seine Alkoholsucht und in deren Folge begangenen Verkehrsstraftaten entlassen werden kann (Az: 3 A 11721\/17.OVG). Die StA Kassel (Hessen) f\u00fchrt Ermittlungen gegen zwei Polizeianw\u00e4rter der BPol. Sie sollen sich im Februar an einem minderj\u00e4hrigen Kollegen <a href=\"http:\/\/www.spiegel.de\/panorama\/justiz\/kassel-ermittlungen-nach-mutmasslichem-missbrauch-von-polizeianwaerter-a-1202404.html\">sexuell vergangen<\/a> haben.<\/p>\n<p>\u201e<b>Wei\u00dfer Ring\u201c:<\/b> Die StA L\u00fcbeck (Schleswig-Holstein) nimmt Ermittlungen gegen den fr\u00fcheren Leiter der dortigen Au\u00dfenstelle der Opferschutzorganisation \u201eWei\u00dfer Ring\u201c auf. Er soll \u00fcber mehrere Jahre ratsuchende Frauen <a href=\"http:\/\/www.spiegel.de\/panorama\/justiz\/luebeck-staatsanwaltschaft-ermittelt-gegen-ex-mitarbeiter-des-weissen-rings-a-1201372.html\">sexuell bel\u00e4stigt<\/a> und gen\u00f6tigt haben. Bei sieben von insgesamt 18 Anzeigen bestehe ein Anfangsverdacht.<\/p>\n<p>6. April: <b>Rechtsradikal<\/b><b>ismus<\/b><b>:<\/b> Gegen ein zum Hitler-Geburtstag auf einem Privatgrundst\u00fcck in Ostritz (Sachsen) geplantes Neonazi-Festival protestieren <a href=\"http:\/\/www.spiegel.de\/politik\/deutschland\/sachsen-neonazi-festival-in-ostritz-buergermeister-der-region-wehren-sich-a-1201635.html\">40 B\u00fcrgermeisterInnen<\/a> der Region. Laut bayerischem Verfassungsschutz wurden dort 2017 insgesamt <a href=\"http:\/\/www.sueddeutsche.de\/bayern\/innere-sicherheit-gefahr-von-allen-seiten-1.3932287\">68 rechte Gewalttaten<\/a> ver\u00fcbt (2016: 113). Das erkl\u00e4rt Innenminister Herrmann (CSU). Laut einer parlamentarischen Anfrage der Linksfraktion im Bundestag vom <a href=\"https:\/\/www.tagesspiegel.de\/politik\/verteidigungsministerium-rechtsextreme-verdachtsfaelle-bei-der-bundeswehr-nehmen-zu\/21166974.html\">12. April<\/a> ermittelt der Milit\u00e4rische Abschirmdienst (MAD) in 431 F\u00e4llen rechtsradikaler Vorf\u00e4lle bei der Bundeswehr (2017: 289 \/ 2018: 23). Am <a href=\"http:\/\/www.faz.net\/aktuell\/politik\/inland\/rechtsextreme-waehlergruppe-pro-koeln-loest-sich-auf-15543440.html\">15. April<\/a> beschlie\u00dft die rechtsextreme \u201eW\u00e4hlergruppe Pro K\u00f6ln\u201c ihre sofortige Selbstaufl\u00f6sung. Vor dem Verwaltungsgericht (VG) M\u00fcnchen (Bayern) beginnt am <a href=\"http:\/\/www.sueddeutsche.de\/bayern\/prozess-burschenschaft-klagt-gegen-freistaat-1.3951563\">19. April<\/a> der Prozess der rechten Erlanger \u201eBurschenschaft Frankonia\u201c gegen ihre Aufnahme in den Verfassungsschutzbericht. Am <a href=\"http:\/\/www.sueddeutsche.de\/bayern\/rechtsextremismus-burschenschaft-frankonia-unterliegt-freistaat-1.3953087\">20. April<\/a> weist das Gericht die Klage ab. Als Gegenveranstaltung zum Neo-Nazi-Festival im s\u00e4chsischen Ostritz beginnt am 20. April ein Friedensfest unter der Schirmherrschaft des Ministerpr\u00e4sidenten Kretschmer (CDU). Beim Festival selbst beschlagnahmt die Polizei am <a href=\"http:\/\/www.spiegel.de\/politik\/deutschland\/neonazi-festival-in-ostritz-polizei-beschlagnahmt-kleidungsstuecke-a-1204154.html\">21. April<\/a> Kleidungsst\u00fccke mit Neo-Nazi-Aufschriften und -symbolen und leitet Ermittlungsverfahren ein. Am Neo-Nazi-Festival nehmen rund 1.000 Personen teil; am Friedensfest etwa 3.000; zu gr\u00f6\u00dferen Auseinandersetzungen <a href=\"http:\/\/www.faz.net\/aktuell\/politik\/inland\/neonazi-festival-in-ostritz-blieb-friedlich-15554596.html\">kommt es nicht<\/a>. Durch Presseberichte wird am <a href=\"https:\/\/www.tagesspiegel.de\/politik\/nach-neonazi-festival-in-ostritz-ermittlungen-gegen-thueringer-npd-chef-thorsten-heise\/21211104.html\">25. April<\/a> bekannt, dass in Zusammenhang mit dem Nazi-Festival auch gegen den Th\u00fcringer NPD-Chef ermittelt wird. Als zwei Journalisten am <a href=\"http:\/\/www.spiegel.de\/panorama\/justiz\/thueringen-zwei-journalisten-sollen-von-rechten-ueberfallen-worden-sein-a-1205562.html\">29. April<\/a> vor dem Haus des Th\u00fcringer NPD-Vorsitzenden in Fretterode (Th\u00fcringen) filmen, werden sie von zwei M\u00e4nnern angegriffen und verfolgt. Die Unbekannten bringen den Wagen der Reporter zum stehen und demolieren ihn. Au\u00dferdem verletzen sie die Journalisten bevor sie deren Ausr\u00fcstung stehlen und fl\u00fcchten.<\/p>\n<p>\u201e<b>Reichsb\u00fcrger\u201c:<\/b> Der BGH <a href=\"http:\/\/www.spiegel.de\/panorama\/justiz\/bundesgerichtshof-prozess-gegen-peter-fitzek-muss-neu-aufgerollt-werden-a-1201656.html\">hebt das Urteil gegen einen \u201eReichsb\u00fcrger\u201c<\/a>, der im M\u00e4rz 2017 wegen Untreue und unerlaubten Betreibens von Bankgesch\u00e4ften zu einer Haftstrafe von drei Jahren und acht Monaten verurteilt worden war, auf und verweist den Fall zur Neuverhandlung an das Landgericht (LG) Halle (Sachsen-Anhalt) zur\u00fcck. Am <a href=\"http:\/\/www.spiegel.de\/panorama\/justiz\/peter-fitzek-selbst-ernannter-koenig-von-deutschland-wird-aus-haft-entlassen-a-1201958.html\">9. April<\/a> wird der Mann daraufhin vorerst wieder auf freien Fu\u00df gesetzt. Am <a href=\"https:\/\/www.morgenpost.de\/berlin\/article214013433\/Polizei-sichert-Beweismittel-gegen-Reichsbuerger.html\">11. April<\/a> durchsucht die Polizei die Wohnungen und B\u00fcros von zwei \u201eReichsb\u00fcrgern\u201c in Berlin und Brandenburg. Sie sollen Ausweise des \u201eDeutschen Reichs\u201c hergestellt haben. Laut einem vertraulichen Lagebild der Sicherheitsbeh\u00f6rden, das am <a href=\"http:\/\/www.spiegel.de\/panorama\/justiz\/bka-reichsbuerger-veruebten-mehr-als-10-500-straftaten-a-1202798.html\">13. April<\/a> durch Pressemeldungen bekannt wird, wurden durch \u201eReichsb\u00fcrger\u201c von 2015 bis 2017 \u00fcber 10.500 Straftaten ver\u00fcbt. Teile der Szene, hei\u00dft es dort, seien bereit \u201eihre Ideologie im Sinne eines Selbstschutzes unter Gewaltanwendung zu verteidigen\u201c. Bei der bayerischen Polizei laufen <a href=\"http:\/\/www.spiegel.de\/panorama\/justiz\/reichsbuerger-dutzende-beamte-sollen-zur-bewegung-gehoeren-a-1203998.html\">Medienberichten zufolge<\/a> Disziplinarverfahren gegen 11 ihrer Beamten wegen mutma\u00dflicher Zugeh\u00f6rigkeit zu den \u201eReichsb\u00fcrgern\u201c; f\u00fcnf Beamte wurden bereits vom Dienst suspendiert. Bei der BPol gibt es demnach sieben Verdachtsf\u00e4lle; vier Beamte wurden die Dienstwaffen abgenommen. Beim Bundesnachrichtendienst (BND) l\u00e4uft ein Verfahren gegen einen Mitarbeiter. Bei der Bundeswehr liegen vier F\u00e4lle vor, gegen acht weitere Soldaten ermittelt der Milit\u00e4rische Abschirmdienst (MAD). Der <a href=\"http:\/\/www.sueddeutsche.de\/politik\/verfassungsschutz-immer-mehr-menschen-gelten-als-reichsbuerger-1.3961077\">Verfassungsschutz<\/a> stuft derzeit etwa 18.000 Personen als \u201eReichsb\u00fcrger\u201c ein (2016: rund 10.000); davon gelten 950 als rechtsextrem (2016: 500-600).<\/p>\n<p><b>Linksradikaler Brandanschlag:<\/b> Die BAW \u00fcbernimmt die Ermittlungen zu einem Brandanschlag auf Starkstromleitungen Ende M\u00e4rz in Berlin. Ermittelt wird wegen Verdachts der \u201everfassungsfeindlichen Sabotage\u201c. Zu der Tat hatte sich eine \u201e<a href=\"https:\/\/www.tagesspiegel.de\/berlin\/brandattacke-in-berlin-charlottenburg-anschlag-durch-vulkanier-jetzt-ermittelt-die-bundesanwaltschaft\/21150018.html\">Vulkangruppe NetzHerrschaft zerrei\u00dfen\u201c bekannt<\/a>.<\/p>\n<p>7. April: <b>Rechte und fremdenfeindliche Angriffe auf Fl\u00fcchtlingsheime:<\/b> Im ersten Vierteljahr kam es bundesweit zu insgesamt <a href=\"https:\/\/www.noz.de\/deutschland-welt\/politik\/artikel\/1186065\/anschlaege-auf-asylbewerberheime-so-niedrig-wie-zuletzt-2014\">28 Angriffen<\/a> auf Fl\u00fcchtlingsunterk\u00fcnfte. Dies geht aus Zahlen des Bundeskriminalamts (BKA) hervor. Am <a href=\"http:\/\/www.sueddeutsche.de\/bayern\/kriminalitaet-zwei-rechtsextreme-nach-brandanschlag-auf-fluechtlingsheim-festgenommen-1.3943318\">13. April<\/a> teilt die Polizei mit, dass sie in Zusammenhang mit dem Brandanschlag auf ein Fl\u00fcchtlingsheim in Nu\u00dfdorf (Bayern) zwei M\u00e4nner festgenommen hat; einer habe die Tat bereits gestanden.<\/p>\n<p>8. April: <b>Festnahmen von mutma\u00dflichen Dschihadisten:<\/b> In Berlin werden <a href=\"https:\/\/www.berliner-zeitung.de\/berlin\/polizei\/waehrend-berliner-halbmarathon-polizei-nimmt-sechs-terrorverdaechtige-salafisten-fest-29984174\">sechs mutma\u00dfliche Dschihadisten<\/a> festgenommen. Laut Polizei habe es \u201evereinzelte Hinweise\u201c gegeben, dass sie eine Gewalttat auf den am diesem Tag stattfindenden Halbmarathon geplant h\u00e4tten. Am <a href=\"https:\/\/www.berliner-zeitung.de\/berlin\/keine-verdaechtigen-gegenstaende-mutmassliche-islamisten-kommen-nicht-in-u-haft-29987412\">9. April<\/a> erkl\u00e4rt die Polizei, bei den Durchsuchungen seien weder Waffen, Sprengstoff oder sonstiges Verd\u00e4chtiges gefunden worden. Die M\u00e4nner werden daraufhin wieder aus der Untersuchungshaft <a href=\"https:\/\/www.berliner-zeitung.de\/politik\/kein-dringender-tatverdacht--mutmassliche-islamisten-frei-29990208\">entlassen<\/a>. Am <a href=\"http:\/\/www.spiegel.de\/politik\/deutschland\/saarland-polizei-nimmt-drei-terrorverdaechtige-fest-a-1202727.html\">12. April<\/a> werden im Saarland drei Syrer als Terrorverd\u00e4chtige festgenommen.<\/p>\n<p>9. April: <b>Rechtsextremistische Terrorgruppe NSU:<\/b> Im NSU-Prozess vor dem Oberlandesgericht (OLG) M\u00fcnchen (Bayern) beantragt ein Rechtsanwalt schriftlich seine Beiordnung als dritter Pflichtverteidiger des Mitangeklagten Andr\u00e9 E. und zugleich eine <a href=\"http:\/\/www.sueddeutsche.de\/politik\/nsu-prozess-neuer-verteidiger-fordert-unterbrechung-1.3937512\">mehrw\u00f6chige Unterbrechung<\/a> des Prozesses. Am 10. April lehnt das Gericht die Beiordnung ab. Daraufhin stellt Andr\u00e9 E. einen <a href=\"http:\/\/www.sueddeutsche.de\/politik\/nsu-prozess-neuer-anwalt-von-andre-e-verheddert-sich-im-eigenen-antragsdickicht-1.3938774\">Befangenheitsantrag<\/a> gegen den Richter. Da einer der neuen Pflichtverteidiger der Hauptangeklagten Beate Zsch\u00e4pe am <a href=\"http:\/\/www.spiegel.de\/panorama\/justiz\/nsu-prozess-plaedoyers-der-verteidiger-verzoegern-sich-weiter-a-1203275.html\">17. April<\/a> wegen eines \u201efamili\u00e4ren Notfalls\u201c nicht zum Pl\u00e4doyer vor Gericht erscheint, muss der Prozess erneut unterbrochen werden. Am <a href=\"http:\/\/www.spiegel.de\/panorama\/justiz\/nsu-prozess-verteidiger-von-beate-zschaepe-beginnen-mit-plaedoyers-a-1204507.html\">24. April<\/a> beginnt der erste Verteidiger von Beate Zsch\u00e4pe mit seinem Pl\u00e4doyer. Dabei weist er den Vorwurf, Zsch\u00e4pe sei Mitt\u00e4terin an den NSU-Morden, zur\u00fcck. Am <a href=\"http:\/\/www.spiegel.de\/panorama\/justiz\/nsu-prozess-verteidiger-fordern-maximal-zehn-jahre-haft-fuer-zschaepe-a-1204949.html\">26. April<\/a> fordern ihre Verteidiger, Zsch\u00e4pe wegen Brandstiftung und Beihilfe bei Raub\u00fcberf\u00e4llen nur zu einer 10j\u00e4hrigen Haftstrafe zu verurteilen. Eine Mitt\u00e4terschaft bei den NSU-Morden weisen sie zur\u00fcck.<\/p>\n<p>10 April: <b>Love-Parade-Katastrophe:<\/b> Im Prozess um die Love-Parade-Katastrophe <a href=\"https:\/\/www.morgenpost.de\/vermischtes\/article213980459\/Rechtsmediziner-Tod-kam-durch-Ersticken.html\">erkl\u00e4rt ein Rechtsmediziner<\/a>, die Todesopfer seien in dem Gedr\u00e4nge zusammengedr\u00fcckt worden und dadurch erstickt.<\/p>\n<p><b>Neue Polizeipr\u00e4sidentin:<\/b> Die Juristin Barbara Slowik wird <a href=\"https:\/\/www.morgenpost.de\/berlin\/article213971179\/Barbara-Slowik-ist-Berlins-neue-Polizeipraesidentin.html\">neue Berliner Polizeipr\u00e4sidentin<\/a>.<\/p>\n<p>11. April: <b>Razzia bei Rapper-Band:<\/b> In Hamburg <a href=\"https:\/\/www.morgenpost.de\/vermischtes\/article213981989\/Spektakulaere-Razzia-gegen-187-Strassenbande-in-Hamburg.html\">st\u00fcrmt die Polizei<\/a> 16 Objekte der Rapper-Band \u201e187 Strassenbande\u201c sowie eine Wohnung in Hamm (NRW). Hintergrund ist ein wiederholtes Internet-Posting der Band mit Drogen und Waffen. Es werden <a href=\"https:\/\/www.mopo.de\/hamburg\/polizei\/-187-strassenbande--darum-stuermte-die-polizei-die-haeuser-der-beruechtigten-rap-gang-30002354\">verschiedene Waffen, kleinere Drogenmengen und Bargeld<\/a> sichergestellt.<\/p>\n<p><b>Neuer Opferbeauftragter:<\/b> Der Bundestagsabgeordnete Edgar Franke (SPD) wird <a href=\"https:\/\/www.tagesspiegel.de\/politik\/beschluss-des-bundeskabinetts-in-meseberg-spd-abgeordneter-edgar-franke-wird-opferbeauftragter\/21162726.html\">neuer Opferbeauftragter<\/a> der Bundesregierung f\u00fcr Terroropfer.<\/p>\n<p><b>Homophobe <\/b><b>Angriffe<\/b><b>:<\/b> Aus einer 15-k\u00f6pfigen Gruppe heraus wird in Berlin ein homosexueller Mann <a href=\"https:\/\/www.morgenpost.de\/berlin\/polizeibericht\/article213992879\/15-Personen-greifen-Homosexuellen-in-Neukoelln-an.html\">angegriffen und ausgeraubt<\/a>.<\/p>\n<p><b>F<\/b><b>u\u00dfball-Hooligans:<\/b> Nach einem Fu\u00dfballspiel zwischen den Vereinen SV Babelsberg und Wacker Nordhausen wird ein Bus mit Fans des SV Babelsberg auf einer Autobahnrastst\u00e4tte in Sachsen-Anhalt angegriffen. Vier Personen <a href=\"https:\/\/www.berliner-zeitung.de\/berlin\/brandenburg\/sv-babelsberg-fan-bus-nach-spiel-gegen-wacker-nordhausen-attackiert---vier-verletzte-30003768\">werden leicht verletzt<\/a>. Ebenfalls an diesem Tag erkl\u00e4rt das Bundesverfassungsgericht (BVerfG) <a href=\"https:\/\/www.tagesspiegel.de\/sport\/urteil-des-bundesverfassungsgerichts-bundesweite-stadionverbote-fuer-fans-sind-zulaessig\/21221630.html\">bundesweite Stadionverbote<\/a> f\u00fcr gewaltbereite Fu\u00dfballfans f\u00fcr zul\u00e4ssig (<a href=\"https:\/\/www.bundesverfassungsgericht.de\/SharedDocs\/Pressemitteilungen\/DE\/2018\/bvg18-029.html\">1 BvR 3980\/09<\/a>). Bei einem Drittliga-Spiel in Unterhaching (Bayern) bedrohen Hooligans des FSV Zwickau am <a href=\"http:\/\/www.sueddeutsche.de\/muenchen\/spvgg-unterhaching-zwoelf-festnahmen-bei-drittliga-fu\u00dfballspiel-1.3946744\">15. April<\/a> zun\u00e4chst Ordner und greifen anschlie\u00dfend eingesetzte Polizeikr\u00e4fte an. Es kommt zu 12 Festnahmen. Am <a href=\"https:\/\/www.juris.de\/jportal\/portal\/t\/gvw\/page\/homerl.psml?nid=jnachr-JUNA180401166&amp;cmsuri=%2Fjuris%2Fde%2Fnachrichten%2Fzeigenachricht.jsp\">26. April<\/a> erkl\u00e4rt das OVG L\u00fcneburg (Niedersachsen) einen Bescheid der Polizei Hannover f\u00fcr rechtens, mit dem einem Hooligan untersagt wurde, sich bei bestimmten Fu\u00dfballspielen in ausgewiesenen Bereichen der Stadt aufzuhalten.<\/p>\n<p><b>Gewalt gegen<\/b><b> Obdachlose:<\/b> Das LG M\u00fcnchen (Bayern) verurteilt zwei M\u00e4nner, die im Juli 2015 eine Obdachlose erschlagen hatten, zu <a href=\"http:\/\/www.sueddeutsche.de\/muenchen\/landgericht-muenchen-lebenslange-haftstrafe-fuer-mord-an-obdachloser-1.3940743\">einer lebenslangen und einer Haftstrafe von 11 Jahren<\/a>. Die Leiche der Frau war im September 2016 bei Bauarbeiten gefunden worden.<\/p>\n<p>12. April: \u201e<b>Patriotische Europ\u00e4er gegen die Islamisierung des Abendlandes\u201c (Peg<\/b><b>ida):<\/b> Die fr\u00fchere Pegida-Frontfrau <a href=\"http:\/\/www.spiegel.de\/panorama\/justiz\/pegida-ex-frontfrau-muss-doch-nicht-in-haft-a-1202645.html\">bezahlt ihre Geldstrafe<\/a> in H\u00f6he von 3.000 EUR wegen Volksverhetzung. Damit entf\u00e4llt die verh\u00e4ngte 120-t\u00e4gige Ersatzfreiheitsstrafe.<\/p>\n<p>13. April: <b>Polizeilicher Todesschuss<\/b><b>:<\/b> Vor einer unge\u00f6ffneten B\u00e4ckerei in Fulda (Hessen) greift ein Mann mehrere Personen mit Steinen an. Auch die herbeigerufenen Polizisten greift er sofort an. Daraufhin <a href=\"http:\/\/www.fuldaerzeitung.de\/regional\/fulda\/randalierer-greift-menschen-im-backereiladen-an-tater-wird-von-einem-polizeischuss-todlich-verletzt-EG7697723\">schie\u00dfen die Beamten<\/a>. Von insgesamt 12 Sch\u00fcssen <a href=\"http:\/\/www.fuldaerzeitung.de\/regional\/fulda\/neue-erkenntnisse-nach-polizeischuss-in-haimbach-19-jahriger-wurde-von-vier-kugeln-getroffen-EY7706262\">treffen ihn vier<\/a>; zwei davon sind t\u00f6dlich.<\/p>\n<p><b>Staatstrojaner:<\/b> Das BKA <a href=\"http:\/\/www.sueddeutsche.de\/digital\/it-sicherheit-bka-verpasst-staatstrojaner-testern-maulkorb-1.3942712\">verbietet dem Leiter<\/a> eines Informationstechnik-Pr\u00fcfunternehmens aus Essen (NRW), \u00fcber die bisherigen Test des vom BKA entwickelten Staatstrojaners \u201eRemote Control Interception Software\u201c zu berichten, mit dem Computer und Mobiltelefone unbemerkt ausgesp\u00e4ht werden sollen.<\/p>\n<p><b>Kinderpornografie:<\/b> Die StA Hannover (Niedersachsen) gibt bekannt, dass im Rahmen von Ermittlungen gegen einen im Darknet operierenden <a href=\"http:\/\/www.sueddeutsche.de\/panorama\/zehntausende-nutzer-polizei-zerschlaegt-grossen-kinderporno-ring-1.3944189\">Kinderporno-Ring<\/a> zwei M\u00e4nner verhaftet worden sind. Am <a href=\"http:\/\/www.faz.net\/aktuell\/gesellschaft\/kriminalitaet\/angeklagter-lenker-einer-kinderporno-plattform-gesteht-taten-15567438.html\">30. April<\/a> beginnt vor dem LG Hechingen (Baden-W\u00fcrttemberg) der Prozess gegen den \u201eModerator\u201c der Plattform. Der Mann ist gest\u00e4ndig (Az: 1 KLs 14 Js 2125\/18). Ebenfalls am <a href=\"https:\/\/www.berliner-zeitung.de\/panorama\/video-verschickt-214-verfahren-wegen-kinderporno-in-whatsapp-gruppe-30097464\">30. April<\/a> gibt die StA Trier (Rheinland-Pfalz) bekannt, dass gegen alle 214 Teilnehmer einer Whatsapp-Gruppe ermittelt wird, die sich gegenseitig Kinderpornos zugeschickt hatte.<\/p>\n<p>14. April: <b>Polizeisch<\/b><b>uss<\/b><b>:<\/b> Vor einem Berliner Polizeiabschnitt randaliert und p\u00f6belt ein Mann. Als Beamte aus der Wache kommen, bedroht er sie mit einem Schlagstock. Als er diesen trotz Aufforderung nicht fallen l\u00e4sst, <a href=\"https:\/\/www.berliner-zeitung.de\/berlin\/polizei\/gesundbrunnen-polizei-schiesst-angreifer-ins-bein-30016902\">schie\u00dft ihm ein Beamter ins Bein<\/a>.<\/p>\n<p>16. April: <b>Alternative f\u00fcr Deutschland (AfD):<\/b> Die AfD darf laut einem <a href=\"https:\/\/www.morgenpost.de\/politik\/article214032091\/Gericht-AfD-darf-rechtsextremistisch-genannt-werden.html\">Urteil des LG Gie\u00dfen<\/a> (Hessen) rechtsextremistisch genannt werden. Durch Presseberichte wird am <a href=\"https:\/\/www.berliner-zeitung.de\/politik\/fall-franco-a\u2014mutmasslicher-terrorhelfer-arbeitet-fuer-afd-abgeordneten-30040166\">19. April<\/a> bekannt, dass ein mutma\u00dflicher Komplize, des unter Terrorverdacht stehenden Bundeswehrsoldaten Franco A., Mitarbeiter eines AfD-Bundestagsabgeordneten ist. Gegen den Mann ermittelt die BAW.<\/p>\n<p>17. April: <b>Verdacht auf rechtsterroristische Vereinigung:<\/b> In Niedersachsen, Schleswig-Holstein und Bremen durchsucht die Polizei die Wohnungen von vier Personen mit \u201enationalsozialistischer Gesinnung\u201c. Sie stehen im Verdacht, Anfang 2017 eine <a href=\"http:\/\/www.spiegel.de\/panorama\/justiz\/razzien-wegen-des-verdachts-auf-gruendung-einer-rechtsterroristischen-vereinigung-a-1203300.html\">rechtsterroristische Vereinigung \u201eNordadler\u201c<\/a> gegr\u00fcndet zu haben. Die BAW ermittelt bereits seit Anfang Januar.<\/p>\n<p><b>Funkzellenabfrage:<\/b> Die Berliner Polizei hat 2017 in <a href=\"https:\/\/www.berliner-zeitung.de\/berlin\/polizei\/justizsenator-knapp-500-berliner-funkzellen-fuer-ermittlungsverfahren-abgefragt-30029462\">474 F\u00e4llen Funkzellenabfragen<\/a> durchgef\u00fchrt (2016: 432 \/ 2015: 256). Dies geht aus dem Jahresbericht des Justizsenats hervor.<\/p>\n<p><b>Rockerkriminalit\u00e4t:<\/b> Im Saarland durchsuchen Polizei und Zoll rund 20 Objekte der <a href=\"http:\/\/www.spiegel.de\/panorama\/justiz\/saarbruecken-fuehrungsriege-der-rockergruppe-road-gang-festgenommen-a-1203352.html\">Rockergruppe \u201eRoad Gang\u201c<\/a>. Es werden mehrere Waffen und 10 Kilo Drogen beschlagnahmt. Sechs Personen werden festgenommen. Am <a href=\"https:\/\/www.tagesspiegel.de\/weltspiegel\/bandidos-zwei-maenner-aus-rockermilieu-in-koeln-niedergeschossen\/21211450.html\">24. April<\/a> werden in K\u00f6ln (NRW) zwei M\u00e4nner auf offener Stra\u00dfe niedergeschossen und schwer verletzt. Nach Presseinformationen geh\u00f6ren sie zur Rockergruppe \u201cBandidos\u201c.<\/p>\n<p><b>Prozess<\/b><b>e<\/b><b> gegen Polizisten:<\/b> Das VG D\u00fcsseldorf (NRW) verurteilt drei Angeh\u00f6rige des K\u00f6lner Spezialeinsatzkommandos (SEK) zu <a href=\"http:\/\/www.spiegel.de\/panorama\/justiz\/koeln-sek-beamte-muessen-wegen-umstrittener-aufnahmerituale-geldbuse-zahlen-a-1203364.html\">Geldstrafen zwischen 200 und 300 EUR<\/a> wegen Versto\u00dfes gegen die Wohlverhaltenspflicht. Sie hatten im Mai 2014 im Rahmen eines fragw\u00fcrdigen Aufnahmerituals neue Kollegen misshandelt. Strafrechtliche Ermittlungen wurden eingestellt.<\/p>\n<p>18. April: <b>Organisierte Kriminalit\u00e4t:<\/b> In 12 Bundesl\u00e4ndern (Schwerpunkt NRW) durchsucht die BPol mit etwa 1.500 BeamtInnen insgesamt <a href=\"http:\/\/www.spiegel.de\/panorama\/justiz\/razzia-bundespolizei-geht-gegen-menschenhandel-vor-a-1203447.html\">62 Bordelle und andere Objekte<\/a> wegen Menschenhandel, Zwangsprostitution und Schleusung. 100 Personen werden vor\u00fcbergehend festgenommen; sieben werden verhaftet.<\/p>\n<p>19. April: <b>Polizeilicher Todesschuss:<\/b> In Langenfeld (NRW) wird die Polizei informiert, dass ein Mann vom Balkon seiner Wohnung Sch\u00fcsse abgibt. Als PolizistInnen in die Wohnung eindringen, feuert er auf sie. Die BeamtInnen <a href=\"http:\/\/www.rp-online.de\/nrw\/staedte\/langenfeld\/sek-einsatz-in-langenfeld-getoeteter-drohte-mit-gaspistole-aid-1.7527552\">schie\u00dfen zur\u00fcck und treffen ihn t\u00f6dlich<\/a>. Bei der Waffe des Mannes handelte es sich um eine Gaspistole.<\/p>\n<p><b>Rechtsradikale <\/b><b>und fremdenfeindliche <\/b><b>Angriffe auf Fl\u00fcchtlinge:<\/b> Die Polizei gibt bekannt, dass sie gegen mehrere Mitglieder einer rechten Burschenschaft ermittelt. Sie sollen in Kahla (Th\u00fcringen) minderj\u00e4hrige Fl\u00fcchtlinge <a href=\"http:\/\/www.spiegel.de\/panorama\/justiz\/thueringen-rechte-burschenschaftler-sollen-fluechtlinge-attackiert-haben-a-1203763.html\">verfolgt und angegriffen<\/a> haben. Die Beschuldigten bestreiten die Tat.<\/p>\n<p><b>Ermittlungen gegen <\/b><b>Polizeibeamte<\/b><b>:<\/b> Die StA Neuruppin (Brandenburg) ermittelt gegen einen hochrangigen Polizeibeamten wegen <a href=\"https:\/\/www.tagesspiegel.de\/berlin\/potsdam-aufstieg-und-abstieg-beim-zdpol\/21195284.html\">privater Nutzung hochwertiger Dienstwagen<\/a>. Der Mann ist vom Dienst suspendiert. In Berlin torkelt am <a href=\"https:\/\/www.tagesspiegel.de\/berlin\/polizei-justiz\/berlin-lichterfelde-betrunkener-polizist-torkelt-mit-gullideckel-ueber-hauptstrasse\/21206282.html\">21. April<\/a> ein betrunkener Polizist au\u00dfer Dienst mit einem Gullydeckel \u00fcber die Stra\u00dfe. Gegen ihn wird ein Ermittlungsverfahren wegen gef\u00e4hrlichen Eingriffs in den Stra\u00dfenverkehr eingeleitet.<\/p>\n<p><b>Fremdenfeindliche Angriff<\/b><b>e<\/b><b>:<\/b> In Friedland (Mecklenburg-Vorpommern) hetzen Betrunkene zun\u00e4chst ihre Hunde auf zwei vorbeikommende Eritreer und <a href=\"https:\/\/www.berliner-zeitung.de\/panorama\/rassistischer-angriff-gruppe-von-deutschen-hetzt-hunde-auf-eritreer-und-schlaegt-sie-30045682\">greifen sie dann auch selbst an<\/a>. Am <a href=\"https:\/\/www.berliner-zeitung.de\/berlin\/polizei\/rassistischer-angriff-in-lichtenberg-unbekannte-hetzen-hund-auf-36-jaehrigen-30051326\">20. April<\/a> hetzen auch in Berlin Unbekannte ihren Kampfhund auf Deutscht\u00fcrkInnen, die sie zuvor beleidigt haben. Am <a href=\"https:\/\/www.morgenpost.de\/berlin\/polizeibericht\/article214162275\/Mann-hetzt-Kampfhund-auf-Tuerken-Verdaechtiger-festgenommen.html\">29. April<\/a> kann einer der M\u00e4nner festgenommen werden. Am <a href=\"https:\/\/www.tagesspiegel.de\/berlin\/polizei-justiz\/attacken-in-mitte-und-neukoelln-kinder-beim-spielen-fremdenfeindlich-beschimpft\/21226742.html\">gleichen Tag<\/a> wird, wiederum in Berlin, ein M\u00e4dchen auf einem Spielplatz von einem Unbekannten fremdenfeindlich beschimpft und in einem anderen Stadtteil ein Junge von Jugendlichen zun\u00e4chst beschimpft und dann verpr\u00fcgelt. Sie k\u00f6nnen entkommen.<\/p>\n<p>20. April: <b>Polizeisch<\/b><b>uss<\/b><b>:<\/b> Als in Hamburg ein Mann, der auf der Stra\u00dfe zuvor PassantInnen mit einem Messer bedroht hatte, auch auf die herbeigerufenen PolizistInnen \u201ebedrohlich\u201c zugeht, <a href=\"https:\/\/www.berliner-zeitung.de\/panorama\/hamburg-mann-bedroht-passanten-mit-messer---polizei-schiesst-auf-angreifer-30046000\">schie\u00dft ihm ein Beamter ins Bein<\/a>.<\/p>\n<p><b>Asyl:<\/b> Die StA Bremen\u00a0ermittelt gegen mehrere MitarbeiterInnen und die fr\u00fchere Leiterin der dortigen Au\u00dfenstelle des Bundesamtes f\u00fcr Migration und Fl\u00fcchtlinge (BAMF) wegen des <a href=\"http:\/\/www.spiegel.de\/panorama\/justiz\/bamf-vorwuerfe-der-bestechlichkeit-gegen-mitarbeiter-a-1203915.html\">Verdachts der Bestechlichkeit<\/a>. Sie sollen in 1.200 F\u00e4llen merkw\u00fcrdige asylrechtliche Entscheidungen zugunsten der AntragstellerInnen getroffen haben. Zudem hat das BAMF allein im Jahre 2017 die Zusammenarbeit <a href=\"https:\/\/www.berliner-zeitung.de\/politik\/verstoesse-bei-asylvergabe-bamf-beendet-zusammenarbeit-mit-zahlreichen-dolmetschern-30051232\">mit 30 DolmetscherInnen<\/a> \u201eaufgrund von Verletzungen gegen den Verhaltenskodex\u201c beendet. Presseberichten vom <a href=\"http:\/\/www.spiegel.de\/panorama\/gesellschaft\/bamf-affaere-in-bremen-ermittler-decken-massive-verstoesse-auf-a-1205120.html\">27. April<\/a> zufolge sei bei den Vorf\u00e4llen in der Bremer BAMF-Au\u00dfenstelle von deren Leiterin \u201emassiv gegen geltendes Recht und aufenthaltsrechtliche Bestimmungen, sicherheitsrelevante Vorgaben und innerbetriebliche Anweisungen versto\u00dfen\u201c worden.<\/p>\n<p><b>V<\/b><b>orratsdatenspeicherung:<\/b> Das VG K\u00f6ln (NRW) entscheidet, dass ein Provider und die Telekom <a href=\"http:\/\/www.sueddeutsche.de\/digital\/mindestspeicherfrist-richter-lassen-vorratsdatenspeicherung-keine-chance-1.3952997\">nicht verpflichtet sind<\/a>, bei der Vorratsdatenspeicherung auch die Verbindungsdaten zu speichern (<a href=\"https:\/\/www.juris.de\/jportal\/portal\/t\/meg\/page\/homerl.psml?nid=jnachr-JUNA180401092&amp;cmsuri=%2Fjuris%2Fde%2Fnachrichten%2Fzeigenachricht.jsp\">Az: 9 K 7427\/17<\/a>).<\/p>\n<p><b>Ermittlungen gegen Polizeigewerkschafter:<\/b> Der Bundesvorsitzende der rechtskonservativen \u201eDeutschen Polizeigewerkschaft\u201c (DPolG), Rainer Wendt, ist vom Land NRW 11 Jahre besoldet, bef\u00f6rdert und belobigt worden, obwohl er die ganze Zeit keinen Dienst versah. Hierf\u00fcr habe es \u201e<a href=\"http:\/\/www.faz.net\/aktuell\/politik\/inland\/brisanter-bericht-polizeigewerkschafter-rainer-wendt-15551655.html\">keine rechtliche Grundlage<\/a>\u201c gegeben, hei\u00dft es in einem Bericht des Innenministeriums.<\/p>\n<p><b>Ex-RAF:<\/b> Das OLG Stuttgart (Baden-W\u00fcrttemberg) erl\u00e4sst der ehemaligen RAF-Angeh\u00f6rigen Verena Becker ihre <a href=\"http:\/\/www.spiegel.de\/politik\/deutschland\/raf-gericht-erlaesst-verena-becker-reststrafe-a-1204106.html\">restliche Haftstrafe von 430 Tagen<\/a>. Becker war 2012 wegen Beihilfe zum Mord an Generalbundesanwalt Siegfried Buback zu vier Jahren Haft verurteilt worden.<\/p>\n<p>21: April: <b>Gaffer<\/b><b>problematik<\/b><b>:<\/b> Um bei einem Gro\u00dfbrand in Feldkirchen (Bayern) einen besseren Blick zu haben, <a href=\"http:\/\/www.sueddeutsche.de\/muenchen\/brand-in-feldkirchen-gaffer-blockieren-s-bahn-1.3956190\">blockieren Gaffer die S-Bahngleise<\/a>. Nachdem sie von der Polizei ger\u00e4umt sind, m\u00fcssen die Gleise weiterhin gesichert werden um eine R\u00fcckkehr zu verhindern.<\/p>\n<p>23. April: <b>Abschiebung<\/b><b>en<\/b><b>:<\/b> Als PolizeibeamtInnen in den fr\u00fchen Morgenstunden in Witzenhausen (Hessen) einen Syrer zur Abschiebung abholen, <a href=\"https:\/\/www.tagesspiegel.de\/weltspiegel\/spontane-proteste-im-hessischen-witzenhausen-abschiebung-eines-syrers-endet-in-strassenschlacht\/21202678.html\">blockieren rund 60 Personen<\/a> ihre Streifenwagen. Daraus entwickelt sich eine Stra\u00dfenschlacht. Nach der R\u00e4umung wird der Mann in Abschiebehaft gebracht. Am <a href=\"http:\/\/www.faz.net\/aktuell\/politik\/inland\/von-duesseldorf-nach-kabul-abschiebeflug-in-afghanistan-eingetroffen-15558946.html\">24. April<\/a> startet in D\u00fcsseldorf (NRW) der 12. Sammelabschiebeflug nach Afghanistan. Wie viele Personen dabei abgeschoben wurden ist unbekannt. Am <a href=\"http:\/\/www.spiegel.de\/panorama\/justiz\/witzenhausen-in-hessen-abschiebung-von-syrer-eskaliert-a-1205150.html\">27. April<\/a> wird bekannt, dass der in Witzenhausen (Hessen) in Abschiebehaft genommene Mann laut einer Entscheidung des VG Kassel gar nicht abgeschoben werden durfte.<\/p>\n<p>25. April: <b>Anschlag auf Fu\u00dfballmannschaft:<\/b> Im Prozess um den Anschlag auf den Mannschaftsbus des Vereins \u201eBorussia Dortmund\u201c im April 2017 sagen <a href=\"http:\/\/www.spiegel.de\/panorama\/justiz\/borussia-dortmund-prozess-acht-profis-sagen-aus-a-1204754.html\">acht Spieler des Vereins als Zeugen<\/a> aus.<\/p>\n<p>27. April: <b>Europol:<\/b> <a href=\"http:\/\/www.sueddeutsche.de\/politik\/is-europol-amaq-1.3959534\">Presseberichten zufolge<\/a> hat die Polizeibeh\u00f6rde Europol in mehreren L\u00e4ndern die Propaganda-Kan\u00e4le des IS lahmgelegt.<\/p>\n<p>28. April: <b>Anschl\u00e4ge auf t\u00fcrkische Einrichtungen:<\/b> In Berlin werfen Unbekannte <a href=\"https:\/\/www.tagesspiegel.de\/berlin\/kurdisch-tuerkischer-konflikt-anschlag-auf-ditib-moschee-in-berlin\/21226162.html\">die Fenster einer Moschee ein<\/a> und hinterlassen einen Schriftzug, der auf den kurdisch-t\u00fcrkischen Konflikt hindeutet.<\/p>\n<p><b>Razzia gegen arabische Clans:<\/b> Mit einem Gro\u00dfaufgebot von Polizei, Zollfahndung, Ordnungs- und Ausl\u00e4nderamt wird in Essen (NRW) eine <a href=\"https:\/\/www.nrz.de\/staedte\/essen\/razzia-gegen-clan-kriminalitaet-in-der-essener-innenstadt-id214136423.html\">Razzia durchgef\u00fchrt<\/a>. 493 Personen, 149 Fahrzeuge und 21 Objekte werden kontrolliert; drei Haftbefehle werden vollstreckt. Daneben werden mehrere <a href=\"https:\/\/www.nrz.de\/staedte\/essen\/polizei-will-sich-in-essens-nord-city-respekt-verschaffen-id214156039.html\">Ordnungswidrigkeiten festgestellt<\/a> und in gr\u00f6\u00dferem Umfang Verwarnungsgelder erhoben.<\/p>\n<p>29. April: <b>Bundesnachrichtendienst:<\/b> Das <a href=\"https:\/\/www.tagesspiegel.de\/politik\/urteil-des-bundesverwaltungsgerichts-bnd-muss-geheimnisverrat-oeffentlich-machen\/21227836.html\">Bundesverwaltungsgericht (BVerwG) hat entschieden<\/a>, dass der BND k\u00fcnftig offenlegen muss, wenn MitarbeiterInnen wegen Geheimnisverrates vor Gericht stehen (Az: BVerwG 6 VR 1.18).<\/p>\n<p>30. April: <b>Rechte und fremdenfeindliche Angriffe auf Fl\u00fcchtlingsheime:<\/b> Durch Presseberichte <a href=\"http:\/\/www.sueddeutsche.de\/muenchen\/rechte-straftaten-polizei-verschweigt-anschlag-auf-asylunterkunft-1.3961438\">wird bekannt<\/a>, dass die Polizei in M\u00fcnchen (Bayern) einen Anschlag auf eine im Bau befindliche Fl\u00fcchtlingsunterkunft im Sommer 2017 bisher verschwiegen hatte. Auch weitere Straftaten in Zusammenhang mit Fl\u00fcchtlingen wurden nicht ver\u00f6ffentlicht.<\/p>\n<h3>Beitragsbild: Kippa (<a href=\"https:\/\/en.wikipedia.org\/wiki\/User:Gilabrand\">Gilabrand<\/a> at <a href=\"https:\/\/en.wikipedia.org\/wiki\/\">English Wikipedia<\/a>, <a href=\"https:\/\/commons.wikimedia.org\/wiki\/File:Kippa.jpg\" target=\"_blank\" rel=\"noopener noreferrer\">Kippa<\/a>, <a href=\"https:\/\/creativecommons.org\/licenses\/by\/3.0\/legalcode\" target=\"_blank\" rel=\"license noopener noreferrer\">CC BY 3.0<\/a>).<\/h3>\n","protected":false},"excerpt":{"rendered":"<p>zusammengestellt von Otto Diederichs 1. April: Terroranschlag auf Berliner Weihnachtsmarkt: In Berlin nimmt eine Anlaufstelle<\/p>\n","protected":false},"author":2,"featured_media":13987,"comment_status":"open","ping_status":"open","sticky":false,"template":"","format":"standard","meta":{"footnotes":""},"categories":[6],"tags":[667,820,1094,1186,1195,1216],"class_list":["post-13983","post","type-post","status-publish","format-standard","has-post-thumbnail","hentry","category-chronologien","tag-geheimdienste","tag-justiz","tag-polizei","tag-rassismus","tag-rechtsextremismus","tag-repression"],"_links":{"self":[{"href":"https:\/\/wp-dev.daten.cool\/index.php?rest_route=\/wp\/v2\/posts\/13983","targetHints":{"allow":["GET"]}}],"collection":[{"href":"https:\/\/wp-dev.daten.cool\/index.php?rest_route=\/wp\/v2\/posts"}],"about":[{"href":"https:\/\/wp-dev.daten.cool\/index.php?rest_route=\/wp\/v2\/types\/post"}],"author":[{"embeddable":true,"href":"https:\/\/wp-dev.daten.cool\/index.php?rest_route=\/wp\/v2\/users\/2"}],"replies":[{"embeddable":true,"href":"https:\/\/wp-dev.daten.cool\/index.php?rest_route=%2Fwp%2Fv2%2Fcomments&post=13983"}],"version-history":[{"count":0,"href":"https:\/\/wp-dev.daten.cool\/index.php?rest_route=\/wp\/v2\/posts\/13983\/revisions"}],"wp:featuredmedia":[{"embeddable":true,"href":"https:\/\/wp-dev.daten.cool\/index.php?rest_route=\/wp\/v2\/media\/13987"}],"wp:attachment":[{"href":"https:\/\/wp-dev.daten.cool\/index.php?rest_route=%2Fwp%2Fv2%2Fmedia&parent=13983"}],"wp:term":[{"taxonomy":"category","embeddable":true,"href":"https:\/\/wp-dev.daten.cool\/index.php?rest_route=%2Fwp%2Fv2%2Fcategories&post=13983"},{"taxonomy":"post_tag","embeddable":true,"href":"https:\/\/wp-dev.daten.cool\/index.php?rest_route=%2Fwp%2Fv2%2Ftags&post=13983"}],"curies":[{"name":"wp","href":"https:\/\/api.w.org\/{rel}","templated":true}]}}