{"id":14007,"date":"2018-05-29T08:23:58","date_gmt":"2018-05-29T08:23:58","guid":{"rendered":"https:\/\/www.cilip.de\/?p=14007"},"modified":"2018-05-29T08:23:58","modified_gmt":"2018-05-29T08:23:58","slug":"der-lange-arm-der-repression-europaeischer-haftbefehl-und-ermittlungsanordnung","status":"publish","type":"post","link":"https:\/\/wp-dev.daten.cool\/?p=14007","title":{"rendered":"Der lange Arm der Repression &#8211; Europ\u00e4ischer Haftbefehl und Ermittlungsanordnung"},"content":{"rendered":"<p><strong>Veranstaltung zur europ\u00e4ischen Verfolgung von linkem Aktivismus<\/strong><\/p>\n<p>\u00dcber die Europ\u00e4ische Union haben sich ihre Mitgliedstaaten zahlreiche M\u00f6glichkeiten geschaffen, mit denen auch linke AktivistInnen \u00fcber Grenzen hinweg verfolgt werden k\u00f6nnen. Im Rahmen der Europ\u00e4ischen Ermittlungsanordnung k\u00f6nnen Verfolgungsbeh\u00f6rden jeden anderen EU-Staat anweisen, Hausdurchsuchungen vorzunehmen, Telefone abzuh\u00f6ren oder Trojaner auf Computer einzuschleusen. Im Schengener Informationssystem werden Menschen immer \u00f6fter zur verdeckten Kontrolle oder mit einem Europ\u00e4ischen Haftbefehl zur Festnahme ausgeschrieben. Ein solcher Haftbefehl soll grunds\u00e4tzlich nicht mehr vom ausliefernden Land auf seine Rechtm\u00e4\u00dfigkeit \u00fcberpr\u00fcft werden.<\/p>\n<blockquote class=\"alignright\"><p>Donnerstag, 14. Juni 2018, 19.30 Uhr im Aquarium, Skalitzer Strasse 6, Kottbusser Tor (U-Bhf Kottbusser Tor)<\/p><\/blockquote>\n<p>Der auszuliefernden Person droht die \u00dcberstellung an die ausschreibende Beh\u00f6rde. Dar\u00fcber hinaus kann \u00fcber Interpol ein nationaler Haftbefehl an die Kriminalpolizeien von 190 Staaten verteilt werden. Die internationale Polizeiorganisation bewegt sich dabei in einer rechtlichen Grauzone, denn eigentlich darf sie keine politische Verfolgung unterst\u00fctzen. Nicht nur in Staaten wie Spanien, der Ukraine oder der T\u00fcrkei passiert dies dennoch h\u00e4ufig.<\/p>\n<p><strong>Henriette Scharnhorst<\/strong>, Republikanischer Anw\u00e4ltinnen &#8211; und Anw\u00e4lteverein e.V. (RAV)<br \/>\n<strong>Matthias Monroy<\/strong>, Mitglied der Redaktion der Zeitschrift B\u00fcrgerrechte &amp; Polizei\/CILIP<\/p>\n<h4>Matthias Monroy:<\/h4>\n<audio class=\"wp-audio-shortcode\" id=\"audio-14007-1\" preload=\"none\" style=\"width: 100%;\" controls=\"controls\"><source type=\"audio\/mpeg\" src=\"http:\/\/archiv.cilip.de\/Audio\/20180614_CILIP_EU_Justiz_und_Inneres_Matthias_Monroy.mp3?_=1\" \/><a href=\"http:\/\/archiv.cilip.de\/Audio\/20180614_CILIP_EU_Justiz_und_Inneres_Matthias_Monroy.mp3\">http:\/\/archiv.cilip.de\/Audio\/20180614_CILIP_EU_Justiz_und_Inneres_Matthias_Monroy.mp3<\/a><\/audio>\n<h4>Henriette Scharnhorst:<\/h4>\n<audio class=\"wp-audio-shortcode\" id=\"audio-14007-2\" preload=\"none\" style=\"width: 100%;\" controls=\"controls\"><source type=\"audio\/mpeg\" src=\"http:\/\/archiv.cilip.de\/Audio\/20180614_CILIP_EU-Haftbefehl_Henriette_Scharnhorst.mp3?_=2\" \/><a href=\"http:\/\/archiv.cilip.de\/Audio\/20180614_CILIP_EU-Haftbefehl_Henriette_Scharnhorst.mp3\">http:\/\/archiv.cilip.de\/Audio\/20180614_CILIP_EU-Haftbefehl_Henriette_Scharnhorst.mp3<\/a><\/audio>\n<h4>Matthias Monroy:<\/h4>\n<audio class=\"wp-audio-shortcode\" id=\"audio-14007-3\" preload=\"none\" style=\"width: 100%;\" controls=\"controls\"><source type=\"audio\/mpeg\" src=\"http:\/\/archiv.cilip.de\/Audio\/20180614_CILIP_EEA_SIS_Matthias_Monroy.mp3?_=3\" \/><a href=\"http:\/\/archiv.cilip.de\/Audio\/20180614_CILIP_EEA_SIS_Matthias_Monroy.mp3\">http:\/\/archiv.cilip.de\/Audio\/20180614_CILIP_EEA_SIS_Matthias_Monroy.mp3<\/a><\/audio>\n<p><em>Veranstaltet vom Institut f\u00fcr B\u00fcrgerrechte &amp; \u00f6ffentliche Sicherheit e.V.<\/em><\/p>\n","protected":false},"excerpt":{"rendered":"<p>Veranstaltung zur europ\u00e4ischen Verfolgung von linkem Aktivismus \u00dcber die Europ\u00e4ische Union haben sich ihre Mitgliedstaaten<\/p>\n","protected":false},"author":2,"featured_media":14013,"comment_status":"open","ping_status":"open","sticky":false,"template":"","format":"standard","meta":{"footnotes":""},"categories":[150],"tags":[],"class_list":["post-14007","post","type-post","status-publish","format-standard","has-post-thumbnail","hentry","category-veranstaltungen"],"_links":{"self":[{"href":"https:\/\/wp-dev.daten.cool\/index.php?rest_route=\/wp\/v2\/posts\/14007","targetHints":{"allow":["GET"]}}],"collection":[{"href":"https:\/\/wp-dev.daten.cool\/index.php?rest_route=\/wp\/v2\/posts"}],"about":[{"href":"https:\/\/wp-dev.daten.cool\/index.php?rest_route=\/wp\/v2\/types\/post"}],"author":[{"embeddable":true,"href":"https:\/\/wp-dev.daten.cool\/index.php?rest_route=\/wp\/v2\/users\/2"}],"replies":[{"embeddable":true,"href":"https:\/\/wp-dev.daten.cool\/index.php?rest_route=%2Fwp%2Fv2%2Fcomments&post=14007"}],"version-history":[{"count":0,"href":"https:\/\/wp-dev.daten.cool\/index.php?rest_route=\/wp\/v2\/posts\/14007\/revisions"}],"wp:featuredmedia":[{"embeddable":true,"href":"https:\/\/wp-dev.daten.cool\/index.php?rest_route=\/wp\/v2\/media\/14013"}],"wp:attachment":[{"href":"https:\/\/wp-dev.daten.cool\/index.php?rest_route=%2Fwp%2Fv2%2Fmedia&parent=14007"}],"wp:term":[{"taxonomy":"category","embeddable":true,"href":"https:\/\/wp-dev.daten.cool\/index.php?rest_route=%2Fwp%2Fv2%2Fcategories&post=14007"},{"taxonomy":"post_tag","embeddable":true,"href":"https:\/\/wp-dev.daten.cool\/index.php?rest_route=%2Fwp%2Fv2%2Ftags&post=14007"}],"curies":[{"name":"wp","href":"https:\/\/api.w.org\/{rel}","templated":true}]}}