{"id":14019,"date":"2018-06-05T18:32:18","date_gmt":"2018-06-05T18:32:18","guid":{"rendered":"https:\/\/www.cilip.de\/?p=14019"},"modified":"2018-06-05T18:32:18","modified_gmt":"2018-06-05T18:32:18","slug":"chronologie-mai-2018","status":"publish","type":"post","link":"https:\/\/wp-dev.daten.cool\/?p=14019","title":{"rendered":"Chronologie Mai 2018"},"content":{"rendered":"<h3>zusammengestellt von Otto Diederichs und Heiner Busch<\/h3>\n<p>1. Mai: <strong>Mai-Demonstrationen: <\/strong>In Berlin und Hamburg, wo es fr\u00fcher zu Ausschreitungen gekommen war, <a href=\"https:\/\/www.morgenpost.de\/politik\/inland\/article214171297\/Linksextreme-machen-in-Berlin-und-Hamburg-mobil.html\">bleiben die Demonstrationen weitgehend ruhig<\/a>. In Berlin nehmen rund 1.500 Personen an der \u201erevolution\u00e4ren Mai-Demonstration\u201c teil; in Hamburg etwa 2.200. An den <a href=\"http:\/\/pardok.parlament-berlin.de\/starweb\/adis\/citat\/VT\/18\/SchrAnfr\/s18-14962.pdf\">insgesamt 21 Veranstaltungen<\/a> in Berlin sind auch 996 PolizistInnen in Zivil im Einsatz. An den Gewerkschafts-Demonstrationen in Brandenburg nehmen landesweit <a href=\"https:\/\/www.berliner-zeitung.de\/berlin\/brandenburg\/fuer-starke-betriebsraete-19-000-menschen-bei-mai-kundgebungen-in-brandenburg-30102644\">rund 19.000 Personen teil<\/a>.<\/p>\n<p><strong>\u201eAlternative f\u00fcr Deutschland\u201c (AfD):<\/strong> Bei einer Pressekonferenz der Brandenburger AfD-Landtagsfraktion verlassen alle anwesenden Journalisten <a href=\"https:\/\/www.berliner-zeitung.de\/politik\/eklat-auf-pk-afd-fraktion-bricht-veranstaltung-nach-reporter-protest-ab-30139262\">den Raum<\/a>, nachdem angek\u00fcndigt wurde, Fragen eines Kollegen der BILD-Zeitung nicht zu beantworten. In Essen (NRW) kommt ein AfD-Politiker bei der Gewerkschafts-Demonstration einem Platzverweis nicht nach. Daraufhin wird er f\u00fcr drei Stunden <a href=\"http:\/\/www.spiegel.de\/politik\/deutschland\/guido-reil-polizei-nimmt-afd-politiker-auf-mai-demo-in.-gewahrsam-a-1205670.html\">in Polizeigewahrsam genommen<\/a>. Am 14. Mai <a href=\"http:\/\/www.spiegel.de\/politik\/deutschland\/holger-arppe-ex-afd-landeschef-wegen-volksverhetzung-verurteilt-a-1207699.html\">verurteilt das Landgericht (LG) Rostock<\/a> (Mecklenburg-Vorpommern) einen fr\u00fcheren AfD-Landesvorsitzenden wegen Volksverhetzung zu einer Geldstrafe von 9.000 EUR. Die Staatsanwaltschaft (StA) M\u00fchlhausen (Th\u00fcringen) <a href=\"http:\/\/www.spiegel.de\/politik\/deutschland\/beleidigung-von-aydan-oezoguz-ermittlungen-gegen-alexander-gauland-eingestellt-a-1208250.html\">gibt am 17. Mai bekannt<\/a>, dass die Ermittlungen wegen Volksverhetzung gegen den AfD-Parteichef Alexander Gauland eingestellt wurden. Die \u00c4u\u00dferung Gaulands vom Sommer 2017, man werde die fr\u00fchere Integrationsbeauftragte Aydan \u00d6zoguz in Anatolien \u201eentsorgen\u201c, sei \u201enoch vom Recht auf freie Meinungs\u00e4u\u00dferung gedeckt\u201c. <!--more--><a href=\"http:\/\/www.spiegel.de\/politik\/deutschland\/afd-fraktion-im-bundestag-klagt-gegen-die-fluechtlingspolitik-von-angela-merkel-a-1208511.html\">Bereits im April<\/a> hatte die AfD-Bundestagsfraktion bereits im April eine Organklage beim Bundesverfassungsgericht (BVerfG) eingereicht, um die Fl\u00fcchtlingspolitik der Bundeskanzlerin r\u00fcgen zu lassen (Az: 2 BvE 1\/18). F\u00fcr ihre Teilnahme an der f\u00fcr den 27. Mai in Berlin geplanten Demonstration \u201eZukunft Deutschland\u201c zahlt der AfD-Landesverband Rheinland-Pfalz <a href=\"http:\/\/www.spiegel.de\/politik\/deutschland\/rheinland-pfalz-afd-zahlt-demo-teilnehmern-50-euro-a-1209075.html\">den ersten 30 Teilnehmern eine Summe von 50 EUR<\/a>. Am 27. Mai beteiligen sich rund 5.000 Personen an der AfD-Demonstration. <a href=\"https:\/\/www.neues-deutschland.de\/artikel\/1089339.protest-gegen-rechts-alternative-zur-afd.html\">An den insgesamt 13 Gegenveranstaltungen<\/a> gibt es nach Polizeiangaben 25.000 TeilnehmerInnen, laut VeranstalterInnen waren es \u00fcber 70.000. Die Polizei war mit 2000 BeamtInnen auch aus anderen Bundesl\u00e4ndern im Einsatz. <a href=\"http:\/\/www.sueddeutsche.de\/news\/politik\/parteien---augsburg-2000-polizisten-sollen-afd-parteitag-in-augsburg-schuetzen-dpa.urn-newsml-dpa-com-20090101-180528-99-475972\">Laut Presseberichten vom 28. Mai<\/a> will das Polizeipr\u00e4sidium Augsburg sich anl\u00e4sslich des AfD-Parteitags am 30. Juni und 1. Juli von 2.000 zus\u00e4tzlichen PolizistInnen des Bundes und der L\u00e4nder unterst\u00fctzen lassen. Das s\u00e4chsische Polizeiliche Extremismus- und Terrorismusabwehrzentrum (PTAZ) in Dresden <a href=\"http:\/\/www.sueddeutsche.de\/news\/politik\/extremismus---leipzig-bus-mit-afd-anhaengern-attackiert-abwehrzentrum-ermittelt-dpa.urn-newsml-dpa-com-20090101-180528-99-482501\">\u00fcbernimmt am 28. Mai<\/a> die Ermittlungen wegen eines \u201eAnschlags\u201c auf einen Bus mit AfD-Anh\u00e4ngerInnen. Der Bus war tags zuvor in Leipzig vor der Abfahrt zur Berliner AfD-Demo mit Farbbeuteln und einem Stein angegriffen worden.<\/p>\n<p>2. Mai: <strong>Festnahme eines Dschihadisten:<\/strong> <a href=\"http:\/\/www.generalbundesanwalt.de\/de\/showpress.php?themenid=20&amp;newsid=768\">Im Auftrag der Bundesanwaltschaft<\/a> nehmen BeamtInnen des Landeskriminalamts (LKA) Baden-W\u00fcrttemberg in T\u00fcbingen einen 25-j\u00e4hrigen Syrer fest. Er soll sich Mitte 2013 dem IS angeschlossen haben. Anfang 2014 wurde er vom IS der Zusammenarbeit mit den Beh\u00f6rden Assads beschuldig, gefangen genommen und gefoltert. Ende 2014 konnte er sich in Richtung Deutschland absetzen.<\/p>\n<p><strong>Love-Parade-Katastrophe: <\/strong>Im Prozess um die Love-Parade-Katastrophe im Juli 2010 mit 21 Toten und mindestens 652 Verletzten, <a href=\"http:\/\/www.spiegel.de\/panorama\/justiz\/love-parade-prozess-adolf-sauerland-im-zeugenstand-a-1205747.html\">sagt der fr\u00fchere Oberb\u00fcrgermeister von Duisburg (NRW) aus<\/a>, er sei in den Vorbereitungsprozess \u201enicht aktiv\u201c eingebunden gewesen und habe somit auch keine Genehmigungen erteilen m\u00fcssen. Etwaige Fehler seiner Verwaltung <a href=\"http:\/\/www.spiegel.de\/panorama\/justiz\/love-parade-warum-adolf-sauerland-im-prozess-eine-entschuldigung-ablehnt-a-1206056.html\">will er auch nicht erkennen k\u00f6nnen<\/a>. Am 22. Mai sagt der seinerzeitige Veranstalter der Love-Parade als Zeuge aus. Er \u00fcbernimmt dabei zwar die moralische Verantwortung f\u00fcr die Katastrophe, <a href=\"http:\/\/www.spiegel.de\/panorama\/justiz\/love-parade-prozess-wie-rainer-schaller-sich-als-zeuge-vor-gericht-verkauft-a-1208988.html\">zur Aufkl\u00e4rung tr\u00e4gt er jedoch nicht bei<\/a>.<\/p>\n<p><strong>Nationalsozialistischer Untergrund (NSU): <\/strong>Im Prozess um die die NSU-Morde fordert der Verteidiger des Mitangeklagten Carsten S. <a href=\"http:\/\/www.spiegel.de\/panorama\/justiz\/nsu-prozess-anwaelte-von-carsten-s-plaedieren-a-1205818.html\">Freispruch f\u00fcr seinen Mandanten<\/a>. Dieser habe dem NSU zwar die Mordwaffe geliefert, jedoch nichts von den geplanten Morden und Anschl\u00e4gen gewusst. Laut <a href=\"http:\/\/www.fr.de\/rhein-main\/landespolitik\/nsu-ermittlungen-gegen-andreas-temme-eingestellt-a-1499073\">Presseberichten vom 3. Mai<\/a> hat die Berliner Staatsanwaltschaft das Verfahren gegen den ehemaligen hessischen Verfassungssch\u00fctzer Andreas Temme wegen Falschaussagen vor dem NSU-Untersuchungsausschuss des Bundestages im September 2012 eingestellt, weil nicht mit \u201ehinreichender Sicherheit\u201c feststehe, dass Temme \u201eum die objektive Falschheit seiner Aussage wusste\u201c. <a href=\"http:\/\/www.spiegel.de\/panorama\/justiz\/nsu-prozess-andre-e-verteidiger-nennt-mandanten-nationalsozialisten-a-1206780.html\">Am 8. Mai<\/a> pl\u00e4diert im M\u00fcnchner Prozess der Anwalt des Mitangeklagten Andr\u00e9 E. Dessen nationalsozialistische Gesinnung bestreitet er nicht; jedoch jede Mitverantwortung an den Morden des NSU. Die Verteidiger des Mitangeklagten Holger G. weisen <a href=\"http:\/\/www.spiegel.de\/panorama\/justiz\/nsu-prozess-anwaelte-wollen-milde-strafe-fuer-holger-g-a-1207085.html\">am 9. Mai<\/a> die zentralen Anklagevorw\u00fcrfe zur\u00fcck und pl\u00e4dieren f\u00fcr eine lediglich milde Strafe. Die Verteidigerin des Mitangeklagten Ralf Wohlleben <a href=\"http:\/\/www.spiegel.de\/panorama\/justiz\/nsu-prozess-anwaeltin-haelt-ralf-wohlleben-fuer-unschuldig-a-1207808.html\">fordert am 15. Mai Freispruch<\/a> f\u00fcr ihren Mandanten. Der Prozess sei ein \u201ePolitikum\u201c und die Beweislage reiche f\u00fcr eine Verurteilung nicht aus.<\/p>\n<p><strong>Verfassungsschutz: <\/strong>Ein Berliner Moschee-Verein, dem Verbindungen zur islamistischen Muslimbruderschaft vorgehalten wird, k\u00fcndigt an, gegen ein Urteil des Verwaltungsgericht (VG) Berlin, wonach seine Erw\u00e4hnung im Verfassungsschutzbericht rechtens war, <a href=\"https:\/\/www.tagesspiegel.de\/berlin\/dar-as-salam-moschee-in-berlin-neukoellner-moscheeverein-geht-weiter-gegen-verfassungsschutz-vor\/21234506.html\">weiter juristisch vorzugehen<\/a>.<\/p>\n<p><strong>Abschiebungen:<\/strong> <a href=\"https:\/\/www.welt.de\/politik\/deutschland\/article175996590\/Verhinderte-Abschiebung-200-Migranten-stellen-Ultimatum-Polizei-zieht-wieder-ab.html\">Presseberichten zufolge<\/a> sollen in Ellwangen (Baden-W\u00fcrttemberg) am 30. April rund 200 BewohnerInnen einer Fl\u00fcchtlingsunterkunft die Abschiebung eines Mannes verhindert haben. Er gilt seither als untergetaucht. Mit einem Gro\u00dfaufgebot f\u00fchrt die Polizei am <a href=\"http:\/\/www.sueddeutsche.de\/panorama\/grosseinsatz-in-ellwangen-polizei-findet-gesuchten-asylbewerber-aus-togo-1.3965563\">3. Mai dort eine Razzia<\/a> durch; dabei wird der Togolese gefunden. Mehrere Personen werden <a href=\"https:\/\/www.tagesspiegel.de\/weltspiegel\/baden-wuerttemberg-mehrere-verletzte-bei-polizeieinsatz-in-fluechtlingsheim-in-ellwangen\/21238056.html\">bei dem Einsatz verletzt<\/a>. Gegen 27 vorl\u00e4ufig Festgenommene wird <a href=\"https:\/\/www.berliner-zeitung.de\/politik\/grossrazzia-in-ellwangen-27-fluechtlingen-drohen-anzeigen-und-strafverfahren-30117058\">wegen aktiver Widerstandshandlungen ermittelt<\/a>; 15 Personen werden als mutma\u00dfliche R\u00e4delsf\u00fchrerInnen auf andere Unterk\u00fcnfte verteilt. Insgesamt bleiben die genauen Abl\u00e4ufe der Eins\u00e4tze jedoch <a href=\"http:\/\/www.taz.de\/Neuer-Blick-auf-Vorfall-in-Unterkunft\/!5500584\/\">unklar und widerspr\u00fcchlich<\/a>. Das Oberlandesgericht (OLG) M\u00fcnchen (Bayern) entscheidet am gleichen Tag, dass <a href=\"http:\/\/www.spiegel.de\/panorama\/justiz\/kirchenasyl-schuetzt-nicht-vor-abschiebung-urteil-des-olg-muenchen-a-1205983.html\">Kirchenasyl kein Abschiebehindernis<\/a> darstellt und ein in einer Kirche in Freising lebender Nigerianer somit abgeschoben werden kann. Am <a href=\"http:\/\/www.spiegel.de\/panorama\/justiz\/ellwangen-sieben-fluechtlinge-in-haft-a-1206307.html\">4. Mai<\/a> wird bekannt, dass neben dem abzuschiebenden Togolesen sieben weitere Fl\u00fcchtlinge der Ellwanger Unterkunft in Haft genommen wurden. Am gleichen Tag entscheidet das BVerfG, dass ein Tunesier, dem Anschlagsvorbereitungen in Deutschland vorgeworfen werden, in sein Heimatland abgeschoben werden kann, <a href=\"http:\/\/www.sueddeutsche.de\/politik\/bundesverfassungsgericht-abschiebung-trotz-drohender-todesstrafe-moeglich-1.3970637\">obwohl ihm dort die Todesstrafe droht<\/a>. Zur Begr\u00fcndung erkl\u00e4rt das BVerfG, die Todesstrafe werde in Tunesien zwar verh\u00e4ngt, aber seit 1991 nicht mehr vollstreckt (<a href=\"http:\/\/www.bundesverfassungsgericht.de\/SharedDocs\/Entscheidungen\/DE\/2018\/05\/rk20180504_2bvr063218.html\">2 BvR 632\/18<\/a>). Am <a href=\"http:\/\/www.spiegel.de\/politik\/deutschland\/abschiebung-von-terrorverdaechtigem-tunesier-haikel-s-laeuft-a-1206943.html\">9. Mai<\/a> wird der Mann abgeschoben. Am gleichen Tag versucht die Polizei in Arnstadt (Th\u00fcringen) eine Nigerianerin <a href=\"https:\/\/www.morgenpost.de\/vermischtes\/article214257991\/Polizei-will-Schwangere-abschieben-Aerzte-verhindern-es.html\">aus dem Krankenhaus heraus abzuschieben<\/a>. Wegen der Risikoschwangerschaft der Frau k\u00f6nnen die \u00c4rzte dies verhindern. Am <a href=\"http:\/\/www.faz.net\/aktuell\/politik\/inland\/bundesverfassungsgericht-togolese-darf-abgeschoben-werden-15589908.html\">14. Mai<\/a> entscheidet das BVerfG, dass der in Ellwangen (Baden-W\u00fcrttemberg) festgenommene Togolese abgeschoben werden darf; daraufhin wird er <a href=\"http:\/\/www.spiegel.de\/panorama\/gesellschaft\/ellwangen-togoer-nach-italien-abgeschoben-a-1207774.html\">am n\u00e4chsten Tag nach Italien abgeschoben<\/a>. Aus der Antwort der Senatsinnenverwaltung auf eine parlamentarische Anfrage der Gr\u00fcnen-Fraktion geht hervor, das im ersten Quartal diesen Jahres insgesamt <a href=\"https:\/\/www.tagesspiegel.de\/berlin\/gefluechtete-in-berlin-in-diesem-jahr-wurden-bislang-308-asylbewerber-abgeschoben\/22573680.html\">308 abgelehnte Asylbewerber<\/a> aus Berlin abgeschoben wurden. Als ein als Gef\u00e4hrder geltender T\u00fcrke <a href=\"http:\/\/www.spiegel.de\/politik\/deutschland\/islamismus-nrw-schiebt-erneut-top-gefaehrder-ab-a-1208259.html\">am 15. Mai auf einer Polizeiwache<\/a> in K\u00f6ln (NRW) seiner Meldeauflage nachkommt, wird er direkt zum Flughafen Frankfurt\/M. (Hessen) gebracht und in die T\u00fcrkei abgeschoben. <a href=\"https:\/\/www.zeit.de\/gesellschaft\/zeitgeschehen\/2018-05\/yussif-o-abschiebung-ellwangen-togo-obdachlos\">Am 23. Mai<\/a> wird bekannt, dass der aus Ellwangen abgeschobene Togolese seit der Abschiebung in Italien auf der Stra\u00dfe lebt. Nach Medienberichten <a href=\"http:\/\/www.sueddeutsche.de\/news\/politik\/migration-fast-jede-zweite-geplante-abschiebung-abgebrochen-dpa.urn-newsml-dpa-com-20090101-180524-99-431961\">vom 24. Mai<\/a> behauptet die Bundespolizei, dass inzwischen jeder zweite Abschiebeversuch abgebrochen werden m\u00fcssen. Im ersten Quartal 2018 seien 5548 abgelehnte Asylsuchende abgeschoben worden. 4752 Abschiebungen habe man im Vorfeld abbrechen m\u00fcssen, weil die Betroffenen nicht aufzufinden waren. In 75 F\u00e4llen h\u00e4tten Piloten die Abschiebung verhindert. Vom Flughafen Frankfurt\/Main aus werden <a href=\"https:\/\/www.zeit.de\/politik\/deutschland\/2018-05\/frankfurt-am-main-abschiebeflug-afghanistan-pro-asyl\">am 22. Mai 15 Personen nach Afghanistan<\/a> abgeschoben. Die Abschiebung zweier weiterer Personen wird durch gerichtliche Eilentscheidungen verhindert. Laut Antwort der Bundesregierung auf eine AfD-Anfrage gab es im ersten Quartal 2018 insgesamt <a href=\"https:\/\/www.zeit.de\/gesellschaft\/2018-05\/bundesinnenministerium-afd-anfrage-kirchenasyl-abschiebung\">507 F\u00e4lle von Kirchenasyl<\/a>. In 498 F\u00e4llen sei dadurch die Abschiebung verz\u00f6gert worden.<\/p>\n<p><a href=\"http:\/\/www.sueddeutsche.de\/news\/politik\/fluechtlinge---erding-abschiebung-von-werdender-mutter-gescheitert-dpa.urn-newsml-dpa-com-20090101-180530-99-515138\">Am 30. Mai<\/a> scheitern die bayerischen Beh\u00f6rden beim Versuch, eine hochschwangere Asylsuchende aus Sierra Leone und ihren f\u00fcnfj\u00e4hrigen Sohn nach Italien abzuschieben. Da eine Abschiebung sechs Wochen vor dem Geburtstermin nicht m\u00f6glich ist und danach die in der Dublin III-Verordnung vorgesehene Frist verstrichen ist, muss ihr Asylgesuch in Deutschland gepr\u00fcft werden.<\/p>\n<p>3. Mai: <strong>Fu<\/strong><strong>\u00df<\/strong><strong>ballfans:<\/strong> Das Amtsgericht (AG) M\u00fcnchen verurteilt einen jungen Mann, der bei einem Fu\u00dfballspiel im Mai 2017 randaliert hatte, wegen besonders schwerem Landfriedensbruch und vierfacher versuchter K\u00f6rperverletzung zu einer <a href=\"http:\/\/www.sueddeutsche.de\/muenchen\/urteil-randale-im-stadion-sechzig-fan-zu-zehn-monaten-verurteilt-1.3966241\">zehnmonatigen Bew\u00e4hrungsstrafe und 1.000 EUR Geldstrafe<\/a>. W\u00e4hrend der zweij\u00e4hrigen Bew\u00e4hrungszeit darf er zudem kein Fu\u00dfballstadion betreten. W\u00e4hrend eines Fu\u00dfballspiels von A-Jugendmannschaften gehen <a href=\"https:\/\/www.berliner-zeitung.de\/berlin\/polizei\/polizeibericht-streit-zwischen-fans-von-berliner-jugendfussballmannschaften-eskaliert--30153730\">am 10. Mai in Berlin<\/a> Fangruppen sowohl aufeinander wie auch auf Ordner los. Nach dem Abbrennen von Pyrotechnik verhindert die Polizei <a href=\"https:\/\/www.berliner-zeitung.de\/sport\/polizei-einsatz-verhindert-platzsturm-beim-hsv-abstiegsspiel-30170734\">am 12. Mai beim Abstiegsspiel<\/a> des HSV in Hamburg kurz vor Ende des Spiels die St\u00fcrmung des Platzes durch randalierende Fans. <a href=\"http:\/\/www.faz.net\/aktuell\/politik\/inland\/rechtsextreme-cottbus-fans-polizei-kennt-ku-klux-klan-nicht-15616948.html\">Am 27. Mai feiern Fans von Energie Cottbus<\/a> den Aufstieg des Vereins in die dritte Liga. Dabei treten auf dem Altmarkt der Stadt auch rechte Fans mit Ku-Klux-Klan-M\u00fctzen auf, ohne dass die Polizei eingreift. Am 31. Mai wird bekannt, dass gegen die betreffenden BeamtInnen wird nun ermittelt wird.<\/p>\n<p><strong>GafferInnen:<\/strong> Eine Gafferin, die in M\u00fcnchen (Bayern) nach einem Stra\u00dfenbahnunfall die Verletzte filmt, wird von der Polizei <a href=\"http:\/\/www.sueddeutsche.de\/muenchen\/unfall-jaehrige-von-tram-angefahren-gafferin-filmt-das-am-boden-liegende-maedchen-1.3968238\">angezeigt und ihr Handy beschlagnahmt<\/a>. Gegen 10 GafferInnen, die am <a href=\"https:\/\/www.berliner-zeitung.de\/panorama\/polizei-ermittelt-gaffer-filmt-toedlichen-unfall-vor-seinen-kindern-30423782\">12. Mai einen t\u00f6dlichen Autobahnunfall<\/a> bei Ulm (Baden-W\u00fcrttemberg) filmen, werden Ermittlungsverfahren eingeleitet.<\/p>\n<p>4. Mai: <strong>Anschlag auf den Berliner Weihnachtsmarkt:<\/strong> Im Berliner Untersuchungsausschuss <a href=\"https:\/\/www.berliner-zeitung.de\/berlin\/polizei\/ueberwachung-von-anis-amri-keine-hinweise-auf-anschlag-in-chats-oder-telefonaten-30119176\">sagt ein Kriminalbeamter aus<\/a>, bei der Kommunikations\u00fcberwachung des sp\u00e4teren Attent\u00e4ters Anis Amri im Sommer 2016 sei zwar bemerkt worden, dass Amri zunehmend radikal-islamistischen Ideen anh\u00e4nge, Hinweise zum Terrorismus seien jedoch nicht festgestellt worden. Bei dem Anschlag im Dezember 2016 starben 12 Menschen, \u00fcber 70 wurden verletzt. Durch Presseberichte wird <a href=\"https:\/\/www.berliner-zeitung.de\/berlin\/polizei\/weihnachtsmarkt-attentaeter-verfassungsschutz-hatte-v-mann-im-amri-umfeld-30414502\">am 16. Mai<\/a> bekannt, dass auch der Berliner Verfassungsschutz einen V-Mann im Umfeld des Attent\u00e4ters Amri hatte, diesen jedoch nicht befragte. Auch das Bundesamt f\u00fcr Verfassungsschutz hat Medienberichten <a href=\"https:\/\/www.welt.de\/politik\/deutschland\/article176406285\/Anschlag-Breitscheidplatz-Verfassungsschutz-hatte-einen-V-Mann-in-Amris-Moschee.html\">vom 16. Mai<\/a> zufolge einen V-Mann im Umfeld Amris gef\u00fchrt, n\u00e4mlich in dem Berliner Moscheeverein, in dem er verkehrte. Angaben dazu will die Bundesregierung nicht machen. <a href=\"http:\/\/www.sueddeutsche.de\/news\/panorama\/terrorismus-fall-amri-verfassungsschutz-laesst-frage-nach-v-mann-offen-dpa.urn-newsml-dpa-com-20090101-180601-99-540123\">Ende Mai verweist sie<\/a> in der Antwort auf eine FDP-Anfrage auf das Staatswohl.<\/p>\n<p><strong>K\u00f6rperverletzung im Amt: <\/strong>Die StA hat f\u00fcr einen Polizisten, der im Juni 2017 bei einer Falschparkerkontrolle in Duisburg (NRW) einen renitenten Autofahrer, der bereits gefesselt war, dreimal getreten hatte, per Strafbefehl <a href=\"http:\/\/www.spiegel.de\/panorama\/justiz\/duisburg-strafbefehl-gegen-polizisten-und-autofahrer-beantragt-a-1206291.html\">eine Bew\u00e4hrungsstrafe wegen K\u00f6rperverletzung im Amt<\/a> beantragt.<\/p>\n<p><strong>Rechtsradikalismus:<\/strong> Das AG Hannoversch M\u00fcnden (Niedersachsen) verurteilt einen Bundeswehroffizier, der rechte Hetzkommentare auf facebook ver\u00f6ffentlicht hatte und Kennzeichen verfassungswidriger Organisationen verwendete, zu einer <a href=\"http:\/\/www.faz.net\/aktuell\/politik\/inland\/bundeswehroffizier-wegen-volksverhetzung-verurteilt-15574026.html\">Bew\u00e4hrungsstrafe von dreieinviertel Jahren und 3.000 EUR Geldstrafe<\/a>.<\/p>\n<p><strong>Homophobe Angriffe:<\/strong> In Berlin schl\u00e4gt ein Mann einer transsexuellen Frau zun\u00e4chst <a href=\"https:\/\/www.morgenpost.de\/berlin\/polizeibericht\/article214206821\/Transfrau-in-Neukoelln-gegen-den-Kehlkopf-getreten.html\">gegen den Kopf und tritt ihr anschlie\u00dfend gegen den Kehlkopf<\/a>. Er kann unerkannt entkommen. Aufgrund der zunehmenden homophoben Angriffe in Berlin <a href=\"https:\/\/www.berliner-zeitung.de\/berlin\/gegen-homophobie-und-trans-feindlichkeit\u20141000-menschen-demonstrieren-in-neukoelln-30153852\">demonstrieren dort am 10. Mai<\/a> \u00fcber 1.000 Menschen gegen \u201eHomophobie und Trans*feindlichkeit\u201c. Laut der <a href=\"https:\/\/www.tagesspiegel.de\/berlin\/queerspiegel\/maneo-report-2017-fuer-berlin-anti-gewalt-projekt-zaehlt-mehr-homophobe-taten\/22253816.html\">am 15. Mai ver\u00f6ffentlichten Z\u00e4hlung<\/a> des Berliner Anti-Gewalt-Projektes \u201eManeo\u201c kam es in der Stadt 2017 zu mindestens 324 homo- und transfeindlichen Gewalttaten (2016: 291). Von einem alkoholisierten Mann wird am <a href=\"https:\/\/www.morgenpost.de\/berlin\/polizeibericht\/article214335683\/Jugendlicher-schlaegt-schwulen-Mann-und-landet-im-Krankenhaus.html\">18. Mai in Berlin<\/a> ein homosexuelles Paar beschimpft und einer der M\u00e4nner getreten. Der T\u00e4ter kann festgenommen werden.<\/p>\n<p><strong>Antisemitische Straftaten:<\/strong> In einem Berliner Restaurant wird eine <a href=\"https:\/\/www.berliner-zeitung.de\/berlin\/familie-wird-nicht-bedient-antisemitischer-vorfall-in-einem-restaurant-in-mitte-30154408\">j\u00fcdische Familie nicht bedient<\/a> und erh\u00e4lt auf eine entsprechende Nachfrage \u201enur ein sp\u00f6ttisches L\u00e4cheln\u201c. Laut Polizeilicher Kriminalstatistik (PKS) wurden 2017 bundesweit\u00a0 insgesamt <a href=\"https:\/\/www.tagesspiegel.de\/politik\/kriminalstatistik-2017-mehr-antisemitische-straftaten-in-deutschland\/21258274.html\">1.504 antisemitischen Straftaten<\/a> erfasst (2016: 1.468). <a href=\"http:\/\/www.spiegel.de\/panorama\/justiz\/berlin-angriff-auf-israeli-mit-kippa-anklage-gegen-19-jaehrigen-erhoben-a-1208525.html\">Am 18. Mai erhebt<\/a> die StA Berlin gegen den Jugendlichen, der im April einen Israeli wegen dessen Kippa beschimpft und mit einem G\u00fcrtel gepr\u00fcgelt hatte, Anklage vor einem Jugendsch\u00f6ffengericht.<\/p>\n<p><strong>Gewalt gegen Obdachlose:<\/strong> In Koblenz (Rheinland-Pfalz) wird der <a href=\"https:\/\/www.berliner-zeitung.de\/panorama\/noch-keine-spur-vom-taeter-koblenzer-nehmen-abschied-vom-enthaupteten-obdachlosen-30121114\">Obdachlose beerdigt<\/a>, der im M\u00e4rz enthauptet aufgefunden wurde. Von der T\u00e4terIn fehlt weiterhin jede Spur. Ein Hamburger Stra\u00dfenmagazin macht am 29. Mai Zahlen des BKA \u00f6ffentlich: Danach wurden 2017 bundesweit <a href=\"https:\/\/www.hinzundkunzt.de\/immer-mehr-obdachlose-werden-opfer-von-gewalttaten\/\">592 Gewalttaten gegen Obdachlose<\/a> registriert, mehr als doppelt so viel wie 2012 (258 F\u00e4lle), dem ersten Jahr der gesonderten Erfassung.<\/p>\n<p>5. Mai: <strong>Fremdenfeindliche Handlungen:<\/strong> In Berlin wird ein t\u00fcrkischst\u00e4mmiger Mann zun\u00e4chst <a href=\"https:\/\/www.morgenpost.de\/berlin\/polizeibericht\/article214207431\/Tuerkischstaemmiger-Mann-mit-Guertel-geschlagen.html\">fremdenfeindlich beleidigt und dann angegriffen<\/a>. Der T\u00e4ter kann festgenommen werden. Kurze Zeit sp\u00e4ter wird in einem anderen Stadtteil ein <a href=\"https:\/\/www.tagesspiegel.de\/berlin\/polizei-justiz\/uebergriffe-in-mitte-und-lichtenberg-suedlaendisch-aussehende-maenner-fremdenfeindlich-beleidigt\/21247982.html\">Iraner geschlagen<\/a>. Wiederum in Berlin wird <a href=\"https:\/\/www.morgenpost.de\/berlin\/article214241729\/Frau-in-Spandau-wegen-ihres-Kopftuchs-geschlagen.html\">am 8. Mai eine Afghanin<\/a> wegen ihres Kopftuchs ins Gesicht geschlagen und <a href=\"https:\/\/www.tagesspiegel.de\/berlin\/polizei-justiz\/berlin-mitte-busfahrer-rassistisch-beleidigt\/21259984.html\">am 9. Mai ein dunkelh\u00e4utiger Busfahrer<\/a> rassistisch beleidigt. <a href=\"https:\/\/www.tagesspiegel.de\/berlin\/polizei-justiz\/berlin-pankow-rassistischer-uebergriff-auf-20-jaehrige-im-bus\/21550332.html\">Am 11. Mai<\/a> wird in einem Berliner Bus erneut eine Frau rassistisch beleidigt und geschlagen. Die T\u00e4ter k\u00f6nnen fl\u00fcchten. In einem Park in Magdeburg (Sachsen-Anhalt)<a href=\"http:\/\/www.spiegel.de\/panorama\/justiz\/magdeburg-23-jaehriger-laesst-hunde-auf-syrer-los-a-1207624.html\"> beschimpft am 13. Mai<\/a> ein Mann einen Syrer und dessen Familie zun\u00e4chst rassistisch und greift ihn anschlie\u00dfend zusammen mit seinen Hunden an. Der Mann kann sp\u00e4ter identifiziert werden, die Hunde werden beschlagnahmt. Vor einer Berliner Grundschule <a href=\"https:\/\/www.tagesspiegel.de\/berlin\/berlin-neukoelln-mann-soll-schuelerinnen-rassistisch-beleidigt-und-bedroht-haben\/22583392.html\">beschimpft am 14. Ma<\/a>i ein Mann vier junge M\u00e4dchen rassistisch und bedroht sie. <a href=\"http:\/\/www.spiegel.de\/panorama\/justiz\/magdeburg-tierhalter-zeigt-nach-hundebissen-verletzten-syrer-an-a-1208305.html\">Am 17. Mai zeigt der Magdeburger Hundehalter<\/a> den Syrer wegen K\u00f6rperverletzung an. <a href=\"http:\/\/www.spiegel.de\/panorama\/justiz\/magdeburg-bissattacke-gegen-syrer-hundehalter-in-u-haft-a-1209142.html\">Am 23. Mai<\/a> wird der Mann wegen gef\u00e4hrlicher K\u00f6rperverletzung in Untersuchungshaft genommen. Laut einer dpa-Meldung <a href=\"http:\/\/www.sueddeutsche.de\/news\/panorama\/religion---erfurt-mutmassliche-drohungen-auf-moscheebaugelaende-ermittlungen-dpa.urn-newsml-dpa-com-20090101-180526-99-464268\">vom 26. Mai<\/a> hat die Polizei nach fremdenfeindlichen P\u00f6beleien auf dem Bauplatz der in Erfurt geplanten Moschee und gegen den Sprecher der Almadiyya-Gemeinde Ermittlungen gegen Unbekannt wegen Beleidigung aufgenommen. <a href=\"http:\/\/www.sueddeutsche.de\/news\/panorama\/urteile---trier-trierer-npd-politiker-babic-freigesprochen-dpa.urn-newsml-dpa-com-20090101-180528-99-485899\">Am 28. Mai<\/a> spricht das LG Trier den NPD-Politiker Safet Babic frei. Es gebe keine \u201eausreichende Sicherheit\u201c, dass Babic bei einer Kundgebung vor einer Asylunterkunft in Trier im Februar 2014 volksverhetzende \u00c4u\u00dferungen gemacht habe. In der ersten Instanz vor dem AG Trier war Babic zu f\u00fcnf Monaten auf Bew\u00e4hrung verurteilt worden.<\/p>\n<p>6. Mai: <strong>Rechtsradikale Straftaten:<\/strong> In Berlin wurden 2017 insgesamt <a href=\"https:\/\/www.tagesspiegel.de\/berlin\/politisch-motivierte-kriminalitaet-zahl-der-rechten-straftaten-in-berlin-auf-rekordhoch\/21248318.html\">1.942 rechte Straftaten<\/a> polizeilich registriert (2016:1.779 \/ 2015: 1.686). Gleichzeitig wird bekannt, dass die Berliner Polizei sechs F\u00e4lle mit insgesamt sieben Toten aus den Jahren 1992 bis 2001 <a href=\"https:\/\/www.tagesspiegel.de\/berlin\/rechtsextremismus-in-berlin-die-liste-der-todesopfer-rechter-gewalt-wird-laenger\/21249856.html\">nachtr\u00e4glich als rechtsextremistisch motiviert einstuft<\/a>. Zu diesem Ergebnis war zuvor eine Untersuchung am Zentrum f\u00fcr Antisemitismusforschung der TU Berlin gelangt.<\/p>\n<p><strong>Reichsb\u00fcrger:<\/strong> Die Berliner Senatsschulverwaltung best\u00e4tigt, dass einem selbsternannten \u201eVolkslehrer\u201c, der im Internet Verschw\u00f6rungstheorien verbreitet hatte, <a href=\"https:\/\/www.tagesspiegel.de\/berlin\/vineta-grundschule-in-gesundbrunnen-berliner-volkslehrer-ist-fristlos-gekuendigt\/21249906.html\">als mutma\u00dflichem \u201eReichsb\u00fcrger\u201c fristlos gek\u00fcndigt wurde<\/a>. Durch Presseberichte wird <a href=\"http:\/\/www.spiegel.de\/politik\/deutschland\/reichsbuerger-im-bundesverkehrsministerium-suspendiert-a-1207177.html\">am 10. Mai<\/a> bekannt, dass das Bundesverkehrsministerium einen mutma\u00dflichen \u201eReichsb\u00fcrger\u201c vom Dienst suspendiert und Disziplinarklage erhoben hat, um ihn aus dem Dienst zu entfernen. Durch eine parlamentarische Anfrage der GR\u00dcNEN-Bundestagsfraktion wird <a href=\"http:\/\/www.spiegel.de\/politik\/deutschland\/extremismus-1200-reichsbuerger-und-750-rechte-besitzen-legal-waffen-a-1208854.html\">am 22. Mai<\/a> bekannt, dass es nach Verfassungsschutzangaben in Deutschland etwa 18.000 \u201eReichsb\u00fcrger\u201c gibt, von denen 1.200 eine Waffenbesitzkarte besitzen. <a href=\"http:\/\/www.sueddeutsche.de\/news\/politik\/extremismus---hannover-niedersachsen-kommt-mit-entwaffnung-von-reichsbuergern-voran-dpa.urn-newsml-dpa-com-20090101-180528-99-483080\">Am 28. Mai<\/a> teilt das nieders\u00e4chsische Innenministerium mit, dass man in den anderthalb Jahren seit Erlass des Waffenverbots f\u00fcr \u201eReichsb\u00fcrger\u201c 51 Personen die Waffenerlaubnis entzogen habe. Bei weiteren 87 stehe dies noch bevor. In 120 F\u00e4llen habe der Verdacht auf Zugeh\u00f6rigkeit zu der Szene nicht f\u00fcr den Entzug der Erlaubnis ausgereicht. Im Zuge von Ermittlungen gegen einen 48-j\u00e4hrigen mutma\u00dflichen \u201eReichsb\u00fcrger\u201c, dem Verst\u00f6\u00dfe gegen das Waffen- und das Kriegswaffenkontrollgesetz vorgeworfen werden, l\u00e4sst die Staatsanwaltschaft M\u00fchlhausen (Th\u00fcringen) <a href=\"http:\/\/www.sueddeutsche.de\/news\/politik\/extremismus---sondershausen-ermittlungen-gegen-mutmasslichen-reichsbuerger-durchsuchung-dpa.urn-newsml-dpa-com-20090101-180528-99-481751\">am 28. Mai<\/a> Geb\u00e4ude in Sondershausen (Th\u00fcringen) und in Sachsen-Anhalt durchsuchen.<\/p>\n<p><strong>Angriffe auf PolizistInnen: <\/strong>Bei einer Verkehrskontrolle in Gie\u00dfen (Hessen) werden die PolizeibeamtInnen von einer <a href=\"http:\/\/www.faz.net\/aktuell\/gesellschaft\/kriminalitaet\/junge-maenner-attackieren-polizeistreife-in-giessen-15578380.html\">unbeteiligten Gruppe junger M\u00e4nner angegriffen<\/a>; die T\u00e4ter k\u00f6nnen festgenommen werden. <a href=\"https:\/\/www.berliner-zeitung.de\/panorama\/youtube-star-leon-mach%C3%A8re-verurteilt-wegen-polizisten-beleidigung-30130580\">Am 7. Mai verurteilt<\/a> das AG Augsburg (Bayern) einen prominenten You-Tube-Filmer wegen Beleidigung von PolizeibeamtInnen zu einer Geldstrafe von 32.500 EUR. <a href=\"https:\/\/www.morgenpost.de\/berlin\/polizeibericht\/article214259047\/Alkoholisierter-Mann-schlaegt-Polizisten-ins-Gesicht.html\">Am 11. Mai<\/a> werden in Berlin PolizeibeamtInnen aus einer Gruppe betrunkener Bundeswehrsoldaten heraus angegriffen; einer der T\u00e4ter kann festgenommen werden. <a href=\"https:\/\/www.morgenpost.de\/berlin\/polizeibericht\/article214273033\/Mann-randaliert-in-Bus-und-schlaegt-auf-Polizisten-ein.html\">Am 13. Mai randaliert<\/a> in Berlin ein betrunkener Mann. Als PolizeibeamtInnen eintreffen, schl\u00e4gt und tritt er auch nach ihnen; der Mann wird festgenommen. In Mainz (Rheinland-Pfalz) <a href=\"http:\/\/www.faz.net\/aktuell\/gesellschaft\/kriminalitaet\/wiesbadener-verletzt-polizisten-mit-baseballschlaeger-15595383.html\">widersetzt sich am 17. Mai<\/a> ein Mann seiner Festnahme mit einem Baseballschl\u00e4ger und verletzt dabei f\u00fcnf Polizisten leicht. Aus einer Gruppe heraus <a href=\"https:\/\/www.morgenpost.de\/berlin\/polizeibericht\/article214357709\/Bundespolizist-nach-Streit-um-Sitzplatz-in-Zug-angegriffen.html\">wirft am 22. Mai in einem Regionalzug<\/a> in Brandenburg ein Mann eine Bierflasche nach einer Frau. Als ein Beamter der Bundespolizei (BPol) dazwischen geht, wird auch er angegriffen und geschlagen. Die T\u00e4ter k\u00f6nnen festgenommen werden.<\/p>\n<p>7. Mai: <strong>Schleuser<\/strong>: Rund 800 BPol-BeamtInnen durchsuchen in Hamburg, Bremen und Sachsen-Anhalt <a href=\"http:\/\/www.spiegel.de\/panorama\/justiz\/bundespolizei-geht-bei-grossrazzia-gegen-schleuser-vor-a-1206717.html\">21 Objekte eines mutma\u00dflichen Schleuserrings<\/a>; drei Verd\u00e4chtige werden festgenommen. Im Hafen von L\u00fcbeck (Schleswig-Holstein) werden <a href=\"https:\/\/www.berliner-zeitung.de\/politik\/luebecker-hafen-fluechtlinge-in-container-entdeckt-30172816\">am 13. Mai in einem LKW-Container<\/a> sechs Personen mit ihren Kindern entdeckt. <a href=\"https:\/\/www.berliner-zeitung.de\/berlin\/polizei\/razzia-in-berlin-und-brandenburg-polizei-durchsucht-20-wohnungen-eines-schleuserrings-30403674\">Am 15. Mai durchsuchen<\/a> BPol-BeamtInnen in Berlin und Brandenburg 20 Objekte einer mutma\u00dflichen deutsch-vietnamesischen Schleuserorganisation. Drei Verd\u00e4chtige werden festgenommen. Bei der Durchsuchung in Berlin werden zudem <a href=\"https:\/\/www.morgenpost.de\/berlin\/polizeibericht\/article214319167\/Polizei-findet-bei-Schleuser-Razzia-neun-Kilo-Crystal.html\">neun Kilogramm Crystal-Meth<\/a> gefunden. <a href=\"http:\/\/www.sueddeutsche.de\/politik\/berliner-auslaenderbehoerde-schleuserbande-soll-nigerianern-in-berlin-eu-aufenthaltstitel-besorgt-haben-1.3995197\">Am 25. Mai beginnt<\/a> vor dem LG Berlin der Prozess gegen Mitglieder einer Schleuserbande, die \u00fcber Jahre hinweg mithilfe gef\u00e4lschter pPapiere und Scheinehen Visa f\u00fcr NigerianerInnen beschafft haben soll. Laut Medienberichten soll die Ausl\u00e4nderbeh\u00f6rde davon Kenntnis gehabt haben.<\/p>\n<p><strong>Ermittlungen gegen PolizistInnen:<\/strong> Die Berliner Polizei teilt mit, dass gegen einen ihrer Beamten <a href=\"https:\/\/www.morgenpost.de\/berlin\/article214241803\/Ermittlungen-gegen-Ex-Ausbilder-der-Polizeiakademie.html\">ermittelt wird<\/a>, der betrunken einen Autounfall verursacht und anschlie\u00dfend die eingesetzten Polizisten angegriffen haben soll.\u00a0Wie <a href=\"https:\/\/www.tagesspiegel.de\/berlin\/einsatz-bei-minderjaehrigen-fluechtlingen-in-berlin-jugendhilfe-erhebt-schwere-vorwuerfe-gegen-polizei\/22590992.html\">am 22. Mai bekannt wird<\/a>, ermittelt die Berliner Polizei wegen des Verdachts der K\u00f6rperverletzung im Amt gegen einige ihrer BeamtInnen, die im Verdacht stehen, am 9. Mai in einer Wohngruppe f\u00fcr unbegleitete minderj\u00e4hrige Fl\u00fcchtlinge gewaltt\u00e4tig gegen die Jugendlichen vorgegangen zu sein.<\/p>\n<p><strong>Bundesamt f\u00fcr Migration und Fl\u00fcchtlinge (BAMF):<\/strong> In der Aff\u00e4re um die Bremer BAMF-Au\u00dfenstelle <a href=\"http:\/\/www.sueddeutsche.de\/politik\/schwere-vorwuerfe-bamf-soll-in-bremer-asyl-affaere-verwickelt-sein-1.3972326\">wirft die neue Leiterin in einem internen Bericht<\/a> des Bundesinnenministeriums (BMI) der BAMF-Zentrale in N\u00fcrnberg vor, Hinweisen auf Unregelm\u00e4\u00dfigkeiten nicht nachgegangen zu sein. <a href=\"http:\/\/www.sueddeutsche.de\/politik\/josefa-schmid-bremer-bamf-leiterin-nach-niederbayern-versetzt-1.3973744\">Noch am gleichen Tag<\/a> wird sie in die Deggendorfer BAMF-Au\u00dfenstelle versetzt. <a href=\"http:\/\/www.spiegel.de\/politik\/deutschland\/asylskandal-bamf-spitze-bekam-brandmail-aus-bremen-a-1207171.html\">Am 10. Mai wird zun\u00e4chst bekannt<\/a>, dass ein leitender Bremer Beamter die F\u00fchrungsebene des BAMF bereits im Juni 2017 in einer Mail auf Vorg\u00e4nge von \u201eextremer Brisanz\u201c hingewiesen hatte, ohne dass darauf reagiert worden war. Am n\u00e4chsten Tag werden dann Hinweise \u00f6ffentlich, die <a href=\"http:\/\/www.spiegel.de\/politik\/deutschland\/bamf-erhielt-schon-2014-hinweise-auf-manipulationen-in-bremen-a-1207252.html\">bis in den Juli 2014 zur\u00fcckgehen<\/a>. Presseberichtnen <a href=\"http:\/\/www.spiegel.de\/panorama\/justiz\/bamf-manfred-schmidt-beantragt-offenbar-disziplinarverfahren-gegen-sich-selbst-a-1208103.html\">vom 16. Mai<\/a> zufolge hat der fr\u00fchere Leiter des BAMF (2010-2015) ein Disziplinarverfahren gegen sich selbst beantragt hat. Damit soll er seine Unschuld an der Aff\u00e4re nachweisen wollen. Wiederum durch Presseberichte wird <a href=\"http:\/\/www.spiegel.de\/politik\/deutschland\/bremen-fluechtlingsbehoerde-winkte-schleuser-und-geheimdienstler-durch-a-1208459.html\">am 18. Mai bekannt<\/a>, dass in der Bremer BAMF-Au\u00dfenstelle auch syrische GeheimdienstlerInnen und SchleuserInnen eine Anerkennung erhielten. Alle 18.000 positiven Bremer Asylbescheide zur\u00fcck bis ins Jahr 2000 <a href=\"http:\/\/www.spiegel.de\/politik\/deutschland\/fluechtlinge-bamf-prueft-asyl-bescheide-aus-bremen-bis-ins-jahr-2000-zurueck-a-1208408.html\">werden neu \u00fcberpr\u00fcft<\/a>. Am <a href=\"http:\/\/www.faz.net\/aktuell\/politik\/inland\/skandal-im-bamf-weitet-sich-offenbar-aus-15598239.html\">19. Mai<\/a> wird vermeldet, dass unterdessen auch weitere BAMF-Au\u00dfenstellen durch Unregelm\u00e4\u00dfigkeiten aufgefallen seien, daraufhin wird f\u00fcr zehn Au\u00dfenstellen eine <a href=\"https:\/\/www.berliner-zeitung.de\/politik\/fluechtlingsamt-ueberprueft-zehn-aussenstellen-30431376\">Stichprobenpr\u00fcfung f\u00fcr insgesamt 8.500 F\u00e4lle<\/a> aus dem Jahr 2017 veranlasst. <a href=\"http:\/\/www.spiegel.de\/politik\/deutschland\/bamf-skandal-bremer-aussenstelle-trifft-keine-asylentscheidungen-mehr-a-1209095.html\">Am 23. Mai ordnet<\/a> Bundesinnenminister Seehofer (CSU) an, dass die Bremer Au\u00dfenstelle vorerst \u00fcber keine Asylantr\u00e4ge mehr entscheiden darf. Bei einem \u201eKrisengespr\u00e4ch\u201c am 25. Mai, an dem BAMF-Pr\u00e4sidentin Jutta Cordt sowie VertreterInnen des Bundesinnenministeriums und der Innenbeh\u00f6rden Niedersachsens und Bremens teilnehmen, wird entschieden, dass die Zentrale Antikorruptionsstelle (ZAKS) Bremen, die bisher die Ermittlungen f\u00fchrte, \u201eab sofort\u201c durch BundespolizistInnen unterst\u00fctzt wird. Eine <a href=\"http:\/\/www.sueddeutsche.de\/news\/politik\/migration---bremen-bamf-affaere-bundespolizei-soll-ermittlungen-unterstuetzen-dpa.urn-newsml-dpa-com-20090101-180525-99-448848\">\u201egemeinsame Ermittlungsgruppe\u201c wird gebildet<\/a>. Weil auch \u201eGef\u00e4hrder\u201c von der Situation in Bremen profitiert haben k\u00f6nnten, sollen sich laut Presseberichten <a href=\"https:\/\/www.zeit.de\/politik\/deutschland\/2018-05\/bamf-bremen-bka-verfassungsschutz-gefaehrder\">vom 27. Mai<\/a> auch das BKA und der Verfassungsschutz in die Ermittlungen einschalten.<\/p>\n<p><strong>Drogen:<\/strong> In mehreren St\u00e4dten in Nordrhein-Westfalen f\u00fchrt die Polizei eine <a href=\"http:\/\/www.spiegel.de\/panorama\/justiz\/bonn-hunderte-polizisten-bei-drogenrazzia-im-einsatz-a-1206715.html\">Gro\u00dfrazzia gegen Drogenhandel<\/a> durch; 30 Wohnungen werden durchsucht, 11 Personen werden festgenommen. Das BKA ver\u00f6ffentlicht <a href=\"https:\/\/www.bka.de\/DE\/AktuelleInformationen\/StatistikenLagebilder\/Lagebilder\/Rauschgiftkriminalitaet\/rauschgiftkriminalitaet_node.html\">am 23. Mai sein \u201eLagebild Rauschgiftkriminalit\u00e4t\u201c<\/a> f\u00fcr 2017. Erfasst wurden mehr als 330.000 Bet\u00e4ubungsmitteldelikte, 9,2 Prozent mehr als im Vorjahr. Im Vordergrund steht dabei erneut Cannabis, auf das sich fast zweihunderttausend der registrierten Delikte bezogen. 668 Plantagen wurden ausgehoben, 7.730 Kilo beschlagnahmt. <a href=\"http:\/\/www.sueddeutsche.de\/news\/panorama\/kriminalitaet---mainz-grosser-drogenfund-sieben-tatverdaechtige-festgenommen-dpa.urn-newsml-dpa-com-20090101-180528-99-481147\">Am 28. Mai beschlagnahmen<\/a> Polizei und Zoll in Rheinland-Pfalz 640 Kilogramm verschiedenster Drogen. Sieben Personen werden festgenommen. <a href=\"http:\/\/www.sueddeutsche.de\/news\/panorama\/kriminalitaet---chemnitz-polizei-und-zoll-stellen-13-kilogramm-marihuana-sicher-dpa.urn-newsml-dpa-com-20090101-180601-99-540025\">Am 30. Mai stellen<\/a> Polizei und Zoll in Oberwiesenthal (Sachsen) 13 Kilogramm Marihuana sicher, die sich im Auto eines kurz zuvor aus Tschechien eingereisten Mannes befanden.<\/p>\n<p><strong>Polizeiliche Kriminalstatistik (PKS):<\/strong> Bundesinnenminister Horst Seehofer (CSU) <a href=\"http:\/\/www.spiegel.de\/panorama\/justiz\/kriminalstatistik-zahl-der-straftaten-2017-deutlich-gesunken-a-1206707.html\">stellt die PKS 2017 vor<\/a>. Darin wurden insgesamt 5,76 Millionen Delikte erfasst; 2,11 Millionen Tatverd\u00e4chtige konnten ermittelt werden.<\/p>\n<p><strong>Angriffe auf Asylunterk\u00fcnfte:<\/strong> 2017 wurden bundesweit <a href=\"http:\/\/www.spiegel.de\/politik\/deutschland\/fluechtlinge-kriminalstatistik-weist-fuer-2017-weniger-anschlaege-auf-unterkuenfte-aus-a-1206759.html\">312 Angriffe auf Fl\u00fcchtlingsheime<\/a> (2016: 995) in der PKS registriert. <a href=\"http:\/\/www.sueddeutsche.de\/news\/panorama\/prozesse---landau-in-der-pfalz-prozess-beginnt-nach-brand-in-fluechtlingsunterkunft-dpa.urn-newsml-dpa-com-20090101-180527-99-473740\">Am 28. Mai beginnt<\/a> vor dem Landgericht Landau (Pfalz) der Prozess gegen einen 34- und einen 25-J\u00e4hrigen, die in der Nacht vom 3. auf den 4. Dezember 2015 ein ehemaliges Technologiezentrum in Herxheim in Brand gesteckt haben, das zum Asylbewerberheim umgebaut werden sollte. Die Angeklagten sind gest\u00e4ndig, verneinen aber ein rechtsextremes Motiv.<\/p>\n<p><strong>Dubiose Finanzierungen bei Polizeigewerkschaften: <\/strong>Der Bundesvorsitzende des \u201eBund Deutscher Kriminalbeamter\u201c (BDK), Andr\u00e9 Schulz, <a href=\"http:\/\/www.spiegel.de\/panorama\/justiz\/andre-schulz-chef-von-kripogewerkschaft-tritt-zurueck-a-1206987.html\">erkl\u00e4rt seinen R\u00fccktritt zum Monatsende<\/a>. Hintergrund ist ein Betrugsverfahren der StA Hamburg, das es ihm unm\u00f6glich mache, sein Gewerkschaftsamt weiterhin \u201eunbefangen\u201c auszu\u00fcben.<\/p>\n<p>8. Mai: <strong>T\u00e4towierungen:<\/strong> Das Verwaltungsgericht D\u00fcsseldorf gibt der Klage eines Kommissaranw\u00e4rters statt und entscheidet, dass ein gro\u00dffl\u00e4chiges Tattoo am Unterarm <a href=\"https:\/\/www.berliner-zeitung.de\/panorama\/urteil-in-duesseldorf-polizisten-duerfen-tattoos-tragen---kein-ausschlussgrund-30138614\">kein Grund f\u00fcr den Ausschluss vom Polizeidienst<\/a> ist.<\/p>\n<p>9. Mai: <strong>\u00dcbergriff auf Wohngruppe von gefl\u00fcchteten Jugendlichen:<\/strong> Am fr\u00fchen Morgen <a href=\"https:\/\/www.paritaet-berlin.de\/mitglieder\/nachrichten\/nachrichten-detailansicht\/article\/uebergriff-der-berliner-kriminalpolizei-auf-jugendwohngruppe-fuer-unbegleitete-minderjaehrige-gefluechtete.html\">st\u00fcrmen PolizistInnen der \u201eSicherungseinheiten\u201c der Berliner Polizei<\/a> eine Wohnung des Kinder- und Jugendhilfeverbunds Berlin-Brandenburg, in der zu diesem Zeitpunkt drei jugendliche Gefl\u00fcchtete untergebracht sind. Obwohl der Durchsuchungsbeschluss nur f\u00fcr das Zimmer eines Jugendlichen gilt, gehen die PolizistInnen auch gewaltsam gegen die beiden anderen vor. Sie m\u00fcssen anschlie\u00dfend im Krankenhaus behandelt werden. <a href=\"https:\/\/www.neues-deutschland.de\/artikel\/1089093.polizeigewalt-gegen-gefluechtete-jugendhilfe-erhebt-schwere-vorwuerfe-gegen-polizei.html\">Am 25. Mai<\/a> wird bekannt, dass das LKA gegen die 13 beteiligten BeamtInnen ermittelt.<\/p>\n<p><strong>Familiennachzug:<\/strong> Laut <a href=\"http:\/\/dip21.bundestag.de\/dip21\/btd\/19\/020\/1902060.pdf\">Antwort der Bundesregierung auf eine Anfrage<\/a> der FDP hielten sich im M\u00e4rz 205.660 subsidi\u00e4r Schutzberechtigte in Deutschland auf. An deutschen Auslandsvertretungen gibt es aktuell rund 26.000 Terminanfragen f\u00fcr entsprechende Familiennachzugsvisa.<\/p>\n<p><strong>G20-Gipfel:<\/strong> Ein \u201eFahndungsplakat\u201c mit den Konterfeis von Hamburger Politikern und Polizeif\u00fchrern, die sich bei den Eins\u00e4tzen zum G20-Gipfel hervorgetan hatten, ist Anlass f\u00fcr eine <a href=\"https:\/\/www.berliner-zeitung.de\/berlin\/polizei\/g20-gipfel-durchsuchungen-bei-linksextremer-szene-in-berlin---vorwurf-der-verleumdung-30148716\">Razzia der Berliner Polizei<\/a> in Objekten der linksradikalen Szene. Laut Polizeiangaben werden Computer, Telefone sowie illegale B\u00f6ller und eine verbotene Waffe beschlagnahmt. Laut <a href=\"http:\/\/dip21.bundestag.de\/dip21\/btd\/19\/020\/1902058.pdf\">Antwort der Bundesregierung vom gleichen Tag<\/a> auf eine Anfrage der Linksfraktion hat die Hamburger Sonderkommission \u201eSchwarzer Block\u201c bereits im April eine europaweite Fahndung nach 24 Personen eingeleitet, die als Gewaltt\u00e4terInnen gesucht werden. <a href=\"http:\/\/www.spiegel.de\/panorama\/justiz\/g20-polizei-startet-zweite-oeffentlichkeitsfahndung-wegen-ausschreitungen-a-1208079.html\">Am 16. Mai startet<\/a> die Hamburger Polizei ihre zweite \u00d6ffentlichkeitsfahndung, indem sie Fotos von weiteren 101 mutma\u00dflichen G20-RandaliererInnen ins Internet stellt. <a href=\"http:\/\/www.spiegel.de\/panorama\/justiz\/hamburg-g20-oeffentlichkeitsfahndung-acht-tatverdaechtige-identifiziert-a-1208416.html\">Am 18. Mai teilt sie dann mit<\/a>, dass acht Beschuldigte inzwischen namentlich bekannt seien. Ebenfalls am 18. Mai wird durch die Aussage eines Polizeibeamten in einem der G20-Prozesse bekannt, dass BeamtInnen einer s\u00e4chsischen Beweissicherungs- und Festnahmeeinheit als zivile \u201eTatbeobachter\u201c <a href=\"http:\/\/www.spiegel.de\/panorama\/justiz\/g20-polizisten-marschierten-bei-demo-im-schwarzen-block-mit-a-1208567.html\">vermummt an der \u201eWelcome-to-hell\u201c-Demonstration am 6. Juli 2017 eingesetzt<\/a> waren und ihre Vermummung auch nach der Aufforderung nicht abnahmen. Nach Berichten vom 24. Mai sieht die Hamburger Staatsanwaltschaft <a href=\"http:\/\/www.spiegel.de\/panorama\/justiz\/g20-keine-ermittlungen-gegen-verdeckte-polizisten-a-1209430.html\">keinen Grund f\u00fcr Ermittlungen<\/a> gegen die PolizistInnen. Das Vermummungsverbot im Versammlungsgesetz gelte nicht f\u00fcr sie. Gem\u00e4\u00df Presseberichten <a href=\"http:\/\/www.sueddeutsche.de\/news\/panorama\/kriminalitaet---berlin-bericht-nach-g20-krawallen-1619-ermittlungsverfahren-dpa.urn-newsml-dpa-com-20090101-180526-99-458906\">vom 26. Mai<\/a> haben die Hamburger Beh\u00f6rden im Gefolge des G20-Gipfels bisher 1.619 Ermittlungsverfahren er\u00f6ffnet. Die bislang 136 Anklagen h\u00e4tten zu drei rechtskr\u00e4ftigen Haftstrafen ohne Bew\u00e4hrung zwischen 16 und 39 Monaten sowie zu 30 Verurteilungen zu Bew\u00e4hrungsstrafen gef\u00fchrt. Auf Ersuchen der Hamburger Sonderkommission finden <a href=\"https:\/\/www.neues-deutschland.de\/artikel\/1089537.g-razzia-gegen-linke.html\">am 29. Mai<\/a> in Spanien, Italien, Frankreich und der Schweiz Polizeieins\u00e4tze statt. Verd\u00e4chtige werden befragt, Wohnungen und linke Szenetreffs durchsucht. <a href=\"http:\/\/www.sueddeutsche.de\/news\/panorama\/kriminalitaet---bremen-mutmasslicher-g20-gewalttaeter-festgenommen-dpa.urn-newsml-dpa-com-20090101-180601-99-543132\">Am 31. Mai<\/a> wird in Bremen ein 24-J\u00e4hriger festgenommen, den die Soko Schwarzer Block auf Videos identifiziert haben will. Zuvor war seine Wohnung in Hamburg durchsucht worden. In einer \u00f6ffentlichen Anh\u00f6rung des <a href=\"https:\/\/www.ndr.de\/nachrichten\/hamburg\/G20-Ausschuss-Schwere-Vorwuerfe-von-Anwohnern,gipfeltreffen804.html\">G20-Sonderausschusses der Hamburger B\u00fcrgerschaft am 31. Mai<\/a> wird die Polizei u.a. wegen vieler \u00dcbergriffe auf Unbeteiligte mit scharfer Kritik von AnwohnerInnen des Schanzenviertels konfrontiert. Laut Pressemeldungen vom gleichen Tag sind nun <a href=\"http:\/\/www.faz.net\/aktuell\/politik\/inland\/nach-neuer-g20-fotofahndung-13-mutmassliche-gewalttaeter-identifiziert-15616220.html\">13 Personen aus der zweiten \u00d6ffentlichkeitsfahndung identifiziert<\/a>.<\/p>\n<p><strong>Salafismus und Verfassungsschutz: <\/strong>In Berlin leben derzeit <a href=\"https:\/\/www.morgenpost.de\/berlin\/article214245725\/Zahl-der-Salafisten-in-Berlin-steigt-auf-knapp-Tausend.html\">990 SalafistInnen<\/a>, von denen etwa 460 als gewaltorientiert gelten. Dies erkl\u00e4rt Innensenator Andreas Geisel (SPD) im parlamentarischen Verfassungsschutzausschuss. Laut einer <a href=\"http:\/\/www.sueddeutsche.de\/news\/politik\/extremismus---mainz-mehrere-moscheen-werden-vom-verfassungsschutz-beobachtet-dpa.urn-newsml-dpa-com-20090101-180528-99-476621\">dpa-Meldung vom 28. Mai \u00fcberwacht<\/a> der rheinland-pf\u00e4lzische Verfassungsschutz eine \u201eniedrige zweistellige Zahl\u201c der insgesamt 120 Moscheegemeinden im Bundesland.<\/p>\n<p><strong>Abgleich mit sozialen Netzwerken:<\/strong> Im Innenausschuss des hessischen Landtags berichtet Landespolizeipr\u00e4sident Udo M\u00fcnch, dass die hessische Polizei eine Software der Firma Palantir benutze, die Polizeidaten mit Informationen aus sozialen Netzwerken abgleiche. <a href=\"http:\/\/www.fr.de\/rhein-main\/landespolitik\/sicherheit-in-hessen-fahndungserfolg-durch-us-software-a-1502768\">So sei man auf einen 17-j\u00e4hrigen Iraker gestossen<\/a>, der als IS-Mitglied eine Straftat vorbereitet habe und im Februar 2018 verhaftet wurde. Mehrere Palantir-MitarbeiterInnen sind im Frankfurter Polizeipr\u00e4sidium t\u00e4tig. Bisher seien 150 Staatssch\u00fctzerInnen an dem Programm geschult worden.<\/p>\n<p>10. Mai: <strong>Bayerisches Polizeiaufgabengesetz (PAG):<\/strong> In M\u00fcnchen (Bayern) <a href=\"http:\/\/www.spiegel.de\/politik\/deutschland\/bayern-zehntausende-demonstrieren-gegen-geplantes-polizeigesetz-a-1207155.html\">demonstrieren rund 40.000 Menschen<\/a> gegen das geplante neue PAG der bayerischen Regierung. Aufgerufen hatten \u00fcber 80 verschiedene Organisationen. Mit seiner CSU-Mehrheit verabschiedet der bayerische Landtag <a href=\"http:\/\/www.sueddeutsche.de\/bayern\/proteste-bis-zum-schluss-bayern-hat-nun-das-schaerfste-polizeigesetz-deutschlands-1.3981614\">am 15. Mai das neue PAG<\/a>. Damit werden die Befugnisse der Polizei weit ins Vorfeld ausgedehnt. So kann sie k\u00fcnftig bereits bei einer \u201edrohenden Gefahr\u201c, also ohne unmittelbare Bedrohungslage, etwa Telefone abh\u00f6ren oder Computer durchsuchen. Am 25. Mai tritt das neue PAG in Kraft. Mehrere Verfassungsbeschwerden sind angek\u00fcndigt: Die bayerische <a href=\"https:\/\/www.zeit.de\/politik\/deutschland\/2018-05\/polizeiaufgabengesetz-bayern-spd-klage-polizeigesetz\">SPD will vor dem Bundesverfassungsgericht<\/a>, die Gr\u00fcnen wollen vor dem des Landes klagen<\/p>\n<p>11. Mai: <strong>\u00dcberwachung von Demokratieprojekten:<\/strong> Durch die <a href=\"https:\/\/kleineanfragen.de\/bundestag\/19\/2086-ueberpruefung-der-demokratieprojekte-durch-sicherheitsbehoerden-des-bundes\">Antwort der Bundesregierung auf eine Anfrage der Linken<\/a> wird bekannt, dass das Bundesamt f\u00fcr Verfassungsschutz seit 2004 insgesamt 51 Demokratieprojekte \u00fcberpr\u00fcfte, die sich um Mittel des Bundesfamilienministeriums beworben hatten. Durch eine Anfrage nach dem Informationsfreiheitsgesetz wird <a href=\"https:\/\/fragdenstaat.de\/blog\/2018\/exklusiv-ministerien-verfassungsschutz\/\">am 22. Mai der zugrunde liegende Erlass<\/a> publik.<\/p>\n<p>12. Mai: <strong>Organisierte Kriminalit\u00e4t:<\/strong> In K\u00f6ln nimmt die Polizei einen mit internationalem Haftbefehl gesuchtes <a href=\"http:\/\/www.spiegel.de\/panorama\/justiz\/koeln-italienischer-mafioso-festgenommen-a-1208048.html\">hochrangiges Mitglied eines sizilianischen Mafia-Clans<\/a> fest. Dem seit Januar fl\u00fcchtigen Mann wird Drogen- und Waffenhandel sowie Schutzgelderpressung vorgeworfen.<\/p>\n<p>14. Mai: <strong>Prozesse gegen Polizisten:<\/strong> Das LG Bielefeld (NRW) verurteilt einen Polizisten, der bei einer Verkehrskontrolle im Jahr 2014 gewaltt\u00e4tig gegen einen Autofahrer vorging und anschlie\u00dfend von diesem zudem Schmerzensgeld verlangte, im Berufungsprozess wegen gef\u00e4hrlicher K\u00f6rperverletzung, Verfolgung Unschuldiger und Betrugsversuch zu einer <a href=\"http:\/\/www.faz.net\/aktuell\/gesellschaft\/kriminalitaet\/streit-bei-verkehrskontrolle-bewaehrungsstrafe-fuer-gewalttaetigen-polizisten-15589484.html\">Bew\u00e4hrungsstrafe von 11 Monaten sowie Schmerzensgeld von 4.200 EUR<\/a>.<\/p>\n<p><strong>Dschihadisten-Prozesse:<\/strong> Die <a href=\"https:\/\/www.generalbundesanwalt.de\/de\/showpress.php?themenid=20&amp;newsid=770\">Bundesanwaltschaft (BAW) teilt mit<\/a>, dass sie gegen einen Somalier Anklage wegen versuchten Mordes und Beihilfe zum Mord erhoben hat. Der im Februar in Hessen festgenommene Mann gilt als Mitglied der islamistischen Al-Shabaab-Organisation. <a href=\"http:\/\/www.generalbundesanwalt.de\/de\/showpress.php?themenid=20&amp;newsid=771\">Am 17. Mai erhebt<\/a> die Bundesanwaltschaft vor dem Hanseatischen Oberlandesgericht Anklage gegen einen 24-j\u00e4hrigen Syrer, der seit 2013 in verschiedenen Milizen, zuletzt beim IS, gek\u00e4mpft hat. Der Mann war 2015 nach Deutschland gekommen und sitzt seit September 2017 in U-Haft. <a href=\"http:\/\/www.sueddeutsche.de\/news\/panorama\/prozesse---frankfurt-am-main-mutmasslicher-is-sympathisant-angeklagt-dpa.urn-newsml-dpa-com-20090101-180527-99-473724\">Am 28. Mai beginnt<\/a> vor dem Jugendgericht des AG Frankfurt\/Main der Prozess gegen einen 20-j\u00e4hrigen wegen Vorbereitung einer schweren staatsgef\u00e4hrdenden Straftat. Die Polizei hatte den mutma\u00dflichen IS-Sympathisanten im Dezember 2016 daran gehindert, \u00fcber die T\u00fcrkei nach Syrien zu reisen. Zuvor hatte die Polizei w\u00e4hrend anderthalb Jahren die Telekommunikation des Mannes \u00fcberwacht und dabei 600.000 Telefonate und Internetverbindungen mitgeschnitten.<\/p>\n<p>15. Mai: <strong>Kinderpornografie:<\/strong> Die StA Frankfurt\/M. (Hessen) <a href=\"http:\/\/www.spiegel.de\/panorama\/justiz\/kindesmissbrauch-anklage-gegen-mutmassliche-betreiber-von-darknet-plattform-a-1207744.html\">erhebt Anklage gegen vier M\u00e4nner<\/a>, die als Drahtzieher einer Internet-Plattform gelten, auf der kinderpornografische Bilder und Videos ausgetauscht werden konnten.<\/p>\n<p><strong>Rocker:<\/strong> In sieben Bundesl\u00e4ndern durchsucht die Polizei Objekte der \u201eHells Angels\u201c wegen des Verdachtes des banden- und gewerbsm\u00e4\u00dfigen Betruges. Die Rocker sollen seit 2014 regelm\u00e4\u00dfig <a href=\"https:\/\/www.morgenpost.de\/berlin\/polizeibericht\/article214303677\/Poker-Betrug-Berliner-Hells-Angels-unter-Verdacht.html\">illegale Pokerrunden organisiert und die MitspielerInnen durch manipulierte Technik betrogen<\/a> haben. Sechs Personen werden festgenommen.<\/p>\n<p><strong>Auslandseins\u00e4tze:<\/strong> Die Bundesregierung <a href=\"http:\/\/dip21.bundestag.de\/dip21\/btd\/19\/021\/1902142.pdf\">beantwortet eine Anfrage der Linksfraktion<\/a>. Im ersten Quartal 2018 waren danach 73 deutsche PolizistInnen und 5 ZollbeamtInnen in UN-, OSZE- und EU-Missionen im Ausland beteiligt. 76 Bundes- und 32 LandespolizistInnen nahmen an bilateralen Projekten in Afghanistan, Saudi-Arabien, Tunesien und der Ukraine teil. Hinzu kommen 63 VerbindungsbeamtInnen des BKA, 27 grenzpolizeiliche VerbindungsbeamtInnen und 52 DokumentenberaterInnen der Bundespolizei sowie Sicherheitspersonal an deutschen Botschaften und BundespolizistInnen, die bei der Frontex-Zentrale in Warschau sowie an Operationen der Agentur beteiligt waren.<\/p>\n<p>16. Mai: <strong>Soldat unter Terrorverdacht:<\/strong> Das VG Darmstadt (Hessen) teilt mit, dass der unter Terrorverdacht stehende Oberleutnant der Bundeswehr, Franco A., <a href=\"http:\/\/www.faz.net\/aktuell\/gesellschaft\/kriminalitaet\/rechtsextremist-franco-a-wehrt-sich-gegen-auflagen-15593181.html\">gegen seine polizeilichen Auflagen Klage eingereicht<\/a> hat. A. muss sich zweimal pro Woche bei der Polizei melden und ein Kontaktverbot zu bestimmten Personen einhalten.<\/p>\n<p><strong>Survivor mit MG:<\/strong> Sobald das novellierte Polizeigesetz des Landes verabschiedet ist, will die s\u00e4chsische Polizei Presseberichten zufolge ihre beiden Panzerwagen vom Typ Survivor R <a href=\"https:\/\/www.freiepresse.de\/NACHRICHTEN\/SACHSEN\/Polizei-Panzerwagen-sollen-Maschinengewehre-bekommen-artikel10208524.php\">mit Maschinengewehren ausstatten<\/a>.<\/p>\n<p>18.Mai: \u201e<strong>Heimsuchung\u201c von Hitzacker:<\/strong> Gest\u00fctzt auf eine Pressemitteilung der Deutschen Polizeigewerkschaft (DPolG) verbreiten Medien die Nachricht, 60 vermummte Autonome h\u00e4tten in Hitzacker (Wendland\/Niedersachsen) <a href=\"http:\/\/www.spiegel.de\/panorama\/justiz\/luechow-dannenberg-vermummte-stuermen-grundstueck-eines-polizisten-a-1208658.html\">das Grundst\u00fcck vor dem Haus eines Polizisten \u201egest\u00fcrmt\u201c<\/a>. Sie seien am Ortsrand festgenommen worden. Erst Tage sp\u00e4ter kristallisiert sich heraus, dass die Personen vor dem Haus des im Wendland ber\u00fcchtigten Staatssch\u00fctzers Olaf H. erstens nicht vermummt waren und zweitens dort <a href=\"https:\/\/www.ndr.de\/fernsehen\/sendungen\/zapp\/Hitzacker-Medien-erfinden-Gewaltexzess,zapp11320.html\">nur gesungen und Fahnen der kurdischen YPG an eine Holzwand getackert<\/a> haben. Sie wurden von einer Beweissicherungs- und Festnahmeeinheit eingekesselt. Bei der Aktion war auch Olaf H. anwesend, der auf einige der am Boden liegenden Festgenommenen eingetreten haben soll. <a href=\"https:\/\/amp.mopo.de\/umland\/-schwarzer-block--vor-polizisten-haus-was-passierte-wirklich-in-hitzacker--30519818?__twitter_impression=true\">Einige Medien korrigieren daraufhin ihre Berichterstattung<\/a>.<\/p>\n<p><strong>\u00dcberwachter \u00d6PNV:<\/strong> Laut <a href=\"http:\/\/www.sven-kohlmeier.de\/wp-content\/uploads\/2018\/05\/S18-14924.pdf\">Antwort des Berliner Senats auf eine Anfrage der SPD<\/a> hat die Berliner Polizei im Jahre 2017 rund 192.000 Einsatzkr\u00e4ftestunden f\u00fcr Streifen im \u00f6ffentlichen Nahverkehr geleistet. S\u00e4mtliche U-Bahnh\u00f6fe werden video\u00fcberwacht \u2013 davon bisher 54 \u201evollfl\u00e4chig \u2026 in HD-sicherer Qualit\u00e4t\u201c. Dieser Standard wird auch f\u00fcr die restlichen 128 U-Bahnh\u00f6fe angestrebt.<\/p>\n<p><strong>Verfahren wegen Todesschuss:<\/strong> Durch einen Pressebericht wird <a href=\"http:\/\/www.taz.de\/!5503999\/\">ein Beschluss des Kammergerichts Berlin<\/a> von Ende April bekannt, der die Staatsanwaltschaft dazu zwingt, die t\u00f6dlichen Sch\u00fcsse auf einen irakischen Asylsuchenden im September 2016 genauer zu untersuchen. Nach dem damaligen Polizeibericht sei der Mann mit einem Messer in der Hand auf einen bereits festgenommenen pakistanischen Gefl\u00fcchteten aus derselben Notunterkunft, der seine Tochter sexuell missbraucht hatte, losgest\u00fcrmt. Das Gericht bezweifelt nun u.a. die Existenz des Messers.<\/p>\n<p>19. Mai: <strong>Schulschw\u00e4nzen:<\/strong> Vor Beginn der Pfingstferien erwischt die bayerische Polizei <a href=\"http:\/\/www.sueddeutsche.de\/bayern\/pfingstferien-in-bayern-familien-in-bayern-wegen-schulschwaenzens-angezeigt-1.3987439\">bei ihren Kontrollen an Flugh\u00e4fen<\/a> insgesamt 21 Familien, die ihre Kinder die Schule schw\u00e4nzen lassen, um fr\u00fcher und billiger in die Ferien zu kommen. Sie werden bei den Landrats\u00e4mtern angezeigt.<\/p>\n<p>20. Mai: <strong>Hausbesetzungen:<\/strong> In Berlin besetzen AktivistInnen einer \u201e#Besetzen\u201c-Gruppe neun leerstehende H\u00e4user. Zwei Geb\u00e4ude werden <a href=\"https:\/\/www.berliner-zeitung.de\/berlin\/neukoelln-und-kreuzberg-polizei-raeumt-zwei-besetzte-haeuser---kritik-von-bayram-30433030\">noch am gleichen Abend von der Polizei ger\u00e4umt<\/a>. Am <a href=\"https:\/\/www.neues-deutschland.de\/artikel\/1089311.debatte-um-berliner-linie-skeptisch-gegenueber-solidaritaetsbekundungen.html\">26. Mai demonstrieren<\/a> etwa 800 Personen in den Stadtteilen Kreuzberg und Neuk\u00f6lln gegen die R\u00e4umungen und die Strafantr\u00e4ge gegen die BesetzerInnen. Bei der R\u00e4umung eines besetzten Ladenlokals im Stadtteil Kreuzberg soll es dabei <a href=\"https:\/\/www.neues-deutschland.de\/artikel\/1089309.polizei-verteidigt-einsatz.html?pk_campaign=Newsletter\">zu erheblichen \u00dcbergriffen<\/a> gekommen sein. Am <a href=\"http:\/\/www.sueddeutsche.de\/news\/politik\/kommunen---stuttgart-besetzte-wohnungen-in-stuttgart-heslach-werden-geraeumt-dpa.urn-newsml-dpa-com-20090101-180528-99-477807\">28. Mai r\u00e4umt<\/a> die Polizei zwei besetzte Wohnungen in Stuttgart. Davon betroffen sind zwei Familien mit Kindern.<\/p>\n<p><strong>Ausreisen nach Syrien und Irak:<\/strong> Die Bundesregierung beziffert die Zahl der nach Syrien oder in den Irak ausgereisten IslamistInnen <a href=\"http:\/\/www.faz.net\/aktuell\/politik\/inland\/jeder-zweite-ausgereiste-dschihadist-hat-deutschen-pass-15599135.html\">mit rund 1.000<\/a>. Wie sie auf eine Anfrage der Linksfraktion mitteilt, seien seit 2013 zudem Anh\u00e4ngerInnen der PKK oder der syrisch-kurdischen PYD nach Syrien gereist, um die Anti-IS-Koalition zu unterst\u00fctzen.<\/p>\n<p>22. Mai: <strong>Rechtsextremismus:<\/strong> Aus einer parlamentarischen Anfrage der GR\u00dcNEN-Bundestagsfraktion geht hervor, dass im April 2018 <a href=\"https:\/\/www.zeit.de\/politik\/deutschland\/2018-05\/rechtsextremismus-reichsbuerger-waffen-gefaehrder\">26 Rechte als \u201eGef\u00e4hrder\u201c und 107 als \u201erelevante Personen\u201c<\/a> eingestuft waren.<\/p>\n<p><strong>Europ\u00e4ischer Haftbefehl:<\/strong> Das OLG Schleswig-Holstein <a href=\"http:\/\/www.spiegel.de\/politik\/deutschland\/carles-puigdemont-gericht-lehnt-auslieferungshaft-ab-a-1208888.html\">lehnt den Antrag der Generalstaatsanwaltschaft (GStA) ab<\/a>, den ehemaligen katalanischen Regionalpr\u00e4sidenten Carles Puigdemont erneut in Auslieferungshaft zu nehmen. Puigdemont war im M\u00e4rz aufgrund eines europ\u00e4ischen Haftbefehls festgenommen worden.<\/p>\n<p><strong>Fremdenfeindlicher Angriff: <\/strong>Das LG Flensburg (Schleswig-Holstein) verurteilt zwei M\u00e4nner wegen Mordes an einem Iraker <a href=\"http:\/\/www.spiegel.de\/panorama\/justiz\/flensburg-maenner-wegen-mordes-an-fluechtling-auf-amrum-verurteilt-a-1208999.html\">zu einer siebeneinhalbj\u00e4hrigen Jugendstrafe bzw. lebensl\u00e4nglicher Haft<\/a>. Sie hatten ihn im April 2017 in die D\u00fcnen der Nordseeinsel Amrum gelockt und dort get\u00f6tet. Das Urteil ist noch nicht rechtskr\u00e4ftig.<\/p>\n<p><strong>Waffendiebst\u00e4hle bei der Bundeswehr: <\/strong>Bei der Bundeswehr wurden seit 2010 insgesamt <a href=\"http:\/\/www.spiegel.de\/politik\/deutschland\/bundeswehr-kriegswaffen-und-munition-wurden-laut-vertraulicher-liste-entwendet-a-1208965.html\">75 Gewehre und Pistolen sowie etwa 57.000 Schuss Munition gestohlen<\/a>. Dies geht aus der parlamentarischen Anfrage der GR\u00dcNEN-Bundestagsfraktion hervor.<\/p>\n<p><strong>Datenpanne<\/strong> beim S\u00e4chsischen Verfassungsschutz: Laut der <a href=\"https:\/\/kleineanfragen.de\/sachsen\/6\/13186-sog-datenpanne-beim-landesamt-fuer-verfassungsschutz\">Antwort des Innenministeriums auf eine Anfrage der Gr\u00fcnen<\/a> hat ein Systemadministrator des Verfassungsschutzes am 5. M\u00e4rz Personaldaten von MitarbeiterInnen des Landesamtes auf einen USB-Stick kopiert. Es seien aber keine operativen Daten \u00fcber V-Leute oder Beobachtungsobjekte betroffen gewesen. Der Mann sei entlassen worden.<\/p>\n<p>23. Mai: <strong>Repression gegen Links:<\/strong> Die im August 2017 vom Landtag Sachsen-Anhalt <a href=\"https:\/\/www.neues-deutschland.de\/artikel\/1088963.kommission-linksextremismus-arbeitsgruppe-diffamierung.html\">mit den Stimmen der AfD und Teilen der CDU beschlossene zw\u00f6lfk\u00f6pfige Enqu\u00eatekommission Linksextremismus<\/a> trifft sich zu ihrer ersten Sitzung. Den Vorsitz hat Andr\u00e9 Poggenburg (AfD). Als Sachverst\u00e4ndigen hat die Rechtsau\u00dfen-Partei Christian Jung, einen Autor des ebenfalls rechten Kopp-Verlags geladen.<\/p>\n<p><strong>Alkoholverbot gekippt:<\/strong> Das VG D\u00fcsseldorf erkl\u00e4rt die \u201eOrdnungsbeh\u00f6rdliche Verordnung zur Aufrechterhaltung der \u00f6ffentlichen Sicherheit und Ordnung im Stadtgebiet Duisburg\u201c <a href=\"https:\/\/www.lto.de\/recht\/nachrichten\/n\/vg-duessedorf-18k895517-alkoholverbot-innenstadt-duisburg-rechtswidrig\/\">f\u00fcr unverh\u00e4ltnism\u00e4\u00dfig und damit rechtswidrig<\/a>. Der Duisburger Stadtrat hatte damit den Konsum und das Mitf\u00fchren von Alkohol in einem Bereich der Innenstadt verbieten wollen.<\/p>\n<p><strong>Warnschuss:<\/strong> Nachdem zwei Polizisten in Zivil auf einem Volksfest in Pilsting (Niederbayern) angegriffen wurden, <a href=\"http:\/\/www.sueddeutsche.de\/bayern\/nach-angriff-polizist-gibt-auf-volksfest-warnschuss-ab-1.3990108\">gibt ein Beamter einen Warnschuss<\/a> ab.<\/p>\n<p>24. Mai: <strong>Razzia gegen Schwarzarbeit am Bau<\/strong>: Tausend BeamtInnen von Polizei und Zoll \u2013 darunter ein SEK und ein Gro\u00dfaufgebot der \u201eFinanzkontrolle Schwarzarbeit\u201c des Zolls \u2013 beteiligen sich im Rhein-Main-Gebiet an Razzien gegen Schwarzarbeit im Bausektor. <a href=\"http:\/\/www.fr.de\/rhein-main\/kriminalitaet\/grossrazzia-in-rhein-main-mitglieder-eines-familienclans-festgenommen-a-1511524\">Vier Mitglieder eines \u201eFamilienclans\u201c seien festgenommen worden<\/a>. Weitere Razzien gab es in Hamburg, Bremen, NRW und Bayern.<\/p>\n<p><strong>NSU-Untersuchungsausschuss:<\/strong> Der Untersuchungsausschuss des Landtages Mecklenburg-Vorpommern <a href=\"http:\/\/www.taz.de\/!5507543\/\">tritt zur ersten Sitzung zusammen<\/a>. Unter den Bundesl\u00e4ndern, in denen der NSU Morde und Anschl\u00e4ge begangen hat, ist Hamburg nun das einzige, das bisher auf eine parlamentarische Untersuchung verzichtet.<\/p>\n<p><strong>Protest gegen Durchsuchung:<\/strong> Die Polizei <a href=\"https:\/\/www.oldenburger-rundschau.de\/2018\/05\/24\/hausdurchsuchung-im-alhambra-mit-laeppischer-begruendung\/\">durchsucht das linke Kommunikationszentrum Alhambra<\/a> in Oldenburg auf der Suche nach PKK- und YPG-Fahnen, die an einer Demonstration am 1. Mai mitgef\u00fchrt worden waren. Nach Polizeiangaben beteiligen sich 260 Personen an einer <a href=\"https:\/\/www.nwzonline.de\/oldenburg\/politik\/oldenburg-nach-durchsuchung-im-alhambra-ausschreitungen-bei-demo-in-oldenburg_a_50,1,2805922136.html\">nicht angemeldeten Demonstration, die von der Polizei aufgel\u00f6st wird<\/a>. Laut Presseberichten werden vier DemonstrantInnen und zwei PolizistInnen \u2013 letztere durch Pfefferspray \u2013 verletzt. Gegen drei Personen werden Ermittlungsverfahren wegen Landfriedensbruch und K\u00f6rperverletzung eingeleitet.<\/p>\n<p><strong>Trojaner:<\/strong> In der Antwort auf eine Anfrage der Gr\u00fcnen <a href=\"http:\/\/dip21.bundestag.de\/dip21\/btd\/19\/023\/1902306.pdf\">verweigert die Bundesregierung die Auskunft<\/a> \u00fcber die Zahl von Quellen-Telekommunikations\u00fcberwachungen und \u201eOnline-Durchsuchungen\u201c und verweist dabei auf das Staatswohl.<\/p>\n<p><strong>Illegale Einreise:<\/strong> Die Bundespolizei greift bei M\u00fcllrose (Brandenburg) <a href=\"https:\/\/www.neues-deutschland.de\/artikel\/1089220.bundespolizei-griff-eingeschleuste-iraker-auf.html\">elf irakische und einen t\u00fcrkischen Staatsangeh\u00f6rigen<\/a> auf. Die Gruppe sei \u00fcber die Ukraine und dann weiter mit einem Kleintransporter durch Polen eingereist. Nach den Schleusern werde noch gesucht. Am <a href=\"http:\/\/www.sueddeutsche.de\/news\/panorama\/kriminalitaet---weil-am-rhein-bundespolizei-entdeckt-in-gueterzug-14-illegal-einreisende-dpa.urn-newsml-dpa-com-20090101-180528-99-483629\">26. Mai entdeckt<\/a> die Bundespolizei bei Kontrollen in einem aus Italien kommenden G\u00fcterzug im Bahnhof Weill am Rhein an der Schweizer Grenze zehn M\u00e4nner und vier Frauen. Zehn Personen sollen bereits in Italien im Asylverfahren gewesen sein.<\/p>\n<p><strong>Vertrauen ins BKA:<\/strong> Der Ehemann der ermordeten maltesischen Journalistin Daphne Caruana Galizia misstraut den Beh\u00f6rden seines Landes und <a href=\"http:\/\/www.fr.de\/politik\/panama-papers-bka-wacht-jetzt-ueber-laptops-ermordeter-journalistin-a-1512014\">\u00fcbergibt zwei Laptops seiner Frau ans BKA<\/a>.<\/p>\n<p>25. Mai: <strong>Kein ausreichender Haftgrund:<\/strong> Die Bundesanwaltschaft <a href=\"http:\/\/www.spiegel.de\/politik\/deutschland\/offenbach-kein-haftbefehl-gegen-islamistin-sibel-h-a-1209348.html\">best\u00e4tigt eine Entscheidung des Bundesgerichtshofs<\/a>, der einen Haftbefehl gegen eine 30-j\u00e4hrige Deutsch-T\u00fcrkin verweigert hat, die sich erstmals 2013 und erneut 2016, nunmehr mit ihrem neuen Mann, im Herrschaftsgebiet des IS in Syrien und dem Irak aufgehalten hat und im April vom BKA aus dem Gef\u00e4ngnis in Erbil, in der kurdischen Region des Irak, zur\u00fcckgeholt wurde. Mit der Beteiligung am Alltagsleben unter dem IS werde man nicht automatisch zum Mitglied einer terroristischen Vereinigung.<\/p>\n<p><strong>BKA-Gesetz:<\/strong> Das 2017 verabschiedete <a href=\"http:\/\/www.sueddeutsche.de\/politik\/bka-gesetz-mit-dem-staatstrojaner-wird-die-polizei-zum-geheimniskraemer-1.3992148\">neue BKA-Gesetz tritt in Kraft<\/a>. Die pr\u00e4ventiven Befugnisse des Amtes in der Terrorismusbek\u00e4mpfung werden an das Urteil des Bundesverfassungsgerichts angepasst. Neu ist u.a. die Speicherung s\u00e4mtlicher Daten in einem einzigen \u201eDatenpool\u201c sowie Aufenthaltsgebote und Kontaktverbote gegen \u201eGef\u00e4hrder\u201c, die mithilfe \u201eelektronischer Fu\u00dffessseln\u201c durchgesetzt werden. Der Personalbestand des BKA soll in diesem Jahr um tausend auf dann 6.500 MitarbeiterInnen aufgestockt werden.<\/p>\n<p><strong>Hessentrojaner:<\/strong> Die hessischen Regierungsparteien CDU und Gr\u00fcne informieren \u00fcber einen Kompromiss, wonach sie den Einsatz der staatlichen Schadsoftware nicht mehr im Verfassungsschutzgesetz verankern wollen. Statt dessen soll nur <a href=\"http:\/\/www.fr.de\/rhein-main\/landespolitik\/verfassungsschutzgesetz-in-hessen-staatstrojaner-nur-fuer-polizei-a-1512930\">die Polizei zur Quellen-Telekommunikations\u00fcberwachung und zur \u201eOnline-Durchsuchung\u201c erm\u00e4chtigt werden<\/a>.<\/p>\n<p><strong>Streit in Asylunterkunft:<\/strong> In einer Erstaufnahmeeinrichtung in Dresden kommt es w\u00e4hrend der Essensausgabe zu einem Streit zwischen zwei Bewohnern. Der Sicherheitsdienst alarmiert die Polizei, <a href=\"https:\/\/www.morgenpost.de\/politik\/inland\/article214401831\/Rund-50-Bewohner-von-Erstaufnahme-greifen-Polizei-an.html\">bei deren Eintreffen die Situation weiter eskaliert<\/a>. Laut Presseberichten sollen die PolizistInnen mit gl\u00fchenden Zigaretten angegriffen worden sein. Der s\u00e4chsische Fl\u00fcchtlingsrat <a href=\"http:\/\/www.sueddeutsche.de\/news\/politik\/fluechtlinge---dresden-fluechtlingsrat-kritisiert-zustaende-in-erstaufnahmeunterkunft-dpa.urn-newsml-dpa-com-20090101-180527-99-470805\">kritisiert die beengten Verh\u00e4ltnisse<\/a> in der Unterkunft.<\/p>\n<p><strong>\u201eNotinterventionstraining\u201c:<\/strong> Laut Presseberichten haben seit 2016 rund 3.200 hessische PolizistInnen ein <a href=\"http:\/\/www.faz.net\/aktuell\/rhein-main\/polizei-in-hessen-trainiert-fuer-anti-terror-einsaetze-15607525.html\">Training f\u00fcr den \u201eoffensiven\u201c Einsatz bei Terroranschl\u00e4gen<\/a> absolviert. Entsprechende \u00dcbungen in Schutzkleidung und mit Paintball-Gewehren werden in mehreren Zentren des Landes, u.a. in Gie\u00dfen, durchgef\u00fchrt.<\/p>\n<p>26. Mai: <strong>Sicherheits\u00fcberpr\u00fcfungen in der Bundeswehr:<\/strong> Laut einem Zeitungsbericht hat der Milit\u00e4rische Abschirmdienst seit Juli 2017 <a href=\"https:\/\/www.morgenpost.de\/politik\/article214391547\/So-geht-die-Bundeswehr-gegen-Extremisten-in-ihren-Reihen-vor.html\">insgesamt 15.000 SoldatInnen und RekrutInnen \u00fcberpr\u00fcft<\/a>. J\u00e4hrlich g\u00e4be es rund 300 Extremismus-\u201eVerdachtsf\u00e4lle\u201c. Seit 2011 habe sich 24 Mal der Verdacht des Islamismus, 89 Mal der des Rechts- und vier Mal der des Linksextremismus best\u00e4tigt.<\/p>\n<p><strong>Auftrittsverbot f\u00fcr kurdische Politiker:<\/strong> Die K\u00f6lner Polizei <a href=\"http:\/\/www.sueddeutsche.de\/news\/politik\/demonstrationen---koeln-kurden-demo-polizei-untersagt-zwei-politiker-auftritte-dpa.urn-newsml-dpa-com-20090101-180526-99-465148\">verbietet den Auftritt zweier aus der T\u00fcrkei geflohener HDP-Politiker<\/a> bei einer Demonstration gegen die t\u00fcrkische Milit\u00e4rintervention im syrischen Teil Kurdistans. Es habe sich um einen Wahlkampfauftritt gehandelt, der als solcher in einem Zeitraum von drei Monaten vor den Wahlen in der T\u00fcrkei (14. Juni) untersagt sei.<\/p>\n<p>27. Mai: <strong>Polizeisch\u00fcsse:<\/strong> Ein Mitarbeiter des Sicherheitsdiensts des Kohlekraftwerks Staudinger in Gro\u00dfkrotzenburg (Hessen) alarmiert die Polizei, weil ein 32-j\u00e4hriger Deutsch-Pole mit einem Messer und einem Hammer bewaffnet auf das Gel\u00e4nde des Kraftwerks eingedrungen ist. Bei einer Auseinandersetzung mit den PolizistInnen <a href=\"http:\/\/www.sueddeutsche.de\/news\/panorama\/kriminalitaet---grosskrotzenburg-angeschossener-kraftwerks-eindringling-identifiziert-dpa.urn-newsml-dpa-com-20090101-180528-99-483025\">seien Sch\u00fcsse gefallen<\/a>. Der Mann wird im Krankenhaus operiert und ins k\u00fcnstliche Koma versetzt. \u00dcber Hintergrund und Zahl der Sch\u00fcsse macht die Polizei keine Angaben.<\/p>\n<p>28. Mai: <strong>R\u00e4umung eines Roma-Lagers:<\/strong> Die Polizei <a href=\"http:\/\/www.fr.de\/frankfurt\/stadtteile\/frankfurt-west\/obdachlose-raeumung-von-brache-im-frankfurter-gutleut-laeuft-a-1513948\">r\u00e4umt eine Industriebrache<\/a>, die dem Chemie-Konzern Ferro geh\u00f6rt, im Frankfurter Gutleutviertel, auf der sich Obdachlose aus Rum\u00e4nien eingerichtet haben. Den meisten BewohnerInnen droht die Ausweisung. Sie sollen bis zur Abreise in Notunterk\u00fcnften unterkommen.<\/p>\n<p><strong>SEK-Einsatz:<\/strong> SEK-Beamte <a href=\"http:\/\/www.sueddeutsche.de\/bayern\/mittelfranken-polizei-spezialeinheit-ueberwaeltigt-bewaffneten-jaehrigen-1.3994649\">\u00fcberw\u00e4ltigen in Buckenhof<\/a> nahe Erlangen (Bayern) einen 21-J\u00e4hrigen, der sich zusammen mit seiner Freundin in seinem Haus verschanzt hatte. Eine Nachbarin, die sich wegen Ruhest\u00f6rung beschwert hatte, war von ihm mit einer Waffe bedroht worden und hatte daraufhin die Polizei gerufen. Eine Streifenbesatzung alarmierte das SEK. Bei der Durchsuchung des Hauses wurden mehrere Softair-Waffen gefunden.<\/p>\n<p>29. Mai: <strong>Neonazikonzert verboten:<\/strong> Das Landesverwaltungsamt Th\u00fcringen lehnt den Widerspruch des Veranstalters des f\u00fcr den 8. und 9. Juni in Themar geplanten \u201eKonzertes\u201c <a href=\"http:\/\/www.spiegel.de\/politik\/deutschland\/thueringen-rechtsrock-konzert-in-thueringen-bleibt-weiter-verboten-a-1210099.html\">aus Naturschutzgr\u00fcnden<\/a> ab. An den geplanten Veranstaltungsort grenze eine Feuchtwiese, auf der seltene Vogelarten br\u00fcten. Der Veranstalter will Rechtsmittel einlegen und <a href=\"https:\/\/www.insuedthueringen.de\/region\/hildburghausen\/Widerspruch-abgelehnt-Rechtsrockkonzert-in-Themar-bleibt-verboten;art83436,6152238\">hat Ausweichorte angemeldet<\/a>.<\/p>\n<p><strong>\u201ePolizeigesetz stoppen\u201c:<\/strong> Gegen die Versch\u00e4rfung des s\u00e4chsischen Polizeigesetzes <a href=\"http:\/\/www.lvz.de\/Region\/Mitteldeutschland\/Buendnis-gegen-neues-Polizeigesetz-in-Sachsen\">richtet sich ein B\u00fcndnis<\/a>, das von der Linkspartei, Gr\u00fcnen und Jusos \u00fcber Amnesty International bis hin zu Fu\u00dfballfangruppen reicht.<\/p>\n<p>30. Mai: <strong>Internet-\u00dcberwachung:<\/strong> Das Bundesverwaltungsgericht Leipzig entscheidet, dass der Bundesnachrichtendienst weiterhin den Internet-Netzknoten Frankfurt\/Main anzapfen darf. Die Betreiberfirma De-Cix GmbH, die die \u00dcberwachung jahrelang akzeptiert hat, hatte gegen das Bundesinnenministerium als formelle Auftraggeberin der \u00dcberwachung geklagt. Sie will das Verfahren <a href=\"https:\/\/www.berliner-zeitung.de\/politik\/verwaltungsgericht-betreiber-von-internet-knoten-de-cix-verliert-klage-gegen-bnd-30547502\">ans Bundesverfassungsgericht weiterziehen<\/a>.<\/p>\n<p><strong>Todesschuss:<\/strong> In einem aus K\u00f6ln kommenden Intercity-Zug erschie\u00dft eine Polizistin in Flensburg einen aus Eritrea stammenden 24 Jahre alten Gefl\u00fcchteten. <a href=\"http:\/\/www.kn-online.de\/Nachrichten\/Schleswig-Holstein\/Polizei-veroeffentlicht-neue-Details-zu-Angriff-in-Intercity-in-Flensburg\">Laut der Staatsanwaltschaft Flensburg<\/a> habe der Mann die 22-j\u00e4hrige Beamtin angegriffen. Ein 35 Jahre alter K\u00f6lner sei der Polizistin zur Hilfe geeilt und sei dabei verletzt worden..<\/p>\n<p><strong>PolizistInnen mit Migrationsgeschichte:<\/strong> Berlins Integrationsbeauftragter Andreas Germershausen <a href=\"https:\/\/www.neues-deutschland.de\/artikel\/1089707.polizei-sorgt-fuer-vielfalt-in-der-verwaltung.html\">teilt mit<\/a>: Von den 623 Personen, die im laufenden Ausbildungsjahr bei der Berliner Polizei ihre Ausbildung begonnen haben, haben vierzig Prozent einen Migrationshintergrund.<\/p>\n<p>31. Mai: <strong>Polizeisch\u00fcsse auf Fahrzeug:<\/strong> Auf der Autobahn A 4 zwischen Bad Hersfeld und Friedewald (Hessen) <a href=\"https:\/\/www.hessenschau.de\/panorama\/polizei-stoppt-mit-schuessen-kleintransporter-auf-a4,kleintransporter_auf_a4_gestoppt-100.html\">stoppen PolizistInnen einen Kleintransporter<\/a>, der einen auf das hintere Trittbrett aufgebockten PKW abschleppt. Als der Fahrer w\u00e4hrend der Kontrolle wegf\u00e4hrt, schie\u00dft ein Polizist dreimal auf den Hinterreifen des Transporters. Der Fahrer, der kurz darauf anh\u00e4lt, wird festgenommen.<\/p>\n<p><strong>Beleidigung von PolizistInnen: <\/strong>Das AG G\u00f6ttingen <a href=\"https:\/\/www.neues-deutschland.de\/artikel\/1089745.g-prozess-in-goettingen-geldstrafe-fuer-vermeintliche-polizistenbeleidigung.html\">stellt das Verfahren gegen eine 61-j\u00e4hrige Frau ein<\/a> \u2013 gegen Geldauflage und die Erkl\u00e4rung, dass sich die Worte \u201eSie sind das Allerletzte\u201c nicht gegen den klagenden Polizisten pers\u00f6nlich gerichtet h\u00e4tten. Ihr Sohn war am 9. Dezember bei einer Demonstration gegen G20-Durchsuchungen von Polizisten zusammengeschlagen worden.<\/p>\n<h3>Beitragsbild: <span class=\"title\"><a href=\"https:\/\/www.flickr.com\/photos\/petshoppetshop\/albums\/72157694637122551\">1. Mai Kreuzberg 2018 <\/a><\/span>(Oliver Feldhaus)<\/h3>\n","protected":false},"excerpt":{"rendered":"<p>zusammengestellt von Otto Diederichs und Heiner Busch 1. Mai: Mai-Demonstrationen: In Berlin und Hamburg, wo<\/p>\n","protected":false},"author":2,"featured_media":14022,"comment_status":"open","ping_status":"open","sticky":false,"template":"","format":"standard","meta":{"footnotes":""},"categories":[6],"tags":[667,820,1094,1186,1195,1216],"class_list":["post-14019","post","type-post","status-publish","format-standard","has-post-thumbnail","hentry","category-chronologien","tag-geheimdienste","tag-justiz","tag-polizei","tag-rassismus","tag-rechtsextremismus","tag-repression"],"_links":{"self":[{"href":"https:\/\/wp-dev.daten.cool\/index.php?rest_route=\/wp\/v2\/posts\/14019","targetHints":{"allow":["GET"]}}],"collection":[{"href":"https:\/\/wp-dev.daten.cool\/index.php?rest_route=\/wp\/v2\/posts"}],"about":[{"href":"https:\/\/wp-dev.daten.cool\/index.php?rest_route=\/wp\/v2\/types\/post"}],"author":[{"embeddable":true,"href":"https:\/\/wp-dev.daten.cool\/index.php?rest_route=\/wp\/v2\/users\/2"}],"replies":[{"embeddable":true,"href":"https:\/\/wp-dev.daten.cool\/index.php?rest_route=%2Fwp%2Fv2%2Fcomments&post=14019"}],"version-history":[{"count":0,"href":"https:\/\/wp-dev.daten.cool\/index.php?rest_route=\/wp\/v2\/posts\/14019\/revisions"}],"wp:featuredmedia":[{"embeddable":true,"href":"https:\/\/wp-dev.daten.cool\/index.php?rest_route=\/wp\/v2\/media\/14022"}],"wp:attachment":[{"href":"https:\/\/wp-dev.daten.cool\/index.php?rest_route=%2Fwp%2Fv2%2Fmedia&parent=14019"}],"wp:term":[{"taxonomy":"category","embeddable":true,"href":"https:\/\/wp-dev.daten.cool\/index.php?rest_route=%2Fwp%2Fv2%2Fcategories&post=14019"},{"taxonomy":"post_tag","embeddable":true,"href":"https:\/\/wp-dev.daten.cool\/index.php?rest_route=%2Fwp%2Fv2%2Ftags&post=14019"}],"curies":[{"name":"wp","href":"https:\/\/api.w.org\/{rel}","templated":true}]}}