{"id":14038,"date":"2018-06-08T13:05:25","date_gmt":"2018-06-08T13:05:25","guid":{"rendered":"https:\/\/www.cilip.de\/?p=14038"},"modified":"2018-06-08T13:05:25","modified_gmt":"2018-06-08T13:05:25","slug":"gefaehrlicher-ort-stadt","status":"publish","type":"post","link":"https:\/\/wp-dev.daten.cool\/?p=14038","title":{"rendered":"Gef\u00e4hrlicher Ort: Stadt"},"content":{"rendered":"<p><strong>Veranstaltung zum \u00f6ffentlichen Raum als Objekt der Kontrolle f\u00fcr die Polizei<\/strong><\/p>\n<p>Die Stadt als \u201egef\u00e4hrlicher Ort\u201c, der \u00f6ffentliche Raum als Objekt der Kontrolle f\u00fcr die Polizei, wie auch f\u00fcr ihre privaten Helfer, ist das Thema der <a href=\"https:\/\/www.cilip.de\/2018\/04\/14\/115-april-2018-gefaehrlicher-ort-stadt\/\">aktuellen Ausgabe der Zeitschrift CILIP\/ B\u00fcrgerrechte &amp; Polizei<\/a>. In unserer Releaseveranstaltung nehmen wir zwei Schaupl\u00e4tze in den Fokus, an denen sich polizeiliche und andere Strategien von Ausgrenzung und Prekarisierung in der neoliberalen Stadt besonders deutlich zeigen: Das Kottbusser Tor und das Frankfurter Bahnhofsviertel.<\/p>\n<blockquote class=\"alignright\"><p>Mittwoch, 27. Juni 2018, 19.30 Uhr im Aquarium (Skalitzer Strasse 6, Kottbusser Tor (U-Bhf Kottbusser Tor)<\/p><\/blockquote>\n<p>Mit der Konstruktion &#8222;gef\u00e4hrlicher Orte&#8220; besch\u00e4ftigt sich Nora Keller in Ihrem Artikel &#8222;Wer hat Angst vorm Kottbusser Tor?&#8220;, das aus polizeirechtlicher Sicht ein &#8222;kriminalit\u00e4tsbelasteter Ort&#8220; ist: Ein Raum, an dem die Polizei alle Menschen jederzeit ohne Anlass kontrollieren kann. Auf der Veranstaltung erkl\u00e4rt sie, was das f\u00fcr den Ort und die Menschen bedeutet und wer dort eigentlich kontrolliert. Jenny K\u00fcnkel erg\u00e4nzt den ordnungspolitischen Fokus um eine Perspektive auf die Wirtschafts- und Sozialpolitik. Sichtbare Sexarbeit wird in der neoliberalen Stadt entlang der Frage ihrer St\u00f6rung steuertr\u00e4chtiger Stadtnutzungen und ihrer F\u00f6rderlichkeit f\u00fcr das Stadtimage gespalten: W\u00e4hrend sichtbares Elend verst\u00e4rkt poliziert wird, finden Bordelle und h\u00f6herklassige Stra\u00dfensexarbeit mitunter Eingang ins Stadtmarketing. Dabei stellen St\u00e4dte die ordnungspolitisch problematisierte Prekarit\u00e4t von Sexarbeiter*innen oft erst her, etwa indem sie Migrant*innen aus sozialen Sicherungssystemen ausschlie\u00dfen.<\/p>\n<p><strong>Jenny K\u00fcnkel<\/strong>, Berlin, ist wissenschaftliche Mitarbeiterin am geographischen Institut der Humboldt-Universit\u00e4t.<br \/>\n<strong>Nora Keller<\/strong>, Berlin, promoviert an der Freien Universit\u00e4t Berlin zu \u201ekriminalit\u00e4tsbelasteten Orten\u201c.<\/p>\n<h4>Nora Keller:<\/h4>\n<audio class=\"wp-audio-shortcode\" id=\"audio-14038-1\" preload=\"none\" style=\"width: 100%;\" controls=\"controls\"><source type=\"audio\/mpeg\" src=\"http:\/\/archiv.cilip.de\/Audio\/20180627_Gefaehrlicher_Ort_Stadt_Nora_Keller.mp3?_=1\" \/><a href=\"http:\/\/archiv.cilip.de\/Audio\/20180627_Gefaehrlicher_Ort_Stadt_Nora_Keller.mp3\">http:\/\/archiv.cilip.de\/Audio\/20180627_Gefaehrlicher_Ort_Stadt_Nora_Keller.mp3<\/a><\/audio>\n<h4>Jenny K\u00fcnkel:<\/h4>\n<audio class=\"wp-audio-shortcode\" id=\"audio-14038-2\" preload=\"none\" style=\"width: 100%;\" controls=\"controls\"><source type=\"audio\/mpeg\" src=\"http:\/\/archiv.cilip.de\/Audio\/20180627_Gefaehrlicher_Ort_Stadt_Jenny_Kuenkel.mp3?_=2\" \/><a href=\"http:\/\/archiv.cilip.de\/Audio\/20180627_Gefaehrlicher_Ort_Stadt_Jenny_Kuenkel.mp3\">http:\/\/archiv.cilip.de\/Audio\/20180627_Gefaehrlicher_Ort_Stadt_Jenny_Kuenkel.mp3<\/a><\/audio>\n<h4>Diskussion:<\/h4>\n<audio class=\"wp-audio-shortcode\" id=\"audio-14038-3\" preload=\"none\" style=\"width: 100%;\" controls=\"controls\"><source type=\"audio\/mpeg\" src=\"http:\/\/archiv.cilip.de\/Audio\/20180627_Gefaehrlicher_Ort_Stadt_Diskussion.mp3?_=3\" \/><a href=\"http:\/\/archiv.cilip.de\/Audio\/20180627_Gefaehrlicher_Ort_Stadt_Diskussion.mp3\">http:\/\/archiv.cilip.de\/Audio\/20180627_Gefaehrlicher_Ort_Stadt_Diskussion.mp3<\/a><\/audio>\n<p><em>Veranstaltet vom Institut f\u00fcr B\u00fcrgerrechte &amp; \u00f6ffentliche Sicherheit e.V.<\/em><\/p>\n","protected":false},"excerpt":{"rendered":"<p>Veranstaltung zum \u00f6ffentlichen Raum als Objekt der Kontrolle f\u00fcr die Polizei Die Stadt als \u201egef\u00e4hrlicher<\/p>\n","protected":false},"author":2,"featured_media":14043,"comment_status":"open","ping_status":"open","sticky":false,"template":"","format":"standard","meta":{"footnotes":""},"categories":[150],"tags":[],"class_list":["post-14038","post","type-post","status-publish","format-standard","has-post-thumbnail","hentry","category-veranstaltungen"],"_links":{"self":[{"href":"https:\/\/wp-dev.daten.cool\/index.php?rest_route=\/wp\/v2\/posts\/14038","targetHints":{"allow":["GET"]}}],"collection":[{"href":"https:\/\/wp-dev.daten.cool\/index.php?rest_route=\/wp\/v2\/posts"}],"about":[{"href":"https:\/\/wp-dev.daten.cool\/index.php?rest_route=\/wp\/v2\/types\/post"}],"author":[{"embeddable":true,"href":"https:\/\/wp-dev.daten.cool\/index.php?rest_route=\/wp\/v2\/users\/2"}],"replies":[{"embeddable":true,"href":"https:\/\/wp-dev.daten.cool\/index.php?rest_route=%2Fwp%2Fv2%2Fcomments&post=14038"}],"version-history":[{"count":0,"href":"https:\/\/wp-dev.daten.cool\/index.php?rest_route=\/wp\/v2\/posts\/14038\/revisions"}],"wp:featuredmedia":[{"embeddable":true,"href":"https:\/\/wp-dev.daten.cool\/index.php?rest_route=\/wp\/v2\/media\/14043"}],"wp:attachment":[{"href":"https:\/\/wp-dev.daten.cool\/index.php?rest_route=%2Fwp%2Fv2%2Fmedia&parent=14038"}],"wp:term":[{"taxonomy":"category","embeddable":true,"href":"https:\/\/wp-dev.daten.cool\/index.php?rest_route=%2Fwp%2Fv2%2Fcategories&post=14038"},{"taxonomy":"post_tag","embeddable":true,"href":"https:\/\/wp-dev.daten.cool\/index.php?rest_route=%2Fwp%2Fv2%2Ftags&post=14038"}],"curies":[{"name":"wp","href":"https:\/\/api.w.org\/{rel}","templated":true}]}}