{"id":14073,"date":"2018-06-24T20:49:08","date_gmt":"2018-06-24T20:49:08","guid":{"rendered":"https:\/\/www.cilip.de\/?p=14073"},"modified":"2018-06-24T20:49:08","modified_gmt":"2018-06-24T20:49:08","slug":"diskussion-zu-elektronischen-beweismitteln","status":"publish","type":"post","link":"https:\/\/wp-dev.daten.cool\/?p=14073","title":{"rendered":"Diskussion zu \u201eelektronischen Beweismitteln\u201c"},"content":{"rendered":"<p>Die EU-Kommission will den Zugang zu Inhalts-, Verkehrs- und Bestandsdaten mit einer Verordnung f\u00fcr sogenannte \u201eelektronische Beweismittel\u201c vereinfachen.<a href=\"#_ftn1\" name=\"_ftnref1\">[1]<\/a> Die Justizbeh\u00f6rde eines Mitgliedstaats k\u00f6nnte demnach eine Herausgabeanordnung erlassen, der innerhalb von zehn Tagen entsprochen werden muss. Im \u201eNotfall\u201c verk\u00fcrzt sich die Frist auf sechs Stunden. Die betroffenen Internetdienstleister erhalten vorher eine \u201eSicherungsanordnung\u201c, damit die verlangten Daten nicht gel\u00f6scht werden. Anordnungen zur Herausgabe von Teilnehmer- und Zugangsdaten d\u00fcrften f\u00fcr \u201ejede Art von Straftaten\u201c erlassen werden, Anordnungen zur Herausgabe von Transaktions- und Inhaltsdaten nur f\u00fcr Straftaten mit einer zu erwartenden Freiheitsstrafe von mindestens drei Jahren.<!--more--><\/p>\n<p>Im Verordnungsentwurf hatte die Kommission einen direkten Zugriff der Beh\u00f6rden auf Server verworfen. Nun fordert die bulgarische Ratspr\u00e4sidentschaft, auch den Direktzugriff und das Abh\u00f6ren in Echtzeit zu erm\u00f6glichen.<a href=\"#_ftn2\" name=\"_ftnref2\">[2]<\/a> Laut dem Br\u00fcsseler Informationsdienst Euractiv h\u00e4tten sich au\u00dferdem \u201eMinister aus Belgien, Portugal, Zypern, Frankreich, Griechenland, Italien und Estland\u201c f\u00fcr das Abfangen von Kommunikationsdaten in Echtzeit ausgesprochen.<a href=\"#_ftn3\" name=\"_ftnref3\">[3]<\/a><\/p>\n<p>Die Verordnung betr\u00e4fe alle Firmen, die \u201einterpersonelle Kommunikationsdienste\u201c anbieten, darunter Cloud-Speicher, Internet-Telefonie, Messenger, E-Mail-Dienste und Online-Marktpl\u00e4tze. Au\u00dferdem soll die Regelung f\u00fcr soziale Netzwerke wie Twitter und Facebook gelten. Die US-Regierung w\u00fcrde einem Direktzugriff auf ihrem Hoheitsgebiet vermutlich nur zustimmen, wenn auch US-Beh\u00f6rden eine solche Ma\u00dfnahme in der EU zugestanden w\u00fcrde. Die geplante Verordnung zu \u201eelektronischen Beweismitteln\u201c kann insofern als Antwort auf den j\u00fcngst in den USA erlassenen \u201eCLOUD Act\u201c (\u201eClarifying Lawful Overseas Use of Data Act\u201c) verstanden werden, der dort niedergelassene Firmen zur Offenlegung von Bestands-, Verkehrs- und Inhaltsdaten zwingt.<a href=\"#_ftn4\" name=\"_ftnref4\">[4]<\/a> Der \u201eCLOUD Act\u201c enth\u00e4lt eine Klausel, wonach einzelne EU-Mitgliedstaaten mit der US-Regierung ein Partnerabkommen schlie\u00dfen k\u00f6nnen. Anstatt m\u00fchseliger Verhandlungen jedes einzelnen EU-Mitgliedstaates soll nun der Rat ein solches Rahmenabkommen f\u00fcr alle Mitgliedstaaten aushandeln. \u00d6sterreich \u00fcbernimmt in der zweiten Jahresh\u00e4lfte die Ratspr\u00e4sidentschaft und will die Verordnung zu \u201eelektronischen Beweismitteln\u201c als Priorit\u00e4t behandeln. Eine erste Einigung soll im Oktober erzielt werden, der Rechtsakt soll schlie\u00dflich bis Jahresende verhandelt sein. Gro\u00dfbritannien f\u00fchrt bereits Gespr\u00e4che f\u00fcr ein eigenes, bilaterales Abkommen nach dem Brexit.<\/p>\n<h6><a href=\"#_ftnref1\" name=\"_ftn1\">[1]<\/a> COM(2018) 225 final v. 17.4.2018<\/h6>\n<h6><a href=\"#_ftnref2\" name=\"_ftn2\">[2]<\/a>\u00a0Ratsdok. 9117\/18 v. 25.5.2018<\/h6>\n<h6><a href=\"#_ftnref3\" name=\"_ftn3\">[3]<\/a>\u00a0<a href=\"http:\/\/www.euractiv.de\/section\/eu-aussenpolitik\/news\/zugriff-auf-daten-eu-justizminister-uneins-ueber-polizei-befugnisse\/\">www.euractiv.de\/section\/eu-aussenpolitik\/news\/zugriff-auf-daten-eu-justizminister-uneins-ueber-polizei-befugnisse<\/a><\/h6>\n<h6><a href=\"#_ftnref4\" name=\"_ftn4\">[4]<\/a>\u00a0<a href=\"https:\/\/docs.house.gov\/billsthisweek\/20180319\/BILLS-115SAHR1625-RCP115-66.pdf\">https:\/\/docs.house.gov\/billsthisweek\/20180319\/BILLS-115SAHR1625-RCP115-66.pdf<\/a><\/h6>\n","protected":false},"excerpt":{"rendered":"<p>Die EU-Kommission will den Zugang zu Inhalts-, Verkehrs- und Bestandsdaten mit einer Verordnung f\u00fcr sogenannte<\/p>\n","protected":false},"author":3,"featured_media":0,"comment_status":"open","ping_status":"open","sticky":false,"template":"","format":"standard","meta":{"footnotes":""},"categories":[121,145],"tags":[],"class_list":["post-14073","post","type-post","status-publish","format-standard","hentry","category-cilip-116","category-meldungen-europa"],"_links":{"self":[{"href":"https:\/\/wp-dev.daten.cool\/index.php?rest_route=\/wp\/v2\/posts\/14073","targetHints":{"allow":["GET"]}}],"collection":[{"href":"https:\/\/wp-dev.daten.cool\/index.php?rest_route=\/wp\/v2\/posts"}],"about":[{"href":"https:\/\/wp-dev.daten.cool\/index.php?rest_route=\/wp\/v2\/types\/post"}],"author":[{"embeddable":true,"href":"https:\/\/wp-dev.daten.cool\/index.php?rest_route=\/wp\/v2\/users\/3"}],"replies":[{"embeddable":true,"href":"https:\/\/wp-dev.daten.cool\/index.php?rest_route=%2Fwp%2Fv2%2Fcomments&post=14073"}],"version-history":[{"count":0,"href":"https:\/\/wp-dev.daten.cool\/index.php?rest_route=\/wp\/v2\/posts\/14073\/revisions"}],"wp:attachment":[{"href":"https:\/\/wp-dev.daten.cool\/index.php?rest_route=%2Fwp%2Fv2%2Fmedia&parent=14073"}],"wp:term":[{"taxonomy":"category","embeddable":true,"href":"https:\/\/wp-dev.daten.cool\/index.php?rest_route=%2Fwp%2Fv2%2Fcategories&post=14073"},{"taxonomy":"post_tag","embeddable":true,"href":"https:\/\/wp-dev.daten.cool\/index.php?rest_route=%2Fwp%2Fv2%2Ftags&post=14073"}],"curies":[{"name":"wp","href":"https:\/\/api.w.org\/{rel}","templated":true}]}}