{"id":14080,"date":"2018-06-23T20:17:06","date_gmt":"2018-06-23T20:17:06","guid":{"rendered":"https:\/\/www.cilip.de\/?p=14080"},"modified":"2018-06-23T20:17:06","modified_gmt":"2018-06-23T20:17:06","slug":"polizei-erfindet-heimsuchung","status":"publish","type":"post","link":"https:\/\/wp-dev.daten.cool\/?p=14080","title":{"rendered":"Polizei erfindet \u201eHeimsuchung\u201c"},"content":{"rendered":"<p>Rund 60 TeilnehmerInnen einer unangemeldeten Kundgebung wurden am 18. Mai in Hitzacker von vermummter Polizei ohne Vorwarnung geschlagen, schikaniert und \u00fcber f\u00fcnf Stunden in einem Polizeikessel festgehalten. Zur Begr\u00fcndung schrieb die Polizeidirektion L\u00fcneburg, die AktivistInnen h\u00e4tten das Wohnhaus eines Polizeibeamten \u201eheimgesucht\u201c.<a href=\"#_ftn1\" name=\"_ftnref1\">[1]<\/a> Die Meldung setzte eine Kaskade von Falschmeldungen in Gang, die in zahlreichen Medien und rechten Internetportalen kursierten.<a href=\"#_ftn2\" name=\"_ftnref2\">[2]<\/a> Dort wurde der Protest unter Berufung auf die Polizei als \u201eneue Qualit\u00e4t der Gewalt\u201c berichtet, die \u201eWelt\u201c illustrierte ihren Artikel mit einem alten Symbolbild Steine werfender Vermummter. Die Elbe-Jeetzel-Zeitung, die als einziges Medium tats\u00e4chlich einen Journalisten vor Ort hatte, schrieb unter Berufung auf einen Polizeisprecher, die \u201emaskierten Angreifer\u201c h\u00e4tten das Grundst\u00fcck des Beamten gest\u00fcrmt.<a href=\"#_ftn3\" name=\"_ftnref3\">[3]<\/a><!--more--><\/p>\n<p>Erst nach dem Pfingstwochenende rekonstruierten mehrere Medien den tats\u00e4chlichen Ablauf des Vorfalls.<a href=\"#_ftn4\" name=\"_ftnref4\">[4]<\/a> Demnach handelte es sich bei der Versammlung um ein musikalisches Stelldichein vor dem Haus des Polizisten Olaf H., dem obersten Staatsschutzbeamten der Region L\u00fcchow-Dannenberg. Einige Personen hatten sich T\u00fccher vor das Gesicht gezogen, Gewalt ging von ihnen jedoch nicht aus. Auch die berichteten Sachbesch\u00e4digungen entpuppten sich als \u00fcbertrieben. Das Gel\u00e4nde des Beamten wurde nur kurz betreten, um zwei F\u00e4hnchen mit Symbolen kurdischer Milizen an den Carport zu tackern. Auf dem Weg zu ihren Fahrzeugen wurden die TeilnehmerInnen nach eigenen Angaben von einer Oldenburger Beweissicherungs- und Festnahmeeinheit (BFE) gestoppt. \u00dcber 30 BeamtInnen seien mit Helmen, vermummt und teilweise gezogenen Schlagst\u00f6cken aus ihren Fahrzeugen gesprungen und h\u00e4tten sofort Gewalt angewendet. Gegen die AktivistInnen wird wegen Land\u00adfriedensbruch, Versto\u00df gegen das Versammlungsgesetz, Hausfriedensbruch, Bedrohung, Beleidigung, Diebstahl und Widerstand ermittelt.<\/p>\n<h6><a href=\"#_ftnref1\" name=\"_ftn1\">[1]<\/a>\u00a0<a href=\"http:\/\/www.presseportal.de\/blaulicht\/pm\/59488\/3947776\">www.presseportal.de\/blaulicht\/pm\/59488\/3947776<\/a><\/h6>\n<h6><a href=\"#_ftnref2\" name=\"_ftn2\">[2]<\/a>\u00a0<a href=\"https:\/\/uebermedien.de\/27993\/neue-qualitaet-der-faktenverdrehung\">https:\/\/uebermedien.de\/27993\/neue-qualitaet-der-faktenverdrehung<\/a><\/h6>\n<h6><a href=\"#_ftnref3\" name=\"_ftn3\">[3]<\/a>\u00a0<a href=\"http:\/\/www.ejz.de\/ejz_50_111526304-28-_Groeinsatz-nach-Angriff-auf-Polizisten.html\">www.ejz.de\/ejz_50_111526304-28-_Groeinsatz-nach-Angriff-auf-Polizisten.html<\/a><\/h6>\n<h6><a href=\"#_ftnref4\" name=\"_ftn4\">[4]<\/a>\u00a0siehe u.a. NDR-Medienmagazin Zapp v. 30.5.2018 <a href=\"http:\/\/www.ndr.de\/fernsehen\/sendungen\/zapp\/Hitzacker-Medien-erfinden-Gewaltexzess,zapp11320.html\">www.ndr.de\/fernsehen\/sendungen\/ zapp\/Hitzacker-Medien-erfinden-Gewaltexzess,zapp11320.html<\/a><\/h6>\n","protected":false},"excerpt":{"rendered":"<p>Rund 60 TeilnehmerInnen einer unangemeldeten Kundgebung wurden am 18. Mai in Hitzacker von vermummter Polizei<\/p>\n","protected":false},"author":3,"featured_media":0,"comment_status":"open","ping_status":"open","sticky":false,"template":"","format":"standard","meta":{"footnotes":""},"categories":[121,146],"tags":[],"class_list":["post-14080","post","type-post","status-publish","format-standard","hentry","category-cilip-116","category-meldungen-inland"],"_links":{"self":[{"href":"https:\/\/wp-dev.daten.cool\/index.php?rest_route=\/wp\/v2\/posts\/14080","targetHints":{"allow":["GET"]}}],"collection":[{"href":"https:\/\/wp-dev.daten.cool\/index.php?rest_route=\/wp\/v2\/posts"}],"about":[{"href":"https:\/\/wp-dev.daten.cool\/index.php?rest_route=\/wp\/v2\/types\/post"}],"author":[{"embeddable":true,"href":"https:\/\/wp-dev.daten.cool\/index.php?rest_route=\/wp\/v2\/users\/3"}],"replies":[{"embeddable":true,"href":"https:\/\/wp-dev.daten.cool\/index.php?rest_route=%2Fwp%2Fv2%2Fcomments&post=14080"}],"version-history":[{"count":0,"href":"https:\/\/wp-dev.daten.cool\/index.php?rest_route=\/wp\/v2\/posts\/14080\/revisions"}],"wp:attachment":[{"href":"https:\/\/wp-dev.daten.cool\/index.php?rest_route=%2Fwp%2Fv2%2Fmedia&parent=14080"}],"wp:term":[{"taxonomy":"category","embeddable":true,"href":"https:\/\/wp-dev.daten.cool\/index.php?rest_route=%2Fwp%2Fv2%2Fcategories&post=14080"},{"taxonomy":"post_tag","embeddable":true,"href":"https:\/\/wp-dev.daten.cool\/index.php?rest_route=%2Fwp%2Fv2%2Ftags&post=14080"}],"curies":[{"name":"wp","href":"https:\/\/api.w.org\/{rel}","templated":true}]}}